{"id":80424,"date":"2021-06-29T18:41:19","date_gmt":"2021-06-29T21:41:19","guid":{"rendered":"http:\/\/infoecos.com.ar\/?p=80424"},"modified":"2021-07-01T03:27:41","modified_gmt":"2021-07-01T06:27:41","slug":"situacion-sanitaria-y-epidemiologica-trenque-lauquen-sigue-en-fase-2","status":"publish","type":"post","link":"https:\/\/infoecos.com.ar\/index.php\/situacion-sanitaria-y-epidemiologica-trenque-lauquen-sigue-en-fase-2\/","title":{"rendered":"Situaci\u00f3n sanitaria y epidemiol\u00f3gica: Trenque Lauquen sigue en Fase 2"},"content":{"rendered":"\n<p class=\"wp-block-paragraph\">El Gobierno de la Provincia de Buenos Aires actualiz\u00f3 este martes el sistema de Fases que implement\u00f3 para los 135 distritos de su territorio seg\u00fan la situaci\u00f3n sanitaria y epidemiol\u00f3gica de cada uno y mantuvo a Trenque Lauquen en Fase 2, por lo que se mantienen las flexibilidades de las que dispon\u00eda.<\/p>\n\n\n\n<div class=\"wp-block-image is-style-default\"><figure class=\"aligncenter size-medium\"><img loading=\"lazy\" decoding=\"async\" width=\"460\" height=\"288\" src=\"http:\/\/infoecos.com.ar\/wp-content\/uploads\/2021\/06\/Trenque-Lauquen-460x288.jpg\" alt=\"\" class=\"wp-image-80425\" srcset=\"https:\/\/infoecos.com.ar\/wp-content\/uploads\/2021\/06\/Trenque-Lauquen-460x288.jpg 460w, https:\/\/infoecos.com.ar\/wp-content\/uploads\/2021\/06\/Trenque-Lauquen-920x575.jpg 920w, https:\/\/infoecos.com.ar\/wp-content\/uploads\/2021\/06\/Trenque-Lauquen-768x480.jpg 768w, https:\/\/infoecos.com.ar\/wp-content\/uploads\/2021\/06\/Trenque-Lauquen-1024x640.jpg 1024w, https:\/\/infoecos.com.ar\/wp-content\/uploads\/2021\/06\/Trenque-Lauquen.jpg 1080w\" sizes=\"auto, (max-width: 460px) 100vw, 460px\" \/><\/figure><\/div>\n\n\n\n<p class=\"wp-block-paragraph\">Adem\u00e1s de los 42 municipios en Fase 2 hay 86 en Fase 3 -particularmente los del \u00c1rea Metropolitana Buenos Aires (AMBA)- y seis en Fase 4, informaron en conferencia de prensa las autoridades bonaerenses: el Gobernador, Axel Kicillof; el jefe de Ministros, Carlos Bianco; y el Vice Ministro de Salud, Nicol\u00e1s Krepak.<\/p>\n\n\n\n<p class=\"wp-block-paragraph\">Cada una de las fases habilita una serie de actividades que tienen que realizarse bajo el estricto cumplimiento de los protocolos que oportunamente hubieren aprobado las autoridades provinciales competentes o la autoridad sanitaria nacional y conforme las restricciones previstas.<\/p>\n\n\n\n<p class=\"wp-block-paragraph\">Los distritos ubicados en Fase 2 son considerados por la Provincia en \u201csituaci\u00f3n de alarma sanitaria y epidemiol\u00f3gica\u201d.<\/p>\n","protected":false},"excerpt":{"rendered":"<p>Cada una de las fases habilita una serie de actividades que tienen que realizarse bajo el estricto cumplimiento de los protocolos<\/p>\n","protected":false},"author":2,"featured_media":80425,"comment_status":"closed","ping_status":"open","sticky":false,"template":"","format":"standard","meta":{"footnotes":""},"categories":[200],"tags":[4069],"class_list":["post-80424","post","type-post","status-publish","format-standard","has-post-thumbnail","hentry","category-inferior8","tag-lo-informo-la-provincia"],"featured_image_urls":{"full":["https:\/\/infoecos.com.ar\/wp-content\/uploads\/2021\/06\/Trenque-Lauquen.jpg",1080,675,false],"thumbnail":["https:\/\/infoecos.com.ar\/wp-content\/uploads\/2021\/06\/Trenque-Lauquen-150x150.jpg",150,150,true],"medium":["https:\/\/infoecos.com.ar\/wp-content\/uploads\/2021\/06\/Trenque-Lauquen-460x288.jpg",460,288,true],"medium_large":["https:\/\/infoecos.com.ar\/wp-content\/uploads\/2021\/06\/Trenque-Lauquen-768x480.jpg",640,400,true],"large":["https:\/\/infoecos.com.ar\/wp-content\/uploads\/2021\/06\/Trenque-Lauquen-920x575.jpg",640,400,true],"1536x1536":["https:\/\/infoecos.com.ar\/wp-content\/uploads\/2021\/06\/Trenque-Lauquen.jpg",1080,675,false],"2048x2048":["https:\/\/infoecos.com.ar\/wp-content\/uploads\/2021\/06\/Trenque-Lauquen.jpg",1080,675,false],"covernews-slider-full":["https:\/\/infoecos.com.ar\/wp-content\/uploads\/2021\/06\/Trenque-Lauquen.jpg",1080,675,false],"covernews-slider-center":["https:\/\/infoecos.com.ar\/wp-content\/uploads\/2021\/06\/Trenque-Lauquen-936x675.jpg",693,500,true],"covernews-featured":["https:\/\/infoecos.com.ar\/wp-content\/uploads\/2021\/06\/Trenque-Lauquen-1024x640.jpg",1024,640,true],"covernews-medium":["https:\/\/infoecos.com.ar\/wp-content\/uploads\/2021\/06\/Trenque-Lauquen-720x380.jpg",540,285,true],"covernews-medium-square":["https:\/\/infoecos.com.ar\/wp-content\/uploads\/2021\/06\/Trenque-Lauquen-675x450.jpg",375,250,true]},"author_info":{"info":["Jorge Matheus"]},"category_info":"<a href=\"https:\/\/infoecos.com.ar\/index.php\/category\/inferior8\/\" rel=\"category tag\">Bloque inferior - 8<\/a>","tag_info":"Bloque inferior - 8","comment_count":"0","_links":{"self":[{"href":"https:\/\/infoecos.com.ar\/index.php\/wp-json\/wp\/v2\/posts\/80424","targetHints":{"allow":["GET"]}}],"collection":[{"href":"https:\/\/infoecos.com.ar\/index.php\/wp-json\/wp\/v2\/posts"}],"about":[{"href":"https:\/\/infoecos.com.ar\/index.php\/wp-json\/wp\/v2\/types\/post"}],"author":[{"embeddable":true,"href":"https:\/\/infoecos.com.ar\/index.php\/wp-json\/wp\/v2\/users\/2"}],"replies":[{"embeddable":true,"href":"https:\/\/infoecos.com.ar\/index.php\/wp-json\/wp\/v2\/comments?post=80424"}],"version-history":[{"count":1,"href":"https:\/\/infoecos.com.ar\/index.php\/wp-json\/wp\/v2\/posts\/80424\/revisions"}],"predecessor-version":[{"id":80426,"href":"https:\/\/infoecos.com.ar\/index.php\/wp-json\/wp\/v2\/posts\/80424\/revisions\/80426"}],"wp:featuredmedia":[{"embeddable":true,"href":"https:\/\/infoecos.com.ar\/index.php\/wp-json\/wp\/v2\/media\/80425"}],"wp:attachment":[{"href":"https:\/\/infoecos.com.ar\/index.php\/wp-json\/wp\/v2\/media?parent=80424"}],"wp:term":[{"taxonomy":"category","embeddable":true,"href":"https:\/\/infoecos.com.ar\/index.php\/wp-json\/wp\/v2\/categories?post=80424"},{"taxonomy":"post_tag","embeddable":true,"href":"https:\/\/infoecos.com.ar\/index.php\/wp-json\/wp\/v2\/tags?post=80424"}],"curies":[{"name":"wp","href":"https:\/\/api.w.org\/{rel}","templated":true}]}}