{"id":80440,"date":"2021-06-29T23:08:50","date_gmt":"2021-06-30T02:08:50","guid":{"rendered":"http:\/\/infoecos.com.ar\/?p=80440"},"modified":"2021-07-01T03:20:48","modified_gmt":"2021-07-01T06:20:48","slug":"la-doctora-maria-mercedes-biasotti-sera-la-directora-del-hospital-municipal-de-30-de-agosto","status":"publish","type":"post","link":"https:\/\/infoecos.com.ar\/index.php\/la-doctora-maria-mercedes-biasotti-sera-la-directora-del-hospital-municipal-de-30-de-agosto\/","title":{"rendered":"La doctora Mar\u00eda Mercedes Biasotti ser\u00e1 la Directora del Hospital Municipal de 30 de Agosto"},"content":{"rendered":"\n<p class=\"wp-block-paragraph\">Ya se conoce el nombre del Director del Hospital Municipal de 30 de Agosto. Se trata de la doctora Mar\u00eda Mercedes Biasotti. Ser\u00e1 presentada ma\u00f1ana viernes, a las 11 horas, en un acto que presidir\u00e1n el intendente, Miguel Fern\u00e1ndez y el director del Ente Descentralizado de la ciudad, doctor Miguel Mul\u00e1n.<\/p>\n\n\n\n<div class=\"wp-block-image is-style-default\"><figure class=\"aligncenter size-medium\"><img loading=\"lazy\" decoding=\"async\" width=\"460\" height=\"213\" src=\"http:\/\/infoecos.com.ar\/wp-content\/uploads\/Hospital-Eguiguren-460x213.jpg\" alt=\"\" class=\"wp-image-59378\" srcset=\"https:\/\/infoecos.com.ar\/wp-content\/uploads\/Hospital-Eguiguren-460x213.jpg 460w, https:\/\/infoecos.com.ar\/wp-content\/uploads\/Hospital-Eguiguren-768x355.jpg 768w, https:\/\/infoecos.com.ar\/wp-content\/uploads\/Hospital-Eguiguren.jpg 920w\" sizes=\"auto, (max-width: 460px) 100vw, 460px\" \/><figcaption>30 de Agosto &#8211; Hospital<\/figcaption><\/figure><\/div>\n\n\n\n<p class=\"wp-block-paragraph\">Luego de un encuentro virtual con los medios de prensa que se llevar\u00e1 adelante desde las instalaciones del Ente Descentralizado, Fern\u00e1ndez, Mul\u00e1n, el subsecretario de Salud, Dr. Sergio Valente, y la Dra. Biasotti recorrer\u00e1n el Hospital y ser\u00e1 oficialmente puesta en funciones.<\/p>\n\n\n\n<p class=\"wp-block-paragraph\">Biasotti result\u00f3 elegida mediante un concurso abierto de m\u00e9ritos y antecedentes en el que hubo tres postulantes. La convocatoria se hizo a trav\u00e9s del Decreto n\u00ba978\/2021.<\/p>\n\n\n\n<p class=\"wp-block-paragraph\">El jurado estuvo integrado por el Intendente, Dr. Miguel Fern\u00e1ndez; el subsecretario de Salud, Dr. Sergio Valente; la directora del Hospital Municipal Dr. Pedro T. Orellana, Dra. Nora Grinberg, y el director de Recursos Humanos, Rom\u00e1n Larrubia.<\/p>\n","protected":false},"excerpt":{"rendered":"<p>Biasotti result\u00f3 elegida mediante un concurso abierto de m\u00e9ritos y antecedentes en el que hubo tres postulantes. La convocatoria se hizo a trav\u00e9s del Decreto n\u00ba978\/2021<\/p>\n","protected":false},"author":2,"featured_media":59378,"comment_status":"closed","ping_status":"open","sticky":false,"template":"","format":"standard","meta":{"footnotes":""},"categories":[46],"tags":[4071],"class_list":["post-80440","post","type-post","status-publish","format-standard","has-post-thumbnail","hentry","category-c2nota2","tag-asumira-el-proximo-viernes"],"featured_image_urls":{"full":["https:\/\/infoecos.com.ar\/wp-content\/uploads\/Hospital-Eguiguren.jpg",920,425,false],"thumbnail":["https:\/\/infoecos.com.ar\/wp-content\/uploads\/Hospital-Eguiguren-150x150.jpg",150,150,true],"medium":["https:\/\/infoecos.com.ar\/wp-content\/uploads\/Hospital-Eguiguren-460x213.jpg",460,213,true],"medium_large":["https:\/\/infoecos.com.ar\/wp-content\/uploads\/Hospital-Eguiguren-768x355.jpg",640,296,true],"large":["https:\/\/infoecos.com.ar\/wp-content\/uploads\/Hospital-Eguiguren.jpg",640,296,false],"1536x1536":["https:\/\/infoecos.com.ar\/wp-content\/uploads\/Hospital-Eguiguren.jpg",920,425,false],"2048x2048":["https:\/\/infoecos.com.ar\/wp-content\/uploads\/Hospital-Eguiguren.jpg",920,425,false],"covernews-slider-full":["https:\/\/infoecos.com.ar\/wp-content\/uploads\/Hospital-Eguiguren.jpg",920,425,false],"covernews-slider-center":["https:\/\/infoecos.com.ar\/wp-content\/uploads\/Hospital-Eguiguren.jpg",800,370,false],"covernews-featured":["https:\/\/infoecos.com.ar\/wp-content\/uploads\/Hospital-Eguiguren.jpg",920,425,false],"covernews-medium":["https:\/\/infoecos.com.ar\/wp-content\/uploads\/Hospital-Eguiguren-720x380.jpg",540,285,true],"covernews-medium-square":["https:\/\/infoecos.com.ar\/wp-content\/uploads\/Hospital-Eguiguren-675x425.jpg",397,250,true]},"author_info":{"info":["Jorge Matheus"]},"category_info":"<a href=\"https:\/\/infoecos.com.ar\/index.php\/category\/c2nota2\/\" rel=\"category tag\">C2 N2<\/a>","tag_info":"C2 N2","comment_count":"0","_links":{"self":[{"href":"https:\/\/infoecos.com.ar\/index.php\/wp-json\/wp\/v2\/posts\/80440","targetHints":{"allow":["GET"]}}],"collection":[{"href":"https:\/\/infoecos.com.ar\/index.php\/wp-json\/wp\/v2\/posts"}],"about":[{"href":"https:\/\/infoecos.com.ar\/index.php\/wp-json\/wp\/v2\/types\/post"}],"author":[{"embeddable":true,"href":"https:\/\/infoecos.com.ar\/index.php\/wp-json\/wp\/v2\/users\/2"}],"replies":[{"embeddable":true,"href":"https:\/\/infoecos.com.ar\/index.php\/wp-json\/wp\/v2\/comments?post=80440"}],"version-history":[{"count":2,"href":"https:\/\/infoecos.com.ar\/index.php\/wp-json\/wp\/v2\/posts\/80440\/revisions"}],"predecessor-version":[{"id":80554,"href":"https:\/\/infoecos.com.ar\/index.php\/wp-json\/wp\/v2\/posts\/80440\/revisions\/80554"}],"wp:featuredmedia":[{"embeddable":true,"href":"https:\/\/infoecos.com.ar\/index.php\/wp-json\/wp\/v2\/media\/59378"}],"wp:attachment":[{"href":"https:\/\/infoecos.com.ar\/index.php\/wp-json\/wp\/v2\/media?parent=80440"}],"wp:term":[{"taxonomy":"category","embeddable":true,"href":"https:\/\/infoecos.com.ar\/index.php\/wp-json\/wp\/v2\/categories?post=80440"},{"taxonomy":"post_tag","embeddable":true,"href":"https:\/\/infoecos.com.ar\/index.php\/wp-json\/wp\/v2\/tags?post=80440"}],"curies":[{"name":"wp","href":"https:\/\/api.w.org\/{rel}","templated":true}]}}