{"id":80445,"date":"2021-06-30T00:53:51","date_gmt":"2021-06-30T03:53:51","guid":{"rendered":"http:\/\/infoecos.com.ar\/?p=80445"},"modified":"2021-07-01T03:25:21","modified_gmt":"2021-07-01T06:25:21","slug":"con-la-tarifa-del-gas-por-el-regimen-de-zona-fria-se-beneficiaran-15-070-trenquelauquenses","status":"publish","type":"post","link":"https:\/\/infoecos.com.ar\/index.php\/con-la-tarifa-del-gas-por-el-regimen-de-zona-fria-se-beneficiaran-15-070-trenquelauquenses\/","title":{"rendered":"Con la tarifa del gas por el r\u00e9gimen de Zona Fr\u00eda se beneficiar\u00e1n 15.070 trenquelauquenses"},"content":{"rendered":"\n<p class=\"wp-block-paragraph\">El reordenamiento aprobado el viernes por el Congreso nacional alcanza al 31% de quienes reciben gas por redes. Es decir, un total de 1,08 mill\u00f3n de usuarios\/as bonaerenses que en la actualidad pagan sus facturas sin ning\u00fan tipo de descuento y ahora recibir\u00e1n una rebaja del 30%.<\/p>\n\n\n\n<div class=\"wp-block-image is-style-default\"><figure class=\"aligncenter size-full\"><img loading=\"lazy\" decoding=\"async\" width=\"829\" height=\"475\" src=\"http:\/\/infoecos.com.ar\/wp-content\/uploads\/2021\/06\/gaszonafria.png\" alt=\"\" class=\"wp-image-80446\" srcset=\"https:\/\/infoecos.com.ar\/wp-content\/uploads\/2021\/06\/gaszonafria.png 829w, https:\/\/infoecos.com.ar\/wp-content\/uploads\/2021\/06\/gaszonafria-460x264.png 460w, https:\/\/infoecos.com.ar\/wp-content\/uploads\/2021\/06\/gaszonafria-768x440.png 768w\" sizes=\"auto, (max-width: 829px) 100vw, 829px\" \/><\/figure><\/div>\n\n\n\n<p class=\"wp-block-paragraph\">La nueva ley refuerza adem\u00e1s el descuento para m\u00e1s de 152.000 habitantes de la Provincia que actualmente pagan la Tarifa Social y que tendr\u00e1n una importante rebaja de 50%.<\/p>\n\n\n\n<p class=\"wp-block-paragraph\">De acuerdo con datos del Enargas (Ente Nacional Regulador del Gas), se pagar\u00e1n facturas de entre $ 504 y $ 952 por mes.<\/p>\n\n\n\n<p class=\"wp-block-paragraph\">Distritos de Buenos Aires con mayor cantidad de beneficiarios<\/p>\n\n\n\n<ol class=\"wp-block-list\"><li>General Pueyrred\u00f3n&nbsp; &#8211; &nbsp;262.306<\/li><li>Bah\u00eda Blanca&nbsp; &#8211; &nbsp;117.541<\/li><li>San Nicol\u00e1s&nbsp; &#8211; &nbsp;42.366<\/li><li>Olavarr\u00eda&nbsp; &#8211; &nbsp;40.350<\/li><li>La Costa&nbsp; &#8211; &nbsp;37.603<\/li><li>Necochea&nbsp; &#8211; &nbsp;33.611<\/li><li>Jun\u00edn&nbsp; &#8211; &nbsp;27.642<\/li><li>Pergamino&nbsp; &#8211;&nbsp; 27.324<\/li><li>Pinamar&nbsp; &#8211;&nbsp; 25.271<\/li><li>Azul&nbsp; &#8211; &nbsp;21.521<\/li><li>Chivilcoy&nbsp; &#8211; &nbsp;20.609<\/li><li>Coronel Rosales&nbsp; &#8211; &nbsp;19.257<\/li><li>Mercedes&nbsp; &#8211; &nbsp;17.274<\/li><li>General Alvarado&nbsp; &#8211; &nbsp;15.130<\/li><li>Trenque Lauquen&nbsp; &#8211; &nbsp;15.070<\/li><\/ol>\n\n\n\n<p class=\"wp-block-paragraph\"><strong>Fuente: Partido Solidario provincia de Buenos Aires<\/strong><\/p>\n","protected":false},"excerpt":{"rendered":"<p>De acuerdo con datos del Enargas (Ente Nacional Regulador del Gas), se pagar\u00e1n facturas de entre $ 504 y $ 952 por mes<\/p>\n","protected":false},"author":2,"featured_media":43890,"comment_status":"closed","ping_status":"open","sticky":false,"template":"","format":"standard","meta":{"footnotes":""},"categories":[44],"tags":[4072],"class_list":["post-80445","post","type-post","status-publish","format-standard","has-post-thumbnail","hentry","category-inferior5","tag-informacion-del-partido-solidario"],"featured_image_urls":{"full":"","thumbnail":"","medium":"","medium_large":"","large":"","1536x1536":"","2048x2048":"","covernews-slider-full":"","covernews-slider-center":"","covernews-featured":"","covernews-medium":"","covernews-medium-square":""},"author_info":{"info":["Jorge Matheus"]},"category_info":"<a href=\"https:\/\/infoecos.com.ar\/index.php\/category\/inferior5\/\" rel=\"category tag\">Bloque inferior - 5<\/a>","tag_info":"Bloque inferior - 5","comment_count":"0","_links":{"self":[{"href":"https:\/\/infoecos.com.ar\/index.php\/wp-json\/wp\/v2\/posts\/80445","targetHints":{"allow":["GET"]}}],"collection":[{"href":"https:\/\/infoecos.com.ar\/index.php\/wp-json\/wp\/v2\/posts"}],"about":[{"href":"https:\/\/infoecos.com.ar\/index.php\/wp-json\/wp\/v2\/types\/post"}],"author":[{"embeddable":true,"href":"https:\/\/infoecos.com.ar\/index.php\/wp-json\/wp\/v2\/users\/2"}],"replies":[{"embeddable":true,"href":"https:\/\/infoecos.com.ar\/index.php\/wp-json\/wp\/v2\/comments?post=80445"}],"version-history":[{"count":1,"href":"https:\/\/infoecos.com.ar\/index.php\/wp-json\/wp\/v2\/posts\/80445\/revisions"}],"predecessor-version":[{"id":80447,"href":"https:\/\/infoecos.com.ar\/index.php\/wp-json\/wp\/v2\/posts\/80445\/revisions\/80447"}],"wp:attachment":[{"href":"https:\/\/infoecos.com.ar\/index.php\/wp-json\/wp\/v2\/media?parent=80445"}],"wp:term":[{"taxonomy":"category","embeddable":true,"href":"https:\/\/infoecos.com.ar\/index.php\/wp-json\/wp\/v2\/categories?post=80445"},{"taxonomy":"post_tag","embeddable":true,"href":"https:\/\/infoecos.com.ar\/index.php\/wp-json\/wp\/v2\/tags?post=80445"}],"curies":[{"name":"wp","href":"https:\/\/api.w.org\/{rel}","templated":true}]}}