{"id":80448,"date":"2021-06-30T01:03:16","date_gmt":"2021-06-30T04:03:16","guid":{"rendered":"http:\/\/infoecos.com.ar\/?p=80448"},"modified":"2021-07-01T03:24:58","modified_gmt":"2021-07-01T06:24:58","slug":"la-facultad-de-agronomia-de-la-uba-dictara-en-lincoln-la-tecnicatura-en-produccion-vegetal-organica","status":"publish","type":"post","link":"https:\/\/infoecos.com.ar\/index.php\/la-facultad-de-agronomia-de-la-uba-dictara-en-lincoln-la-tecnicatura-en-produccion-vegetal-organica\/","title":{"rendered":"La Facultad de Agronom\u00eda de la UBA dictar\u00e1 en Lincoln la Tecnicatura en Producci\u00f3n Vegetal Org\u00e1nica"},"content":{"rendered":"\n<p>Se dictar\u00e1 en Lincoln la Tecnicatura en Producci\u00f3n Vegetal Org\u00e1nica. La carrera ser\u00e1 de oferta gratuita y tendr\u00e1 una duraci\u00f3n de tres a\u00f1os. Las clases comenzar\u00e1n el 9 de agosto. Quienes deseen inscribirse deber\u00e1n comunicarse al celular 2355 697959 \u00f3 acercarse al edificio anexo de Cultura y Educaci\u00f3n (Massey y Moreno), de lunes a viernes de 8 a 12 horas. Se llega a esta instancia educativa merced a un convenio firmado entre el intendente municipal y la Facultad de Agronom\u00eda de la Universidad de Buenos Aires.<\/p>\n\n\n\n<div class=\"wp-block-image is-style-default\"><figure class=\"aligncenter size-medium\"><img loading=\"lazy\" decoding=\"async\" width=\"460\" height=\"307\" src=\"http:\/\/infoecos.com.ar\/wp-content\/uploads\/2021\/06\/produccion-vegetal-organica-460x307.jpg\" alt=\"\" class=\"wp-image-80449\" srcset=\"https:\/\/infoecos.com.ar\/wp-content\/uploads\/2021\/06\/produccion-vegetal-organica-460x307.jpg 460w, https:\/\/infoecos.com.ar\/wp-content\/uploads\/2021\/06\/produccion-vegetal-organica-920x613.jpg 920w, https:\/\/infoecos.com.ar\/wp-content\/uploads\/2021\/06\/produccion-vegetal-organica-768x512.jpg 768w, https:\/\/infoecos.com.ar\/wp-content\/uploads\/2021\/06\/produccion-vegetal-organica-1536x1024.jpg 1536w, https:\/\/infoecos.com.ar\/wp-content\/uploads\/2021\/06\/produccion-vegetal-organica-2048x1365.jpg 2048w, https:\/\/infoecos.com.ar\/wp-content\/uploads\/2021\/06\/produccion-vegetal-organica-1024x683.jpg 1024w, https:\/\/infoecos.com.ar\/wp-content\/uploads\/2021\/06\/produccion-vegetal-organica-675x450.jpg 675w\" sizes=\"(max-width: 460px) 100vw, 460px\" \/><\/figure><\/div>\n\n\n\n<p>Las clases comenzar\u00e1n el 9 de agosto. Quienes deseen inscribirse deber\u00e1n comunicarse al celular 2355 697959 \u00f3 acercarse al edificio anexo de Cultura y Educaci\u00f3n (Massey y Moreno), de lunes a viernes de 8 a 12 horas.<\/p>\n\n\n\n<p>Seg\u00fan explicaron, \u201cel desembarco de la Tecnicatura en Producci\u00f3n Vegetal Org\u00e1nica est\u00e1 directamente ligada a que, por zona estrat\u00e9gica, la actividad agr\u00edcola es una las principales actividades econ\u00f3micas del partido, por lo que se considera sumamente importante este tipo de formaci\u00f3n en una forma de producir alternativa, teniendo en cuenta la tendencia mundial hacia el respeto del medio ambiente\u201d.<\/p>\n\n\n\n<p>La Tecnicatura en Producci\u00f3n Vegetal Org\u00e1nica de la UBA se sumar\u00e1 a la vigente oferta universitaria del distrito de Lincoln que ya cuenta con la Licenciatura en Gesti\u00f3n Educativa y la Tecnicatura en Gerontolog\u00eda, que se dictan en convenio entre el municipio y Universidad Nacional de San Antonio de Areco (UNSAdA).<\/p>\n\n\n\n<p>Desde la Municipalidad de Lincoln se realizar\u00e1 una preinscripci\u00f3n, mediante la cual se brindar\u00e1 a los interesados toda la informaci\u00f3n relacionada con la carrera y tambi\u00e9n permitir\u00e1 participar de una charla informativa con el Ing. Agr\u00f3nomo Mario Clozza, director de la tecnicatura.<\/p>\n\n\n\n<p>Quienes deseen inscribirse pueden comunicarse al celular 2355 697959 o acercarse al anexo de Cultura y Educaci\u00f3n (Massey y Moreno), de 8 a 12 horas. La inscripci\u00f3n a la carrera cerrar\u00e1 el jueves 8 de julio.<\/p>\n","protected":false},"excerpt":{"rendered":"<p>Quienes deseen inscribirse pueden comunicarse al celular 2355 697959 o acercarse al anexo de Cultura y Educaci\u00f3n (Massey y Moreno), de 8 a 12 horas<\/p>\n","protected":false},"author":2,"featured_media":80449,"comment_status":"closed","ping_status":"open","sticky":false,"template":"","format":"standard","meta":{"footnotes":""},"categories":[43],"tags":[4073],"class_list":["post-80448","post","type-post","status-publish","format-standard","has-post-thumbnail","hentry","category-inferior4","tag-convenio-con-el-municipio"],"yoast_head":"<!-- This site is optimized with the Yoast SEO plugin v23.4 - https:\/\/yoast.com\/wordpress\/plugins\/seo\/ -->\n<title>La Facultad de Agronom\u00eda de la UBA dictar\u00e1 en Lincoln la Tecnicatura en Producci\u00f3n Vegetal Org\u00e1nica - Infoecos<\/title>\n<meta name=\"robots\" content=\"index, follow, max-snippet:-1, max-image-preview:large, max-video-preview:-1\" \/>\n<link rel=\"canonical\" href=\"https:\/\/infoecos.com.ar\/index.php\/la-facultad-de-agronomia-de-la-uba-dictara-en-lincoln-la-tecnicatura-en-produccion-vegetal-organica\/\" \/>\n<meta property=\"og:locale\" content=\"es_ES\" \/>\n<meta property=\"og:type\" content=\"article\" \/>\n<meta property=\"og:title\" content=\"La Facultad de Agronom\u00eda de la UBA dictar\u00e1 en Lincoln la Tecnicatura en Producci\u00f3n Vegetal Org\u00e1nica - Infoecos\" \/>\n<meta property=\"og:description\" content=\"Quienes deseen inscribirse pueden comunicarse al celular 2355 697959 o acercarse al anexo de Cultura y Educaci\u00f3n (Massey y Moreno), de 8 a 12 horas\" \/>\n<meta property=\"og:url\" content=\"https:\/\/infoecos.com.ar\/index.php\/la-facultad-de-agronomia-de-la-uba-dictara-en-lincoln-la-tecnicatura-en-produccion-vegetal-organica\/\" \/>\n<meta property=\"og:site_name\" content=\"Infoecos\" \/>\n<meta property=\"article:publisher\" content=\"https:\/\/www.facebook.com\/profile.php?id=100063200290284\" \/>\n<meta property=\"article:published_time\" content=\"2021-06-30T04:03:16+00:00\" \/>\n<meta property=\"article:modified_time\" content=\"2021-07-01T06:24:58+00:00\" \/>\n<meta property=\"og:image\" content=\"https:\/\/infoecos.com.ar\/wp-content\/uploads\/2021\/06\/produccion-vegetal-organica-scaled.jpg\" \/>\n\t<meta property=\"og:image:width\" content=\"2560\" \/>\n\t<meta property=\"og:image:height\" content=\"1707\" \/>\n\t<meta property=\"og:image:type\" content=\"image\/jpeg\" \/>\n<meta name=\"author\" content=\"Jorge Matheus\" \/>\n<meta name=\"twitter:card\" content=\"summary_large_image\" \/>\n<meta name=\"twitter:creator\" content=\"@infoecos\" \/>\n<meta name=\"twitter:site\" content=\"@infoecos\" \/>\n<meta name=\"twitter:label1\" content=\"Escrito por\" \/>\n\t<meta name=\"twitter:data1\" content=\"Jorge Matheus\" \/>\n\t<meta name=\"twitter:label2\" content=\"Tiempo de lectura\" \/>\n\t<meta name=\"twitter:data2\" content=\"2 minutos\" \/>\n<script type=\"application\/ld+json\" class=\"yoast-schema-graph\">{\"@context\":\"https:\/\/schema.org\",\"@graph\":[{\"@type\":\"Article\",\"@id\":\"https:\/\/infoecos.com.ar\/index.php\/la-facultad-de-agronomia-de-la-uba-dictara-en-lincoln-la-tecnicatura-en-produccion-vegetal-organica\/#article\",\"isPartOf\":{\"@id\":\"https:\/\/infoecos.com.ar\/index.php\/la-facultad-de-agronomia-de-la-uba-dictara-en-lincoln-la-tecnicatura-en-produccion-vegetal-organica\/\"},\"author\":{\"name\":\"Jorge Matheus\",\"@id\":\"https:\/\/infoecos.com.ar\/#\/schema\/person\/8f5ace5ce73b4b4aac4b7245aee6f191\"},\"headline\":\"La Facultad de Agronom\u00eda de la UBA dictar\u00e1 en Lincoln la Tecnicatura en Producci\u00f3n Vegetal Org\u00e1nica\",\"datePublished\":\"2021-06-30T04:03:16+00:00\",\"dateModified\":\"2021-07-01T06:24:58+00:00\",\"mainEntityOfPage\":{\"@id\":\"https:\/\/infoecos.com.ar\/index.php\/la-facultad-de-agronomia-de-la-uba-dictara-en-lincoln-la-tecnicatura-en-produccion-vegetal-organica\/\"},\"wordCount\":341,\"publisher\":{\"@id\":\"https:\/\/infoecos.com.ar\/#organization\"},\"image\":{\"@id\":\"https:\/\/infoecos.com.ar\/index.php\/la-facultad-de-agronomia-de-la-uba-dictara-en-lincoln-la-tecnicatura-en-produccion-vegetal-organica\/#primaryimage\"},\"thumbnailUrl\":\"https:\/\/infoecos.com.ar\/wp-content\/uploads\/2021\/06\/produccion-vegetal-organica-scaled.jpg\",\"keywords\":[\"CONVENIO CON EL MUNICIPIO\"],\"articleSection\":[\"Bloque inferior - 4\"],\"inLanguage\":\"es\"},{\"@type\":\"WebPage\",\"@id\":\"https:\/\/infoecos.com.ar\/index.php\/la-facultad-de-agronomia-de-la-uba-dictara-en-lincoln-la-tecnicatura-en-produccion-vegetal-organica\/\",\"url\":\"https:\/\/infoecos.com.ar\/index.php\/la-facultad-de-agronomia-de-la-uba-dictara-en-lincoln-la-tecnicatura-en-produccion-vegetal-organica\/\",\"name\":\"La Facultad de Agronom\u00eda de la UBA dictar\u00e1 en Lincoln la Tecnicatura en Producci\u00f3n Vegetal Org\u00e1nica - Infoecos\",\"isPartOf\":{\"@id\":\"https:\/\/infoecos.com.ar\/#website\"},\"primaryImageOfPage\":{\"@id\":\"https:\/\/infoecos.com.ar\/index.php\/la-facultad-de-agronomia-de-la-uba-dictara-en-lincoln-la-tecnicatura-en-produccion-vegetal-organica\/#primaryimage\"},\"image\":{\"@id\":\"https:\/\/infoecos.com.ar\/index.php\/la-facultad-de-agronomia-de-la-uba-dictara-en-lincoln-la-tecnicatura-en-produccion-vegetal-organica\/#primaryimage\"},\"thumbnailUrl\":\"https:\/\/infoecos.com.ar\/wp-content\/uploads\/2021\/06\/produccion-vegetal-organica-scaled.jpg\",\"datePublished\":\"2021-06-30T04:03:16+00:00\",\"dateModified\":\"2021-07-01T06:24:58+00:00\",\"breadcrumb\":{\"@id\":\"https:\/\/infoecos.com.ar\/index.php\/la-facultad-de-agronomia-de-la-uba-dictara-en-lincoln-la-tecnicatura-en-produccion-vegetal-organica\/#breadcrumb\"},\"inLanguage\":\"es\",\"potentialAction\":[{\"@type\":\"ReadAction\",\"target\":[\"https:\/\/infoecos.com.ar\/index.php\/la-facultad-de-agronomia-de-la-uba-dictara-en-lincoln-la-tecnicatura-en-produccion-vegetal-organica\/\"]}]},{\"@type\":\"ImageObject\",\"inLanguage\":\"es\",\"@id\":\"https:\/\/infoecos.com.ar\/index.php\/la-facultad-de-agronomia-de-la-uba-dictara-en-lincoln-la-tecnicatura-en-produccion-vegetal-organica\/#primaryimage\",\"url\":\"https:\/\/infoecos.com.ar\/wp-content\/uploads\/2021\/06\/produccion-vegetal-organica-scaled.jpg\",\"contentUrl\":\"https:\/\/infoecos.com.ar\/wp-content\/uploads\/2021\/06\/produccion-vegetal-organica-scaled.jpg\",\"width\":2560,\"height\":1707},{\"@type\":\"BreadcrumbList\",\"@id\":\"https:\/\/infoecos.com.ar\/index.php\/la-facultad-de-agronomia-de-la-uba-dictara-en-lincoln-la-tecnicatura-en-produccion-vegetal-organica\/#breadcrumb\",\"itemListElement\":[{\"@type\":\"ListItem\",\"position\":1,\"name\":\"Portada\",\"item\":\"https:\/\/infoecos.com.ar\/\"},{\"@type\":\"ListItem\",\"position\":2,\"name\":\"La Facultad de Agronom\u00eda de la UBA dictar\u00e1 en Lincoln la Tecnicatura en Producci\u00f3n Vegetal Org\u00e1nica\"}]},{\"@type\":\"WebSite\",\"@id\":\"https:\/\/infoecos.com.ar\/#website\",\"url\":\"https:\/\/infoecos.com.ar\/\",\"name\":\"Infoecos\",\"description\":\"Noticias de trenque lauquen y la zona\",\"publisher\":{\"@id\":\"https:\/\/infoecos.com.ar\/#organization\"},\"alternateName\":\"Noticias\",\"potentialAction\":[{\"@type\":\"SearchAction\",\"target\":{\"@type\":\"EntryPoint\",\"urlTemplate\":\"https:\/\/infoecos.com.ar\/?s={search_term_string}\"},\"query-input\":{\"@type\":\"PropertyValueSpecification\",\"valueRequired\":true,\"valueName\":\"search_term_string\"}}],\"inLanguage\":\"es\"},{\"@type\":\"Organization\",\"@id\":\"https:\/\/infoecos.com.ar\/#organization\",\"name\":\"Infoecos\",\"alternateName\":\"Noticias\",\"url\":\"https:\/\/infoecos.com.ar\/\",\"logo\":{\"@type\":\"ImageObject\",\"inLanguage\":\"es\",\"@id\":\"https:\/\/infoecos.com.ar\/#\/schema\/logo\/image\/\",\"url\":\"https:\/\/infoecos.com.ar\/wp-content\/uploads\/2024\/03\/cropped-logo.png\",\"contentUrl\":\"https:\/\/infoecos.com.ar\/wp-content\/uploads\/2024\/03\/cropped-logo.png\",\"width\":374,\"height\":90,\"caption\":\"Infoecos\"},\"image\":{\"@id\":\"https:\/\/infoecos.com.ar\/#\/schema\/logo\/image\/\"},\"sameAs\":[\"https:\/\/www.facebook.com\/profile.php?id=100063200290284\",\"https:\/\/x.com\/infoecos\"]},{\"@type\":\"Person\",\"@id\":\"https:\/\/infoecos.com.ar\/#\/schema\/person\/8f5ace5ce73b4b4aac4b7245aee6f191\",\"name\":\"Jorge Matheus\",\"url\":\"https:\/\/infoecos.com.ar\/index.php\/author\/jomatheus\/\"}]}<\/script>\n<!-- \/ Yoast SEO plugin. -->","yoast_head_json":{"title":"La Facultad de Agronom\u00eda de la UBA dictar\u00e1 en Lincoln la Tecnicatura en Producci\u00f3n Vegetal Org\u00e1nica - Infoecos","robots":{"index":"index","follow":"follow","max-snippet":"max-snippet:-1","max-image-preview":"max-image-preview:large","max-video-preview":"max-video-preview:-1"},"canonical":"https:\/\/infoecos.com.ar\/index.php\/la-facultad-de-agronomia-de-la-uba-dictara-en-lincoln-la-tecnicatura-en-produccion-vegetal-organica\/","og_locale":"es_ES","og_type":"article","og_title":"La Facultad de Agronom\u00eda de la UBA dictar\u00e1 en Lincoln la Tecnicatura en Producci\u00f3n Vegetal Org\u00e1nica - Infoecos","og_description":"Quienes deseen inscribirse pueden comunicarse al celular 2355 697959 o acercarse al anexo de Cultura y Educaci\u00f3n (Massey y Moreno), de 8 a 12 horas","og_url":"https:\/\/infoecos.com.ar\/index.php\/la-facultad-de-agronomia-de-la-uba-dictara-en-lincoln-la-tecnicatura-en-produccion-vegetal-organica\/","og_site_name":"Infoecos","article_publisher":"https:\/\/www.facebook.com\/profile.php?id=100063200290284","article_published_time":"2021-06-30T04:03:16+00:00","article_modified_time":"2021-07-01T06:24:58+00:00","og_image":[{"width":2560,"height":1707,"url":"https:\/\/infoecos.com.ar\/wp-content\/uploads\/2021\/06\/produccion-vegetal-organica-scaled.jpg","type":"image\/jpeg"}],"author":"Jorge Matheus","twitter_card":"summary_large_image","twitter_creator":"@infoecos","twitter_site":"@infoecos","twitter_misc":{"Escrito por":"Jorge Matheus","Tiempo de lectura":"2 minutos"},"schema":{"@context":"https:\/\/schema.org","@graph":[{"@type":"Article","@id":"https:\/\/infoecos.com.ar\/index.php\/la-facultad-de-agronomia-de-la-uba-dictara-en-lincoln-la-tecnicatura-en-produccion-vegetal-organica\/#article","isPartOf":{"@id":"https:\/\/infoecos.com.ar\/index.php\/la-facultad-de-agronomia-de-la-uba-dictara-en-lincoln-la-tecnicatura-en-produccion-vegetal-organica\/"},"author":{"name":"Jorge Matheus","@id":"https:\/\/infoecos.com.ar\/#\/schema\/person\/8f5ace5ce73b4b4aac4b7245aee6f191"},"headline":"La Facultad de Agronom\u00eda de la UBA dictar\u00e1 en Lincoln la Tecnicatura en Producci\u00f3n Vegetal Org\u00e1nica","datePublished":"2021-06-30T04:03:16+00:00","dateModified":"2021-07-01T06:24:58+00:00","mainEntityOfPage":{"@id":"https:\/\/infoecos.com.ar\/index.php\/la-facultad-de-agronomia-de-la-uba-dictara-en-lincoln-la-tecnicatura-en-produccion-vegetal-organica\/"},"wordCount":341,"publisher":{"@id":"https:\/\/infoecos.com.ar\/#organization"},"image":{"@id":"https:\/\/infoecos.com.ar\/index.php\/la-facultad-de-agronomia-de-la-uba-dictara-en-lincoln-la-tecnicatura-en-produccion-vegetal-organica\/#primaryimage"},"thumbnailUrl":"https:\/\/infoecos.com.ar\/wp-content\/uploads\/2021\/06\/produccion-vegetal-organica-scaled.jpg","keywords":["CONVENIO CON EL MUNICIPIO"],"articleSection":["Bloque inferior - 4"],"inLanguage":"es"},{"@type":"WebPage","@id":"https:\/\/infoecos.com.ar\/index.php\/la-facultad-de-agronomia-de-la-uba-dictara-en-lincoln-la-tecnicatura-en-produccion-vegetal-organica\/","url":"https:\/\/infoecos.com.ar\/index.php\/la-facultad-de-agronomia-de-la-uba-dictara-en-lincoln-la-tecnicatura-en-produccion-vegetal-organica\/","name":"La Facultad de Agronom\u00eda de la UBA dictar\u00e1 en Lincoln la Tecnicatura en Producci\u00f3n Vegetal Org\u00e1nica - Infoecos","isPartOf":{"@id":"https:\/\/infoecos.com.ar\/#website"},"primaryImageOfPage":{"@id":"https:\/\/infoecos.com.ar\/index.php\/la-facultad-de-agronomia-de-la-uba-dictara-en-lincoln-la-tecnicatura-en-produccion-vegetal-organica\/#primaryimage"},"image":{"@id":"https:\/\/infoecos.com.ar\/index.php\/la-facultad-de-agronomia-de-la-uba-dictara-en-lincoln-la-tecnicatura-en-produccion-vegetal-organica\/#primaryimage"},"thumbnailUrl":"https:\/\/infoecos.com.ar\/wp-content\/uploads\/2021\/06\/produccion-vegetal-organica-scaled.jpg","datePublished":"2021-06-30T04:03:16+00:00","dateModified":"2021-07-01T06:24:58+00:00","breadcrumb":{"@id":"https:\/\/infoecos.com.ar\/index.php\/la-facultad-de-agronomia-de-la-uba-dictara-en-lincoln-la-tecnicatura-en-produccion-vegetal-organica\/#breadcrumb"},"inLanguage":"es","potentialAction":[{"@type":"ReadAction","target":["https:\/\/infoecos.com.ar\/index.php\/la-facultad-de-agronomia-de-la-uba-dictara-en-lincoln-la-tecnicatura-en-produccion-vegetal-organica\/"]}]},{"@type":"ImageObject","inLanguage":"es","@id":"https:\/\/infoecos.com.ar\/index.php\/la-facultad-de-agronomia-de-la-uba-dictara-en-lincoln-la-tecnicatura-en-produccion-vegetal-organica\/#primaryimage","url":"https:\/\/infoecos.com.ar\/wp-content\/uploads\/2021\/06\/produccion-vegetal-organica-scaled.jpg","contentUrl":"https:\/\/infoecos.com.ar\/wp-content\/uploads\/2021\/06\/produccion-vegetal-organica-scaled.jpg","width":2560,"height":1707},{"@type":"BreadcrumbList","@id":"https:\/\/infoecos.com.ar\/index.php\/la-facultad-de-agronomia-de-la-uba-dictara-en-lincoln-la-tecnicatura-en-produccion-vegetal-organica\/#breadcrumb","itemListElement":[{"@type":"ListItem","position":1,"name":"Portada","item":"https:\/\/infoecos.com.ar\/"},{"@type":"ListItem","position":2,"name":"La Facultad de Agronom\u00eda de la UBA dictar\u00e1 en Lincoln la Tecnicatura en Producci\u00f3n Vegetal Org\u00e1nica"}]},{"@type":"WebSite","@id":"https:\/\/infoecos.com.ar\/#website","url":"https:\/\/infoecos.com.ar\/","name":"Infoecos","description":"Noticias de trenque lauquen y la zona","publisher":{"@id":"https:\/\/infoecos.com.ar\/#organization"},"alternateName":"Noticias","potentialAction":[{"@type":"SearchAction","target":{"@type":"EntryPoint","urlTemplate":"https:\/\/infoecos.com.ar\/?s={search_term_string}"},"query-input":{"@type":"PropertyValueSpecification","valueRequired":true,"valueName":"search_term_string"}}],"inLanguage":"es"},{"@type":"Organization","@id":"https:\/\/infoecos.com.ar\/#organization","name":"Infoecos","alternateName":"Noticias","url":"https:\/\/infoecos.com.ar\/","logo":{"@type":"ImageObject","inLanguage":"es","@id":"https:\/\/infoecos.com.ar\/#\/schema\/logo\/image\/","url":"https:\/\/infoecos.com.ar\/wp-content\/uploads\/2024\/03\/cropped-logo.png","contentUrl":"https:\/\/infoecos.com.ar\/wp-content\/uploads\/2024\/03\/cropped-logo.png","width":374,"height":90,"caption":"Infoecos"},"image":{"@id":"https:\/\/infoecos.com.ar\/#\/schema\/logo\/image\/"},"sameAs":["https:\/\/www.facebook.com\/profile.php?id=100063200290284","https:\/\/x.com\/infoecos"]},{"@type":"Person","@id":"https:\/\/infoecos.com.ar\/#\/schema\/person\/8f5ace5ce73b4b4aac4b7245aee6f191","name":"Jorge Matheus","url":"https:\/\/infoecos.com.ar\/index.php\/author\/jomatheus\/"}]}},"featured_image_urls":{"full":["https:\/\/infoecos.com.ar\/wp-content\/uploads\/2021\/06\/produccion-vegetal-organica-scaled.jpg",2560,1707,false],"thumbnail":["https:\/\/infoecos.com.ar\/wp-content\/uploads\/2021\/06\/produccion-vegetal-organica-150x150.jpg",150,150,true],"medium":["https:\/\/infoecos.com.ar\/wp-content\/uploads\/2021\/06\/produccion-vegetal-organica-460x307.jpg",460,307,true],"medium_large":["https:\/\/infoecos.com.ar\/wp-content\/uploads\/2021\/06\/produccion-vegetal-organica-768x512.jpg",640,427,true],"large":["https:\/\/infoecos.com.ar\/wp-content\/uploads\/2021\/06\/produccion-vegetal-organica-920x613.jpg",640,426,true],"1536x1536":["https:\/\/infoecos.com.ar\/wp-content\/uploads\/2021\/06\/produccion-vegetal-organica-1536x1024.jpg",1536,1024,true],"2048x2048":["https:\/\/infoecos.com.ar\/wp-content\/uploads\/2021\/06\/produccion-vegetal-organica-2048x1365.jpg",2048,1365,true],"covernews-slider-full":["https:\/\/infoecos.com.ar\/wp-content\/uploads\/2021\/06\/produccion-vegetal-organica-1536x1020.jpg",1077,715,true],"covernews-slider-center":["https:\/\/infoecos.com.ar\/wp-content\/uploads\/2021\/06\/produccion-vegetal-organica-936x897.jpg",522,500,true],"covernews-featured":["https:\/\/infoecos.com.ar\/wp-content\/uploads\/2021\/06\/produccion-vegetal-organica-1024x683.jpg",1024,683,true],"covernews-medium":["https:\/\/infoecos.com.ar\/wp-content\/uploads\/2021\/06\/produccion-vegetal-organica-720x380.jpg",540,285,true],"covernews-medium-square":["https:\/\/infoecos.com.ar\/wp-content\/uploads\/2021\/06\/produccion-vegetal-organica-675x450.jpg",375,250,true]},"author_info":{"info":["Jorge Matheus"]},"category_info":"<a href=\"https:\/\/infoecos.com.ar\/index.php\/category\/inferior4\/\" rel=\"category tag\">Bloque inferior - 4<\/a>","tag_info":"Bloque inferior - 4","comment_count":"0","_links":{"self":[{"href":"https:\/\/infoecos.com.ar\/index.php\/wp-json\/wp\/v2\/posts\/80448"}],"collection":[{"href":"https:\/\/infoecos.com.ar\/index.php\/wp-json\/wp\/v2\/posts"}],"about":[{"href":"https:\/\/infoecos.com.ar\/index.php\/wp-json\/wp\/v2\/types\/post"}],"author":[{"embeddable":true,"href":"https:\/\/infoecos.com.ar\/index.php\/wp-json\/wp\/v2\/users\/2"}],"replies":[{"embeddable":true,"href":"https:\/\/infoecos.com.ar\/index.php\/wp-json\/wp\/v2\/comments?post=80448"}],"version-history":[{"count":1,"href":"https:\/\/infoecos.com.ar\/index.php\/wp-json\/wp\/v2\/posts\/80448\/revisions"}],"predecessor-version":[{"id":80450,"href":"https:\/\/infoecos.com.ar\/index.php\/wp-json\/wp\/v2\/posts\/80448\/revisions\/80450"}],"wp:featuredmedia":[{"embeddable":true,"href":"https:\/\/infoecos.com.ar\/index.php\/wp-json\/wp\/v2\/media\/80449"}],"wp:attachment":[{"href":"https:\/\/infoecos.com.ar\/index.php\/wp-json\/wp\/v2\/media?parent=80448"}],"wp:term":[{"taxonomy":"category","embeddable":true,"href":"https:\/\/infoecos.com.ar\/index.php\/wp-json\/wp\/v2\/categories?post=80448"},{"taxonomy":"post_tag","embeddable":true,"href":"https:\/\/infoecos.com.ar\/index.php\/wp-json\/wp\/v2\/tags?post=80448"}],"curies":[{"name":"wp","href":"https:\/\/api.w.org\/{rel}","templated":true}]}}