{"id":80451,"date":"2021-06-30T01:14:22","date_gmt":"2021-06-30T04:14:22","guid":{"rendered":"http:\/\/infoecos.com.ar\/?p=80451"},"modified":"2021-07-01T03:24:25","modified_gmt":"2021-07-01T06:24:25","slug":"el-intendente-municipal-de-guamini-destaco-la-firma-de-un-convenio-con-victoria-tolosa-paz","status":"publish","type":"post","link":"https:\/\/infoecos.com.ar\/index.php\/el-intendente-municipal-de-guamini-destaco-la-firma-de-un-convenio-con-victoria-tolosa-paz\/","title":{"rendered":"El intendente municipal de Guamin\u00ed destac\u00f3 la firma de un convenio con Victoria Tolosa Paz"},"content":{"rendered":"\n<p class=\"wp-block-paragraph\">El intendente municipal de Guamin\u00ed, doctor <strong>Nobre Ferreira<\/strong>, destac\u00f3 la firma con la presidenta del Consejo Federal de Pol\u00edticas Sociales,&nbsp;<strong>Victoria Tolosa Paz<\/strong>, para la puesta en marcha en el distrito de los Mercados MultiplicAR. <\/p>\n\n\n\n<div class=\"wp-block-image is-style-default\"><figure class=\"aligncenter size-medium\"><img loading=\"lazy\" decoding=\"async\" width=\"460\" height=\"307\" src=\"http:\/\/infoecos.com.ar\/wp-content\/uploads\/2021\/06\/TOLOSAPAZNOBREFERREIRA-460x307.jpg\" alt=\"\" class=\"wp-image-80452\" srcset=\"https:\/\/infoecos.com.ar\/wp-content\/uploads\/2021\/06\/TOLOSAPAZNOBREFERREIRA-460x307.jpg 460w, https:\/\/infoecos.com.ar\/wp-content\/uploads\/2021\/06\/TOLOSAPAZNOBREFERREIRA-768x512.jpg 768w, https:\/\/infoecos.com.ar\/wp-content\/uploads\/2021\/06\/TOLOSAPAZNOBREFERREIRA-675x450.jpg 675w, https:\/\/infoecos.com.ar\/wp-content\/uploads\/2021\/06\/TOLOSAPAZNOBREFERREIRA.jpg 810w\" sizes=\"auto, (max-width: 460px) 100vw, 460px\" \/><figcaption>Tolosa Paz, presidenta del Consejo Federal de Pol\u00edticas Sociales con Nobre Ferreira<\/figcaption><\/figure><\/div>\n\n\n\n<p class=\"wp-block-paragraph\">El mandatario comunal se\u00f1al\u00f3 en las redes sociales que este programa facilita a la poblaci\u00f3n el acceso a alimentos de calidad nutricional; contribuye a la seguridad alimentaria; alienta el empleo joven plural e inclusivo y promueve los sistemas productivos de la econom\u00eda social, el cooperativismo y la agricultura familiar, a trav\u00e9s de la consolidaci\u00f3n del consumo de alimentos locales.<\/p>\n","protected":false},"excerpt":{"rendered":"<p>El mandatario comunal se\u00f1al\u00f3 en las redes sociales que este programa facilita a la poblaci\u00f3n el acceso a alimentos de calidad nutricional<\/p>\n","protected":false},"author":2,"featured_media":80452,"comment_status":"closed","ping_status":"open","sticky":false,"template":"","format":"standard","meta":{"footnotes":""},"categories":[42],"tags":[4074],"class_list":["post-80451","post","type-post","status-publish","format-standard","has-post-thumbnail","hentry","category-inferior3","tag-puesta-en-marcha-de-mercados-multiplicar"],"featured_image_urls":{"full":["https:\/\/infoecos.com.ar\/wp-content\/uploads\/2021\/06\/TOLOSAPAZNOBREFERREIRA.jpg",810,540,false],"thumbnail":["https:\/\/infoecos.com.ar\/wp-content\/uploads\/2021\/06\/TOLOSAPAZNOBREFERREIRA-150x150.jpg",150,150,true],"medium":["https:\/\/infoecos.com.ar\/wp-content\/uploads\/2021\/06\/TOLOSAPAZNOBREFERREIRA-460x307.jpg",460,307,true],"medium_large":["https:\/\/infoecos.com.ar\/wp-content\/uploads\/2021\/06\/TOLOSAPAZNOBREFERREIRA-768x512.jpg",640,427,true],"large":["https:\/\/infoecos.com.ar\/wp-content\/uploads\/2021\/06\/TOLOSAPAZNOBREFERREIRA.jpg",640,427,false],"1536x1536":["https:\/\/infoecos.com.ar\/wp-content\/uploads\/2021\/06\/TOLOSAPAZNOBREFERREIRA.jpg",810,540,false],"2048x2048":["https:\/\/infoecos.com.ar\/wp-content\/uploads\/2021\/06\/TOLOSAPAZNOBREFERREIRA.jpg",810,540,false],"covernews-slider-full":["https:\/\/infoecos.com.ar\/wp-content\/uploads\/2021\/06\/TOLOSAPAZNOBREFERREIRA.jpg",810,540,false],"covernews-slider-center":["https:\/\/infoecos.com.ar\/wp-content\/uploads\/2021\/06\/TOLOSAPAZNOBREFERREIRA.jpg",750,500,false],"covernews-featured":["https:\/\/infoecos.com.ar\/wp-content\/uploads\/2021\/06\/TOLOSAPAZNOBREFERREIRA.jpg",810,540,false],"covernews-medium":["https:\/\/infoecos.com.ar\/wp-content\/uploads\/2021\/06\/TOLOSAPAZNOBREFERREIRA-720x380.jpg",540,285,true],"covernews-medium-square":["https:\/\/infoecos.com.ar\/wp-content\/uploads\/2021\/06\/TOLOSAPAZNOBREFERREIRA-675x450.jpg",375,250,true]},"author_info":{"info":["Jorge Matheus"]},"category_info":"<a href=\"https:\/\/infoecos.com.ar\/index.php\/category\/inferior3\/\" rel=\"category tag\">Bloque inferior - 3<\/a>","tag_info":"Bloque inferior - 3","comment_count":"0","_links":{"self":[{"href":"https:\/\/infoecos.com.ar\/index.php\/wp-json\/wp\/v2\/posts\/80451","targetHints":{"allow":["GET"]}}],"collection":[{"href":"https:\/\/infoecos.com.ar\/index.php\/wp-json\/wp\/v2\/posts"}],"about":[{"href":"https:\/\/infoecos.com.ar\/index.php\/wp-json\/wp\/v2\/types\/post"}],"author":[{"embeddable":true,"href":"https:\/\/infoecos.com.ar\/index.php\/wp-json\/wp\/v2\/users\/2"}],"replies":[{"embeddable":true,"href":"https:\/\/infoecos.com.ar\/index.php\/wp-json\/wp\/v2\/comments?post=80451"}],"version-history":[{"count":2,"href":"https:\/\/infoecos.com.ar\/index.php\/wp-json\/wp\/v2\/posts\/80451\/revisions"}],"predecessor-version":[{"id":80557,"href":"https:\/\/infoecos.com.ar\/index.php\/wp-json\/wp\/v2\/posts\/80451\/revisions\/80557"}],"wp:featuredmedia":[{"embeddable":true,"href":"https:\/\/infoecos.com.ar\/index.php\/wp-json\/wp\/v2\/media\/80452"}],"wp:attachment":[{"href":"https:\/\/infoecos.com.ar\/index.php\/wp-json\/wp\/v2\/media?parent=80451"}],"wp:term":[{"taxonomy":"category","embeddable":true,"href":"https:\/\/infoecos.com.ar\/index.php\/wp-json\/wp\/v2\/categories?post=80451"},{"taxonomy":"post_tag","embeddable":true,"href":"https:\/\/infoecos.com.ar\/index.php\/wp-json\/wp\/v2\/tags?post=80451"}],"curies":[{"name":"wp","href":"https:\/\/api.w.org\/{rel}","templated":true}]}}