{"id":80456,"date":"2021-06-30T01:48:59","date_gmt":"2021-06-30T04:48:59","guid":{"rendered":"http:\/\/infoecos.com.ar\/?p=80456"},"modified":"2021-06-30T01:49:00","modified_gmt":"2021-06-30T04:49:00","slug":"sesiona-hoy-el-senado-de-buenos-aires-tema-excluyente-construccion-de-alcaldias","status":"publish","type":"post","link":"https:\/\/infoecos.com.ar\/index.php\/sesiona-hoy-el-senado-de-buenos-aires-tema-excluyente-construccion-de-alcaldias\/","title":{"rendered":"Sesiona hoy el Senado de Buenos Aires: tema excluyente construcci\u00f3n de alcald\u00edas"},"content":{"rendered":"\n<p>El\u00a0Senado de la provincia de Buenos Aires sesionar\u00e1 este mi\u00e9rcoles 29 de junio desde las 14 para convertir en ley los proyectos enviados por el Poder Ejecutivo que buscan\u00a0expropiar terrenos en\u00a0Mor\u00f3n, Lan\u00fas, Tres de Febrero y Ezeiza\u00a0para la construcci\u00f3n de\u00a0alcald\u00edas. \u00a0<\/p>\n\n\n\n<div class=\"wp-block-image is-style-default\"><figure class=\"aligncenter size-medium\"><img loading=\"lazy\" decoding=\"async\" width=\"460\" height=\"307\" src=\"http:\/\/infoecos.com.ar\/wp-content\/uploads\/2020\/09\/senadodebuenosaires-460x307.jpg\" alt=\"\" class=\"wp-image-68387\" srcset=\"https:\/\/infoecos.com.ar\/wp-content\/uploads\/2020\/09\/senadodebuenosaires-460x307.jpg 460w, https:\/\/infoecos.com.ar\/wp-content\/uploads\/2020\/09\/senadodebuenosaires-675x450.jpg 675w, https:\/\/infoecos.com.ar\/wp-content\/uploads\/2020\/09\/senadodebuenosaires.jpg 768w\" sizes=\"(max-width: 460px) 100vw, 460px\" \/><\/figure><\/div>\n\n\n\n<p>Los proyectos, que ampl\u00edan los alcances de la Ley\u00a0N\u00b014.806 de Infraestructura Penitenciaria<strong>,<\/strong>\u00a0viene de conseguir media sanci\u00f3n en la C\u00e1mara baja el pasado 17 de junio.<\/p>\n\n\n\n<p>\u201cEn la actualidad, el Servicio Penitenciario Bonaerense afronta la sobrepoblaci\u00f3n m\u00e1s alta de su historia, cuyo registro se ubica por encima del 100%, de acuerdo a la capacidad de alojamiento de las 58 unidades penitenciarias y 10 alcald\u00edas departamentales existentes\u201d, se\u00f1ala el texto de la mencionada normativa.<\/p>\n\n\n\n<p>Seg\u00fan explic\u00f3\u00a0el ministro de Justicia y Derechos Humanos, Julio Alak,\u00a0la decisi\u00f3n de que las c\u00e1rceles se concentren en el Gran Buenos Aires, en un corredor entre la General Paz y Ruta 6, responde a que cerca del 70% de los detenidos son residentes del Conurbano.<\/p>\n\n\n\n<p><\/p>\n","protected":false},"excerpt":{"rendered":"<p>En la actualidad, el Servicio Penitenciario Bonaerense afronta la sobrepoblaci\u00f3n m\u00e1s alta de su historia, cuyo registro se ubica por encima del 100%, de acuerdo a la capacidad de alojamiento de las 58 unidades penitenciarias y 10 alcald\u00edas departamentales existentes<\/p>\n","protected":false},"author":2,"featured_media":68387,"comment_status":"closed","ping_status":"open","sticky":false,"template":"","format":"standard","meta":{"footnotes":""},"categories":[1323],"tags":[4075],"class_list":["post-80456","post","type-post","status-publish","format-standard","has-post-thumbnail","hentry","category-c2nota5","tag-proyectos-enviados-por-el-ejecutivo"],"yoast_head":"<!-- This site is optimized with the Yoast SEO plugin v23.4 - https:\/\/yoast.com\/wordpress\/plugins\/seo\/ -->\n<title>Sesiona hoy el Senado de Buenos Aires: tema excluyente construcci\u00f3n de alcald\u00edas - Infoecos<\/title>\n<meta name=\"robots\" content=\"index, follow, max-snippet:-1, max-image-preview:large, max-video-preview:-1\" \/>\n<link rel=\"canonical\" href=\"https:\/\/infoecos.com.ar\/index.php\/sesiona-hoy-el-senado-de-buenos-aires-tema-excluyente-construccion-de-alcaldias\/\" \/>\n<meta property=\"og:locale\" content=\"es_ES\" \/>\n<meta property=\"og:type\" content=\"article\" \/>\n<meta property=\"og:title\" content=\"Sesiona hoy el Senado de Buenos Aires: tema excluyente construcci\u00f3n de alcald\u00edas - Infoecos\" \/>\n<meta property=\"og:description\" content=\"En la actualidad, el Servicio Penitenciario Bonaerense afronta la sobrepoblaci\u00f3n m\u00e1s alta de su historia, cuyo registro se ubica por encima del 100%, de acuerdo a la capacidad de alojamiento de las 58 unidades penitenciarias y 10 alcald\u00edas departamentales existentes\" \/>\n<meta property=\"og:url\" content=\"https:\/\/infoecos.com.ar\/index.php\/sesiona-hoy-el-senado-de-buenos-aires-tema-excluyente-construccion-de-alcaldias\/\" \/>\n<meta property=\"og:site_name\" content=\"Infoecos\" \/>\n<meta property=\"article:publisher\" content=\"https:\/\/www.facebook.com\/profile.php?id=100063200290284\" \/>\n<meta property=\"article:published_time\" content=\"2021-06-30T04:48:59+00:00\" \/>\n<meta property=\"article:modified_time\" content=\"2021-06-30T04:49:00+00:00\" \/>\n<meta property=\"og:image\" content=\"https:\/\/infoecos.com.ar\/wp-content\/uploads\/2020\/09\/senadodebuenosaires.jpg\" \/>\n\t<meta property=\"og:image:width\" content=\"768\" \/>\n\t<meta property=\"og:image:height\" content=\"512\" \/>\n\t<meta property=\"og:image:type\" content=\"image\/jpeg\" \/>\n<meta name=\"author\" content=\"Jorge Matheus\" \/>\n<meta name=\"twitter:card\" content=\"summary_large_image\" \/>\n<meta name=\"twitter:creator\" content=\"@infoecos\" \/>\n<meta name=\"twitter:site\" content=\"@infoecos\" \/>\n<meta name=\"twitter:label1\" content=\"Escrito por\" \/>\n\t<meta name=\"twitter:data1\" content=\"Jorge Matheus\" \/>\n\t<meta name=\"twitter:label2\" content=\"Tiempo de lectura\" \/>\n\t<meta name=\"twitter:data2\" content=\"1 minuto\" \/>\n<script type=\"application\/ld+json\" class=\"yoast-schema-graph\">{\"@context\":\"https:\/\/schema.org\",\"@graph\":[{\"@type\":\"Article\",\"@id\":\"https:\/\/infoecos.com.ar\/index.php\/sesiona-hoy-el-senado-de-buenos-aires-tema-excluyente-construccion-de-alcaldias\/#article\",\"isPartOf\":{\"@id\":\"https:\/\/infoecos.com.ar\/index.php\/sesiona-hoy-el-senado-de-buenos-aires-tema-excluyente-construccion-de-alcaldias\/\"},\"author\":{\"name\":\"Jorge Matheus\",\"@id\":\"https:\/\/infoecos.com.ar\/#\/schema\/person\/8f5ace5ce73b4b4aac4b7245aee6f191\"},\"headline\":\"Sesiona hoy el Senado de Buenos Aires: tema excluyente construcci\u00f3n de alcald\u00edas\",\"datePublished\":\"2021-06-30T04:48:59+00:00\",\"dateModified\":\"2021-06-30T04:49:00+00:00\",\"mainEntityOfPage\":{\"@id\":\"https:\/\/infoecos.com.ar\/index.php\/sesiona-hoy-el-senado-de-buenos-aires-tema-excluyente-construccion-de-alcaldias\/\"},\"wordCount\":187,\"publisher\":{\"@id\":\"https:\/\/infoecos.com.ar\/#organization\"},\"image\":{\"@id\":\"https:\/\/infoecos.com.ar\/index.php\/sesiona-hoy-el-senado-de-buenos-aires-tema-excluyente-construccion-de-alcaldias\/#primaryimage\"},\"thumbnailUrl\":\"https:\/\/infoecos.com.ar\/wp-content\/uploads\/2020\/09\/senadodebuenosaires.jpg\",\"keywords\":[\"PROYECTOS ENVIADOS POR EL EJECUTIVO\"],\"articleSection\":[\"C2 N5\"],\"inLanguage\":\"es\"},{\"@type\":\"WebPage\",\"@id\":\"https:\/\/infoecos.com.ar\/index.php\/sesiona-hoy-el-senado-de-buenos-aires-tema-excluyente-construccion-de-alcaldias\/\",\"url\":\"https:\/\/infoecos.com.ar\/index.php\/sesiona-hoy-el-senado-de-buenos-aires-tema-excluyente-construccion-de-alcaldias\/\",\"name\":\"Sesiona hoy el Senado de Buenos Aires: tema excluyente construcci\u00f3n de alcald\u00edas - Infoecos\",\"isPartOf\":{\"@id\":\"https:\/\/infoecos.com.ar\/#website\"},\"primaryImageOfPage\":{\"@id\":\"https:\/\/infoecos.com.ar\/index.php\/sesiona-hoy-el-senado-de-buenos-aires-tema-excluyente-construccion-de-alcaldias\/#primaryimage\"},\"image\":{\"@id\":\"https:\/\/infoecos.com.ar\/index.php\/sesiona-hoy-el-senado-de-buenos-aires-tema-excluyente-construccion-de-alcaldias\/#primaryimage\"},\"thumbnailUrl\":\"https:\/\/infoecos.com.ar\/wp-content\/uploads\/2020\/09\/senadodebuenosaires.jpg\",\"datePublished\":\"2021-06-30T04:48:59+00:00\",\"dateModified\":\"2021-06-30T04:49:00+00:00\",\"breadcrumb\":{\"@id\":\"https:\/\/infoecos.com.ar\/index.php\/sesiona-hoy-el-senado-de-buenos-aires-tema-excluyente-construccion-de-alcaldias\/#breadcrumb\"},\"inLanguage\":\"es\",\"potentialAction\":[{\"@type\":\"ReadAction\",\"target\":[\"https:\/\/infoecos.com.ar\/index.php\/sesiona-hoy-el-senado-de-buenos-aires-tema-excluyente-construccion-de-alcaldias\/\"]}]},{\"@type\":\"ImageObject\",\"inLanguage\":\"es\",\"@id\":\"https:\/\/infoecos.com.ar\/index.php\/sesiona-hoy-el-senado-de-buenos-aires-tema-excluyente-construccion-de-alcaldias\/#primaryimage\",\"url\":\"https:\/\/infoecos.com.ar\/wp-content\/uploads\/2020\/09\/senadodebuenosaires.jpg\",\"contentUrl\":\"https:\/\/infoecos.com.ar\/wp-content\/uploads\/2020\/09\/senadodebuenosaires.jpg\",\"width\":768,\"height\":512},{\"@type\":\"BreadcrumbList\",\"@id\":\"https:\/\/infoecos.com.ar\/index.php\/sesiona-hoy-el-senado-de-buenos-aires-tema-excluyente-construccion-de-alcaldias\/#breadcrumb\",\"itemListElement\":[{\"@type\":\"ListItem\",\"position\":1,\"name\":\"Portada\",\"item\":\"https:\/\/infoecos.com.ar\/\"},{\"@type\":\"ListItem\",\"position\":2,\"name\":\"Sesiona hoy el Senado de Buenos Aires: tema excluyente construcci\u00f3n de alcald\u00edas\"}]},{\"@type\":\"WebSite\",\"@id\":\"https:\/\/infoecos.com.ar\/#website\",\"url\":\"https:\/\/infoecos.com.ar\/\",\"name\":\"Infoecos\",\"description\":\"Noticias de trenque lauquen y la zona\",\"publisher\":{\"@id\":\"https:\/\/infoecos.com.ar\/#organization\"},\"alternateName\":\"Noticias\",\"potentialAction\":[{\"@type\":\"SearchAction\",\"target\":{\"@type\":\"EntryPoint\",\"urlTemplate\":\"https:\/\/infoecos.com.ar\/?s={search_term_string}\"},\"query-input\":{\"@type\":\"PropertyValueSpecification\",\"valueRequired\":true,\"valueName\":\"search_term_string\"}}],\"inLanguage\":\"es\"},{\"@type\":\"Organization\",\"@id\":\"https:\/\/infoecos.com.ar\/#organization\",\"name\":\"Infoecos\",\"alternateName\":\"Noticias\",\"url\":\"https:\/\/infoecos.com.ar\/\",\"logo\":{\"@type\":\"ImageObject\",\"inLanguage\":\"es\",\"@id\":\"https:\/\/infoecos.com.ar\/#\/schema\/logo\/image\/\",\"url\":\"https:\/\/infoecos.com.ar\/wp-content\/uploads\/2024\/03\/cropped-logo.png\",\"contentUrl\":\"https:\/\/infoecos.com.ar\/wp-content\/uploads\/2024\/03\/cropped-logo.png\",\"width\":374,\"height\":90,\"caption\":\"Infoecos\"},\"image\":{\"@id\":\"https:\/\/infoecos.com.ar\/#\/schema\/logo\/image\/\"},\"sameAs\":[\"https:\/\/www.facebook.com\/profile.php?id=100063200290284\",\"https:\/\/x.com\/infoecos\"]},{\"@type\":\"Person\",\"@id\":\"https:\/\/infoecos.com.ar\/#\/schema\/person\/8f5ace5ce73b4b4aac4b7245aee6f191\",\"name\":\"Jorge Matheus\",\"url\":\"https:\/\/infoecos.com.ar\/index.php\/author\/jomatheus\/\"}]}<\/script>\n<!-- \/ Yoast SEO plugin. -->","yoast_head_json":{"title":"Sesiona hoy el Senado de Buenos Aires: tema excluyente construcci\u00f3n de alcald\u00edas - Infoecos","robots":{"index":"index","follow":"follow","max-snippet":"max-snippet:-1","max-image-preview":"max-image-preview:large","max-video-preview":"max-video-preview:-1"},"canonical":"https:\/\/infoecos.com.ar\/index.php\/sesiona-hoy-el-senado-de-buenos-aires-tema-excluyente-construccion-de-alcaldias\/","og_locale":"es_ES","og_type":"article","og_title":"Sesiona hoy el Senado de Buenos Aires: tema excluyente construcci\u00f3n de alcald\u00edas - Infoecos","og_description":"En la actualidad, el Servicio Penitenciario Bonaerense afronta la sobrepoblaci\u00f3n m\u00e1s alta de su historia, cuyo registro se ubica por encima del 100%, de acuerdo a la capacidad de alojamiento de las 58 unidades penitenciarias y 10 alcald\u00edas departamentales existentes","og_url":"https:\/\/infoecos.com.ar\/index.php\/sesiona-hoy-el-senado-de-buenos-aires-tema-excluyente-construccion-de-alcaldias\/","og_site_name":"Infoecos","article_publisher":"https:\/\/www.facebook.com\/profile.php?id=100063200290284","article_published_time":"2021-06-30T04:48:59+00:00","article_modified_time":"2021-06-30T04:49:00+00:00","og_image":[{"width":768,"height":512,"url":"https:\/\/infoecos.com.ar\/wp-content\/uploads\/2020\/09\/senadodebuenosaires.jpg","type":"image\/jpeg"}],"author":"Jorge Matheus","twitter_card":"summary_large_image","twitter_creator":"@infoecos","twitter_site":"@infoecos","twitter_misc":{"Escrito por":"Jorge Matheus","Tiempo de lectura":"1 minuto"},"schema":{"@context":"https:\/\/schema.org","@graph":[{"@type":"Article","@id":"https:\/\/infoecos.com.ar\/index.php\/sesiona-hoy-el-senado-de-buenos-aires-tema-excluyente-construccion-de-alcaldias\/#article","isPartOf":{"@id":"https:\/\/infoecos.com.ar\/index.php\/sesiona-hoy-el-senado-de-buenos-aires-tema-excluyente-construccion-de-alcaldias\/"},"author":{"name":"Jorge Matheus","@id":"https:\/\/infoecos.com.ar\/#\/schema\/person\/8f5ace5ce73b4b4aac4b7245aee6f191"},"headline":"Sesiona hoy el Senado de Buenos Aires: tema excluyente construcci\u00f3n de alcald\u00edas","datePublished":"2021-06-30T04:48:59+00:00","dateModified":"2021-06-30T04:49:00+00:00","mainEntityOfPage":{"@id":"https:\/\/infoecos.com.ar\/index.php\/sesiona-hoy-el-senado-de-buenos-aires-tema-excluyente-construccion-de-alcaldias\/"},"wordCount":187,"publisher":{"@id":"https:\/\/infoecos.com.ar\/#organization"},"image":{"@id":"https:\/\/infoecos.com.ar\/index.php\/sesiona-hoy-el-senado-de-buenos-aires-tema-excluyente-construccion-de-alcaldias\/#primaryimage"},"thumbnailUrl":"https:\/\/infoecos.com.ar\/wp-content\/uploads\/2020\/09\/senadodebuenosaires.jpg","keywords":["PROYECTOS ENVIADOS POR EL EJECUTIVO"],"articleSection":["C2 N5"],"inLanguage":"es"},{"@type":"WebPage","@id":"https:\/\/infoecos.com.ar\/index.php\/sesiona-hoy-el-senado-de-buenos-aires-tema-excluyente-construccion-de-alcaldias\/","url":"https:\/\/infoecos.com.ar\/index.php\/sesiona-hoy-el-senado-de-buenos-aires-tema-excluyente-construccion-de-alcaldias\/","name":"Sesiona hoy el Senado de Buenos Aires: tema excluyente construcci\u00f3n de alcald\u00edas - Infoecos","isPartOf":{"@id":"https:\/\/infoecos.com.ar\/#website"},"primaryImageOfPage":{"@id":"https:\/\/infoecos.com.ar\/index.php\/sesiona-hoy-el-senado-de-buenos-aires-tema-excluyente-construccion-de-alcaldias\/#primaryimage"},"image":{"@id":"https:\/\/infoecos.com.ar\/index.php\/sesiona-hoy-el-senado-de-buenos-aires-tema-excluyente-construccion-de-alcaldias\/#primaryimage"},"thumbnailUrl":"https:\/\/infoecos.com.ar\/wp-content\/uploads\/2020\/09\/senadodebuenosaires.jpg","datePublished":"2021-06-30T04:48:59+00:00","dateModified":"2021-06-30T04:49:00+00:00","breadcrumb":{"@id":"https:\/\/infoecos.com.ar\/index.php\/sesiona-hoy-el-senado-de-buenos-aires-tema-excluyente-construccion-de-alcaldias\/#breadcrumb"},"inLanguage":"es","potentialAction":[{"@type":"ReadAction","target":["https:\/\/infoecos.com.ar\/index.php\/sesiona-hoy-el-senado-de-buenos-aires-tema-excluyente-construccion-de-alcaldias\/"]}]},{"@type":"ImageObject","inLanguage":"es","@id":"https:\/\/infoecos.com.ar\/index.php\/sesiona-hoy-el-senado-de-buenos-aires-tema-excluyente-construccion-de-alcaldias\/#primaryimage","url":"https:\/\/infoecos.com.ar\/wp-content\/uploads\/2020\/09\/senadodebuenosaires.jpg","contentUrl":"https:\/\/infoecos.com.ar\/wp-content\/uploads\/2020\/09\/senadodebuenosaires.jpg","width":768,"height":512},{"@type":"BreadcrumbList","@id":"https:\/\/infoecos.com.ar\/index.php\/sesiona-hoy-el-senado-de-buenos-aires-tema-excluyente-construccion-de-alcaldias\/#breadcrumb","itemListElement":[{"@type":"ListItem","position":1,"name":"Portada","item":"https:\/\/infoecos.com.ar\/"},{"@type":"ListItem","position":2,"name":"Sesiona hoy el Senado de Buenos Aires: tema excluyente construcci\u00f3n de alcald\u00edas"}]},{"@type":"WebSite","@id":"https:\/\/infoecos.com.ar\/#website","url":"https:\/\/infoecos.com.ar\/","name":"Infoecos","description":"Noticias de trenque lauquen y la zona","publisher":{"@id":"https:\/\/infoecos.com.ar\/#organization"},"alternateName":"Noticias","potentialAction":[{"@type":"SearchAction","target":{"@type":"EntryPoint","urlTemplate":"https:\/\/infoecos.com.ar\/?s={search_term_string}"},"query-input":{"@type":"PropertyValueSpecification","valueRequired":true,"valueName":"search_term_string"}}],"inLanguage":"es"},{"@type":"Organization","@id":"https:\/\/infoecos.com.ar\/#organization","name":"Infoecos","alternateName":"Noticias","url":"https:\/\/infoecos.com.ar\/","logo":{"@type":"ImageObject","inLanguage":"es","@id":"https:\/\/infoecos.com.ar\/#\/schema\/logo\/image\/","url":"https:\/\/infoecos.com.ar\/wp-content\/uploads\/2024\/03\/cropped-logo.png","contentUrl":"https:\/\/infoecos.com.ar\/wp-content\/uploads\/2024\/03\/cropped-logo.png","width":374,"height":90,"caption":"Infoecos"},"image":{"@id":"https:\/\/infoecos.com.ar\/#\/schema\/logo\/image\/"},"sameAs":["https:\/\/www.facebook.com\/profile.php?id=100063200290284","https:\/\/x.com\/infoecos"]},{"@type":"Person","@id":"https:\/\/infoecos.com.ar\/#\/schema\/person\/8f5ace5ce73b4b4aac4b7245aee6f191","name":"Jorge Matheus","url":"https:\/\/infoecos.com.ar\/index.php\/author\/jomatheus\/"}]}},"featured_image_urls":{"full":["https:\/\/infoecos.com.ar\/wp-content\/uploads\/2020\/09\/senadodebuenosaires.jpg",768,512,false],"thumbnail":["https:\/\/infoecos.com.ar\/wp-content\/uploads\/2020\/09\/senadodebuenosaires-150x150.jpg",150,150,true],"medium":["https:\/\/infoecos.com.ar\/wp-content\/uploads\/2020\/09\/senadodebuenosaires-460x307.jpg",460,307,true],"medium_large":["https:\/\/infoecos.com.ar\/wp-content\/uploads\/2020\/09\/senadodebuenosaires.jpg",640,427,false],"large":["https:\/\/infoecos.com.ar\/wp-content\/uploads\/2020\/09\/senadodebuenosaires.jpg",640,427,false],"1536x1536":["https:\/\/infoecos.com.ar\/wp-content\/uploads\/2020\/09\/senadodebuenosaires.jpg",768,512,false],"2048x2048":["https:\/\/infoecos.com.ar\/wp-content\/uploads\/2020\/09\/senadodebuenosaires.jpg",768,512,false],"covernews-slider-full":["https:\/\/infoecos.com.ar\/wp-content\/uploads\/2020\/09\/senadodebuenosaires.jpg",768,512,false],"covernews-slider-center":["https:\/\/infoecos.com.ar\/wp-content\/uploads\/2020\/09\/senadodebuenosaires.jpg",750,500,false],"covernews-featured":["https:\/\/infoecos.com.ar\/wp-content\/uploads\/2020\/09\/senadodebuenosaires.jpg",768,512,false],"covernews-medium":["https:\/\/infoecos.com.ar\/wp-content\/uploads\/2020\/09\/senadodebuenosaires-720x380.jpg",540,285,true],"covernews-medium-square":["https:\/\/infoecos.com.ar\/wp-content\/uploads\/2020\/09\/senadodebuenosaires-675x450.jpg",375,250,true]},"author_info":{"info":["Jorge Matheus"]},"category_info":"<a href=\"https:\/\/infoecos.com.ar\/index.php\/category\/c2nota5\/\" rel=\"category tag\">C2 N5<\/a>","tag_info":"C2 N5","comment_count":"0","_links":{"self":[{"href":"https:\/\/infoecos.com.ar\/index.php\/wp-json\/wp\/v2\/posts\/80456"}],"collection":[{"href":"https:\/\/infoecos.com.ar\/index.php\/wp-json\/wp\/v2\/posts"}],"about":[{"href":"https:\/\/infoecos.com.ar\/index.php\/wp-json\/wp\/v2\/types\/post"}],"author":[{"embeddable":true,"href":"https:\/\/infoecos.com.ar\/index.php\/wp-json\/wp\/v2\/users\/2"}],"replies":[{"embeddable":true,"href":"https:\/\/infoecos.com.ar\/index.php\/wp-json\/wp\/v2\/comments?post=80456"}],"version-history":[{"count":1,"href":"https:\/\/infoecos.com.ar\/index.php\/wp-json\/wp\/v2\/posts\/80456\/revisions"}],"predecessor-version":[{"id":80457,"href":"https:\/\/infoecos.com.ar\/index.php\/wp-json\/wp\/v2\/posts\/80456\/revisions\/80457"}],"wp:featuredmedia":[{"embeddable":true,"href":"https:\/\/infoecos.com.ar\/index.php\/wp-json\/wp\/v2\/media\/68387"}],"wp:attachment":[{"href":"https:\/\/infoecos.com.ar\/index.php\/wp-json\/wp\/v2\/media?parent=80456"}],"wp:term":[{"taxonomy":"category","embeddable":true,"href":"https:\/\/infoecos.com.ar\/index.php\/wp-json\/wp\/v2\/categories?post=80456"},{"taxonomy":"post_tag","embeddable":true,"href":"https:\/\/infoecos.com.ar\/index.php\/wp-json\/wp\/v2\/tags?post=80456"}],"curies":[{"name":"wp","href":"https:\/\/api.w.org\/{rel}","templated":true}]}}