{"id":80462,"date":"2021-06-30T02:11:24","date_gmt":"2021-06-30T05:11:24","guid":{"rendered":"http:\/\/infoecos.com.ar\/?p=80462"},"modified":"2021-07-01T03:23:44","modified_gmt":"2021-07-01T06:23:44","slug":"comienzan-a-cobrar-hoy-los-estatales-de-la-provincia-de-buenos-aires","status":"publish","type":"post","link":"https:\/\/infoecos.com.ar\/index.php\/comienzan-a-cobrar-hoy-los-estatales-de-la-provincia-de-buenos-aires\/","title":{"rendered":"Comenzaron a cobrar hoy los estatales de la provincia de Buenos Aires"},"content":{"rendered":"\n<p class=\"wp-block-paragraph\">Los empleados p\u00fablicos bonaerenses perciben sus sueldos de junio y la primera cuota del aguinaldo a partir de este mi\u00e9rcoles 30, inform\u00f3 la Tesorer\u00eda General de la provincia de Buenos Aires.<\/p>\n\n\n\n<div class=\"wp-block-image is-style-default\"><figure class=\"aligncenter size-medium\"><img loading=\"lazy\" decoding=\"async\" width=\"460\" height=\"306\" src=\"http:\/\/infoecos.com.ar\/wp-content\/uploads\/2020\/09\/casagobietrnobsa-460x306.jpg\" alt=\"\" class=\"wp-image-68637\" srcset=\"https:\/\/infoecos.com.ar\/wp-content\/uploads\/2020\/09\/casagobietrnobsa-460x306.jpg 460w, https:\/\/infoecos.com.ar\/wp-content\/uploads\/2020\/09\/casagobietrnobsa-675x450.jpg 675w, https:\/\/infoecos.com.ar\/wp-content\/uploads\/2020\/09\/casagobietrnobsa.jpg 760w\" sizes=\"auto, (max-width: 460px) 100vw, 460px\" \/><\/figure><\/div>\n\n\n\n<p class=\"wp-block-paragraph\">El cronograma continua\u00a0<strong>este jueves 1 de julio<\/strong>, cuando cobrar\u00e1n los agentes de los Ministerio de Seguridad, de Desarrollo de la Comunidad, Servicio Penitenciario, del Patronato de Liberados y del Instituto provincial de Loter\u00eda y Casinos.<\/p>\n\n\n\n<p class=\"wp-block-paragraph\"><strong>El viernes 2<\/strong>&nbsp;se abonar\u00e1n los sueldos y el medio aguinaldo a los agentes del Ministerio de Salud y los beneficiarios de la Caja de Polic\u00eda.<\/p>\n\n\n\n<p class=\"wp-block-paragraph\">El cronograma continuar\u00e1&nbsp;<strong>el lunes 5&nbsp;<\/strong>con los empleados de la Fiscal\u00eda de Estado, la Junta Electoral, Tribunal de Cuentas, la Asesor\u00eda General de Gobierno, Secretar\u00eda General, Coordinaci\u00f3n General Unidad Gobernador, Ministerio de las Mujeres, Ministerio de jefatura de Gabinete de Ministros, Ministerio de Hacienda y Finanzas, Contadur\u00eda General de la Provincia y Tesorer\u00eda General de la Provincia.<\/p>\n\n\n\n<p class=\"wp-block-paragraph\">Durante esa jornada tambi\u00e9n percibir\u00e1n haberes y medio aguinaldo los agentes del Ministerio de Producci\u00f3n, Fondo Provincial de Puertos, Ministerio de Desarrollo Agrario, Ministerio de Infraestructura y Servicios P\u00fablicos, Consejo de la Magistratura,<\/p>\n\n\n\n<p class=\"wp-block-paragraph\">Ministerio de Justicia y Derechos Humanos, Ministerio de Gobierno, Ministerio de Trabajo, Defensor\u00eda del Pueblo, Ministerio de Comunicaci\u00f3n P\u00fablica, ARBA y Autoridad del Agua.<\/p>\n\n\n\n<p class=\"wp-block-paragraph\">Tambi\u00e9n cobrar\u00e1n los empleados de la Comisi\u00f3n de I. Cient\u00edfica, Comisi\u00f3n de la Memoria, Comit\u00e9 de la Cuenca del R\u00edo Reconquista (Comirec), Corp. de Fomento del Valle Bonaerense del R. Colorado (Corfo), Astillero R\u00edo Santiago, OPISU, OPDS, Poder Legislativo, UPSO y Universidad Provincial de Ezeiza.<\/p>\n\n\n\n<p class=\"wp-block-paragraph\"><strong>El martes 6<\/strong>&nbsp;le abonar\u00e1n a los agentes del Poder Judicial y el&nbsp;<strong>mi\u00e9rcoles 7 de julio<\/strong>&nbsp;a los trabajadores y maestras de la Direcci\u00f3n General de Educaci\u00f3n y Cultura de la provincia de Buenos Aires.<\/p>\n","protected":false},"excerpt":{"rendered":"<p>Hoy se abonar\u00e1n los sueldos y el medio aguinaldo a los empleados de la Direcci\u00f3n provincial de Vialidad y del Organismo de Control de Energ\u00eda El\u00e9ctrica de la Provincia de Buenos Aires (Oceba)<\/p>\n","protected":false},"author":2,"featured_media":22575,"comment_status":"closed","ping_status":"open","sticky":false,"template":"","format":"standard","meta":{"footnotes":""},"categories":[40],"tags":[4078],"class_list":["post-80462","post","type-post","status-publish","format-standard","has-post-thumbnail","hentry","category-inferior1","tag-pago-de-salarios"],"featured_image_urls":{"full":"","thumbnail":"","medium":"","medium_large":"","large":"","1536x1536":"","2048x2048":"","covernews-slider-full":"","covernews-slider-center":"","covernews-featured":"","covernews-medium":"","covernews-medium-square":""},"author_info":{"info":["Jorge Matheus"]},"category_info":"<a href=\"https:\/\/infoecos.com.ar\/index.php\/category\/inferior1\/\" rel=\"category tag\">Bloque inferior - 1<\/a>","tag_info":"Bloque inferior - 1","comment_count":"0","_links":{"self":[{"href":"https:\/\/infoecos.com.ar\/index.php\/wp-json\/wp\/v2\/posts\/80462","targetHints":{"allow":["GET"]}}],"collection":[{"href":"https:\/\/infoecos.com.ar\/index.php\/wp-json\/wp\/v2\/posts"}],"about":[{"href":"https:\/\/infoecos.com.ar\/index.php\/wp-json\/wp\/v2\/types\/post"}],"author":[{"embeddable":true,"href":"https:\/\/infoecos.com.ar\/index.php\/wp-json\/wp\/v2\/users\/2"}],"replies":[{"embeddable":true,"href":"https:\/\/infoecos.com.ar\/index.php\/wp-json\/wp\/v2\/comments?post=80462"}],"version-history":[{"count":2,"href":"https:\/\/infoecos.com.ar\/index.php\/wp-json\/wp\/v2\/posts\/80462\/revisions"}],"predecessor-version":[{"id":80556,"href":"https:\/\/infoecos.com.ar\/index.php\/wp-json\/wp\/v2\/posts\/80462\/revisions\/80556"}],"wp:attachment":[{"href":"https:\/\/infoecos.com.ar\/index.php\/wp-json\/wp\/v2\/media?parent=80462"}],"wp:term":[{"taxonomy":"category","embeddable":true,"href":"https:\/\/infoecos.com.ar\/index.php\/wp-json\/wp\/v2\/categories?post=80462"},{"taxonomy":"post_tag","embeddable":true,"href":"https:\/\/infoecos.com.ar\/index.php\/wp-json\/wp\/v2\/tags?post=80462"}],"curies":[{"name":"wp","href":"https:\/\/api.w.org\/{rel}","templated":true}]}}