{"id":80474,"date":"2021-06-30T13:53:46","date_gmt":"2021-06-30T16:53:46","guid":{"rendered":"http:\/\/infoecos.com.ar\/?p=80474"},"modified":"2021-07-02T02:52:00","modified_gmt":"2021-07-02T05:52:00","slug":"diputados-de-la-nacion-comienza-a-trabajar-en-un-proyecto-de-promocion-de-la-enfermeria","status":"publish","type":"post","link":"https:\/\/infoecos.com.ar\/index.php\/diputados-de-la-nacion-comienza-a-trabajar-en-un-proyecto-de-promocion-de-la-enfermeria\/","title":{"rendered":"Diputados de la Naci\u00f3n comenz\u00f3 a trabajar en un proyecto de promoci\u00f3n de la enfermer\u00eda"},"content":{"rendered":"\n<p class=\"wp-block-paragraph\">Reuni\u00f3n informativa de las comisiones de Acci\u00f3n Social y Salud P\u00fablica y de Educaci\u00f3n para comenzar a analizar un proyecto de formaci\u00f3n y desarrollo de la Enfermer\u00eda, anunciada d\u00edas atr\u00e1s por el presidente Alberto Fern\u00e1ndez. La iniciativa tiene como objetivo mejorar la calidad de las trayectorias profesionales y fortalecer el sistema sanitario. Se cont\u00f3 con la participaci\u00f3n de invitados que expondr\u00e1n sobre la tem\u00e1tica<\/p>\n\n\n\n<div class=\"wp-block-image is-style-default\"><figure class=\"aligncenter size-medium\"><img loading=\"lazy\" decoding=\"async\" width=\"460\" height=\"206\" src=\"http:\/\/infoecos.com.ar\/wp-content\/uploads\/2021\/06\/logo-DTV-460x206.png\" alt=\"\" class=\"wp-image-79781\" srcset=\"https:\/\/infoecos.com.ar\/wp-content\/uploads\/2021\/06\/logo-DTV-460x206.png 460w, https:\/\/infoecos.com.ar\/wp-content\/uploads\/2021\/06\/logo-DTV-920x413.png 920w, https:\/\/infoecos.com.ar\/wp-content\/uploads\/2021\/06\/logo-DTV-768x344.png 768w, https:\/\/infoecos.com.ar\/wp-content\/uploads\/2021\/06\/logo-DTV-1536x689.png 1536w, https:\/\/infoecos.com.ar\/wp-content\/uploads\/2021\/06\/logo-DTV-1024x459.png 1024w, https:\/\/infoecos.com.ar\/wp-content\/uploads\/2021\/06\/logo-DTV.png 1795w\" sizes=\"auto, (max-width: 460px) 100vw, 460px\" \/><\/figure><\/div>\n\n\n\n<p class=\"wp-block-paragraph\">En TV: Diputados TV<\/p>\n\n\n\n<p class=\"wp-block-paragraph\">En la web: dtv.diputados.gob.ar<\/p>\n\n\n\n<p class=\"wp-block-paragraph\">YouTube: Hcdn.tv<\/p>\n\n\n\n<p class=\"wp-block-paragraph\">FB: \/diputados.argentina<\/p>\n\n\n\n<figure class=\"wp-block-embed is-type-video is-provider-youtube wp-block-embed-youtube wp-embed-aspect-16-9 wp-has-aspect-ratio\"><div class=\"wp-block-embed__wrapper\">\n<iframe loading=\"lazy\" title=\"VIDEOCONFERENCIA COMPLETA: H. C\u00e1mara de Diputados de la Naci\u00f3n - 30 de junio de 2021\" width=\"640\" height=\"360\" src=\"https:\/\/www.youtube.com\/embed\/o1Bofktv2-0?feature=oembed\" frameborder=\"0\" allow=\"accelerometer; autoplay; clipboard-write; encrypted-media; gyroscope; picture-in-picture; web-share\" referrerpolicy=\"strict-origin-when-cross-origin\" allowfullscreen><\/iframe>\n<\/div><\/figure>\n","protected":false},"excerpt":{"rendered":"<p>La iniciativa tiene como objetivo mejorar la calidad de las trayectorias profesionales y fortalecer el sistema sanitario<\/p>\n","protected":false},"author":2,"featured_media":79781,"comment_status":"closed","ping_status":"open","sticky":false,"template":"","format":"standard","meta":{"footnotes":""},"categories":[1327,1330,198,1328],"tags":[4079],"class_list":["post-80474","post","type-post","status-publish","format-standard","has-post-thumbnail","hentry","category-audio","category-inferior10","category-c1nota5","category-video","tag-a-partir-de-las-18-horas-teletrabajo"],"featured_image_urls":{"full":["https:\/\/infoecos.com.ar\/wp-content\/uploads\/2021\/06\/logo-DTV.png",1795,805,false],"thumbnail":["https:\/\/infoecos.com.ar\/wp-content\/uploads\/2021\/06\/logo-DTV-150x150.png",150,150,true],"medium":["https:\/\/infoecos.com.ar\/wp-content\/uploads\/2021\/06\/logo-DTV-460x206.png",460,206,true],"medium_large":["https:\/\/infoecos.com.ar\/wp-content\/uploads\/2021\/06\/logo-DTV-768x344.png",640,287,true],"large":["https:\/\/infoecos.com.ar\/wp-content\/uploads\/2021\/06\/logo-DTV-920x413.png",640,287,true],"1536x1536":["https:\/\/infoecos.com.ar\/wp-content\/uploads\/2021\/06\/logo-DTV-1536x689.png",1536,689,true],"2048x2048":["https:\/\/infoecos.com.ar\/wp-content\/uploads\/2021\/06\/logo-DTV.png",1795,805,false],"covernews-slider-full":["https:\/\/infoecos.com.ar\/wp-content\/uploads\/2021\/06\/logo-DTV-1536x805.png",1115,584,true],"covernews-slider-center":["https:\/\/infoecos.com.ar\/wp-content\/uploads\/2021\/06\/logo-DTV-936x805.png",581,500,true],"covernews-featured":["https:\/\/infoecos.com.ar\/wp-content\/uploads\/2021\/06\/logo-DTV-1024x459.png",1024,459,true],"covernews-medium":["https:\/\/infoecos.com.ar\/wp-content\/uploads\/2021\/06\/logo-DTV-720x380.png",540,285,true],"covernews-medium-square":["https:\/\/infoecos.com.ar\/wp-content\/uploads\/2021\/06\/logo-DTV-675x450.png",375,250,true]},"author_info":{"info":["Jorge Matheus"]},"category_info":"<a href=\"https:\/\/infoecos.com.ar\/index.php\/category\/audio\/\" rel=\"category tag\">Audio<\/a> <a href=\"https:\/\/infoecos.com.ar\/index.php\/category\/inferior10\/\" rel=\"category tag\">Bloque inferior - 10<\/a> <a href=\"https:\/\/infoecos.com.ar\/index.php\/category\/c1nota5\/\" rel=\"category tag\">C1 nota 5<\/a> <a href=\"https:\/\/infoecos.com.ar\/index.php\/category\/video\/\" rel=\"category tag\">Video<\/a>","tag_info":"Video","comment_count":"0","_links":{"self":[{"href":"https:\/\/infoecos.com.ar\/index.php\/wp-json\/wp\/v2\/posts\/80474","targetHints":{"allow":["GET"]}}],"collection":[{"href":"https:\/\/infoecos.com.ar\/index.php\/wp-json\/wp\/v2\/posts"}],"about":[{"href":"https:\/\/infoecos.com.ar\/index.php\/wp-json\/wp\/v2\/types\/post"}],"author":[{"embeddable":true,"href":"https:\/\/infoecos.com.ar\/index.php\/wp-json\/wp\/v2\/users\/2"}],"replies":[{"embeddable":true,"href":"https:\/\/infoecos.com.ar\/index.php\/wp-json\/wp\/v2\/comments?post=80474"}],"version-history":[{"count":4,"href":"https:\/\/infoecos.com.ar\/index.php\/wp-json\/wp\/v2\/posts\/80474\/revisions"}],"predecessor-version":[{"id":80621,"href":"https:\/\/infoecos.com.ar\/index.php\/wp-json\/wp\/v2\/posts\/80474\/revisions\/80621"}],"wp:featuredmedia":[{"embeddable":true,"href":"https:\/\/infoecos.com.ar\/index.php\/wp-json\/wp\/v2\/media\/79781"}],"wp:attachment":[{"href":"https:\/\/infoecos.com.ar\/index.php\/wp-json\/wp\/v2\/media?parent=80474"}],"wp:term":[{"taxonomy":"category","embeddable":true,"href":"https:\/\/infoecos.com.ar\/index.php\/wp-json\/wp\/v2\/categories?post=80474"},{"taxonomy":"post_tag","embeddable":true,"href":"https:\/\/infoecos.com.ar\/index.php\/wp-json\/wp\/v2\/tags?post=80474"}],"curies":[{"name":"wp","href":"https:\/\/api.w.org\/{rel}","templated":true}]}}