{"id":80490,"date":"2021-06-30T18:58:25","date_gmt":"2021-06-30T21:58:25","guid":{"rendered":"http:\/\/infoecos.com.ar\/?p=80490"},"modified":"2021-07-01T03:33:16","modified_gmt":"2021-07-01T06:33:16","slug":"llegaron-4-000-dosis-de-vacunas-contra-el-covid-19-a-trenque-lauquen","status":"publish","type":"post","link":"https:\/\/infoecos.com.ar\/index.php\/llegaron-4-000-dosis-de-vacunas-contra-el-covid-19-a-trenque-lauquen\/","title":{"rendered":"Llegaron 4.000 dosis de vacunas contra el COVID-19 a Trenque Lauquen"},"content":{"rendered":"\n<p class=\"wp-block-paragraph\">La coordinadora del Plan VacunatePBA en el distrito de Trenque Lauquen hizo saber este mi\u00e9rcoles que llegaron 4.000 dosis a Trenque Lauquen.<\/p>\n\n\n\n<div class=\"wp-block-image is-style-default\"><figure class=\"aligncenter size-medium\"><img loading=\"lazy\" decoding=\"async\" width=\"337\" height=\"460\" src=\"http:\/\/infoecos.com.ar\/wp-content\/uploads\/2021\/06\/vacunatl4-337x460.jpg\" alt=\"\" class=\"wp-image-80491\" srcset=\"https:\/\/infoecos.com.ar\/wp-content\/uploads\/2021\/06\/vacunatl4-337x460.jpg 337w, https:\/\/infoecos.com.ar\/wp-content\/uploads\/2021\/06\/vacunatl4-675x920.jpg 675w, https:\/\/infoecos.com.ar\/wp-content\/uploads\/2021\/06\/vacunatl4.jpg 704w\" sizes=\"auto, (max-width: 337px) 100vw, 337px\" \/><\/figure><\/div>\n\n\n\n<p class=\"wp-block-paragraph\">Las mismas se distribuir\u00e1n por partes iguales en las postas sanitarias del Club Monumental y del SUM de ATILRA. <\/p>\n\n\n\n<p class=\"wp-block-paragraph\">Se hizo saber precisamente que son 4000 los turnos asignados para el distrito, hasta este mi\u00e9rcoles. <\/p>\n\n\n\n<div class=\"wp-block-image is-style-default\"><figure class=\"aligncenter size-medium\"><img loading=\"lazy\" decoding=\"async\" width=\"460\" height=\"344\" src=\"http:\/\/infoecos.com.ar\/wp-content\/uploads\/2021\/06\/vacunatl1-460x344.jpg\" alt=\"\" class=\"wp-image-80492\" srcset=\"https:\/\/infoecos.com.ar\/wp-content\/uploads\/2021\/06\/vacunatl1-460x344.jpg 460w, https:\/\/infoecos.com.ar\/wp-content\/uploads\/2021\/06\/vacunatl1-920x688.jpg 920w, https:\/\/infoecos.com.ar\/wp-content\/uploads\/2021\/06\/vacunatl1-768x574.jpg 768w, https:\/\/infoecos.com.ar\/wp-content\/uploads\/2021\/06\/vacunatl1.jpg 960w\" sizes=\"auto, (max-width: 460px) 100vw, 460px\" \/><\/figure><\/div>\n\n\n\n<p class=\"wp-block-paragraph\">Desde el mi\u00e9rcoles las personas pertenecientes a grupos prioritarios pueden presentarse sin turno. Est\u00e1n incluidos: personal de salud, seguridad, docentes, personas de 18 a 59 con patolog\u00edas, embarazadas y mayores de 50.<\/p>\n\n\n\n<p class=\"wp-block-paragraph\">Tambi\u00e9n pueden presentarse quienes hayan tenido un turno, sin importar la fecha. Los estudiantes lo pueden hacer en cualquier vacunatorio de la provincia. <\/p>\n\n\n\n<div class=\"wp-block-image is-style-default\"><figure class=\"aligncenter size-medium\"><img loading=\"lazy\" decoding=\"async\" width=\"337\" height=\"460\" src=\"http:\/\/infoecos.com.ar\/wp-content\/uploads\/2021\/06\/vacunatl3-337x460.jpg\" alt=\"\" class=\"wp-image-80493\" srcset=\"https:\/\/infoecos.com.ar\/wp-content\/uploads\/2021\/06\/vacunatl3-337x460.jpg 337w, https:\/\/infoecos.com.ar\/wp-content\/uploads\/2021\/06\/vacunatl3-675x920.jpg 675w, https:\/\/infoecos.com.ar\/wp-content\/uploads\/2021\/06\/vacunatl3.jpg 704w\" sizes=\"auto, (max-width: 337px) 100vw, 337px\" \/><\/figure><\/div>\n","protected":false},"excerpt":{"rendered":"<p>Son 4000 los turnos asignados para el distrito, hasta este mi\u00e9rcoles<\/p>\n","protected":false},"author":2,"featured_media":80494,"comment_status":"closed","ping_status":"open","sticky":false,"template":"","format":"standard","meta":{"footnotes":""},"categories":[1341],"tags":[4083],"class_list":["post-80490","post","type-post","status-publish","format-standard","has-post-thumbnail","hentry","category-c1nota7","tag-se-distribuyen-entre-las-dos-postas"],"featured_image_urls":{"full":["https:\/\/infoecos.com.ar\/wp-content\/uploads\/2021\/06\/vacunatepbatl.jpg",526,526,false],"thumbnail":["https:\/\/infoecos.com.ar\/wp-content\/uploads\/2021\/06\/vacunatepbatl-150x150.jpg",150,150,true],"medium":["https:\/\/infoecos.com.ar\/wp-content\/uploads\/2021\/06\/vacunatepbatl-460x460.jpg",460,460,true],"medium_large":["https:\/\/infoecos.com.ar\/wp-content\/uploads\/2021\/06\/vacunatepbatl.jpg",526,526,false],"large":["https:\/\/infoecos.com.ar\/wp-content\/uploads\/2021\/06\/vacunatepbatl.jpg",526,526,false],"1536x1536":["https:\/\/infoecos.com.ar\/wp-content\/uploads\/2021\/06\/vacunatepbatl.jpg",526,526,false],"2048x2048":["https:\/\/infoecos.com.ar\/wp-content\/uploads\/2021\/06\/vacunatepbatl.jpg",526,526,false],"covernews-slider-full":["https:\/\/infoecos.com.ar\/wp-content\/uploads\/2021\/06\/vacunatepbatl.jpg",526,526,false],"covernews-slider-center":["https:\/\/infoecos.com.ar\/wp-content\/uploads\/2021\/06\/vacunatepbatl.jpg",500,500,false],"covernews-featured":["https:\/\/infoecos.com.ar\/wp-content\/uploads\/2021\/06\/vacunatepbatl.jpg",526,526,false],"covernews-medium":["https:\/\/infoecos.com.ar\/wp-content\/uploads\/2021\/06\/vacunatepbatl-526x380.jpg",471,340,true],"covernews-medium-square":["https:\/\/infoecos.com.ar\/wp-content\/uploads\/2021\/06\/vacunatepbatl-526x450.jpg",292,250,true]},"author_info":{"info":["Jorge Matheus"]},"category_info":"<a href=\"https:\/\/infoecos.com.ar\/index.php\/category\/c1nota7\/\" rel=\"category tag\">C1 nota 7<\/a>","tag_info":"C1 nota 7","comment_count":"0","_links":{"self":[{"href":"https:\/\/infoecos.com.ar\/index.php\/wp-json\/wp\/v2\/posts\/80490","targetHints":{"allow":["GET"]}}],"collection":[{"href":"https:\/\/infoecos.com.ar\/index.php\/wp-json\/wp\/v2\/posts"}],"about":[{"href":"https:\/\/infoecos.com.ar\/index.php\/wp-json\/wp\/v2\/types\/post"}],"author":[{"embeddable":true,"href":"https:\/\/infoecos.com.ar\/index.php\/wp-json\/wp\/v2\/users\/2"}],"replies":[{"embeddable":true,"href":"https:\/\/infoecos.com.ar\/index.php\/wp-json\/wp\/v2\/comments?post=80490"}],"version-history":[{"count":1,"href":"https:\/\/infoecos.com.ar\/index.php\/wp-json\/wp\/v2\/posts\/80490\/revisions"}],"predecessor-version":[{"id":80495,"href":"https:\/\/infoecos.com.ar\/index.php\/wp-json\/wp\/v2\/posts\/80490\/revisions\/80495"}],"wp:featuredmedia":[{"embeddable":true,"href":"https:\/\/infoecos.com.ar\/index.php\/wp-json\/wp\/v2\/media\/80494"}],"wp:attachment":[{"href":"https:\/\/infoecos.com.ar\/index.php\/wp-json\/wp\/v2\/media?parent=80490"}],"wp:term":[{"taxonomy":"category","embeddable":true,"href":"https:\/\/infoecos.com.ar\/index.php\/wp-json\/wp\/v2\/categories?post=80490"},{"taxonomy":"post_tag","embeddable":true,"href":"https:\/\/infoecos.com.ar\/index.php\/wp-json\/wp\/v2\/tags?post=80490"}],"curies":[{"name":"wp","href":"https:\/\/api.w.org\/{rel}","templated":true}]}}