{"id":80500,"date":"2021-07-01T01:08:19","date_gmt":"2021-07-01T04:08:19","guid":{"rendered":"http:\/\/infoecos.com.ar\/?p=80500"},"modified":"2021-07-02T02:50:17","modified_gmt":"2021-07-02T05:50:17","slug":"bragado-en-fase-3-extendio-el-horario-comercial-hasta-las-21-horas","status":"publish","type":"post","link":"https:\/\/infoecos.com.ar\/index.php\/bragado-en-fase-3-extendio-el-horario-comercial-hasta-las-21-horas\/","title":{"rendered":"Bragado en Fase 3 extendi\u00f3 el horario comercial hasta las 21 horas"},"content":{"rendered":"\n<p>Bragado extendi\u00f3 el horario comercial hasta las 21 hs y la circulaci\u00f3n en general hasta la medianoche. Las medidas rigen desde este mi\u00e9rcoles.<\/p>\n\n\n\n<p>Los comercios pueden abrir sus puertas entre las 6 y las 21 hs, mientras que los gastron\u00f3micos (no incluye a bares) tendr\u00e1n la posibilidad de trabajar hasta las 23. En todos los casos se admite el ingreso de clientes a los respectivos locales.<\/p>\n\n\n\n<div class=\"wp-block-image is-style-default\"><figure class=\"aligncenter size-medium\"><img loading=\"lazy\" decoding=\"async\" width=\"460\" height=\"259\" src=\"http:\/\/infoecos.com.ar\/wp-content\/uploads\/BRAGADO-EDIFICIO-MUNICIPAL-460x259.jpg\" alt=\"\" class=\"wp-image-59327\" srcset=\"https:\/\/infoecos.com.ar\/wp-content\/uploads\/BRAGADO-EDIFICIO-MUNICIPAL-460x259.jpg 460w, https:\/\/infoecos.com.ar\/wp-content\/uploads\/BRAGADO-EDIFICIO-MUNICIPAL-920x518.jpg 920w, https:\/\/infoecos.com.ar\/wp-content\/uploads\/BRAGADO-EDIFICIO-MUNICIPAL-768x432.jpg 768w, https:\/\/infoecos.com.ar\/wp-content\/uploads\/BRAGADO-EDIFICIO-MUNICIPAL-1536x864.jpg 1536w, https:\/\/infoecos.com.ar\/wp-content\/uploads\/BRAGADO-EDIFICIO-MUNICIPAL-1024x576.jpg 1024w, https:\/\/infoecos.com.ar\/wp-content\/uploads\/BRAGADO-EDIFICIO-MUNICIPAL.jpg 1706w\" sizes=\"(max-width: 460px) 100vw, 460px\" \/><figcaption>Bragado &#8211; Edificio Municipal<\/figcaption><\/figure><\/div>\n\n\n\n<p>La circulaci\u00f3n s\u00f3lo est\u00e1 restringida entre las 0 hs y las 6 de la ma\u00f1ana. Sin embargo,&nbsp;contin\u00faa la prohibici\u00f3n de las reuniones sociales en domicilios particulares y espacios p\u00fablicos. En ese marco, se mantendr\u00e1 el cierre de la laguna.<\/p>\n\n\n\n<p>Los deportes est\u00e1n autorizados al aire libre o en espacios cerrados con amplia ventilaci\u00f3n (por ejemplo gimnasios) con un m\u00e1ximo de 10 personas. Las actividades religiosas cuentan con una flexibilizaci\u00f3n mayor&nbsp;ya que pueden duplicar la cantidad de personas en espacios abiertos o tienen la opci\u00f3n de hacerlo con un aforo del 30% en espacios cerrados. En todos los casos se estableci\u00f3 como horario l\u00edmite las 21 hs.<\/p>\n\n\n\n<p>Se admiten los&nbsp;talleres culturales&nbsp;y otras&nbsp;actividades educativas que exceden lo escolar. En esos casos es hasta las 21 hs, con un m\u00e1ximo de 10 personas.<\/p>\n","protected":false},"excerpt":{"rendered":"<p>Contin\u00faa la prohibici\u00f3n de las reuniones sociales en domicilios particulares y espacios p\u00fablicos. En ese marco, se mantendr\u00e1 el cierre de la laguna<\/p>\n","protected":false},"author":2,"featured_media":59327,"comment_status":"closed","ping_status":"open","sticky":false,"template":"","format":"standard","meta":{"footnotes":""},"categories":[199],"tags":[4085],"class_list":["post-80500","post","type-post","status-publish","format-standard","has-post-thumbnail","hentry","category-inferior7","tag-los-gastronomicos-hasta-las-23-horas"],"yoast_head":"<!-- This site is optimized with the Yoast SEO plugin v23.4 - https:\/\/yoast.com\/wordpress\/plugins\/seo\/ -->\n<title>Bragado en Fase 3 extendi\u00f3 el horario comercial hasta las 21 horas - Infoecos<\/title>\n<meta name=\"robots\" content=\"index, follow, max-snippet:-1, max-image-preview:large, max-video-preview:-1\" \/>\n<link rel=\"canonical\" href=\"https:\/\/infoecos.com.ar\/index.php\/bragado-en-fase-3-extendio-el-horario-comercial-hasta-las-21-horas\/\" \/>\n<meta property=\"og:locale\" content=\"es_ES\" \/>\n<meta property=\"og:type\" content=\"article\" \/>\n<meta property=\"og:title\" content=\"Bragado en Fase 3 extendi\u00f3 el horario comercial hasta las 21 horas - Infoecos\" \/>\n<meta property=\"og:description\" content=\"Contin\u00faa la prohibici\u00f3n de las reuniones sociales en domicilios particulares y espacios p\u00fablicos. En ese marco, se mantendr\u00e1 el cierre de la laguna\" \/>\n<meta property=\"og:url\" content=\"https:\/\/infoecos.com.ar\/index.php\/bragado-en-fase-3-extendio-el-horario-comercial-hasta-las-21-horas\/\" \/>\n<meta property=\"og:site_name\" content=\"Infoecos\" \/>\n<meta property=\"article:publisher\" content=\"https:\/\/www.facebook.com\/profile.php?id=100063200290284\" \/>\n<meta property=\"article:published_time\" content=\"2021-07-01T04:08:19+00:00\" \/>\n<meta property=\"article:modified_time\" content=\"2021-07-02T05:50:17+00:00\" \/>\n<meta property=\"og:image\" content=\"https:\/\/infoecos.com.ar\/wp-content\/uploads\/BRAGADO-EDIFICIO-MUNICIPAL.jpg\" \/>\n\t<meta property=\"og:image:width\" content=\"1706\" \/>\n\t<meta property=\"og:image:height\" content=\"960\" \/>\n\t<meta property=\"og:image:type\" content=\"image\/jpeg\" \/>\n<meta name=\"author\" content=\"Jorge Matheus\" \/>\n<meta name=\"twitter:card\" content=\"summary_large_image\" \/>\n<meta name=\"twitter:creator\" content=\"@infoecos\" \/>\n<meta name=\"twitter:site\" content=\"@infoecos\" \/>\n<meta name=\"twitter:label1\" content=\"Escrito por\" \/>\n\t<meta name=\"twitter:data1\" content=\"Jorge Matheus\" \/>\n\t<meta name=\"twitter:label2\" content=\"Tiempo de lectura\" \/>\n\t<meta name=\"twitter:data2\" content=\"1 minuto\" \/>\n<script type=\"application\/ld+json\" class=\"yoast-schema-graph\">{\"@context\":\"https:\/\/schema.org\",\"@graph\":[{\"@type\":\"Article\",\"@id\":\"https:\/\/infoecos.com.ar\/index.php\/bragado-en-fase-3-extendio-el-horario-comercial-hasta-las-21-horas\/#article\",\"isPartOf\":{\"@id\":\"https:\/\/infoecos.com.ar\/index.php\/bragado-en-fase-3-extendio-el-horario-comercial-hasta-las-21-horas\/\"},\"author\":{\"name\":\"Jorge Matheus\",\"@id\":\"https:\/\/infoecos.com.ar\/#\/schema\/person\/8f5ace5ce73b4b4aac4b7245aee6f191\"},\"headline\":\"Bragado en Fase 3 extendi\u00f3 el horario comercial hasta las 21 horas\",\"datePublished\":\"2021-07-01T04:08:19+00:00\",\"dateModified\":\"2021-07-02T05:50:17+00:00\",\"mainEntityOfPage\":{\"@id\":\"https:\/\/infoecos.com.ar\/index.php\/bragado-en-fase-3-extendio-el-horario-comercial-hasta-las-21-horas\/\"},\"wordCount\":226,\"publisher\":{\"@id\":\"https:\/\/infoecos.com.ar\/#organization\"},\"image\":{\"@id\":\"https:\/\/infoecos.com.ar\/index.php\/bragado-en-fase-3-extendio-el-horario-comercial-hasta-las-21-horas\/#primaryimage\"},\"thumbnailUrl\":\"https:\/\/infoecos.com.ar\/wp-content\/uploads\/BRAGADO-EDIFICIO-MUNICIPAL.jpg\",\"keywords\":[\"LOS GASTRON\u00d3MICOS HASTA LAS 23 HORAS\"],\"articleSection\":[\"Bloque inferior - 7\"],\"inLanguage\":\"es\"},{\"@type\":\"WebPage\",\"@id\":\"https:\/\/infoecos.com.ar\/index.php\/bragado-en-fase-3-extendio-el-horario-comercial-hasta-las-21-horas\/\",\"url\":\"https:\/\/infoecos.com.ar\/index.php\/bragado-en-fase-3-extendio-el-horario-comercial-hasta-las-21-horas\/\",\"name\":\"Bragado en Fase 3 extendi\u00f3 el horario comercial hasta las 21 horas - Infoecos\",\"isPartOf\":{\"@id\":\"https:\/\/infoecos.com.ar\/#website\"},\"primaryImageOfPage\":{\"@id\":\"https:\/\/infoecos.com.ar\/index.php\/bragado-en-fase-3-extendio-el-horario-comercial-hasta-las-21-horas\/#primaryimage\"},\"image\":{\"@id\":\"https:\/\/infoecos.com.ar\/index.php\/bragado-en-fase-3-extendio-el-horario-comercial-hasta-las-21-horas\/#primaryimage\"},\"thumbnailUrl\":\"https:\/\/infoecos.com.ar\/wp-content\/uploads\/BRAGADO-EDIFICIO-MUNICIPAL.jpg\",\"datePublished\":\"2021-07-01T04:08:19+00:00\",\"dateModified\":\"2021-07-02T05:50:17+00:00\",\"breadcrumb\":{\"@id\":\"https:\/\/infoecos.com.ar\/index.php\/bragado-en-fase-3-extendio-el-horario-comercial-hasta-las-21-horas\/#breadcrumb\"},\"inLanguage\":\"es\",\"potentialAction\":[{\"@type\":\"ReadAction\",\"target\":[\"https:\/\/infoecos.com.ar\/index.php\/bragado-en-fase-3-extendio-el-horario-comercial-hasta-las-21-horas\/\"]}]},{\"@type\":\"ImageObject\",\"inLanguage\":\"es\",\"@id\":\"https:\/\/infoecos.com.ar\/index.php\/bragado-en-fase-3-extendio-el-horario-comercial-hasta-las-21-horas\/#primaryimage\",\"url\":\"https:\/\/infoecos.com.ar\/wp-content\/uploads\/BRAGADO-EDIFICIO-MUNICIPAL.jpg\",\"contentUrl\":\"https:\/\/infoecos.com.ar\/wp-content\/uploads\/BRAGADO-EDIFICIO-MUNICIPAL.jpg\",\"width\":1706,\"height\":960,\"caption\":\"Bragado - Edificio Municipal\"},{\"@type\":\"BreadcrumbList\",\"@id\":\"https:\/\/infoecos.com.ar\/index.php\/bragado-en-fase-3-extendio-el-horario-comercial-hasta-las-21-horas\/#breadcrumb\",\"itemListElement\":[{\"@type\":\"ListItem\",\"position\":1,\"name\":\"Portada\",\"item\":\"https:\/\/infoecos.com.ar\/\"},{\"@type\":\"ListItem\",\"position\":2,\"name\":\"Bragado en Fase 3 extendi\u00f3 el horario comercial hasta las 21 horas\"}]},{\"@type\":\"WebSite\",\"@id\":\"https:\/\/infoecos.com.ar\/#website\",\"url\":\"https:\/\/infoecos.com.ar\/\",\"name\":\"Infoecos\",\"description\":\"Noticias de trenque lauquen y la zona\",\"publisher\":{\"@id\":\"https:\/\/infoecos.com.ar\/#organization\"},\"alternateName\":\"Noticias\",\"potentialAction\":[{\"@type\":\"SearchAction\",\"target\":{\"@type\":\"EntryPoint\",\"urlTemplate\":\"https:\/\/infoecos.com.ar\/?s={search_term_string}\"},\"query-input\":{\"@type\":\"PropertyValueSpecification\",\"valueRequired\":true,\"valueName\":\"search_term_string\"}}],\"inLanguage\":\"es\"},{\"@type\":\"Organization\",\"@id\":\"https:\/\/infoecos.com.ar\/#organization\",\"name\":\"Infoecos\",\"alternateName\":\"Noticias\",\"url\":\"https:\/\/infoecos.com.ar\/\",\"logo\":{\"@type\":\"ImageObject\",\"inLanguage\":\"es\",\"@id\":\"https:\/\/infoecos.com.ar\/#\/schema\/logo\/image\/\",\"url\":\"https:\/\/infoecos.com.ar\/wp-content\/uploads\/2024\/03\/cropped-logo.png\",\"contentUrl\":\"https:\/\/infoecos.com.ar\/wp-content\/uploads\/2024\/03\/cropped-logo.png\",\"width\":374,\"height\":90,\"caption\":\"Infoecos\"},\"image\":{\"@id\":\"https:\/\/infoecos.com.ar\/#\/schema\/logo\/image\/\"},\"sameAs\":[\"https:\/\/www.facebook.com\/profile.php?id=100063200290284\",\"https:\/\/x.com\/infoecos\"]},{\"@type\":\"Person\",\"@id\":\"https:\/\/infoecos.com.ar\/#\/schema\/person\/8f5ace5ce73b4b4aac4b7245aee6f191\",\"name\":\"Jorge Matheus\",\"url\":\"https:\/\/infoecos.com.ar\/index.php\/author\/jomatheus\/\"}]}<\/script>\n<!-- \/ Yoast SEO plugin. -->","yoast_head_json":{"title":"Bragado en Fase 3 extendi\u00f3 el horario comercial hasta las 21 horas - Infoecos","robots":{"index":"index","follow":"follow","max-snippet":"max-snippet:-1","max-image-preview":"max-image-preview:large","max-video-preview":"max-video-preview:-1"},"canonical":"https:\/\/infoecos.com.ar\/index.php\/bragado-en-fase-3-extendio-el-horario-comercial-hasta-las-21-horas\/","og_locale":"es_ES","og_type":"article","og_title":"Bragado en Fase 3 extendi\u00f3 el horario comercial hasta las 21 horas - Infoecos","og_description":"Contin\u00faa la prohibici\u00f3n de las reuniones sociales en domicilios particulares y espacios p\u00fablicos. En ese marco, se mantendr\u00e1 el cierre de la laguna","og_url":"https:\/\/infoecos.com.ar\/index.php\/bragado-en-fase-3-extendio-el-horario-comercial-hasta-las-21-horas\/","og_site_name":"Infoecos","article_publisher":"https:\/\/www.facebook.com\/profile.php?id=100063200290284","article_published_time":"2021-07-01T04:08:19+00:00","article_modified_time":"2021-07-02T05:50:17+00:00","og_image":[{"width":1706,"height":960,"url":"https:\/\/infoecos.com.ar\/wp-content\/uploads\/BRAGADO-EDIFICIO-MUNICIPAL.jpg","type":"image\/jpeg"}],"author":"Jorge Matheus","twitter_card":"summary_large_image","twitter_creator":"@infoecos","twitter_site":"@infoecos","twitter_misc":{"Escrito por":"Jorge Matheus","Tiempo de lectura":"1 minuto"},"schema":{"@context":"https:\/\/schema.org","@graph":[{"@type":"Article","@id":"https:\/\/infoecos.com.ar\/index.php\/bragado-en-fase-3-extendio-el-horario-comercial-hasta-las-21-horas\/#article","isPartOf":{"@id":"https:\/\/infoecos.com.ar\/index.php\/bragado-en-fase-3-extendio-el-horario-comercial-hasta-las-21-horas\/"},"author":{"name":"Jorge Matheus","@id":"https:\/\/infoecos.com.ar\/#\/schema\/person\/8f5ace5ce73b4b4aac4b7245aee6f191"},"headline":"Bragado en Fase 3 extendi\u00f3 el horario comercial hasta las 21 horas","datePublished":"2021-07-01T04:08:19+00:00","dateModified":"2021-07-02T05:50:17+00:00","mainEntityOfPage":{"@id":"https:\/\/infoecos.com.ar\/index.php\/bragado-en-fase-3-extendio-el-horario-comercial-hasta-las-21-horas\/"},"wordCount":226,"publisher":{"@id":"https:\/\/infoecos.com.ar\/#organization"},"image":{"@id":"https:\/\/infoecos.com.ar\/index.php\/bragado-en-fase-3-extendio-el-horario-comercial-hasta-las-21-horas\/#primaryimage"},"thumbnailUrl":"https:\/\/infoecos.com.ar\/wp-content\/uploads\/BRAGADO-EDIFICIO-MUNICIPAL.jpg","keywords":["LOS GASTRON\u00d3MICOS HASTA LAS 23 HORAS"],"articleSection":["Bloque inferior - 7"],"inLanguage":"es"},{"@type":"WebPage","@id":"https:\/\/infoecos.com.ar\/index.php\/bragado-en-fase-3-extendio-el-horario-comercial-hasta-las-21-horas\/","url":"https:\/\/infoecos.com.ar\/index.php\/bragado-en-fase-3-extendio-el-horario-comercial-hasta-las-21-horas\/","name":"Bragado en Fase 3 extendi\u00f3 el horario comercial hasta las 21 horas - Infoecos","isPartOf":{"@id":"https:\/\/infoecos.com.ar\/#website"},"primaryImageOfPage":{"@id":"https:\/\/infoecos.com.ar\/index.php\/bragado-en-fase-3-extendio-el-horario-comercial-hasta-las-21-horas\/#primaryimage"},"image":{"@id":"https:\/\/infoecos.com.ar\/index.php\/bragado-en-fase-3-extendio-el-horario-comercial-hasta-las-21-horas\/#primaryimage"},"thumbnailUrl":"https:\/\/infoecos.com.ar\/wp-content\/uploads\/BRAGADO-EDIFICIO-MUNICIPAL.jpg","datePublished":"2021-07-01T04:08:19+00:00","dateModified":"2021-07-02T05:50:17+00:00","breadcrumb":{"@id":"https:\/\/infoecos.com.ar\/index.php\/bragado-en-fase-3-extendio-el-horario-comercial-hasta-las-21-horas\/#breadcrumb"},"inLanguage":"es","potentialAction":[{"@type":"ReadAction","target":["https:\/\/infoecos.com.ar\/index.php\/bragado-en-fase-3-extendio-el-horario-comercial-hasta-las-21-horas\/"]}]},{"@type":"ImageObject","inLanguage":"es","@id":"https:\/\/infoecos.com.ar\/index.php\/bragado-en-fase-3-extendio-el-horario-comercial-hasta-las-21-horas\/#primaryimage","url":"https:\/\/infoecos.com.ar\/wp-content\/uploads\/BRAGADO-EDIFICIO-MUNICIPAL.jpg","contentUrl":"https:\/\/infoecos.com.ar\/wp-content\/uploads\/BRAGADO-EDIFICIO-MUNICIPAL.jpg","width":1706,"height":960,"caption":"Bragado - Edificio Municipal"},{"@type":"BreadcrumbList","@id":"https:\/\/infoecos.com.ar\/index.php\/bragado-en-fase-3-extendio-el-horario-comercial-hasta-las-21-horas\/#breadcrumb","itemListElement":[{"@type":"ListItem","position":1,"name":"Portada","item":"https:\/\/infoecos.com.ar\/"},{"@type":"ListItem","position":2,"name":"Bragado en Fase 3 extendi\u00f3 el horario comercial hasta las 21 horas"}]},{"@type":"WebSite","@id":"https:\/\/infoecos.com.ar\/#website","url":"https:\/\/infoecos.com.ar\/","name":"Infoecos","description":"Noticias de trenque lauquen y la zona","publisher":{"@id":"https:\/\/infoecos.com.ar\/#organization"},"alternateName":"Noticias","potentialAction":[{"@type":"SearchAction","target":{"@type":"EntryPoint","urlTemplate":"https:\/\/infoecos.com.ar\/?s={search_term_string}"},"query-input":{"@type":"PropertyValueSpecification","valueRequired":true,"valueName":"search_term_string"}}],"inLanguage":"es"},{"@type":"Organization","@id":"https:\/\/infoecos.com.ar\/#organization","name":"Infoecos","alternateName":"Noticias","url":"https:\/\/infoecos.com.ar\/","logo":{"@type":"ImageObject","inLanguage":"es","@id":"https:\/\/infoecos.com.ar\/#\/schema\/logo\/image\/","url":"https:\/\/infoecos.com.ar\/wp-content\/uploads\/2024\/03\/cropped-logo.png","contentUrl":"https:\/\/infoecos.com.ar\/wp-content\/uploads\/2024\/03\/cropped-logo.png","width":374,"height":90,"caption":"Infoecos"},"image":{"@id":"https:\/\/infoecos.com.ar\/#\/schema\/logo\/image\/"},"sameAs":["https:\/\/www.facebook.com\/profile.php?id=100063200290284","https:\/\/x.com\/infoecos"]},{"@type":"Person","@id":"https:\/\/infoecos.com.ar\/#\/schema\/person\/8f5ace5ce73b4b4aac4b7245aee6f191","name":"Jorge Matheus","url":"https:\/\/infoecos.com.ar\/index.php\/author\/jomatheus\/"}]}},"featured_image_urls":{"full":["https:\/\/infoecos.com.ar\/wp-content\/uploads\/BRAGADO-EDIFICIO-MUNICIPAL.jpg",1706,960,false],"thumbnail":["https:\/\/infoecos.com.ar\/wp-content\/uploads\/BRAGADO-EDIFICIO-MUNICIPAL-150x150.jpg",150,150,true],"medium":["https:\/\/infoecos.com.ar\/wp-content\/uploads\/BRAGADO-EDIFICIO-MUNICIPAL-460x259.jpg",460,259,true],"medium_large":["https:\/\/infoecos.com.ar\/wp-content\/uploads\/BRAGADO-EDIFICIO-MUNICIPAL-768x432.jpg",640,360,true],"large":["https:\/\/infoecos.com.ar\/wp-content\/uploads\/BRAGADO-EDIFICIO-MUNICIPAL-920x518.jpg",640,360,true],"1536x1536":["https:\/\/infoecos.com.ar\/wp-content\/uploads\/BRAGADO-EDIFICIO-MUNICIPAL-1536x864.jpg",1536,864,true],"2048x2048":["https:\/\/infoecos.com.ar\/wp-content\/uploads\/BRAGADO-EDIFICIO-MUNICIPAL.jpg",1706,960,false],"covernews-slider-full":["https:\/\/infoecos.com.ar\/wp-content\/uploads\/BRAGADO-EDIFICIO-MUNICIPAL-1536x960.jpg",1115,697,true],"covernews-slider-center":["https:\/\/infoecos.com.ar\/wp-content\/uploads\/BRAGADO-EDIFICIO-MUNICIPAL-936x897.jpg",522,500,true],"covernews-featured":["https:\/\/infoecos.com.ar\/wp-content\/uploads\/BRAGADO-EDIFICIO-MUNICIPAL-1024x576.jpg",1024,576,true],"covernews-medium":["https:\/\/infoecos.com.ar\/wp-content\/uploads\/BRAGADO-EDIFICIO-MUNICIPAL-720x380.jpg",540,285,true],"covernews-medium-square":["https:\/\/infoecos.com.ar\/wp-content\/uploads\/BRAGADO-EDIFICIO-MUNICIPAL-675x450.jpg",375,250,true]},"author_info":{"info":["Jorge Matheus"]},"category_info":"<a href=\"https:\/\/infoecos.com.ar\/index.php\/category\/inferior7\/\" rel=\"category tag\">Bloque inferior - 7<\/a>","tag_info":"Bloque inferior - 7","comment_count":"0","_links":{"self":[{"href":"https:\/\/infoecos.com.ar\/index.php\/wp-json\/wp\/v2\/posts\/80500"}],"collection":[{"href":"https:\/\/infoecos.com.ar\/index.php\/wp-json\/wp\/v2\/posts"}],"about":[{"href":"https:\/\/infoecos.com.ar\/index.php\/wp-json\/wp\/v2\/types\/post"}],"author":[{"embeddable":true,"href":"https:\/\/infoecos.com.ar\/index.php\/wp-json\/wp\/v2\/users\/2"}],"replies":[{"embeddable":true,"href":"https:\/\/infoecos.com.ar\/index.php\/wp-json\/wp\/v2\/comments?post=80500"}],"version-history":[{"count":2,"href":"https:\/\/infoecos.com.ar\/index.php\/wp-json\/wp\/v2\/posts\/80500\/revisions"}],"predecessor-version":[{"id":80620,"href":"https:\/\/infoecos.com.ar\/index.php\/wp-json\/wp\/v2\/posts\/80500\/revisions\/80620"}],"wp:featuredmedia":[{"embeddable":true,"href":"https:\/\/infoecos.com.ar\/index.php\/wp-json\/wp\/v2\/media\/59327"}],"wp:attachment":[{"href":"https:\/\/infoecos.com.ar\/index.php\/wp-json\/wp\/v2\/media?parent=80500"}],"wp:term":[{"taxonomy":"category","embeddable":true,"href":"https:\/\/infoecos.com.ar\/index.php\/wp-json\/wp\/v2\/categories?post=80500"},{"taxonomy":"post_tag","embeddable":true,"href":"https:\/\/infoecos.com.ar\/index.php\/wp-json\/wp\/v2\/tags?post=80500"}],"curies":[{"name":"wp","href":"https:\/\/api.w.org\/{rel}","templated":true}]}}