{"id":80503,"date":"2021-07-01T01:38:18","date_gmt":"2021-07-01T04:38:18","guid":{"rendered":"http:\/\/infoecos.com.ar\/?p=80503"},"modified":"2021-07-02T02:49:36","modified_gmt":"2021-07-02T05:49:36","slug":"ya-se-trabaja-en-el-proyecto-de-restauracion-de-la-obra-de-francisco-salamone","status":"publish","type":"post","link":"https:\/\/infoecos.com.ar\/index.php\/ya-se-trabaja-en-el-proyecto-de-restauracion-de-la-obra-de-francisco-salamone\/","title":{"rendered":"Ya se trabaja en el proyecto de restauraci\u00f3n de la obra de Francisco Salamone"},"content":{"rendered":"\n<p class=\"wp-block-paragraph\">El Estado nacional comenz\u00f3 un proyecto de restauraci\u00f3n de la obra de Francisco Salamone. Conocido tambi\u00e9n como \u00abEl Arquitecto de las Pampas\u00bb es el autor con mayor cantidad de trabajos declarados \u201cMonumentos Hist\u00f3ricos Nacionales\u201d y \u201cBienes de Inter\u00e9s Hist\u00f3rico y Art\u00edstico Nacionales\u201d del pa\u00eds. La mayor parte de sus construcciones se concentran en el centro y el sudoeste bonaerense. En solo cuatro a\u00f1os construy\u00f3 m\u00e1s de 70 edificios en 25 municipios de la Provincia de Buenos Aires.<\/p>\n\n\n\n<div class=\"wp-block-image is-style-default\"><figure class=\"aligncenter size-medium\"><img loading=\"lazy\" decoding=\"async\" width=\"460\" height=\"306\" src=\"http:\/\/infoecos.com.ar\/wp-content\/uploads\/2021\/07\/edificiomunicipaladolfoalsina-460x306.jpg\" alt=\"\" class=\"wp-image-80504\" srcset=\"https:\/\/infoecos.com.ar\/wp-content\/uploads\/2021\/07\/edificiomunicipaladolfoalsina-460x306.jpg 460w, https:\/\/infoecos.com.ar\/wp-content\/uploads\/2021\/07\/edificiomunicipaladolfoalsina.jpg 650w\" sizes=\"auto, (max-width: 460px) 100vw, 460px\" \/><figcaption>Palacio Municipal de Adolfo Alsina (Caruh\u00e9)<\/figcaption><\/figure><\/div>\n\n\n\n<p class=\"wp-block-paragraph\">Seis especialistas de la \u201c<strong>Misi\u00f3n T\u00e9cnica del Programa Patrimonio&nbsp;Salamone\u201d<\/strong>&nbsp;recorren municipios para realizar relevamientos en el territorio y definir los trabajos a realizar en una primera etapa.<\/p>\n\n\n\n<div class=\"wp-block-image is-style-default\"><figure class=\"aligncenter size-large\"><img loading=\"lazy\" decoding=\"async\" width=\"512\" height=\"341\" src=\"http:\/\/infoecos.com.ar\/wp-content\/uploads\/2021\/07\/guaminimatadero.jpg\" alt=\"\" class=\"wp-image-80505\" srcset=\"https:\/\/infoecos.com.ar\/wp-content\/uploads\/2021\/07\/guaminimatadero.jpg 512w, https:\/\/infoecos.com.ar\/wp-content\/uploads\/2021\/07\/guaminimatadero-460x306.jpg 460w\" sizes=\"auto, (max-width: 512px) 100vw, 512px\" \/><figcaption>Matadero Guamin\u00ed<\/figcaption><\/figure><\/div>\n\n\n\n<p class=\"wp-block-paragraph\">La primera etapa incluye los cementerios de Azul, Laprida y Saldungaray; los palacios municipales de Adolfo Alsina y Tornquist; el matadero de Guamin\u00ed y la plaza de Coronel Pringles.<\/p>\n\n\n\n<div class=\"wp-block-image is-style-default\"><figure class=\"aligncenter size-large\"><img loading=\"lazy\" decoding=\"async\" width=\"528\" height=\"297\" src=\"http:\/\/infoecos.com.ar\/wp-content\/uploads\/2021\/07\/saldungarayceme.jpg\" alt=\"\" class=\"wp-image-80506\" srcset=\"https:\/\/infoecos.com.ar\/wp-content\/uploads\/2021\/07\/saldungarayceme.jpg 528w, https:\/\/infoecos.com.ar\/wp-content\/uploads\/2021\/07\/saldungarayceme-460x259.jpg 460w\" sizes=\"auto, (max-width: 528px) 100vw, 528px\" \/><figcaption>Saldungaray &#8211; Cementerio <\/figcaption><\/figure><\/div>\n\n\n\n<p class=\"wp-block-paragraph\"><\/p>\n","protected":false},"excerpt":{"rendered":"<p>La primera etapa incluye los cementerios de Azul, Laprida y Saldungaray; los palacios municipales de Adolfo Alsina y Tornquist; el matadero de Guamin\u00ed y la plaza de Coronel Pringles<\/p>\n","protected":false},"author":2,"featured_media":80507,"comment_status":"closed","ping_status":"open","sticky":false,"template":"","format":"standard","meta":{"footnotes":""},"categories":[26],"tags":[4086],"class_list":["post-80503","post","type-post","status-publish","format-standard","has-post-thumbnail","hentry","category-inferior6","tag-el-arquitecto-de-las-pampas"],"featured_image_urls":{"full":["https:\/\/infoecos.com.ar\/wp-content\/uploads\/2021\/07\/coronelpringlesplaza-scaled.jpg",2560,1440,false],"thumbnail":["https:\/\/infoecos.com.ar\/wp-content\/uploads\/2021\/07\/coronelpringlesplaza-150x150.jpg",150,150,true],"medium":["https:\/\/infoecos.com.ar\/wp-content\/uploads\/2021\/07\/coronelpringlesplaza-460x259.jpg",460,259,true],"medium_large":["https:\/\/infoecos.com.ar\/wp-content\/uploads\/2021\/07\/coronelpringlesplaza-768x432.jpg",640,360,true],"large":["https:\/\/infoecos.com.ar\/wp-content\/uploads\/2021\/07\/coronelpringlesplaza-920x518.jpg",640,360,true],"1536x1536":["https:\/\/infoecos.com.ar\/wp-content\/uploads\/2021\/07\/coronelpringlesplaza-1536x864.jpg",1536,864,true],"2048x2048":["https:\/\/infoecos.com.ar\/wp-content\/uploads\/2021\/07\/coronelpringlesplaza-2048x1152.jpg",2048,1152,true],"covernews-slider-full":["https:\/\/infoecos.com.ar\/wp-content\/uploads\/2021\/07\/coronelpringlesplaza-1536x1020.jpg",1077,715,true],"covernews-slider-center":["https:\/\/infoecos.com.ar\/wp-content\/uploads\/2021\/07\/coronelpringlesplaza-936x897.jpg",522,500,true],"covernews-featured":["https:\/\/infoecos.com.ar\/wp-content\/uploads\/2021\/07\/coronelpringlesplaza-1024x576.jpg",1024,576,true],"covernews-medium":["https:\/\/infoecos.com.ar\/wp-content\/uploads\/2021\/07\/coronelpringlesplaza-720x380.jpg",540,285,true],"covernews-medium-square":["https:\/\/infoecos.com.ar\/wp-content\/uploads\/2021\/07\/coronelpringlesplaza-675x450.jpg",375,250,true]},"author_info":{"info":["Jorge Matheus"]},"category_info":"<a href=\"https:\/\/infoecos.com.ar\/index.php\/category\/inferior6\/\" rel=\"category tag\">Bloque inferior - 6<\/a>","tag_info":"Bloque inferior - 6","comment_count":"0","_links":{"self":[{"href":"https:\/\/infoecos.com.ar\/index.php\/wp-json\/wp\/v2\/posts\/80503","targetHints":{"allow":["GET"]}}],"collection":[{"href":"https:\/\/infoecos.com.ar\/index.php\/wp-json\/wp\/v2\/posts"}],"about":[{"href":"https:\/\/infoecos.com.ar\/index.php\/wp-json\/wp\/v2\/types\/post"}],"author":[{"embeddable":true,"href":"https:\/\/infoecos.com.ar\/index.php\/wp-json\/wp\/v2\/users\/2"}],"replies":[{"embeddable":true,"href":"https:\/\/infoecos.com.ar\/index.php\/wp-json\/wp\/v2\/comments?post=80503"}],"version-history":[{"count":2,"href":"https:\/\/infoecos.com.ar\/index.php\/wp-json\/wp\/v2\/posts\/80503\/revisions"}],"predecessor-version":[{"id":80619,"href":"https:\/\/infoecos.com.ar\/index.php\/wp-json\/wp\/v2\/posts\/80503\/revisions\/80619"}],"wp:featuredmedia":[{"embeddable":true,"href":"https:\/\/infoecos.com.ar\/index.php\/wp-json\/wp\/v2\/media\/80507"}],"wp:attachment":[{"href":"https:\/\/infoecos.com.ar\/index.php\/wp-json\/wp\/v2\/media?parent=80503"}],"wp:term":[{"taxonomy":"category","embeddable":true,"href":"https:\/\/infoecos.com.ar\/index.php\/wp-json\/wp\/v2\/categories?post=80503"},{"taxonomy":"post_tag","embeddable":true,"href":"https:\/\/infoecos.com.ar\/index.php\/wp-json\/wp\/v2\/tags?post=80503"}],"curies":[{"name":"wp","href":"https:\/\/api.w.org\/{rel}","templated":true}]}}