{"id":80509,"date":"2021-07-01T01:46:26","date_gmt":"2021-07-01T04:46:26","guid":{"rendered":"http:\/\/infoecos.com.ar\/?p=80509"},"modified":"2021-07-02T03:16:43","modified_gmt":"2021-07-02T06:16:43","slug":"acuerdo-salarial-entre-el-departamento-ejecutivo-y-el-sindicato-de-trabajadores-municipales-de-trenque-lauquen","status":"publish","type":"post","link":"https:\/\/infoecos.com.ar\/index.php\/acuerdo-salarial-entre-el-departamento-ejecutivo-y-el-sindicato-de-trabajadores-municipales-de-trenque-lauquen\/","title":{"rendered":"Acuerdo salarial entre el Departamento Ejecutivo y el Sindicato de Trabajadores Municipales de Trenque Lauquen"},"content":{"rendered":"\n<p class=\"wp-block-paragraph\">El Departamento Ejecutivo de Trenque Lauquen y el Sindicato de Trabajadores Municipales llegaron el martes a un acuerdo sobre la pauta salarial de los empleados para el segundo semestre de este a\u00f1o, convini\u00e9ndose aumentos acumulativos de 6 por ciento en julio y 6 por ciento en agosto, adem\u00e1s de dejar previsto otro 6 por ciento para noviembre sujeto a revisi\u00f3n de acuerdo a c\u00f3mo evolucione la inflaci\u00f3n y las posibilidades presupuestarias de la Comuna.<\/p>\n\n\n\n<p class=\"wp-block-paragraph\">Al definirse que los incrementos sean acumulativos, el aumento neto para el per\u00edodo de enero\/agosto ascender\u00e1 al 30,44 por ciento y se estima que con la mejora preestablecida para noviembre se alcanzar\u00e1 una suba salarial en torno al 40 por ciento.<\/p>\n\n\n\n<div class=\"wp-block-image is-style-default\"><figure class=\"aligncenter size-medium\"><img decoding=\"async\" src=\"http:\/\/infoecos.com.ar\/wp-content\/uploads\/fd6deb3c-9218-4816-b243-9c2ad36be305-460x345.jpg\" alt=\"Trenque Lauquen - Municipalidad\" class=\"wp-image-22251\"\/><figcaption>Trenque Lauquen &#8211; Municipalidad <\/figcaption><\/figure><\/div>\n\n\n\n<p class=\"wp-block-paragraph\">Cabe recordar que en febrero y marzo pasado los sueldos se hab\u00edan incrementado 7,5 y 8 por ciento, respectivamente, siempre acumulativos.<\/p>\n\n\n\n<p class=\"wp-block-paragraph\">De esta manera, con el aumento estipulado, el monto de la masa salarial para julio se elevar\u00e1 a 149.000.000 de pesos y para agosto a 158.000.000 de pesos.<\/p>\n\n\n\n<p class=\"wp-block-paragraph\">De la reuni\u00f3n participaron en representaci\u00f3n del Municipio el intendente, Dr. Miguel Fern\u00e1ndez -lo hizo telef\u00f3nicamente por hallarse en la ciudad de La Plata realizando gestiones a nivel oficial-, el secretario de Administraci\u00f3n y Gesti\u00f3n Tributaria, Cr. Alfredo Zambiasio, y el Director de Recursos Humanos, Cr. Rom\u00e1n Larrubia, mientras que por el Sindicato de Trabajadores Municipales intervinieron&nbsp; M\u00f3nica Baretta y Antonio Covino.<\/p>\n","protected":false},"excerpt":{"rendered":"<p>Con el aumento estipulado, el monto de la masa salarial para julio se elevar\u00e1 a 149.000.000 de pesos y para agosto a 158.000.000 de pesos<\/p>\n","protected":false},"author":2,"featured_media":22251,"comment_status":"closed","ping_status":"open","sticky":false,"template":"","format":"standard","meta":{"footnotes":""},"categories":[1330],"tags":[4087],"class_list":["post-80509","post","type-post","status-publish","format-standard","has-post-thumbnail","hentry","category-inferior10","tag-incrementos-acumulativos-del-6-por-ciento"],"featured_image_urls":{"full":"","thumbnail":"","medium":"","medium_large":"","large":"","1536x1536":"","2048x2048":"","covernews-slider-full":"","covernews-slider-center":"","covernews-featured":"","covernews-medium":"","covernews-medium-square":""},"author_info":{"info":["Jorge Matheus"]},"category_info":"<a href=\"https:\/\/infoecos.com.ar\/index.php\/category\/inferior10\/\" rel=\"category tag\">Bloque inferior - 10<\/a>","tag_info":"Bloque inferior - 10","comment_count":"0","_links":{"self":[{"href":"https:\/\/infoecos.com.ar\/index.php\/wp-json\/wp\/v2\/posts\/80509","targetHints":{"allow":["GET"]}}],"collection":[{"href":"https:\/\/infoecos.com.ar\/index.php\/wp-json\/wp\/v2\/posts"}],"about":[{"href":"https:\/\/infoecos.com.ar\/index.php\/wp-json\/wp\/v2\/types\/post"}],"author":[{"embeddable":true,"href":"https:\/\/infoecos.com.ar\/index.php\/wp-json\/wp\/v2\/users\/2"}],"replies":[{"embeddable":true,"href":"https:\/\/infoecos.com.ar\/index.php\/wp-json\/wp\/v2\/comments?post=80509"}],"version-history":[{"count":1,"href":"https:\/\/infoecos.com.ar\/index.php\/wp-json\/wp\/v2\/posts\/80509\/revisions"}],"predecessor-version":[{"id":80510,"href":"https:\/\/infoecos.com.ar\/index.php\/wp-json\/wp\/v2\/posts\/80509\/revisions\/80510"}],"wp:attachment":[{"href":"https:\/\/infoecos.com.ar\/index.php\/wp-json\/wp\/v2\/media?parent=80509"}],"wp:term":[{"taxonomy":"category","embeddable":true,"href":"https:\/\/infoecos.com.ar\/index.php\/wp-json\/wp\/v2\/categories?post=80509"},{"taxonomy":"post_tag","embeddable":true,"href":"https:\/\/infoecos.com.ar\/index.php\/wp-json\/wp\/v2\/tags?post=80509"}],"curies":[{"name":"wp","href":"https:\/\/api.w.org\/{rel}","templated":true}]}}