{"id":80517,"date":"2021-07-01T02:10:26","date_gmt":"2021-07-01T05:10:26","guid":{"rendered":"http:\/\/infoecos.com.ar\/?p=80517"},"modified":"2021-07-02T02:28:27","modified_gmt":"2021-07-02T05:28:27","slug":"el-gobierno-de-buenos-aires-realizo-el-adelanto-financiero-para-el-nuevo-edificio-del-pequeno-hogar-en-trenque-lauquen","status":"publish","type":"post","link":"https:\/\/infoecos.com.ar\/index.php\/el-gobierno-de-buenos-aires-realizo-el-adelanto-financiero-para-el-nuevo-edificio-del-pequeno-hogar-en-trenque-lauquen\/","title":{"rendered":"El gobierno de Buenos Aires realiz\u00f3 el adelanto financiero para el nuevo edificio del Peque\u00f1o Hogar en Trenque Lauquen"},"content":{"rendered":"\n<p>El Ministro de Infraestructura y Servicios P\u00fablicos de la Provincia de Buenos Aires, Agust\u00edn Simone, formaliz\u00f3 la firma del adelanto financiero para la construcci\u00f3n en Trenque Lauquen del nuevo edificio del Peque\u00f1o Hogar, con una inversi\u00f3n de la Provincia de $ 32.126.250 millones, en el marco del Fondo de Infraestructura Municipal (FIM) y a partir de un convenio del Programa PREIMBA.<\/p>\n\n\n\n<p>La informaci\u00f3n que fue proporcionada por el Frente de Todos se\u00f1ala que se trata de un edificio nuevo, dise\u00f1ado especialmente para los ni\u00f1os que requieren medidas de abrigo y est\u00e1 proyectado en la Ampliaci\u00f3n Urbana, frente al parque lineal.<\/p>\n\n\n\n<div class=\"wp-block-image is-style-default\"><figure class=\"aligncenter size-medium\"><img loading=\"lazy\" decoding=\"async\" width=\"460\" height=\"307\" src=\"http:\/\/infoecos.com.ar\/wp-content\/uploads\/2021\/07\/SIMONEAGUSTIN-1-460x307.jpg\" alt=\"\" class=\"wp-image-80519\" srcset=\"https:\/\/infoecos.com.ar\/wp-content\/uploads\/2021\/07\/SIMONEAGUSTIN-1-460x307.jpg 460w, https:\/\/infoecos.com.ar\/wp-content\/uploads\/2021\/07\/SIMONEAGUSTIN-1-920x614.jpg 920w, https:\/\/infoecos.com.ar\/wp-content\/uploads\/2021\/07\/SIMONEAGUSTIN-1-768x513.jpg 768w, https:\/\/infoecos.com.ar\/wp-content\/uploads\/2021\/07\/SIMONEAGUSTIN-1-1536x1025.jpg 1536w, https:\/\/infoecos.com.ar\/wp-content\/uploads\/2021\/07\/SIMONEAGUSTIN-1-2048x1367.jpg 2048w, https:\/\/infoecos.com.ar\/wp-content\/uploads\/2021\/07\/SIMONEAGUSTIN-1-1024x684.jpg 1024w, https:\/\/infoecos.com.ar\/wp-content\/uploads\/2021\/07\/SIMONEAGUSTIN-1-675x450.jpg 675w\" sizes=\"(max-width: 460px) 100vw, 460px\" \/><\/figure><\/div>\n\n\n\n<p>Cuando esta obra finalice, se proyecta el traslado de la Escuela Municipal desde el Centro C\u00edvico al edificio de la calle Rivadavia, donde funciona actualmente el Peque\u00f1o Hogar, y quedar\u00e1 integrado al Centro Cultural Urbano de la ciudad (cuadro de Estaci\u00f3n).<\/p>\n\n\n\n<p>Seg\u00fan adelantaron desde la cartera provincial este adelanto financiero se har\u00e1 efectivo al Municipio&nbsp;en un lapso de 30 a 40 d\u00edas.<\/p>\n\n\n\n<p>El intendente municipal, doctor Miguel Fern\u00e1ndez hab\u00eda mencionado esta realizaci\u00f3n en el mes de marzo en el Concejo Deliberante en la sesi\u00f3n inaugural del actual per\u00edodo. \u201cEst\u00e1 previsto construir el nuevo Peque\u00f1o Hogar en la Ampliaci\u00f3n Urbana, y en el viejo peque\u00f1o hogar funcionar\u00e1 la Escuela Municipal\u201d, adelant\u00f3 ese d\u00eda, anunciando el ofrecimiento realizado a la Provincia para que utilice parte del Centro C\u00edvico, mediante la firma de un convenio teniendo en cuenta que \u201ceste a\u00f1o vencen los alquileres que firmo el ex Intendente Juan Carlos Font con el ex ministro de Econom\u00eda (Gerardo) Otero\u00bb.<\/p>\n","protected":false},"excerpt":{"rendered":"<p>La informaci\u00f3n que fue proporcionada por el Frente de Todos se\u00f1ala que se trata de un edificio nuevo, dise\u00f1ado especialmente para los ni\u00f1os que requieren medidas de abrigo y est\u00e1 proyectado en la Ampliaci\u00f3n Urbana<\/p>\n","protected":false},"author":2,"featured_media":80518,"comment_status":"closed","ping_status":"open","sticky":false,"template":"","format":"standard","meta":{"footnotes":""},"categories":[1341],"tags":[4089],"class_list":["post-80517","post","type-post","status-publish","format-standard","has-post-thumbnail","hentry","category-c1nota7","tag-inversion-total-superior-a-los-32-millones"],"yoast_head":"<!-- This site is optimized with the Yoast SEO plugin v23.4 - https:\/\/yoast.com\/wordpress\/plugins\/seo\/ -->\n<title>El gobierno de Buenos Aires realiz\u00f3 el adelanto financiero para el nuevo edificio del Peque\u00f1o Hogar en Trenque Lauquen - Infoecos<\/title>\n<meta name=\"robots\" content=\"index, follow, max-snippet:-1, max-image-preview:large, max-video-preview:-1\" \/>\n<link rel=\"canonical\" href=\"https:\/\/infoecos.com.ar\/index.php\/el-gobierno-de-buenos-aires-realizo-el-adelanto-financiero-para-el-nuevo-edificio-del-pequeno-hogar-en-trenque-lauquen\/\" \/>\n<meta property=\"og:locale\" content=\"es_ES\" \/>\n<meta property=\"og:type\" content=\"article\" \/>\n<meta property=\"og:title\" content=\"El gobierno de Buenos Aires realiz\u00f3 el adelanto financiero para el nuevo edificio del Peque\u00f1o Hogar en Trenque Lauquen - Infoecos\" \/>\n<meta property=\"og:description\" content=\"La informaci\u00f3n que fue proporcionada por el Frente de Todos se\u00f1ala que se trata de un edificio nuevo, dise\u00f1ado especialmente para los ni\u00f1os que requieren medidas de abrigo y est\u00e1 proyectado en la Ampliaci\u00f3n Urbana\" \/>\n<meta property=\"og:url\" content=\"https:\/\/infoecos.com.ar\/index.php\/el-gobierno-de-buenos-aires-realizo-el-adelanto-financiero-para-el-nuevo-edificio-del-pequeno-hogar-en-trenque-lauquen\/\" \/>\n<meta property=\"og:site_name\" content=\"Infoecos\" \/>\n<meta property=\"article:publisher\" content=\"https:\/\/www.facebook.com\/profile.php?id=100063200290284\" \/>\n<meta property=\"article:published_time\" content=\"2021-07-01T05:10:26+00:00\" \/>\n<meta property=\"article:modified_time\" content=\"2021-07-02T05:28:27+00:00\" \/>\n<meta property=\"og:image\" content=\"https:\/\/infoecos.com.ar\/wp-content\/uploads\/2021\/07\/SIMONEAGUSTIN-scaled.jpg\" \/>\n\t<meta property=\"og:image:width\" content=\"2560\" \/>\n\t<meta property=\"og:image:height\" content=\"1709\" \/>\n\t<meta property=\"og:image:type\" content=\"image\/jpeg\" \/>\n<meta name=\"author\" content=\"Jorge Matheus\" \/>\n<meta name=\"twitter:card\" content=\"summary_large_image\" \/>\n<meta name=\"twitter:creator\" content=\"@infoecos\" \/>\n<meta name=\"twitter:site\" content=\"@infoecos\" \/>\n<meta name=\"twitter:label1\" content=\"Escrito por\" \/>\n\t<meta name=\"twitter:data1\" content=\"Jorge Matheus\" \/>\n\t<meta name=\"twitter:label2\" content=\"Tiempo de lectura\" \/>\n\t<meta name=\"twitter:data2\" content=\"1 minuto\" \/>\n<script type=\"application\/ld+json\" class=\"yoast-schema-graph\">{\"@context\":\"https:\/\/schema.org\",\"@graph\":[{\"@type\":\"Article\",\"@id\":\"https:\/\/infoecos.com.ar\/index.php\/el-gobierno-de-buenos-aires-realizo-el-adelanto-financiero-para-el-nuevo-edificio-del-pequeno-hogar-en-trenque-lauquen\/#article\",\"isPartOf\":{\"@id\":\"https:\/\/infoecos.com.ar\/index.php\/el-gobierno-de-buenos-aires-realizo-el-adelanto-financiero-para-el-nuevo-edificio-del-pequeno-hogar-en-trenque-lauquen\/\"},\"author\":{\"name\":\"Jorge Matheus\",\"@id\":\"https:\/\/infoecos.com.ar\/#\/schema\/person\/8f5ace5ce73b4b4aac4b7245aee6f191\"},\"headline\":\"El gobierno de Buenos Aires realiz\u00f3 el adelanto financiero para el nuevo edificio del Peque\u00f1o Hogar en Trenque Lauquen\",\"datePublished\":\"2021-07-01T05:10:26+00:00\",\"dateModified\":\"2021-07-02T05:28:27+00:00\",\"mainEntityOfPage\":{\"@id\":\"https:\/\/infoecos.com.ar\/index.php\/el-gobierno-de-buenos-aires-realizo-el-adelanto-financiero-para-el-nuevo-edificio-del-pequeno-hogar-en-trenque-lauquen\/\"},\"wordCount\":302,\"publisher\":{\"@id\":\"https:\/\/infoecos.com.ar\/#organization\"},\"image\":{\"@id\":\"https:\/\/infoecos.com.ar\/index.php\/el-gobierno-de-buenos-aires-realizo-el-adelanto-financiero-para-el-nuevo-edificio-del-pequeno-hogar-en-trenque-lauquen\/#primaryimage\"},\"thumbnailUrl\":\"https:\/\/infoecos.com.ar\/wp-content\/uploads\/2021\/07\/SIMONEAGUSTIN-scaled.jpg\",\"keywords\":[\"INVERSI\u00d3N TOTAL SUPERIOR A LOS 32 MILLONES\"],\"articleSection\":[\"C1 nota 7\"],\"inLanguage\":\"es\"},{\"@type\":\"WebPage\",\"@id\":\"https:\/\/infoecos.com.ar\/index.php\/el-gobierno-de-buenos-aires-realizo-el-adelanto-financiero-para-el-nuevo-edificio-del-pequeno-hogar-en-trenque-lauquen\/\",\"url\":\"https:\/\/infoecos.com.ar\/index.php\/el-gobierno-de-buenos-aires-realizo-el-adelanto-financiero-para-el-nuevo-edificio-del-pequeno-hogar-en-trenque-lauquen\/\",\"name\":\"El gobierno de Buenos Aires realiz\u00f3 el adelanto financiero para el nuevo edificio del Peque\u00f1o Hogar en Trenque Lauquen - Infoecos\",\"isPartOf\":{\"@id\":\"https:\/\/infoecos.com.ar\/#website\"},\"primaryImageOfPage\":{\"@id\":\"https:\/\/infoecos.com.ar\/index.php\/el-gobierno-de-buenos-aires-realizo-el-adelanto-financiero-para-el-nuevo-edificio-del-pequeno-hogar-en-trenque-lauquen\/#primaryimage\"},\"image\":{\"@id\":\"https:\/\/infoecos.com.ar\/index.php\/el-gobierno-de-buenos-aires-realizo-el-adelanto-financiero-para-el-nuevo-edificio-del-pequeno-hogar-en-trenque-lauquen\/#primaryimage\"},\"thumbnailUrl\":\"https:\/\/infoecos.com.ar\/wp-content\/uploads\/2021\/07\/SIMONEAGUSTIN-scaled.jpg\",\"datePublished\":\"2021-07-01T05:10:26+00:00\",\"dateModified\":\"2021-07-02T05:28:27+00:00\",\"breadcrumb\":{\"@id\":\"https:\/\/infoecos.com.ar\/index.php\/el-gobierno-de-buenos-aires-realizo-el-adelanto-financiero-para-el-nuevo-edificio-del-pequeno-hogar-en-trenque-lauquen\/#breadcrumb\"},\"inLanguage\":\"es\",\"potentialAction\":[{\"@type\":\"ReadAction\",\"target\":[\"https:\/\/infoecos.com.ar\/index.php\/el-gobierno-de-buenos-aires-realizo-el-adelanto-financiero-para-el-nuevo-edificio-del-pequeno-hogar-en-trenque-lauquen\/\"]}]},{\"@type\":\"ImageObject\",\"inLanguage\":\"es\",\"@id\":\"https:\/\/infoecos.com.ar\/index.php\/el-gobierno-de-buenos-aires-realizo-el-adelanto-financiero-para-el-nuevo-edificio-del-pequeno-hogar-en-trenque-lauquen\/#primaryimage\",\"url\":\"https:\/\/infoecos.com.ar\/wp-content\/uploads\/2021\/07\/SIMONEAGUSTIN-scaled.jpg\",\"contentUrl\":\"https:\/\/infoecos.com.ar\/wp-content\/uploads\/2021\/07\/SIMONEAGUSTIN-scaled.jpg\",\"width\":2560,\"height\":1709},{\"@type\":\"BreadcrumbList\",\"@id\":\"https:\/\/infoecos.com.ar\/index.php\/el-gobierno-de-buenos-aires-realizo-el-adelanto-financiero-para-el-nuevo-edificio-del-pequeno-hogar-en-trenque-lauquen\/#breadcrumb\",\"itemListElement\":[{\"@type\":\"ListItem\",\"position\":1,\"name\":\"Portada\",\"item\":\"https:\/\/infoecos.com.ar\/\"},{\"@type\":\"ListItem\",\"position\":2,\"name\":\"El gobierno de Buenos Aires realiz\u00f3 el adelanto financiero para el nuevo edificio del Peque\u00f1o Hogar en Trenque Lauquen\"}]},{\"@type\":\"WebSite\",\"@id\":\"https:\/\/infoecos.com.ar\/#website\",\"url\":\"https:\/\/infoecos.com.ar\/\",\"name\":\"Infoecos\",\"description\":\"Noticias de trenque lauquen y la zona\",\"publisher\":{\"@id\":\"https:\/\/infoecos.com.ar\/#organization\"},\"alternateName\":\"Noticias\",\"potentialAction\":[{\"@type\":\"SearchAction\",\"target\":{\"@type\":\"EntryPoint\",\"urlTemplate\":\"https:\/\/infoecos.com.ar\/?s={search_term_string}\"},\"query-input\":{\"@type\":\"PropertyValueSpecification\",\"valueRequired\":true,\"valueName\":\"search_term_string\"}}],\"inLanguage\":\"es\"},{\"@type\":\"Organization\",\"@id\":\"https:\/\/infoecos.com.ar\/#organization\",\"name\":\"Infoecos\",\"alternateName\":\"Noticias\",\"url\":\"https:\/\/infoecos.com.ar\/\",\"logo\":{\"@type\":\"ImageObject\",\"inLanguage\":\"es\",\"@id\":\"https:\/\/infoecos.com.ar\/#\/schema\/logo\/image\/\",\"url\":\"https:\/\/infoecos.com.ar\/wp-content\/uploads\/2024\/03\/cropped-logo.png\",\"contentUrl\":\"https:\/\/infoecos.com.ar\/wp-content\/uploads\/2024\/03\/cropped-logo.png\",\"width\":374,\"height\":90,\"caption\":\"Infoecos\"},\"image\":{\"@id\":\"https:\/\/infoecos.com.ar\/#\/schema\/logo\/image\/\"},\"sameAs\":[\"https:\/\/www.facebook.com\/profile.php?id=100063200290284\",\"https:\/\/x.com\/infoecos\"]},{\"@type\":\"Person\",\"@id\":\"https:\/\/infoecos.com.ar\/#\/schema\/person\/8f5ace5ce73b4b4aac4b7245aee6f191\",\"name\":\"Jorge Matheus\",\"url\":\"https:\/\/infoecos.com.ar\/index.php\/author\/jomatheus\/\"}]}<\/script>\n<!-- \/ Yoast SEO plugin. -->","yoast_head_json":{"title":"El gobierno de Buenos Aires realiz\u00f3 el adelanto financiero para el nuevo edificio del Peque\u00f1o Hogar en Trenque Lauquen - Infoecos","robots":{"index":"index","follow":"follow","max-snippet":"max-snippet:-1","max-image-preview":"max-image-preview:large","max-video-preview":"max-video-preview:-1"},"canonical":"https:\/\/infoecos.com.ar\/index.php\/el-gobierno-de-buenos-aires-realizo-el-adelanto-financiero-para-el-nuevo-edificio-del-pequeno-hogar-en-trenque-lauquen\/","og_locale":"es_ES","og_type":"article","og_title":"El gobierno de Buenos Aires realiz\u00f3 el adelanto financiero para el nuevo edificio del Peque\u00f1o Hogar en Trenque Lauquen - Infoecos","og_description":"La informaci\u00f3n que fue proporcionada por el Frente de Todos se\u00f1ala que se trata de un edificio nuevo, dise\u00f1ado especialmente para los ni\u00f1os que requieren medidas de abrigo y est\u00e1 proyectado en la Ampliaci\u00f3n Urbana","og_url":"https:\/\/infoecos.com.ar\/index.php\/el-gobierno-de-buenos-aires-realizo-el-adelanto-financiero-para-el-nuevo-edificio-del-pequeno-hogar-en-trenque-lauquen\/","og_site_name":"Infoecos","article_publisher":"https:\/\/www.facebook.com\/profile.php?id=100063200290284","article_published_time":"2021-07-01T05:10:26+00:00","article_modified_time":"2021-07-02T05:28:27+00:00","og_image":[{"width":2560,"height":1709,"url":"https:\/\/infoecos.com.ar\/wp-content\/uploads\/2021\/07\/SIMONEAGUSTIN-scaled.jpg","type":"image\/jpeg"}],"author":"Jorge Matheus","twitter_card":"summary_large_image","twitter_creator":"@infoecos","twitter_site":"@infoecos","twitter_misc":{"Escrito por":"Jorge Matheus","Tiempo de lectura":"1 minuto"},"schema":{"@context":"https:\/\/schema.org","@graph":[{"@type":"Article","@id":"https:\/\/infoecos.com.ar\/index.php\/el-gobierno-de-buenos-aires-realizo-el-adelanto-financiero-para-el-nuevo-edificio-del-pequeno-hogar-en-trenque-lauquen\/#article","isPartOf":{"@id":"https:\/\/infoecos.com.ar\/index.php\/el-gobierno-de-buenos-aires-realizo-el-adelanto-financiero-para-el-nuevo-edificio-del-pequeno-hogar-en-trenque-lauquen\/"},"author":{"name":"Jorge Matheus","@id":"https:\/\/infoecos.com.ar\/#\/schema\/person\/8f5ace5ce73b4b4aac4b7245aee6f191"},"headline":"El gobierno de Buenos Aires realiz\u00f3 el adelanto financiero para el nuevo edificio del Peque\u00f1o Hogar en Trenque Lauquen","datePublished":"2021-07-01T05:10:26+00:00","dateModified":"2021-07-02T05:28:27+00:00","mainEntityOfPage":{"@id":"https:\/\/infoecos.com.ar\/index.php\/el-gobierno-de-buenos-aires-realizo-el-adelanto-financiero-para-el-nuevo-edificio-del-pequeno-hogar-en-trenque-lauquen\/"},"wordCount":302,"publisher":{"@id":"https:\/\/infoecos.com.ar\/#organization"},"image":{"@id":"https:\/\/infoecos.com.ar\/index.php\/el-gobierno-de-buenos-aires-realizo-el-adelanto-financiero-para-el-nuevo-edificio-del-pequeno-hogar-en-trenque-lauquen\/#primaryimage"},"thumbnailUrl":"https:\/\/infoecos.com.ar\/wp-content\/uploads\/2021\/07\/SIMONEAGUSTIN-scaled.jpg","keywords":["INVERSI\u00d3N TOTAL SUPERIOR A LOS 32 MILLONES"],"articleSection":["C1 nota 7"],"inLanguage":"es"},{"@type":"WebPage","@id":"https:\/\/infoecos.com.ar\/index.php\/el-gobierno-de-buenos-aires-realizo-el-adelanto-financiero-para-el-nuevo-edificio-del-pequeno-hogar-en-trenque-lauquen\/","url":"https:\/\/infoecos.com.ar\/index.php\/el-gobierno-de-buenos-aires-realizo-el-adelanto-financiero-para-el-nuevo-edificio-del-pequeno-hogar-en-trenque-lauquen\/","name":"El gobierno de Buenos Aires realiz\u00f3 el adelanto financiero para el nuevo edificio del Peque\u00f1o Hogar en Trenque Lauquen - Infoecos","isPartOf":{"@id":"https:\/\/infoecos.com.ar\/#website"},"primaryImageOfPage":{"@id":"https:\/\/infoecos.com.ar\/index.php\/el-gobierno-de-buenos-aires-realizo-el-adelanto-financiero-para-el-nuevo-edificio-del-pequeno-hogar-en-trenque-lauquen\/#primaryimage"},"image":{"@id":"https:\/\/infoecos.com.ar\/index.php\/el-gobierno-de-buenos-aires-realizo-el-adelanto-financiero-para-el-nuevo-edificio-del-pequeno-hogar-en-trenque-lauquen\/#primaryimage"},"thumbnailUrl":"https:\/\/infoecos.com.ar\/wp-content\/uploads\/2021\/07\/SIMONEAGUSTIN-scaled.jpg","datePublished":"2021-07-01T05:10:26+00:00","dateModified":"2021-07-02T05:28:27+00:00","breadcrumb":{"@id":"https:\/\/infoecos.com.ar\/index.php\/el-gobierno-de-buenos-aires-realizo-el-adelanto-financiero-para-el-nuevo-edificio-del-pequeno-hogar-en-trenque-lauquen\/#breadcrumb"},"inLanguage":"es","potentialAction":[{"@type":"ReadAction","target":["https:\/\/infoecos.com.ar\/index.php\/el-gobierno-de-buenos-aires-realizo-el-adelanto-financiero-para-el-nuevo-edificio-del-pequeno-hogar-en-trenque-lauquen\/"]}]},{"@type":"ImageObject","inLanguage":"es","@id":"https:\/\/infoecos.com.ar\/index.php\/el-gobierno-de-buenos-aires-realizo-el-adelanto-financiero-para-el-nuevo-edificio-del-pequeno-hogar-en-trenque-lauquen\/#primaryimage","url":"https:\/\/infoecos.com.ar\/wp-content\/uploads\/2021\/07\/SIMONEAGUSTIN-scaled.jpg","contentUrl":"https:\/\/infoecos.com.ar\/wp-content\/uploads\/2021\/07\/SIMONEAGUSTIN-scaled.jpg","width":2560,"height":1709},{"@type":"BreadcrumbList","@id":"https:\/\/infoecos.com.ar\/index.php\/el-gobierno-de-buenos-aires-realizo-el-adelanto-financiero-para-el-nuevo-edificio-del-pequeno-hogar-en-trenque-lauquen\/#breadcrumb","itemListElement":[{"@type":"ListItem","position":1,"name":"Portada","item":"https:\/\/infoecos.com.ar\/"},{"@type":"ListItem","position":2,"name":"El gobierno de Buenos Aires realiz\u00f3 el adelanto financiero para el nuevo edificio del Peque\u00f1o Hogar en Trenque Lauquen"}]},{"@type":"WebSite","@id":"https:\/\/infoecos.com.ar\/#website","url":"https:\/\/infoecos.com.ar\/","name":"Infoecos","description":"Noticias de trenque lauquen y la zona","publisher":{"@id":"https:\/\/infoecos.com.ar\/#organization"},"alternateName":"Noticias","potentialAction":[{"@type":"SearchAction","target":{"@type":"EntryPoint","urlTemplate":"https:\/\/infoecos.com.ar\/?s={search_term_string}"},"query-input":{"@type":"PropertyValueSpecification","valueRequired":true,"valueName":"search_term_string"}}],"inLanguage":"es"},{"@type":"Organization","@id":"https:\/\/infoecos.com.ar\/#organization","name":"Infoecos","alternateName":"Noticias","url":"https:\/\/infoecos.com.ar\/","logo":{"@type":"ImageObject","inLanguage":"es","@id":"https:\/\/infoecos.com.ar\/#\/schema\/logo\/image\/","url":"https:\/\/infoecos.com.ar\/wp-content\/uploads\/2024\/03\/cropped-logo.png","contentUrl":"https:\/\/infoecos.com.ar\/wp-content\/uploads\/2024\/03\/cropped-logo.png","width":374,"height":90,"caption":"Infoecos"},"image":{"@id":"https:\/\/infoecos.com.ar\/#\/schema\/logo\/image\/"},"sameAs":["https:\/\/www.facebook.com\/profile.php?id=100063200290284","https:\/\/x.com\/infoecos"]},{"@type":"Person","@id":"https:\/\/infoecos.com.ar\/#\/schema\/person\/8f5ace5ce73b4b4aac4b7245aee6f191","name":"Jorge Matheus","url":"https:\/\/infoecos.com.ar\/index.php\/author\/jomatheus\/"}]}},"featured_image_urls":{"full":["https:\/\/infoecos.com.ar\/wp-content\/uploads\/2021\/07\/SIMONEAGUSTIN-scaled.jpg",2560,1709,false],"thumbnail":["https:\/\/infoecos.com.ar\/wp-content\/uploads\/2021\/07\/SIMONEAGUSTIN-150x150.jpg",150,150,true],"medium":["https:\/\/infoecos.com.ar\/wp-content\/uploads\/2021\/07\/SIMONEAGUSTIN-460x307.jpg",460,307,true],"medium_large":["https:\/\/infoecos.com.ar\/wp-content\/uploads\/2021\/07\/SIMONEAGUSTIN-768x513.jpg",640,428,true],"large":["https:\/\/infoecos.com.ar\/wp-content\/uploads\/2021\/07\/SIMONEAGUSTIN-920x614.jpg",640,427,true],"1536x1536":["https:\/\/infoecos.com.ar\/wp-content\/uploads\/2021\/07\/SIMONEAGUSTIN-1536x1025.jpg",1536,1025,true],"2048x2048":["https:\/\/infoecos.com.ar\/wp-content\/uploads\/2021\/07\/SIMONEAGUSTIN-2048x1367.jpg",2048,1367,true],"covernews-slider-full":["https:\/\/infoecos.com.ar\/wp-content\/uploads\/2021\/07\/SIMONEAGUSTIN-1536x1020.jpg",1077,715,true],"covernews-slider-center":["https:\/\/infoecos.com.ar\/wp-content\/uploads\/2021\/07\/SIMONEAGUSTIN-936x897.jpg",522,500,true],"covernews-featured":["https:\/\/infoecos.com.ar\/wp-content\/uploads\/2021\/07\/SIMONEAGUSTIN-1024x684.jpg",1024,684,true],"covernews-medium":["https:\/\/infoecos.com.ar\/wp-content\/uploads\/2021\/07\/SIMONEAGUSTIN-720x380.jpg",540,285,true],"covernews-medium-square":["https:\/\/infoecos.com.ar\/wp-content\/uploads\/2021\/07\/SIMONEAGUSTIN-675x450.jpg",375,250,true]},"author_info":{"info":["Jorge Matheus"]},"category_info":"<a href=\"https:\/\/infoecos.com.ar\/index.php\/category\/c1nota7\/\" rel=\"category tag\">C1 nota 7<\/a>","tag_info":"C1 nota 7","comment_count":"0","_links":{"self":[{"href":"https:\/\/infoecos.com.ar\/index.php\/wp-json\/wp\/v2\/posts\/80517"}],"collection":[{"href":"https:\/\/infoecos.com.ar\/index.php\/wp-json\/wp\/v2\/posts"}],"about":[{"href":"https:\/\/infoecos.com.ar\/index.php\/wp-json\/wp\/v2\/types\/post"}],"author":[{"embeddable":true,"href":"https:\/\/infoecos.com.ar\/index.php\/wp-json\/wp\/v2\/users\/2"}],"replies":[{"embeddable":true,"href":"https:\/\/infoecos.com.ar\/index.php\/wp-json\/wp\/v2\/comments?post=80517"}],"version-history":[{"count":2,"href":"https:\/\/infoecos.com.ar\/index.php\/wp-json\/wp\/v2\/posts\/80517\/revisions"}],"predecessor-version":[{"id":80615,"href":"https:\/\/infoecos.com.ar\/index.php\/wp-json\/wp\/v2\/posts\/80517\/revisions\/80615"}],"wp:featuredmedia":[{"embeddable":true,"href":"https:\/\/infoecos.com.ar\/index.php\/wp-json\/wp\/v2\/media\/80518"}],"wp:attachment":[{"href":"https:\/\/infoecos.com.ar\/index.php\/wp-json\/wp\/v2\/media?parent=80517"}],"wp:term":[{"taxonomy":"category","embeddable":true,"href":"https:\/\/infoecos.com.ar\/index.php\/wp-json\/wp\/v2\/categories?post=80517"},{"taxonomy":"post_tag","embeddable":true,"href":"https:\/\/infoecos.com.ar\/index.php\/wp-json\/wp\/v2\/tags?post=80517"}],"curies":[{"name":"wp","href":"https:\/\/api.w.org\/{rel}","templated":true}]}}