{"id":80562,"date":"2021-07-01T16:20:29","date_gmt":"2021-07-01T19:20:29","guid":{"rendered":"http:\/\/infoecos.com.ar\/?p=80562"},"modified":"2021-07-01T16:20:30","modified_gmt":"2021-07-01T19:20:30","slug":"leve-suba-en-la-cantidad-de-casos-activos-en-el-distrito-de-trenque-lauquen-2","status":"publish","type":"post","link":"https:\/\/infoecos.com.ar\/index.php\/leve-suba-en-la-cantidad-de-casos-activos-en-el-distrito-de-trenque-lauquen-2\/","title":{"rendered":"Leve suba en la cantidad de casos activos en el distrito de Trenque Lauquen"},"content":{"rendered":"\n<p class=\"wp-block-paragraph\">Sesenta y cinco (65) nuevos casos confirmados de Covid-19 en el distrito, 63 personas recuperadas y 36 casos descartados, fueron reportados este jueves por la subsecretar\u00eda de Salud municipal de Trenque Lauquen que, con estos datos, inform\u00f3 que ahora los casos activos son 446 teniendo en cuenta, adem\u00e1s, que dos casos fueron reasignados \u2013uno el mi\u00e9rcoles por la tarde despu\u00e9s del cierre del reporte diario y otro el jueves.<\/p>\n\n\n\n<div class=\"wp-block-image is-style-default\"><figure class=\"aligncenter size-medium\"><img loading=\"lazy\" decoding=\"async\" width=\"460\" height=\"434\" src=\"http:\/\/infoecos.com.ar\/wp-content\/uploads\/2021\/07\/reportejueves-460x434.jpg\" alt=\"\" class=\"wp-image-80563\" srcset=\"https:\/\/infoecos.com.ar\/wp-content\/uploads\/2021\/07\/reportejueves-460x434.jpg 460w, https:\/\/infoecos.com.ar\/wp-content\/uploads\/2021\/07\/reportejueves-768x725.jpg 768w, https:\/\/infoecos.com.ar\/wp-content\/uploads\/2021\/07\/reportejueves.jpg 800w\" sizes=\"auto, (max-width: 460px) 100vw, 460px\" \/><\/figure><\/div>\n\n\n\n<p class=\"wp-block-paragraph\">De los 65 nuevos casos positivos, 39 fueron detectados por hisopado y 26 por nexo o criterio epidemiol\u00f3gico de acuerdo al protocolo actualizado vigente, y 54 corresponden a Trenque Lauquen, cinco (5) a Treinta de Agosto y seis (6) a Beruti.<\/p>\n\n\n\n<p class=\"wp-block-paragraph\">Entre los 446 casos activos, 375 pertenecen a la ciudad cabecera, 46 a Treinta de Agosto, 23 a Beruti y dos (2) a Garr\u00e9: 38 se encuentran en el Hospital Municipal, tres (3) est\u00e1n en el Centro Extrahospitalario que funciona en el ex Hotel Pailla Hu\u00e9 y 405 en sus domicilios particulares.<\/p>\n\n\n\n<p class=\"wp-block-paragraph\">Con las 63 personas recuperadas en las \u00faltimas 24 horas, 61 de Trenque Lauquen y dos (2) de Treinta de Agosto, suman 7.538 las que recibieron el alta desde marzo del a\u00f1o pasado hasta este jueves y en ese mismo per\u00edodo se descartaron 13.386 casos, incluidos los 36 de la fecha: 31 de la ciudad cabecera, tres (3) de Treinta de Agosto y dos (2) de Beruti.<\/p>\n\n\n\n<p class=\"wp-block-paragraph\">Quedan 131 casos sospechosos, 120 de Trenque Lauquen, ocho (8) de Treinta de Agosto, dos (2) de Beruti y uno (1) de Girod\u00edas, y 333 personas en aislamiento, 261 de la ciudad cabecera, 48 de Treinta de Agosto y 24 de Beruti.<\/p>\n","protected":false},"excerpt":{"rendered":"<p>Entre los 446 casos activos, 375 pertenecen a la ciudad cabecera, 46 a Treinta de Agosto, 23 a Beruti y dos (2) a Garr\u00e9: 38 se encuentran en el Hospital Municipal, tres (3) est\u00e1n en el Centro Extrahospitalario que funciona en el ex Hotel Pailla Hu\u00e9 y 405 en sus domicilios particulares<\/p>\n","protected":false},"author":2,"featured_media":35808,"comment_status":"closed","ping_status":"open","sticky":false,"template":"","format":"standard","meta":{"footnotes":""},"categories":[1613],"tags":[1785],"class_list":["post-80562","post","type-post","status-publish","format-standard","has-post-thumbnail","hentry","category-noticia-secundaria","tag-coronavirus"],"featured_image_urls":{"full":"","thumbnail":"","medium":"","medium_large":"","large":"","1536x1536":"","2048x2048":"","covernews-slider-full":"","covernews-slider-center":"","covernews-featured":"","covernews-medium":"","covernews-medium-square":""},"author_info":{"info":["Jorge Matheus"]},"category_info":"<a href=\"https:\/\/infoecos.com.ar\/index.php\/category\/noticia-secundaria\/\" rel=\"category tag\">Noticia Secundaria<\/a>","tag_info":"Noticia Secundaria","comment_count":"0","_links":{"self":[{"href":"https:\/\/infoecos.com.ar\/index.php\/wp-json\/wp\/v2\/posts\/80562","targetHints":{"allow":["GET"]}}],"collection":[{"href":"https:\/\/infoecos.com.ar\/index.php\/wp-json\/wp\/v2\/posts"}],"about":[{"href":"https:\/\/infoecos.com.ar\/index.php\/wp-json\/wp\/v2\/types\/post"}],"author":[{"embeddable":true,"href":"https:\/\/infoecos.com.ar\/index.php\/wp-json\/wp\/v2\/users\/2"}],"replies":[{"embeddable":true,"href":"https:\/\/infoecos.com.ar\/index.php\/wp-json\/wp\/v2\/comments?post=80562"}],"version-history":[{"count":1,"href":"https:\/\/infoecos.com.ar\/index.php\/wp-json\/wp\/v2\/posts\/80562\/revisions"}],"predecessor-version":[{"id":80564,"href":"https:\/\/infoecos.com.ar\/index.php\/wp-json\/wp\/v2\/posts\/80562\/revisions\/80564"}],"wp:attachment":[{"href":"https:\/\/infoecos.com.ar\/index.php\/wp-json\/wp\/v2\/media?parent=80562"}],"wp:term":[{"taxonomy":"category","embeddable":true,"href":"https:\/\/infoecos.com.ar\/index.php\/wp-json\/wp\/v2\/categories?post=80562"},{"taxonomy":"post_tag","embeddable":true,"href":"https:\/\/infoecos.com.ar\/index.php\/wp-json\/wp\/v2\/tags?post=80562"}],"curies":[{"name":"wp","href":"https:\/\/api.w.org\/{rel}","templated":true}]}}