{"id":80642,"date":"2021-07-03T03:16:21","date_gmt":"2021-07-03T06:16:21","guid":{"rendered":"http:\/\/infoecos.com.ar\/?p=80642"},"modified":"2021-07-03T03:16:26","modified_gmt":"2021-07-03T06:16:26","slug":"es-alto-el-numero-de-vacunados-dia-por-dia-en-trenque-lauquen","status":"publish","type":"post","link":"https:\/\/infoecos.com.ar\/index.php\/es-alto-el-numero-de-vacunados-dia-por-dia-en-trenque-lauquen\/","title":{"rendered":"Es alto el n\u00famero de vacunados, d\u00eda por d\u00eda, en Trenque Lauquen"},"content":{"rendered":"\n<p class=\"wp-block-paragraph\">quenSigue siendo alto el n\u00famero de vacunados en las postas sanitarias de Trenque Lauquen ubicadas en el Club Monumental y en el SUM de ATILRA.<\/p>\n\n\n\n<div class=\"wp-block-image is-style-default\"><figure class=\"aligncenter size-medium\"><img loading=\"lazy\" decoding=\"async\" width=\"460\" height=\"460\" src=\"http:\/\/infoecos.com.ar\/wp-content\/uploads\/2021\/07\/vacunaciontl-460x460.jpg\" alt=\"\" class=\"wp-image-80643\" srcset=\"https:\/\/infoecos.com.ar\/wp-content\/uploads\/2021\/07\/vacunaciontl-460x460.jpg 460w, https:\/\/infoecos.com.ar\/wp-content\/uploads\/2021\/07\/vacunaciontl-150x150.jpg 150w, https:\/\/infoecos.com.ar\/wp-content\/uploads\/2021\/07\/vacunaciontl.jpg 526w\" sizes=\"auto, (max-width: 460px) 100vw, 460px\" \/><\/figure><\/div>\n\n\n\n<p class=\"wp-block-paragraph\">La coordinadora del plan, Leticia Badino, hizo saber que este fue el viernes donde se registraron m\u00e1s inoculaciones. Se lleg\u00f3 a 825 personas.<\/p>\n\n\n\n<p class=\"wp-block-paragraph\">Badino, volvi\u00f3 a agradecer a los trabajadores en ambos lugares que \u00ablo ponen todo\u00bb.<\/p>\n\n\n\n<p class=\"wp-block-paragraph\">Por otra parte, en 30 de Agosto, donde funciona en forma itinerante el sistema, la vacunaci\u00f3n ser\u00e1 el pr\u00f3ximo 9 de Julio. <\/p>\n","protected":false},"excerpt":{"rendered":"<p>La coordinadora del plan, Leticia Badino, hizo saber que este fue el viernes donde se registraron m\u00e1s inoculaciones<\/p>\n","protected":false},"author":2,"featured_media":80643,"comment_status":"closed","ping_status":"open","sticky":false,"template":"","format":"standard","meta":{"footnotes":""},"categories":[29],"tags":[1785],"class_list":["post-80642","post","type-post","status-publish","format-standard","has-post-thumbnail","hentry","category-c2nota1","tag-coronavirus"],"featured_image_urls":{"full":["https:\/\/infoecos.com.ar\/wp-content\/uploads\/2021\/07\/vacunaciontl.jpg",526,526,false],"thumbnail":["https:\/\/infoecos.com.ar\/wp-content\/uploads\/2021\/07\/vacunaciontl-150x150.jpg",150,150,true],"medium":["https:\/\/infoecos.com.ar\/wp-content\/uploads\/2021\/07\/vacunaciontl-460x460.jpg",460,460,true],"medium_large":["https:\/\/infoecos.com.ar\/wp-content\/uploads\/2021\/07\/vacunaciontl.jpg",526,526,false],"large":["https:\/\/infoecos.com.ar\/wp-content\/uploads\/2021\/07\/vacunaciontl.jpg",526,526,false],"1536x1536":["https:\/\/infoecos.com.ar\/wp-content\/uploads\/2021\/07\/vacunaciontl.jpg",526,526,false],"2048x2048":["https:\/\/infoecos.com.ar\/wp-content\/uploads\/2021\/07\/vacunaciontl.jpg",526,526,false],"covernews-slider-full":["https:\/\/infoecos.com.ar\/wp-content\/uploads\/2021\/07\/vacunaciontl.jpg",526,526,false],"covernews-slider-center":["https:\/\/infoecos.com.ar\/wp-content\/uploads\/2021\/07\/vacunaciontl.jpg",500,500,false],"covernews-featured":["https:\/\/infoecos.com.ar\/wp-content\/uploads\/2021\/07\/vacunaciontl.jpg",526,526,false],"covernews-medium":["https:\/\/infoecos.com.ar\/wp-content\/uploads\/2021\/07\/vacunaciontl-526x380.jpg",471,340,true],"covernews-medium-square":["https:\/\/infoecos.com.ar\/wp-content\/uploads\/2021\/07\/vacunaciontl-526x450.jpg",292,250,true]},"author_info":{"info":["Jorge Matheus"]},"category_info":"<a href=\"https:\/\/infoecos.com.ar\/index.php\/category\/c2nota1\/\" rel=\"category tag\">C2 nota 1<\/a>","tag_info":"C2 nota 1","comment_count":"0","_links":{"self":[{"href":"https:\/\/infoecos.com.ar\/index.php\/wp-json\/wp\/v2\/posts\/80642","targetHints":{"allow":["GET"]}}],"collection":[{"href":"https:\/\/infoecos.com.ar\/index.php\/wp-json\/wp\/v2\/posts"}],"about":[{"href":"https:\/\/infoecos.com.ar\/index.php\/wp-json\/wp\/v2\/types\/post"}],"author":[{"embeddable":true,"href":"https:\/\/infoecos.com.ar\/index.php\/wp-json\/wp\/v2\/users\/2"}],"replies":[{"embeddable":true,"href":"https:\/\/infoecos.com.ar\/index.php\/wp-json\/wp\/v2\/comments?post=80642"}],"version-history":[{"count":1,"href":"https:\/\/infoecos.com.ar\/index.php\/wp-json\/wp\/v2\/posts\/80642\/revisions"}],"predecessor-version":[{"id":80644,"href":"https:\/\/infoecos.com.ar\/index.php\/wp-json\/wp\/v2\/posts\/80642\/revisions\/80644"}],"wp:featuredmedia":[{"embeddable":true,"href":"https:\/\/infoecos.com.ar\/index.php\/wp-json\/wp\/v2\/media\/80643"}],"wp:attachment":[{"href":"https:\/\/infoecos.com.ar\/index.php\/wp-json\/wp\/v2\/media?parent=80642"}],"wp:term":[{"taxonomy":"category","embeddable":true,"href":"https:\/\/infoecos.com.ar\/index.php\/wp-json\/wp\/v2\/categories?post=80642"},{"taxonomy":"post_tag","embeddable":true,"href":"https:\/\/infoecos.com.ar\/index.php\/wp-json\/wp\/v2\/tags?post=80642"}],"curies":[{"name":"wp","href":"https:\/\/api.w.org\/{rel}","templated":true}]}}