{"id":80653,"date":"2021-07-03T03:50:19","date_gmt":"2021-07-03T06:50:19","guid":{"rendered":"http:\/\/infoecos.com.ar\/?p=80653"},"modified":"2021-07-06T02:48:42","modified_gmt":"2021-07-06T05:48:42","slug":"kicillof-encabezo-el-acto-de-inauguracion-del-nuevo-edificio-de-los-tribunales-de-casacion-penal-en-la-plata","status":"publish","type":"post","link":"https:\/\/infoecos.com.ar\/index.php\/kicillof-encabezo-el-acto-de-inauguracion-del-nuevo-edificio-de-los-tribunales-de-casacion-penal-en-la-plata\/","title":{"rendered":"Kicillof encabez\u00f3 el acto de inauguraci\u00f3n del nuevo edificio de los tribunales de Casaci\u00f3n Penal, en La Plata"},"content":{"rendered":"\n<p>El gobernador Axel Kicillof encabez\u00f3 ayer junto al presidente de la Suprema Corte de Justicia de la Provincia de Buenos Aires, Luis Genoud, y el secretario general de Gobierno, Federico Thea, el acto de inauguraci\u00f3n del nuevo edificio en el que se instalar\u00e1n los tribunales de Casaci\u00f3n Penal y tres oficinas pertenecientes a la Fiscal\u00eda y Defensor\u00eda, en la ciudad de La Plata.<\/p>\n\n\n\n<div class=\"wp-block-image is-style-default\"><figure class=\"aligncenter size-medium\"><img loading=\"lazy\" decoding=\"async\" width=\"460\" height=\"306\" src=\"http:\/\/infoecos.com.ar\/wp-content\/uploads\/2021\/07\/AB6983_2-460x306.jpg\" alt=\"\" class=\"wp-image-80654\" srcset=\"https:\/\/infoecos.com.ar\/wp-content\/uploads\/2021\/07\/AB6983_2-460x306.jpg 460w, https:\/\/infoecos.com.ar\/wp-content\/uploads\/2021\/07\/AB6983_2-920x613.jpg 920w, https:\/\/infoecos.com.ar\/wp-content\/uploads\/2021\/07\/AB6983_2-768x512.jpg 768w, https:\/\/infoecos.com.ar\/wp-content\/uploads\/2021\/07\/AB6983_2-1536x1020.jpg 1536w, https:\/\/infoecos.com.ar\/wp-content\/uploads\/2021\/07\/AB6983_2-2048x1364.jpg 2048w, https:\/\/infoecos.com.ar\/wp-content\/uploads\/2021\/07\/AB6983_2-1024x682.jpg 1024w, https:\/\/infoecos.com.ar\/wp-content\/uploads\/2021\/07\/AB6983_2-675x450.jpg 675w\" sizes=\"(max-width: 460px) 100vw, 460px\" \/><\/figure><\/div>\n\n\n\n<p>\u201cEsta es la primera inauguraci\u00f3n de instalaciones de gran envergadura para el Poder Judicial en esta ciudad durante los \u00faltimos 51 a\u00f1os\u201d, sostuvo el Gobernador, al tiempo que valor\u00f3 que \u201cimpactar\u00e1 sobre la Justicia, pero tambi\u00e9n sobre la ciudad de La Plata, a la que hemos venido a jerarquizar como capital de nuestra Provincia\u201d.<\/p>\n\n\n\n<p>Las obras comenzaron en diciembre de 2016 y fueron paralizadas en noviembre de 2019. Las tareas fueron retomadas en agosto de 2020 y constan de 5.350 metros cuadrados distribuidos en dos subsuelos, planta baja y siete niveles superiores. All\u00ed ya se encuentra instalada la presidencia de Casaci\u00f3n Penal y se prev\u00e9 que trabajar\u00e1n aproximadamente 200 agentes del Poder Judicial.<\/p>\n\n\n\n<div class=\"wp-block-image is-style-default\"><figure class=\"aligncenter size-medium\"><img loading=\"lazy\" decoding=\"async\" width=\"460\" height=\"306\" src=\"http:\/\/infoecos.com.ar\/wp-content\/uploads\/2021\/07\/AB6934_2-460x306.jpg\" alt=\"\" class=\"wp-image-80655\" srcset=\"https:\/\/infoecos.com.ar\/wp-content\/uploads\/2021\/07\/AB6934_2-460x306.jpg 460w, https:\/\/infoecos.com.ar\/wp-content\/uploads\/2021\/07\/AB6934_2-920x613.jpg 920w, https:\/\/infoecos.com.ar\/wp-content\/uploads\/2021\/07\/AB6934_2-768x512.jpg 768w, https:\/\/infoecos.com.ar\/wp-content\/uploads\/2021\/07\/AB6934_2-1536x1020.jpg 1536w, https:\/\/infoecos.com.ar\/wp-content\/uploads\/2021\/07\/AB6934_2-2048x1364.jpg 2048w, https:\/\/infoecos.com.ar\/wp-content\/uploads\/2021\/07\/AB6934_2-1024x682.jpg 1024w, https:\/\/infoecos.com.ar\/wp-content\/uploads\/2021\/07\/AB6934_2-675x450.jpg 675w\" sizes=\"(max-width: 460px) 100vw, 460px\" \/><\/figure><\/div>\n\n\n\n<p>Kicillof subray\u00f3 \u201cla necesidad imperiosa de seguir trabajando de forma coordinada y articulada entre los distintos poderes del Estado\u201d.<\/p>\n","protected":false},"excerpt":{"rendered":"<p>Fue junto al presidente de la Suprema Corte de Justicia de la Provincia, Luis Genoud tras retomar las obras que hab\u00edan sido paralizadas en 2019<\/p>\n","protected":false},"author":2,"featured_media":80655,"comment_status":"closed","ping_status":"open","sticky":false,"template":"","format":"standard","meta":{"footnotes":""},"categories":[201],"tags":[747],"class_list":["post-80653","post","type-post","status-publish","format-standard","has-post-thumbnail","hentry","category-inferior9","tag-politica-y-justicia"],"yoast_head":"<!-- This site is optimized with the Yoast SEO plugin v23.4 - https:\/\/yoast.com\/wordpress\/plugins\/seo\/ -->\n<title>Kicillof encabez\u00f3 el acto de inauguraci\u00f3n del nuevo edificio de los tribunales de Casaci\u00f3n Penal, en La Plata - Infoecos<\/title>\n<meta name=\"robots\" content=\"index, follow, max-snippet:-1, max-image-preview:large, max-video-preview:-1\" \/>\n<link rel=\"canonical\" href=\"https:\/\/infoecos.com.ar\/index.php\/kicillof-encabezo-el-acto-de-inauguracion-del-nuevo-edificio-de-los-tribunales-de-casacion-penal-en-la-plata\/\" \/>\n<meta property=\"og:locale\" content=\"es_ES\" \/>\n<meta property=\"og:type\" content=\"article\" \/>\n<meta property=\"og:title\" content=\"Kicillof encabez\u00f3 el acto de inauguraci\u00f3n del nuevo edificio de los tribunales de Casaci\u00f3n Penal, en La Plata - Infoecos\" \/>\n<meta property=\"og:description\" content=\"Fue junto al presidente de la Suprema Corte de Justicia de la Provincia, Luis Genoud tras retomar las obras que hab\u00edan sido paralizadas en 2019\" \/>\n<meta property=\"og:url\" content=\"https:\/\/infoecos.com.ar\/index.php\/kicillof-encabezo-el-acto-de-inauguracion-del-nuevo-edificio-de-los-tribunales-de-casacion-penal-en-la-plata\/\" \/>\n<meta property=\"og:site_name\" content=\"Infoecos\" \/>\n<meta property=\"article:publisher\" content=\"https:\/\/www.facebook.com\/profile.php?id=100063200290284\" \/>\n<meta property=\"article:published_time\" content=\"2021-07-03T06:50:19+00:00\" \/>\n<meta property=\"article:modified_time\" content=\"2021-07-06T05:48:42+00:00\" \/>\n<meta property=\"og:image\" content=\"https:\/\/infoecos.com.ar\/wp-content\/uploads\/2021\/07\/AB6934_2-scaled.jpg\" \/>\n\t<meta property=\"og:image:width\" content=\"2560\" \/>\n\t<meta property=\"og:image:height\" content=\"1705\" \/>\n\t<meta property=\"og:image:type\" content=\"image\/jpeg\" \/>\n<meta name=\"author\" content=\"Jorge Matheus\" \/>\n<meta name=\"twitter:card\" content=\"summary_large_image\" \/>\n<meta name=\"twitter:creator\" content=\"@infoecos\" \/>\n<meta name=\"twitter:site\" content=\"@infoecos\" \/>\n<meta name=\"twitter:label1\" content=\"Escrito por\" \/>\n\t<meta name=\"twitter:data1\" content=\"Jorge Matheus\" \/>\n\t<meta name=\"twitter:label2\" content=\"Tiempo de lectura\" \/>\n\t<meta name=\"twitter:data2\" content=\"1 minuto\" \/>\n<script type=\"application\/ld+json\" class=\"yoast-schema-graph\">{\"@context\":\"https:\/\/schema.org\",\"@graph\":[{\"@type\":\"Article\",\"@id\":\"https:\/\/infoecos.com.ar\/index.php\/kicillof-encabezo-el-acto-de-inauguracion-del-nuevo-edificio-de-los-tribunales-de-casacion-penal-en-la-plata\/#article\",\"isPartOf\":{\"@id\":\"https:\/\/infoecos.com.ar\/index.php\/kicillof-encabezo-el-acto-de-inauguracion-del-nuevo-edificio-de-los-tribunales-de-casacion-penal-en-la-plata\/\"},\"author\":{\"name\":\"Jorge Matheus\",\"@id\":\"https:\/\/infoecos.com.ar\/#\/schema\/person\/8f5ace5ce73b4b4aac4b7245aee6f191\"},\"headline\":\"Kicillof encabez\u00f3 el acto de inauguraci\u00f3n del nuevo edificio de los tribunales de Casaci\u00f3n Penal, en La Plata\",\"datePublished\":\"2021-07-03T06:50:19+00:00\",\"dateModified\":\"2021-07-06T05:48:42+00:00\",\"mainEntityOfPage\":{\"@id\":\"https:\/\/infoecos.com.ar\/index.php\/kicillof-encabezo-el-acto-de-inauguracion-del-nuevo-edificio-de-los-tribunales-de-casacion-penal-en-la-plata\/\"},\"wordCount\":219,\"publisher\":{\"@id\":\"https:\/\/infoecos.com.ar\/#organization\"},\"image\":{\"@id\":\"https:\/\/infoecos.com.ar\/index.php\/kicillof-encabezo-el-acto-de-inauguracion-del-nuevo-edificio-de-los-tribunales-de-casacion-penal-en-la-plata\/#primaryimage\"},\"thumbnailUrl\":\"https:\/\/infoecos.com.ar\/wp-content\/uploads\/2021\/07\/AB6934_2-scaled.jpg\",\"keywords\":[\"POL\u00cdTICA Y JUSTICIA\"],\"articleSection\":[\"Bloque inferior - 9\"],\"inLanguage\":\"es\"},{\"@type\":\"WebPage\",\"@id\":\"https:\/\/infoecos.com.ar\/index.php\/kicillof-encabezo-el-acto-de-inauguracion-del-nuevo-edificio-de-los-tribunales-de-casacion-penal-en-la-plata\/\",\"url\":\"https:\/\/infoecos.com.ar\/index.php\/kicillof-encabezo-el-acto-de-inauguracion-del-nuevo-edificio-de-los-tribunales-de-casacion-penal-en-la-plata\/\",\"name\":\"Kicillof encabez\u00f3 el acto de inauguraci\u00f3n del nuevo edificio de los tribunales de Casaci\u00f3n Penal, en La Plata - Infoecos\",\"isPartOf\":{\"@id\":\"https:\/\/infoecos.com.ar\/#website\"},\"primaryImageOfPage\":{\"@id\":\"https:\/\/infoecos.com.ar\/index.php\/kicillof-encabezo-el-acto-de-inauguracion-del-nuevo-edificio-de-los-tribunales-de-casacion-penal-en-la-plata\/#primaryimage\"},\"image\":{\"@id\":\"https:\/\/infoecos.com.ar\/index.php\/kicillof-encabezo-el-acto-de-inauguracion-del-nuevo-edificio-de-los-tribunales-de-casacion-penal-en-la-plata\/#primaryimage\"},\"thumbnailUrl\":\"https:\/\/infoecos.com.ar\/wp-content\/uploads\/2021\/07\/AB6934_2-scaled.jpg\",\"datePublished\":\"2021-07-03T06:50:19+00:00\",\"dateModified\":\"2021-07-06T05:48:42+00:00\",\"breadcrumb\":{\"@id\":\"https:\/\/infoecos.com.ar\/index.php\/kicillof-encabezo-el-acto-de-inauguracion-del-nuevo-edificio-de-los-tribunales-de-casacion-penal-en-la-plata\/#breadcrumb\"},\"inLanguage\":\"es\",\"potentialAction\":[{\"@type\":\"ReadAction\",\"target\":[\"https:\/\/infoecos.com.ar\/index.php\/kicillof-encabezo-el-acto-de-inauguracion-del-nuevo-edificio-de-los-tribunales-de-casacion-penal-en-la-plata\/\"]}]},{\"@type\":\"ImageObject\",\"inLanguage\":\"es\",\"@id\":\"https:\/\/infoecos.com.ar\/index.php\/kicillof-encabezo-el-acto-de-inauguracion-del-nuevo-edificio-de-los-tribunales-de-casacion-penal-en-la-plata\/#primaryimage\",\"url\":\"https:\/\/infoecos.com.ar\/wp-content\/uploads\/2021\/07\/AB6934_2-scaled.jpg\",\"contentUrl\":\"https:\/\/infoecos.com.ar\/wp-content\/uploads\/2021\/07\/AB6934_2-scaled.jpg\",\"width\":2560,\"height\":1705},{\"@type\":\"BreadcrumbList\",\"@id\":\"https:\/\/infoecos.com.ar\/index.php\/kicillof-encabezo-el-acto-de-inauguracion-del-nuevo-edificio-de-los-tribunales-de-casacion-penal-en-la-plata\/#breadcrumb\",\"itemListElement\":[{\"@type\":\"ListItem\",\"position\":1,\"name\":\"Portada\",\"item\":\"https:\/\/infoecos.com.ar\/\"},{\"@type\":\"ListItem\",\"position\":2,\"name\":\"Kicillof encabez\u00f3 el acto de inauguraci\u00f3n del nuevo edificio de los tribunales de Casaci\u00f3n Penal, en La Plata\"}]},{\"@type\":\"WebSite\",\"@id\":\"https:\/\/infoecos.com.ar\/#website\",\"url\":\"https:\/\/infoecos.com.ar\/\",\"name\":\"Infoecos\",\"description\":\"Noticias de trenque lauquen y la zona\",\"publisher\":{\"@id\":\"https:\/\/infoecos.com.ar\/#organization\"},\"alternateName\":\"Noticias\",\"potentialAction\":[{\"@type\":\"SearchAction\",\"target\":{\"@type\":\"EntryPoint\",\"urlTemplate\":\"https:\/\/infoecos.com.ar\/?s={search_term_string}\"},\"query-input\":{\"@type\":\"PropertyValueSpecification\",\"valueRequired\":true,\"valueName\":\"search_term_string\"}}],\"inLanguage\":\"es\"},{\"@type\":\"Organization\",\"@id\":\"https:\/\/infoecos.com.ar\/#organization\",\"name\":\"Infoecos\",\"alternateName\":\"Noticias\",\"url\":\"https:\/\/infoecos.com.ar\/\",\"logo\":{\"@type\":\"ImageObject\",\"inLanguage\":\"es\",\"@id\":\"https:\/\/infoecos.com.ar\/#\/schema\/logo\/image\/\",\"url\":\"https:\/\/infoecos.com.ar\/wp-content\/uploads\/2024\/03\/cropped-logo.png\",\"contentUrl\":\"https:\/\/infoecos.com.ar\/wp-content\/uploads\/2024\/03\/cropped-logo.png\",\"width\":374,\"height\":90,\"caption\":\"Infoecos\"},\"image\":{\"@id\":\"https:\/\/infoecos.com.ar\/#\/schema\/logo\/image\/\"},\"sameAs\":[\"https:\/\/www.facebook.com\/profile.php?id=100063200290284\",\"https:\/\/x.com\/infoecos\"]},{\"@type\":\"Person\",\"@id\":\"https:\/\/infoecos.com.ar\/#\/schema\/person\/8f5ace5ce73b4b4aac4b7245aee6f191\",\"name\":\"Jorge Matheus\",\"url\":\"https:\/\/infoecos.com.ar\/index.php\/author\/jomatheus\/\"}]}<\/script>\n<!-- \/ Yoast SEO plugin. -->","yoast_head_json":{"title":"Kicillof encabez\u00f3 el acto de inauguraci\u00f3n del nuevo edificio de los tribunales de Casaci\u00f3n Penal, en La Plata - Infoecos","robots":{"index":"index","follow":"follow","max-snippet":"max-snippet:-1","max-image-preview":"max-image-preview:large","max-video-preview":"max-video-preview:-1"},"canonical":"https:\/\/infoecos.com.ar\/index.php\/kicillof-encabezo-el-acto-de-inauguracion-del-nuevo-edificio-de-los-tribunales-de-casacion-penal-en-la-plata\/","og_locale":"es_ES","og_type":"article","og_title":"Kicillof encabez\u00f3 el acto de inauguraci\u00f3n del nuevo edificio de los tribunales de Casaci\u00f3n Penal, en La Plata - Infoecos","og_description":"Fue junto al presidente de la Suprema Corte de Justicia de la Provincia, Luis Genoud tras retomar las obras que hab\u00edan sido paralizadas en 2019","og_url":"https:\/\/infoecos.com.ar\/index.php\/kicillof-encabezo-el-acto-de-inauguracion-del-nuevo-edificio-de-los-tribunales-de-casacion-penal-en-la-plata\/","og_site_name":"Infoecos","article_publisher":"https:\/\/www.facebook.com\/profile.php?id=100063200290284","article_published_time":"2021-07-03T06:50:19+00:00","article_modified_time":"2021-07-06T05:48:42+00:00","og_image":[{"width":2560,"height":1705,"url":"https:\/\/infoecos.com.ar\/wp-content\/uploads\/2021\/07\/AB6934_2-scaled.jpg","type":"image\/jpeg"}],"author":"Jorge Matheus","twitter_card":"summary_large_image","twitter_creator":"@infoecos","twitter_site":"@infoecos","twitter_misc":{"Escrito por":"Jorge Matheus","Tiempo de lectura":"1 minuto"},"schema":{"@context":"https:\/\/schema.org","@graph":[{"@type":"Article","@id":"https:\/\/infoecos.com.ar\/index.php\/kicillof-encabezo-el-acto-de-inauguracion-del-nuevo-edificio-de-los-tribunales-de-casacion-penal-en-la-plata\/#article","isPartOf":{"@id":"https:\/\/infoecos.com.ar\/index.php\/kicillof-encabezo-el-acto-de-inauguracion-del-nuevo-edificio-de-los-tribunales-de-casacion-penal-en-la-plata\/"},"author":{"name":"Jorge Matheus","@id":"https:\/\/infoecos.com.ar\/#\/schema\/person\/8f5ace5ce73b4b4aac4b7245aee6f191"},"headline":"Kicillof encabez\u00f3 el acto de inauguraci\u00f3n del nuevo edificio de los tribunales de Casaci\u00f3n Penal, en La Plata","datePublished":"2021-07-03T06:50:19+00:00","dateModified":"2021-07-06T05:48:42+00:00","mainEntityOfPage":{"@id":"https:\/\/infoecos.com.ar\/index.php\/kicillof-encabezo-el-acto-de-inauguracion-del-nuevo-edificio-de-los-tribunales-de-casacion-penal-en-la-plata\/"},"wordCount":219,"publisher":{"@id":"https:\/\/infoecos.com.ar\/#organization"},"image":{"@id":"https:\/\/infoecos.com.ar\/index.php\/kicillof-encabezo-el-acto-de-inauguracion-del-nuevo-edificio-de-los-tribunales-de-casacion-penal-en-la-plata\/#primaryimage"},"thumbnailUrl":"https:\/\/infoecos.com.ar\/wp-content\/uploads\/2021\/07\/AB6934_2-scaled.jpg","keywords":["POL\u00cdTICA Y JUSTICIA"],"articleSection":["Bloque inferior - 9"],"inLanguage":"es"},{"@type":"WebPage","@id":"https:\/\/infoecos.com.ar\/index.php\/kicillof-encabezo-el-acto-de-inauguracion-del-nuevo-edificio-de-los-tribunales-de-casacion-penal-en-la-plata\/","url":"https:\/\/infoecos.com.ar\/index.php\/kicillof-encabezo-el-acto-de-inauguracion-del-nuevo-edificio-de-los-tribunales-de-casacion-penal-en-la-plata\/","name":"Kicillof encabez\u00f3 el acto de inauguraci\u00f3n del nuevo edificio de los tribunales de Casaci\u00f3n Penal, en La Plata - Infoecos","isPartOf":{"@id":"https:\/\/infoecos.com.ar\/#website"},"primaryImageOfPage":{"@id":"https:\/\/infoecos.com.ar\/index.php\/kicillof-encabezo-el-acto-de-inauguracion-del-nuevo-edificio-de-los-tribunales-de-casacion-penal-en-la-plata\/#primaryimage"},"image":{"@id":"https:\/\/infoecos.com.ar\/index.php\/kicillof-encabezo-el-acto-de-inauguracion-del-nuevo-edificio-de-los-tribunales-de-casacion-penal-en-la-plata\/#primaryimage"},"thumbnailUrl":"https:\/\/infoecos.com.ar\/wp-content\/uploads\/2021\/07\/AB6934_2-scaled.jpg","datePublished":"2021-07-03T06:50:19+00:00","dateModified":"2021-07-06T05:48:42+00:00","breadcrumb":{"@id":"https:\/\/infoecos.com.ar\/index.php\/kicillof-encabezo-el-acto-de-inauguracion-del-nuevo-edificio-de-los-tribunales-de-casacion-penal-en-la-plata\/#breadcrumb"},"inLanguage":"es","potentialAction":[{"@type":"ReadAction","target":["https:\/\/infoecos.com.ar\/index.php\/kicillof-encabezo-el-acto-de-inauguracion-del-nuevo-edificio-de-los-tribunales-de-casacion-penal-en-la-plata\/"]}]},{"@type":"ImageObject","inLanguage":"es","@id":"https:\/\/infoecos.com.ar\/index.php\/kicillof-encabezo-el-acto-de-inauguracion-del-nuevo-edificio-de-los-tribunales-de-casacion-penal-en-la-plata\/#primaryimage","url":"https:\/\/infoecos.com.ar\/wp-content\/uploads\/2021\/07\/AB6934_2-scaled.jpg","contentUrl":"https:\/\/infoecos.com.ar\/wp-content\/uploads\/2021\/07\/AB6934_2-scaled.jpg","width":2560,"height":1705},{"@type":"BreadcrumbList","@id":"https:\/\/infoecos.com.ar\/index.php\/kicillof-encabezo-el-acto-de-inauguracion-del-nuevo-edificio-de-los-tribunales-de-casacion-penal-en-la-plata\/#breadcrumb","itemListElement":[{"@type":"ListItem","position":1,"name":"Portada","item":"https:\/\/infoecos.com.ar\/"},{"@type":"ListItem","position":2,"name":"Kicillof encabez\u00f3 el acto de inauguraci\u00f3n del nuevo edificio de los tribunales de Casaci\u00f3n Penal, en La Plata"}]},{"@type":"WebSite","@id":"https:\/\/infoecos.com.ar\/#website","url":"https:\/\/infoecos.com.ar\/","name":"Infoecos","description":"Noticias de trenque lauquen y la zona","publisher":{"@id":"https:\/\/infoecos.com.ar\/#organization"},"alternateName":"Noticias","potentialAction":[{"@type":"SearchAction","target":{"@type":"EntryPoint","urlTemplate":"https:\/\/infoecos.com.ar\/?s={search_term_string}"},"query-input":{"@type":"PropertyValueSpecification","valueRequired":true,"valueName":"search_term_string"}}],"inLanguage":"es"},{"@type":"Organization","@id":"https:\/\/infoecos.com.ar\/#organization","name":"Infoecos","alternateName":"Noticias","url":"https:\/\/infoecos.com.ar\/","logo":{"@type":"ImageObject","inLanguage":"es","@id":"https:\/\/infoecos.com.ar\/#\/schema\/logo\/image\/","url":"https:\/\/infoecos.com.ar\/wp-content\/uploads\/2024\/03\/cropped-logo.png","contentUrl":"https:\/\/infoecos.com.ar\/wp-content\/uploads\/2024\/03\/cropped-logo.png","width":374,"height":90,"caption":"Infoecos"},"image":{"@id":"https:\/\/infoecos.com.ar\/#\/schema\/logo\/image\/"},"sameAs":["https:\/\/www.facebook.com\/profile.php?id=100063200290284","https:\/\/x.com\/infoecos"]},{"@type":"Person","@id":"https:\/\/infoecos.com.ar\/#\/schema\/person\/8f5ace5ce73b4b4aac4b7245aee6f191","name":"Jorge Matheus","url":"https:\/\/infoecos.com.ar\/index.php\/author\/jomatheus\/"}]}},"featured_image_urls":{"full":["https:\/\/infoecos.com.ar\/wp-content\/uploads\/2021\/07\/AB6934_2-scaled.jpg",2560,1705,false],"thumbnail":["https:\/\/infoecos.com.ar\/wp-content\/uploads\/2021\/07\/AB6934_2-150x150.jpg",150,150,true],"medium":["https:\/\/infoecos.com.ar\/wp-content\/uploads\/2021\/07\/AB6934_2-460x306.jpg",460,306,true],"medium_large":["https:\/\/infoecos.com.ar\/wp-content\/uploads\/2021\/07\/AB6934_2-768x512.jpg",640,427,true],"large":["https:\/\/infoecos.com.ar\/wp-content\/uploads\/2021\/07\/AB6934_2-920x613.jpg",640,426,true],"1536x1536":["https:\/\/infoecos.com.ar\/wp-content\/uploads\/2021\/07\/AB6934_2-1536x1023.jpg",1536,1023,true],"2048x2048":["https:\/\/infoecos.com.ar\/wp-content\/uploads\/2021\/07\/AB6934_2-2048x1364.jpg",2048,1364,true],"covernews-slider-full":["https:\/\/infoecos.com.ar\/wp-content\/uploads\/2021\/07\/AB6934_2-1536x1020.jpg",1077,715,true],"covernews-slider-center":["https:\/\/infoecos.com.ar\/wp-content\/uploads\/2021\/07\/AB6934_2-936x897.jpg",522,500,true],"covernews-featured":["https:\/\/infoecos.com.ar\/wp-content\/uploads\/2021\/07\/AB6934_2-1024x682.jpg",1024,682,true],"covernews-medium":["https:\/\/infoecos.com.ar\/wp-content\/uploads\/2021\/07\/AB6934_2-720x380.jpg",540,285,true],"covernews-medium-square":["https:\/\/infoecos.com.ar\/wp-content\/uploads\/2021\/07\/AB6934_2-675x450.jpg",375,250,true]},"author_info":{"info":["Jorge Matheus"]},"category_info":"<a href=\"https:\/\/infoecos.com.ar\/index.php\/category\/inferior9\/\" rel=\"category tag\">Bloque inferior - 9<\/a>","tag_info":"Bloque inferior - 9","comment_count":"0","_links":{"self":[{"href":"https:\/\/infoecos.com.ar\/index.php\/wp-json\/wp\/v2\/posts\/80653"}],"collection":[{"href":"https:\/\/infoecos.com.ar\/index.php\/wp-json\/wp\/v2\/posts"}],"about":[{"href":"https:\/\/infoecos.com.ar\/index.php\/wp-json\/wp\/v2\/types\/post"}],"author":[{"embeddable":true,"href":"https:\/\/infoecos.com.ar\/index.php\/wp-json\/wp\/v2\/users\/2"}],"replies":[{"embeddable":true,"href":"https:\/\/infoecos.com.ar\/index.php\/wp-json\/wp\/v2\/comments?post=80653"}],"version-history":[{"count":1,"href":"https:\/\/infoecos.com.ar\/index.php\/wp-json\/wp\/v2\/posts\/80653\/revisions"}],"predecessor-version":[{"id":80656,"href":"https:\/\/infoecos.com.ar\/index.php\/wp-json\/wp\/v2\/posts\/80653\/revisions\/80656"}],"wp:featuredmedia":[{"embeddable":true,"href":"https:\/\/infoecos.com.ar\/index.php\/wp-json\/wp\/v2\/media\/80655"}],"wp:attachment":[{"href":"https:\/\/infoecos.com.ar\/index.php\/wp-json\/wp\/v2\/media?parent=80653"}],"wp:term":[{"taxonomy":"category","embeddable":true,"href":"https:\/\/infoecos.com.ar\/index.php\/wp-json\/wp\/v2\/categories?post=80653"},{"taxonomy":"post_tag","embeddable":true,"href":"https:\/\/infoecos.com.ar\/index.php\/wp-json\/wp\/v2\/tags?post=80653"}],"curies":[{"name":"wp","href":"https:\/\/api.w.org\/{rel}","templated":true}]}}