{"id":80657,"date":"2021-07-03T03:58:35","date_gmt":"2021-07-03T06:58:35","guid":{"rendered":"http:\/\/infoecos.com.ar\/?p=80657"},"modified":"2021-07-03T03:58:38","modified_gmt":"2021-07-03T06:58:38","slug":"la-cupula-del-foro-de-intendentes-radicales-encabezada-por-miguel-fernandez-se-reunio-con-kicillof","status":"publish","type":"post","link":"https:\/\/infoecos.com.ar\/index.php\/la-cupula-del-foro-de-intendentes-radicales-encabezada-por-miguel-fernandez-se-reunio-con-kicillof\/","title":{"rendered":"La c\u00fapula del Foro de Intendentes Radicales, encabezada por Miguel Fern\u00e1ndez, se reuni\u00f3 con Kicillof"},"content":{"rendered":"\n<p>El gobernador de la provincia de Buenos Aires, Axel Kicillof, y la ministra de Gobierno, Teresa Garc\u00eda, recibieron durante m\u00e1s de dos horas a integrantes del Foro de Intendentes Radicales bonaerense, para dialogar con los jefes comunales sobre la marcha del sistema de fases sanitarias vigente en el marco de la pandemia de coronavirus y escuchar propuestas para actualizarlo y mejorarlo.<\/p>\n\n\n\n<div class=\"wp-block-image is-style-default\"><figure class=\"aligncenter size-medium\"><img loading=\"lazy\" decoding=\"async\" width=\"460\" height=\"306\" src=\"http:\/\/infoecos.com.ar\/wp-content\/uploads\/2021\/07\/intendentesradicalesconkici-460x306.jpg\" alt=\"\" class=\"wp-image-80658\" srcset=\"https:\/\/infoecos.com.ar\/wp-content\/uploads\/2021\/07\/intendentesradicalesconkici-460x306.jpg 460w, https:\/\/infoecos.com.ar\/wp-content\/uploads\/2021\/07\/intendentesradicalesconkici-675x450.jpg 675w, https:\/\/infoecos.com.ar\/wp-content\/uploads\/2021\/07\/intendentesradicalesconkici.jpg 696w\" sizes=\"(max-width: 460px) 100vw, 460px\" \/><\/figure><\/div>\n\n\n\n<p>En un comunicado, la Uni\u00f3n C\u00edvica Radical precis\u00f3 este jueves que del encuentro participaron Miguel Fern\u00e1ndez, presidente del Foro, y los intendentes de Rauch, Maximiliano Suescun; de Pellegrini, Guillermo Pacheco; de Suipacha, Alejandro Federico; de Saladillo, Jos\u00e9 Luis Salom\u00f3n; y de Magdalena, Gonzalo Peluso.<\/p>\n\n\n\n<p>Los miembros del Foro destacaron que \u201cel sistema vigente permiti\u00f3 ordenar desde el comienzo de la pandemia las acciones que llevan adelante el gobierno provincial junto a los gobiernos locales para transitar los distintos momentos\u00bb.<\/p>\n\n\n\n<p>\u00abPero los nuevos escenarios y complejidades requieren incorporar algunos nuevos criterios para enriquecer el sistema de toma de decisiones, en funci\u00f3n de la evoluci\u00f3n de los brotes en cada territorio y entendiendo las particularidades de cada localidad\u201d, indicaron.<\/p>\n\n\n\n<p>Se detall\u00f3 que en el transcurso de la reuni\u00f3n hubo acuerdo respecto a la importancia de las actividades educativas con el mayor grado de presencialidad posible, y sobre el esfuerzo compartido por lograr un equilibrio entre aspectos pedag\u00f3gicos y sanitarios.<\/p>\n\n\n\n<div class=\"wp-block-image is-style-default\"><figure class=\"aligncenter size-medium\"><img loading=\"lazy\" decoding=\"async\" width=\"460\" height=\"307\" src=\"http:\/\/infoecos.com.ar\/wp-content\/uploads\/2021\/07\/INTENDENTESSRADICALES-460x307.jpg\" alt=\"\" class=\"wp-image-80659\" srcset=\"https:\/\/infoecos.com.ar\/wp-content\/uploads\/2021\/07\/INTENDENTESSRADICALES-460x307.jpg 460w, https:\/\/infoecos.com.ar\/wp-content\/uploads\/2021\/07\/INTENDENTESSRADICALES-920x613.jpg 920w, https:\/\/infoecos.com.ar\/wp-content\/uploads\/2021\/07\/INTENDENTESSRADICALES-768x512.jpg 768w, https:\/\/infoecos.com.ar\/wp-content\/uploads\/2021\/07\/INTENDENTESSRADICALES-1024x683.jpg 1024w, https:\/\/infoecos.com.ar\/wp-content\/uploads\/2021\/07\/INTENDENTESSRADICALES-675x450.jpg 675w, https:\/\/infoecos.com.ar\/wp-content\/uploads\/2021\/07\/INTENDENTESSRADICALES.jpg 1200w\" sizes=\"(max-width: 460px) 100vw, 460px\" \/><\/figure><\/div>\n\n\n\n<p>Tambi\u00e9n se resalt\u00f3 \u00abel impacto positivo que tiene el progreso de la campa\u00f1a de vacunaci\u00f3n\u00bb, lo que permite observar la mejora de indicadores sanitarios.<\/p>\n\n\n\n<p>Los jefes comunales pidieron al gobernador \u201ccontemplar, adem\u00e1s del valor absoluto de la incidencia, en los municipios que est\u00e1n en fase 2, el comportamiento temporal de dicho indicador para permitir valorar la mejora o no del mismo\u201d.<\/p>\n\n\n\n<p>A la vez, plantearon que los indicadores actuales tengan en cuenta las pol\u00edticas de testeos y el registro de los casos en cada localidad, \u00abpara as\u00ed tener datos m\u00e1s fidedignos sobre la situaci\u00f3n puntual de cada municipio\u00bb.<\/p>\n\n\n\n<p>\u201cEstamos dispuestos a involucrarnos con todas las acciones posibles para que esta situaci\u00f3n que atravesamos concluya con el \u00e9xito que todos deseamos. Por eso aportamos ideas y propuestas para que el actual sistema de fases pueda adecuarse, conforme los nuevos contextos, orient\u00e1ndolo a recuperar a la mayor brevedad posible las actividades cotidianas de nuestra vida en comunidad\u201d, concluyeron desde el Foro.<\/p>\n","protected":false},"excerpt":{"rendered":"<p>Asistieron tambi\u00e9n los intendentes de Rauch, Maximiliano Suescun; de Pellegrini, Guillermo Pacheco; de Suipacha, Alejandro Federico; de Saladillo, Jos\u00e9 Luis Salom\u00f3n; y de Magdalena, Gonzalo Peluso<\/p>\n","protected":false},"author":2,"featured_media":80659,"comment_status":"closed","ping_status":"open","sticky":false,"template":"","format":"standard","meta":{"footnotes":""},"categories":[47],"tags":[4110],"class_list":["post-80657","post","type-post","status-publish","format-standard","has-post-thumbnail","hentry","category-c3nota2","tag-fases-educacion-vacunacion"],"yoast_head":"<!-- This site is optimized with the Yoast SEO plugin v23.4 - https:\/\/yoast.com\/wordpress\/plugins\/seo\/ -->\n<title>La c\u00fapula del Foro de Intendentes Radicales, encabezada por Miguel Fern\u00e1ndez, se reuni\u00f3 con Kicillof - Infoecos<\/title>\n<meta name=\"robots\" content=\"index, follow, max-snippet:-1, max-image-preview:large, max-video-preview:-1\" \/>\n<link rel=\"canonical\" href=\"https:\/\/infoecos.com.ar\/index.php\/la-cupula-del-foro-de-intendentes-radicales-encabezada-por-miguel-fernandez-se-reunio-con-kicillof\/\" \/>\n<meta property=\"og:locale\" content=\"es_ES\" \/>\n<meta property=\"og:type\" content=\"article\" \/>\n<meta property=\"og:title\" content=\"La c\u00fapula del Foro de Intendentes Radicales, encabezada por Miguel Fern\u00e1ndez, se reuni\u00f3 con Kicillof - Infoecos\" \/>\n<meta property=\"og:description\" content=\"Asistieron tambi\u00e9n los intendentes de Rauch, Maximiliano Suescun; de Pellegrini, Guillermo Pacheco; de Suipacha, Alejandro Federico; de Saladillo, Jos\u00e9 Luis Salom\u00f3n; y de Magdalena, Gonzalo Peluso\" \/>\n<meta property=\"og:url\" content=\"https:\/\/infoecos.com.ar\/index.php\/la-cupula-del-foro-de-intendentes-radicales-encabezada-por-miguel-fernandez-se-reunio-con-kicillof\/\" \/>\n<meta property=\"og:site_name\" content=\"Infoecos\" \/>\n<meta property=\"article:publisher\" content=\"https:\/\/www.facebook.com\/profile.php?id=100063200290284\" \/>\n<meta property=\"article:published_time\" content=\"2021-07-03T06:58:35+00:00\" \/>\n<meta property=\"article:modified_time\" content=\"2021-07-03T06:58:38+00:00\" \/>\n<meta property=\"og:image\" content=\"https:\/\/infoecos.com.ar\/wp-content\/uploads\/2021\/07\/INTENDENTESSRADICALES.jpg\" \/>\n\t<meta property=\"og:image:width\" content=\"1200\" \/>\n\t<meta property=\"og:image:height\" content=\"800\" \/>\n\t<meta property=\"og:image:type\" content=\"image\/jpeg\" \/>\n<meta name=\"author\" content=\"Jorge Matheus\" \/>\n<meta name=\"twitter:card\" content=\"summary_large_image\" \/>\n<meta name=\"twitter:creator\" content=\"@infoecos\" \/>\n<meta name=\"twitter:site\" content=\"@infoecos\" \/>\n<meta name=\"twitter:label1\" content=\"Escrito por\" \/>\n\t<meta name=\"twitter:data1\" content=\"Jorge Matheus\" \/>\n\t<meta name=\"twitter:label2\" content=\"Tiempo de lectura\" \/>\n\t<meta name=\"twitter:data2\" content=\"2 minutos\" \/>\n<script type=\"application\/ld+json\" class=\"yoast-schema-graph\">{\"@context\":\"https:\/\/schema.org\",\"@graph\":[{\"@type\":\"Article\",\"@id\":\"https:\/\/infoecos.com.ar\/index.php\/la-cupula-del-foro-de-intendentes-radicales-encabezada-por-miguel-fernandez-se-reunio-con-kicillof\/#article\",\"isPartOf\":{\"@id\":\"https:\/\/infoecos.com.ar\/index.php\/la-cupula-del-foro-de-intendentes-radicales-encabezada-por-miguel-fernandez-se-reunio-con-kicillof\/\"},\"author\":{\"name\":\"Jorge Matheus\",\"@id\":\"https:\/\/infoecos.com.ar\/#\/schema\/person\/8f5ace5ce73b4b4aac4b7245aee6f191\"},\"headline\":\"La c\u00fapula del Foro de Intendentes Radicales, encabezada por Miguel Fern\u00e1ndez, se reuni\u00f3 con Kicillof\",\"datePublished\":\"2021-07-03T06:58:35+00:00\",\"dateModified\":\"2021-07-03T06:58:38+00:00\",\"mainEntityOfPage\":{\"@id\":\"https:\/\/infoecos.com.ar\/index.php\/la-cupula-del-foro-de-intendentes-radicales-encabezada-por-miguel-fernandez-se-reunio-con-kicillof\/\"},\"wordCount\":413,\"publisher\":{\"@id\":\"https:\/\/infoecos.com.ar\/#organization\"},\"image\":{\"@id\":\"https:\/\/infoecos.com.ar\/index.php\/la-cupula-del-foro-de-intendentes-radicales-encabezada-por-miguel-fernandez-se-reunio-con-kicillof\/#primaryimage\"},\"thumbnailUrl\":\"https:\/\/infoecos.com.ar\/wp-content\/uploads\/2021\/07\/INTENDENTESSRADICALES.jpg\",\"keywords\":[\"FASES - EDUCACI\u00d3N - VACUNACI\u00d3N\"],\"articleSection\":[\"C3 N2\"],\"inLanguage\":\"es\"},{\"@type\":\"WebPage\",\"@id\":\"https:\/\/infoecos.com.ar\/index.php\/la-cupula-del-foro-de-intendentes-radicales-encabezada-por-miguel-fernandez-se-reunio-con-kicillof\/\",\"url\":\"https:\/\/infoecos.com.ar\/index.php\/la-cupula-del-foro-de-intendentes-radicales-encabezada-por-miguel-fernandez-se-reunio-con-kicillof\/\",\"name\":\"La c\u00fapula del Foro de Intendentes Radicales, encabezada por Miguel Fern\u00e1ndez, se reuni\u00f3 con Kicillof - Infoecos\",\"isPartOf\":{\"@id\":\"https:\/\/infoecos.com.ar\/#website\"},\"primaryImageOfPage\":{\"@id\":\"https:\/\/infoecos.com.ar\/index.php\/la-cupula-del-foro-de-intendentes-radicales-encabezada-por-miguel-fernandez-se-reunio-con-kicillof\/#primaryimage\"},\"image\":{\"@id\":\"https:\/\/infoecos.com.ar\/index.php\/la-cupula-del-foro-de-intendentes-radicales-encabezada-por-miguel-fernandez-se-reunio-con-kicillof\/#primaryimage\"},\"thumbnailUrl\":\"https:\/\/infoecos.com.ar\/wp-content\/uploads\/2021\/07\/INTENDENTESSRADICALES.jpg\",\"datePublished\":\"2021-07-03T06:58:35+00:00\",\"dateModified\":\"2021-07-03T06:58:38+00:00\",\"breadcrumb\":{\"@id\":\"https:\/\/infoecos.com.ar\/index.php\/la-cupula-del-foro-de-intendentes-radicales-encabezada-por-miguel-fernandez-se-reunio-con-kicillof\/#breadcrumb\"},\"inLanguage\":\"es\",\"potentialAction\":[{\"@type\":\"ReadAction\",\"target\":[\"https:\/\/infoecos.com.ar\/index.php\/la-cupula-del-foro-de-intendentes-radicales-encabezada-por-miguel-fernandez-se-reunio-con-kicillof\/\"]}]},{\"@type\":\"ImageObject\",\"inLanguage\":\"es\",\"@id\":\"https:\/\/infoecos.com.ar\/index.php\/la-cupula-del-foro-de-intendentes-radicales-encabezada-por-miguel-fernandez-se-reunio-con-kicillof\/#primaryimage\",\"url\":\"https:\/\/infoecos.com.ar\/wp-content\/uploads\/2021\/07\/INTENDENTESSRADICALES.jpg\",\"contentUrl\":\"https:\/\/infoecos.com.ar\/wp-content\/uploads\/2021\/07\/INTENDENTESSRADICALES.jpg\",\"width\":1200,\"height\":800},{\"@type\":\"BreadcrumbList\",\"@id\":\"https:\/\/infoecos.com.ar\/index.php\/la-cupula-del-foro-de-intendentes-radicales-encabezada-por-miguel-fernandez-se-reunio-con-kicillof\/#breadcrumb\",\"itemListElement\":[{\"@type\":\"ListItem\",\"position\":1,\"name\":\"Portada\",\"item\":\"https:\/\/infoecos.com.ar\/\"},{\"@type\":\"ListItem\",\"position\":2,\"name\":\"La c\u00fapula del Foro de Intendentes Radicales, encabezada por Miguel Fern\u00e1ndez, se reuni\u00f3 con Kicillof\"}]},{\"@type\":\"WebSite\",\"@id\":\"https:\/\/infoecos.com.ar\/#website\",\"url\":\"https:\/\/infoecos.com.ar\/\",\"name\":\"Infoecos\",\"description\":\"Noticias de trenque lauquen y la zona\",\"publisher\":{\"@id\":\"https:\/\/infoecos.com.ar\/#organization\"},\"alternateName\":\"Noticias\",\"potentialAction\":[{\"@type\":\"SearchAction\",\"target\":{\"@type\":\"EntryPoint\",\"urlTemplate\":\"https:\/\/infoecos.com.ar\/?s={search_term_string}\"},\"query-input\":{\"@type\":\"PropertyValueSpecification\",\"valueRequired\":true,\"valueName\":\"search_term_string\"}}],\"inLanguage\":\"es\"},{\"@type\":\"Organization\",\"@id\":\"https:\/\/infoecos.com.ar\/#organization\",\"name\":\"Infoecos\",\"alternateName\":\"Noticias\",\"url\":\"https:\/\/infoecos.com.ar\/\",\"logo\":{\"@type\":\"ImageObject\",\"inLanguage\":\"es\",\"@id\":\"https:\/\/infoecos.com.ar\/#\/schema\/logo\/image\/\",\"url\":\"https:\/\/infoecos.com.ar\/wp-content\/uploads\/2024\/03\/cropped-logo.png\",\"contentUrl\":\"https:\/\/infoecos.com.ar\/wp-content\/uploads\/2024\/03\/cropped-logo.png\",\"width\":374,\"height\":90,\"caption\":\"Infoecos\"},\"image\":{\"@id\":\"https:\/\/infoecos.com.ar\/#\/schema\/logo\/image\/\"},\"sameAs\":[\"https:\/\/www.facebook.com\/profile.php?id=100063200290284\",\"https:\/\/x.com\/infoecos\"]},{\"@type\":\"Person\",\"@id\":\"https:\/\/infoecos.com.ar\/#\/schema\/person\/8f5ace5ce73b4b4aac4b7245aee6f191\",\"name\":\"Jorge Matheus\",\"url\":\"https:\/\/infoecos.com.ar\/index.php\/author\/jomatheus\/\"}]}<\/script>\n<!-- \/ Yoast SEO plugin. -->","yoast_head_json":{"title":"La c\u00fapula del Foro de Intendentes Radicales, encabezada por Miguel Fern\u00e1ndez, se reuni\u00f3 con Kicillof - Infoecos","robots":{"index":"index","follow":"follow","max-snippet":"max-snippet:-1","max-image-preview":"max-image-preview:large","max-video-preview":"max-video-preview:-1"},"canonical":"https:\/\/infoecos.com.ar\/index.php\/la-cupula-del-foro-de-intendentes-radicales-encabezada-por-miguel-fernandez-se-reunio-con-kicillof\/","og_locale":"es_ES","og_type":"article","og_title":"La c\u00fapula del Foro de Intendentes Radicales, encabezada por Miguel Fern\u00e1ndez, se reuni\u00f3 con Kicillof - Infoecos","og_description":"Asistieron tambi\u00e9n los intendentes de Rauch, Maximiliano Suescun; de Pellegrini, Guillermo Pacheco; de Suipacha, Alejandro Federico; de Saladillo, Jos\u00e9 Luis Salom\u00f3n; y de Magdalena, Gonzalo Peluso","og_url":"https:\/\/infoecos.com.ar\/index.php\/la-cupula-del-foro-de-intendentes-radicales-encabezada-por-miguel-fernandez-se-reunio-con-kicillof\/","og_site_name":"Infoecos","article_publisher":"https:\/\/www.facebook.com\/profile.php?id=100063200290284","article_published_time":"2021-07-03T06:58:35+00:00","article_modified_time":"2021-07-03T06:58:38+00:00","og_image":[{"width":1200,"height":800,"url":"https:\/\/infoecos.com.ar\/wp-content\/uploads\/2021\/07\/INTENDENTESSRADICALES.jpg","type":"image\/jpeg"}],"author":"Jorge Matheus","twitter_card":"summary_large_image","twitter_creator":"@infoecos","twitter_site":"@infoecos","twitter_misc":{"Escrito por":"Jorge Matheus","Tiempo de lectura":"2 minutos"},"schema":{"@context":"https:\/\/schema.org","@graph":[{"@type":"Article","@id":"https:\/\/infoecos.com.ar\/index.php\/la-cupula-del-foro-de-intendentes-radicales-encabezada-por-miguel-fernandez-se-reunio-con-kicillof\/#article","isPartOf":{"@id":"https:\/\/infoecos.com.ar\/index.php\/la-cupula-del-foro-de-intendentes-radicales-encabezada-por-miguel-fernandez-se-reunio-con-kicillof\/"},"author":{"name":"Jorge Matheus","@id":"https:\/\/infoecos.com.ar\/#\/schema\/person\/8f5ace5ce73b4b4aac4b7245aee6f191"},"headline":"La c\u00fapula del Foro de Intendentes Radicales, encabezada por Miguel Fern\u00e1ndez, se reuni\u00f3 con Kicillof","datePublished":"2021-07-03T06:58:35+00:00","dateModified":"2021-07-03T06:58:38+00:00","mainEntityOfPage":{"@id":"https:\/\/infoecos.com.ar\/index.php\/la-cupula-del-foro-de-intendentes-radicales-encabezada-por-miguel-fernandez-se-reunio-con-kicillof\/"},"wordCount":413,"publisher":{"@id":"https:\/\/infoecos.com.ar\/#organization"},"image":{"@id":"https:\/\/infoecos.com.ar\/index.php\/la-cupula-del-foro-de-intendentes-radicales-encabezada-por-miguel-fernandez-se-reunio-con-kicillof\/#primaryimage"},"thumbnailUrl":"https:\/\/infoecos.com.ar\/wp-content\/uploads\/2021\/07\/INTENDENTESSRADICALES.jpg","keywords":["FASES - EDUCACI\u00d3N - VACUNACI\u00d3N"],"articleSection":["C3 N2"],"inLanguage":"es"},{"@type":"WebPage","@id":"https:\/\/infoecos.com.ar\/index.php\/la-cupula-del-foro-de-intendentes-radicales-encabezada-por-miguel-fernandez-se-reunio-con-kicillof\/","url":"https:\/\/infoecos.com.ar\/index.php\/la-cupula-del-foro-de-intendentes-radicales-encabezada-por-miguel-fernandez-se-reunio-con-kicillof\/","name":"La c\u00fapula del Foro de Intendentes Radicales, encabezada por Miguel Fern\u00e1ndez, se reuni\u00f3 con Kicillof - Infoecos","isPartOf":{"@id":"https:\/\/infoecos.com.ar\/#website"},"primaryImageOfPage":{"@id":"https:\/\/infoecos.com.ar\/index.php\/la-cupula-del-foro-de-intendentes-radicales-encabezada-por-miguel-fernandez-se-reunio-con-kicillof\/#primaryimage"},"image":{"@id":"https:\/\/infoecos.com.ar\/index.php\/la-cupula-del-foro-de-intendentes-radicales-encabezada-por-miguel-fernandez-se-reunio-con-kicillof\/#primaryimage"},"thumbnailUrl":"https:\/\/infoecos.com.ar\/wp-content\/uploads\/2021\/07\/INTENDENTESSRADICALES.jpg","datePublished":"2021-07-03T06:58:35+00:00","dateModified":"2021-07-03T06:58:38+00:00","breadcrumb":{"@id":"https:\/\/infoecos.com.ar\/index.php\/la-cupula-del-foro-de-intendentes-radicales-encabezada-por-miguel-fernandez-se-reunio-con-kicillof\/#breadcrumb"},"inLanguage":"es","potentialAction":[{"@type":"ReadAction","target":["https:\/\/infoecos.com.ar\/index.php\/la-cupula-del-foro-de-intendentes-radicales-encabezada-por-miguel-fernandez-se-reunio-con-kicillof\/"]}]},{"@type":"ImageObject","inLanguage":"es","@id":"https:\/\/infoecos.com.ar\/index.php\/la-cupula-del-foro-de-intendentes-radicales-encabezada-por-miguel-fernandez-se-reunio-con-kicillof\/#primaryimage","url":"https:\/\/infoecos.com.ar\/wp-content\/uploads\/2021\/07\/INTENDENTESSRADICALES.jpg","contentUrl":"https:\/\/infoecos.com.ar\/wp-content\/uploads\/2021\/07\/INTENDENTESSRADICALES.jpg","width":1200,"height":800},{"@type":"BreadcrumbList","@id":"https:\/\/infoecos.com.ar\/index.php\/la-cupula-del-foro-de-intendentes-radicales-encabezada-por-miguel-fernandez-se-reunio-con-kicillof\/#breadcrumb","itemListElement":[{"@type":"ListItem","position":1,"name":"Portada","item":"https:\/\/infoecos.com.ar\/"},{"@type":"ListItem","position":2,"name":"La c\u00fapula del Foro de Intendentes Radicales, encabezada por Miguel Fern\u00e1ndez, se reuni\u00f3 con Kicillof"}]},{"@type":"WebSite","@id":"https:\/\/infoecos.com.ar\/#website","url":"https:\/\/infoecos.com.ar\/","name":"Infoecos","description":"Noticias de trenque lauquen y la zona","publisher":{"@id":"https:\/\/infoecos.com.ar\/#organization"},"alternateName":"Noticias","potentialAction":[{"@type":"SearchAction","target":{"@type":"EntryPoint","urlTemplate":"https:\/\/infoecos.com.ar\/?s={search_term_string}"},"query-input":{"@type":"PropertyValueSpecification","valueRequired":true,"valueName":"search_term_string"}}],"inLanguage":"es"},{"@type":"Organization","@id":"https:\/\/infoecos.com.ar\/#organization","name":"Infoecos","alternateName":"Noticias","url":"https:\/\/infoecos.com.ar\/","logo":{"@type":"ImageObject","inLanguage":"es","@id":"https:\/\/infoecos.com.ar\/#\/schema\/logo\/image\/","url":"https:\/\/infoecos.com.ar\/wp-content\/uploads\/2024\/03\/cropped-logo.png","contentUrl":"https:\/\/infoecos.com.ar\/wp-content\/uploads\/2024\/03\/cropped-logo.png","width":374,"height":90,"caption":"Infoecos"},"image":{"@id":"https:\/\/infoecos.com.ar\/#\/schema\/logo\/image\/"},"sameAs":["https:\/\/www.facebook.com\/profile.php?id=100063200290284","https:\/\/x.com\/infoecos"]},{"@type":"Person","@id":"https:\/\/infoecos.com.ar\/#\/schema\/person\/8f5ace5ce73b4b4aac4b7245aee6f191","name":"Jorge Matheus","url":"https:\/\/infoecos.com.ar\/index.php\/author\/jomatheus\/"}]}},"featured_image_urls":{"full":["https:\/\/infoecos.com.ar\/wp-content\/uploads\/2021\/07\/INTENDENTESSRADICALES.jpg",1200,800,false],"thumbnail":["https:\/\/infoecos.com.ar\/wp-content\/uploads\/2021\/07\/INTENDENTESSRADICALES-150x150.jpg",150,150,true],"medium":["https:\/\/infoecos.com.ar\/wp-content\/uploads\/2021\/07\/INTENDENTESSRADICALES-460x307.jpg",460,307,true],"medium_large":["https:\/\/infoecos.com.ar\/wp-content\/uploads\/2021\/07\/INTENDENTESSRADICALES-768x512.jpg",640,427,true],"large":["https:\/\/infoecos.com.ar\/wp-content\/uploads\/2021\/07\/INTENDENTESSRADICALES-920x613.jpg",640,426,true],"1536x1536":["https:\/\/infoecos.com.ar\/wp-content\/uploads\/2021\/07\/INTENDENTESSRADICALES.jpg",1200,800,false],"2048x2048":["https:\/\/infoecos.com.ar\/wp-content\/uploads\/2021\/07\/INTENDENTESSRADICALES.jpg",1200,800,false],"covernews-slider-full":["https:\/\/infoecos.com.ar\/wp-content\/uploads\/2021\/07\/INTENDENTESSRADICALES.jpg",1073,715,false],"covernews-slider-center":["https:\/\/infoecos.com.ar\/wp-content\/uploads\/2021\/07\/INTENDENTESSRADICALES-936x800.jpg",585,500,true],"covernews-featured":["https:\/\/infoecos.com.ar\/wp-content\/uploads\/2021\/07\/INTENDENTESSRADICALES-1024x683.jpg",1024,683,true],"covernews-medium":["https:\/\/infoecos.com.ar\/wp-content\/uploads\/2021\/07\/INTENDENTESSRADICALES-720x380.jpg",540,285,true],"covernews-medium-square":["https:\/\/infoecos.com.ar\/wp-content\/uploads\/2021\/07\/INTENDENTESSRADICALES-675x450.jpg",375,250,true]},"author_info":{"info":["Jorge Matheus"]},"category_info":"<a href=\"https:\/\/infoecos.com.ar\/index.php\/category\/c3nota2\/\" rel=\"category tag\">C3 N2<\/a>","tag_info":"C3 N2","comment_count":"0","_links":{"self":[{"href":"https:\/\/infoecos.com.ar\/index.php\/wp-json\/wp\/v2\/posts\/80657"}],"collection":[{"href":"https:\/\/infoecos.com.ar\/index.php\/wp-json\/wp\/v2\/posts"}],"about":[{"href":"https:\/\/infoecos.com.ar\/index.php\/wp-json\/wp\/v2\/types\/post"}],"author":[{"embeddable":true,"href":"https:\/\/infoecos.com.ar\/index.php\/wp-json\/wp\/v2\/users\/2"}],"replies":[{"embeddable":true,"href":"https:\/\/infoecos.com.ar\/index.php\/wp-json\/wp\/v2\/comments?post=80657"}],"version-history":[{"count":1,"href":"https:\/\/infoecos.com.ar\/index.php\/wp-json\/wp\/v2\/posts\/80657\/revisions"}],"predecessor-version":[{"id":80660,"href":"https:\/\/infoecos.com.ar\/index.php\/wp-json\/wp\/v2\/posts\/80657\/revisions\/80660"}],"wp:featuredmedia":[{"embeddable":true,"href":"https:\/\/infoecos.com.ar\/index.php\/wp-json\/wp\/v2\/media\/80659"}],"wp:attachment":[{"href":"https:\/\/infoecos.com.ar\/index.php\/wp-json\/wp\/v2\/media?parent=80657"}],"wp:term":[{"taxonomy":"category","embeddable":true,"href":"https:\/\/infoecos.com.ar\/index.php\/wp-json\/wp\/v2\/categories?post=80657"},{"taxonomy":"post_tag","embeddable":true,"href":"https:\/\/infoecos.com.ar\/index.php\/wp-json\/wp\/v2\/tags?post=80657"}],"curies":[{"name":"wp","href":"https:\/\/api.w.org\/{rel}","templated":true}]}}