{"id":80664,"date":"2021-07-03T04:11:19","date_gmt":"2021-07-03T07:11:19","guid":{"rendered":"http:\/\/infoecos.com.ar\/?p=80664"},"modified":"2021-07-06T02:48:11","modified_gmt":"2021-07-06T05:48:11","slug":"el-diputado-bucca-busca-que-el-centro-regional-universitario-de-bolivar-se-convierta-en-universidad-nacional","status":"publish","type":"post","link":"https:\/\/infoecos.com.ar\/index.php\/el-diputado-bucca-busca-que-el-centro-regional-universitario-de-bolivar-se-convierta-en-universidad-nacional\/","title":{"rendered":"El diputado Bucca busca que el Centro Regional Universitario de Bol\u00edvar se convierta en Universidad Nacional"},"content":{"rendered":"\n<p class=\"wp-block-paragraph\">El diputado nacional, Eduardo \u201cBali\u201d Bucca, y el ministro de educaci\u00f3n de la Naci\u00f3n, Nicol\u00e1s Trotta, se reunieron para conversar sobre la situaci\u00f3n educativa de Bol\u00edvar. A partir de all\u00ed el legislador aprovech\u00f3 a plantearle tres temas importantes para su ciudad:<strong>&nbsp;<\/strong>la gesti\u00f3n del equipamiento para el nuevo edificio de la Escuela de Educaci\u00f3n Especial 502, el edificio del Instituto 27 y, por \u00faltimo, comenzar con los primeros pasos para poder reconvertir el Centro Regional Universitario en Universidad Nacional<strong>.<\/strong><\/p>\n\n\n\n<div class=\"wp-block-image is-style-default\"><figure class=\"aligncenter size-medium\"><img loading=\"lazy\" decoding=\"async\" width=\"460\" height=\"301\" src=\"http:\/\/infoecos.com.ar\/wp-content\/uploads\/2021\/07\/buccacontrotta-460x301.jpg\" alt=\"\" class=\"wp-image-80665\" srcset=\"https:\/\/infoecos.com.ar\/wp-content\/uploads\/2021\/07\/buccacontrotta-460x301.jpg 460w, https:\/\/infoecos.com.ar\/wp-content\/uploads\/2021\/07\/buccacontrotta-920x603.jpg 920w, https:\/\/infoecos.com.ar\/wp-content\/uploads\/2021\/07\/buccacontrotta-768x503.jpg 768w, https:\/\/infoecos.com.ar\/wp-content\/uploads\/2021\/07\/buccacontrotta-1024x671.jpg 1024w, https:\/\/infoecos.com.ar\/wp-content\/uploads\/2021\/07\/buccacontrotta.jpg 1242w\" sizes=\"auto, (max-width: 460px) 100vw, 460px\" \/><\/figure><\/div>\n\n\n\n<p class=\"wp-block-paragraph\">A prop\u00f3sito Trotta destac\u00f3 que \u201ces importante conocer a trav\u00e9s de Bali que comprende bien la situaci\u00f3n, las iniciativas que se est\u00e1n llevando adelante actualmente, sobre todo de la pr\u00f3xima apertura de la Escuela de Educaci\u00f3n Especial 502\u201d. Sobre la escuela especial 502 \u201cBali\u00bb Bucca detall\u00f3 que \u201ces importante dotarla del equipamiento requerido para cumplir con las necesidades de la comunidad educativa, desde las salas para diversas discapacidades hasta los accesos y dep\u00f3sitos\u201d.<\/p>\n\n\n\n<p class=\"wp-block-paragraph\">\u201cEs un reclamo que viene hace muchos a\u00f1os, y en su momento cuando fui intendente donamos y transferimos el inmueble como terreno para la construcci\u00f3n de este edificio\u201d<strong>, <\/strong>se refiri\u00f3 el diputado al respecto del Instituto 27, donde actualmente se dictan 15 carreras para 1330 estudiantes. Adem\u00e1s Bucca agreg\u00f3 \u201ces un espacio fundamental que responde a demandas educativas de j\u00f3venes y adultos de Bol\u00edvar, sus localidades y otras regiones que favorece al arraigo a nuestra ciudad\u201d.<\/p>\n","protected":false},"excerpt":{"rendered":"<p>Trotta destac\u00f3 que \u201ces importante conocer a trav\u00e9s de Bali que comprende bien la situaci\u00f3n, las iniciativas que se est\u00e1n llevando adelante actualmente, sobre todo de la pr\u00f3xima apertura de la Escuela de Educaci\u00f3n Especial 502\u201d<\/p>\n","protected":false},"author":2,"featured_media":80665,"comment_status":"closed","ping_status":"open","sticky":false,"template":"","format":"standard","meta":{"footnotes":""},"categories":[200],"tags":[4112],"class_list":["post-80664","post","type-post","status-publish","format-standard","has-post-thumbnail","hentry","category-inferior8","tag-se-reunio-con-nicolas-trotta"],"featured_image_urls":{"full":["https:\/\/infoecos.com.ar\/wp-content\/uploads\/2021\/07\/buccacontrotta.jpg",1242,814,false],"thumbnail":["https:\/\/infoecos.com.ar\/wp-content\/uploads\/2021\/07\/buccacontrotta-150x150.jpg",150,150,true],"medium":["https:\/\/infoecos.com.ar\/wp-content\/uploads\/2021\/07\/buccacontrotta-460x301.jpg",460,301,true],"medium_large":["https:\/\/infoecos.com.ar\/wp-content\/uploads\/2021\/07\/buccacontrotta-768x503.jpg",640,419,true],"large":["https:\/\/infoecos.com.ar\/wp-content\/uploads\/2021\/07\/buccacontrotta-920x603.jpg",640,419,true],"1536x1536":["https:\/\/infoecos.com.ar\/wp-content\/uploads\/2021\/07\/buccacontrotta.jpg",1242,814,false],"2048x2048":["https:\/\/infoecos.com.ar\/wp-content\/uploads\/2021\/07\/buccacontrotta.jpg",1242,814,false],"covernews-slider-full":["https:\/\/infoecos.com.ar\/wp-content\/uploads\/2021\/07\/buccacontrotta.jpg",1091,715,false],"covernews-slider-center":["https:\/\/infoecos.com.ar\/wp-content\/uploads\/2021\/07\/buccacontrotta-936x814.jpg",575,500,true],"covernews-featured":["https:\/\/infoecos.com.ar\/wp-content\/uploads\/2021\/07\/buccacontrotta-1024x671.jpg",1024,671,true],"covernews-medium":["https:\/\/infoecos.com.ar\/wp-content\/uploads\/2021\/07\/buccacontrotta-720x380.jpg",540,285,true],"covernews-medium-square":["https:\/\/infoecos.com.ar\/wp-content\/uploads\/2021\/07\/buccacontrotta-675x450.jpg",375,250,true]},"author_info":{"info":["Jorge Matheus"]},"category_info":"<a href=\"https:\/\/infoecos.com.ar\/index.php\/category\/inferior8\/\" rel=\"category tag\">Bloque inferior - 8<\/a>","tag_info":"Bloque inferior - 8","comment_count":"0","_links":{"self":[{"href":"https:\/\/infoecos.com.ar\/index.php\/wp-json\/wp\/v2\/posts\/80664","targetHints":{"allow":["GET"]}}],"collection":[{"href":"https:\/\/infoecos.com.ar\/index.php\/wp-json\/wp\/v2\/posts"}],"about":[{"href":"https:\/\/infoecos.com.ar\/index.php\/wp-json\/wp\/v2\/types\/post"}],"author":[{"embeddable":true,"href":"https:\/\/infoecos.com.ar\/index.php\/wp-json\/wp\/v2\/users\/2"}],"replies":[{"embeddable":true,"href":"https:\/\/infoecos.com.ar\/index.php\/wp-json\/wp\/v2\/comments?post=80664"}],"version-history":[{"count":2,"href":"https:\/\/infoecos.com.ar\/index.php\/wp-json\/wp\/v2\/posts\/80664\/revisions"}],"predecessor-version":[{"id":80804,"href":"https:\/\/infoecos.com.ar\/index.php\/wp-json\/wp\/v2\/posts\/80664\/revisions\/80804"}],"wp:featuredmedia":[{"embeddable":true,"href":"https:\/\/infoecos.com.ar\/index.php\/wp-json\/wp\/v2\/media\/80665"}],"wp:attachment":[{"href":"https:\/\/infoecos.com.ar\/index.php\/wp-json\/wp\/v2\/media?parent=80664"}],"wp:term":[{"taxonomy":"category","embeddable":true,"href":"https:\/\/infoecos.com.ar\/index.php\/wp-json\/wp\/v2\/categories?post=80664"},{"taxonomy":"post_tag","embeddable":true,"href":"https:\/\/infoecos.com.ar\/index.php\/wp-json\/wp\/v2\/tags?post=80664"}],"curies":[{"name":"wp","href":"https:\/\/api.w.org\/{rel}","templated":true}]}}