{"id":80687,"date":"2021-07-04T02:24:48","date_gmt":"2021-07-04T05:24:48","guid":{"rendered":"http:\/\/infoecos.com.ar\/?p=80687"},"modified":"2021-07-04T03:02:39","modified_gmt":"2021-07-04T06:02:39","slug":"el-covid-19-sube-y-baja-el-numero-de-casos-activos-en-el-distrito-de-trenque-lauquen","status":"publish","type":"post","link":"https:\/\/infoecos.com.ar\/index.php\/el-covid-19-sube-y-baja-el-numero-de-casos-activos-en-el-distrito-de-trenque-lauquen\/","title":{"rendered":"Sube y baja en el n\u00famero de casos activos en el distrito de Trenque Lauquen"},"content":{"rendered":"\n<p class=\"wp-block-paragraph\">Sesenta y dos (62) nuevos casos de Covid-19 confirmados, 60 personas m\u00e1s recuperadas, 87 casos descartados, 79 casos sospechosos y 358 personas en aislamiento fueron reportadas este s\u00e1bado por la subsecretar\u00eda de Salud municipal de Trenque Lauquen, que a partir de esta actualizaci\u00f3n estad\u00edstica informa que los casos activos en el distrito ahora son 443.<\/p>\n\n\n\n<p class=\"wp-block-paragraph\">De los 62 nuevos casos positivo, 47 fueron diagnosticados por hisopado y 15 por nexo o criterio epidemiol\u00f3gico seg\u00fan protocolo actualizado vigente, y 51 corresponden a Trenque Lauquen, diez (10) a Treinta de Agosto, uno (1) a Beruti y uno (1) a Garr\u00e9. La suma por localidad da 63, pero la diferencia de uno (1) con el total de casos confirmados obedece a que se volvi\u00f3 a testear a una de las dos personas de Garr\u00e9 que ya estaban registradas como casos activos y se ratific\u00f3 que a\u00fan contin\u00faa en esa situaci\u00f3n.<\/p>\n\n\n\n<div class=\"wp-block-image is-style-default\"><figure class=\"aligncenter size-medium\"><img loading=\"lazy\" decoding=\"async\" width=\"460\" height=\"434\" src=\"http:\/\/infoecos.com.ar\/wp-content\/uploads\/2021\/07\/reportesabado-460x434.jpg\" alt=\"\" class=\"wp-image-80688\" srcset=\"https:\/\/infoecos.com.ar\/wp-content\/uploads\/2021\/07\/reportesabado-460x434.jpg 460w, https:\/\/infoecos.com.ar\/wp-content\/uploads\/2021\/07\/reportesabado-768x725.jpg 768w, https:\/\/infoecos.com.ar\/wp-content\/uploads\/2021\/07\/reportesabado.jpg 800w\" sizes=\"auto, (max-width: 460px) 100vw, 460px\" \/><\/figure><\/div>\n\n\n\n<p class=\"wp-block-paragraph\">Entre los 443 casos activos, 365 pertenecen a la ciudad cabecera, 58 a Treinta de Agosto, 18 a Beruti y dos (2) a Garr\u00e9: 30 se hallan internadas en el Hospital Municipal, dos (2) est\u00e1n en el Centro Extrahospitalario que funciona en el ex Hotel Pailla Hu\u00e9 y 411 en sus domicilios particulares.<\/p>\n\n\n\n<p class=\"wp-block-paragraph\">Las 60 personas recuperadas se distribuyen del siguiente modo: 52 de Trenque Lauquen, dos (2) de Treinta de Agosto y seis (6) de Beruti, siendo 7.663 las que recibieron el alta entre marzo de 2020, cuando se desat\u00f3 la pandemia en nuestro pa\u00eds, y la fecha.<\/p>\n\n\n\n<p class=\"wp-block-paragraph\">En ese mismo per\u00edodo se descartaron 13.535 casos, incluidos los 87 de las \u00faltimas 24 horas, 73 de Trenque Lauquen, diez (10) de Treinta de Agosto, tres (3) de Beruti y uno (1) de Girod\u00edas.<\/p>\n\n\n\n<p class=\"wp-block-paragraph\">Son 79 los casos sospechosos que quedan hasta este s\u00e1bado, 72 de Trenque Lauquen, cinco (5) de Treinta de Agosto y dos (2) de Beruti, y todos se encuentran en sus domicilios. Y hay 358 personas en aislamiento, 281 de Trenque Lauquen, 49 de Treinta de Agosto, 27 de Beruti y una (1) de Garr\u00e9.<\/p>\n","protected":false},"excerpt":{"rendered":"<p>Entre los 443 casos activos, 365 pertenecen a la ciudad cabecera, 58 a Treinta de Agosto, 18 a Beruti y  2 a Garr\u00e9<\/p>\n","protected":false},"author":2,"featured_media":48520,"comment_status":"closed","ping_status":"open","sticky":false,"template":"","format":"standard","meta":{"footnotes":""},"categories":[28],"tags":[1785],"class_list":["post-80687","post","type-post","status-publish","format-standard","has-post-thumbnail","hentry","category-c1nota1","tag-coronavirus"],"featured_image_urls":{"full":"","thumbnail":"","medium":"","medium_large":"","large":"","1536x1536":"","2048x2048":"","covernews-slider-full":"","covernews-slider-center":"","covernews-featured":"","covernews-medium":"","covernews-medium-square":""},"author_info":{"info":["Jorge Matheus"]},"category_info":"<a href=\"https:\/\/infoecos.com.ar\/index.php\/category\/c1nota1\/\" rel=\"category tag\">C1 N1<\/a>","tag_info":"C1 N1","comment_count":"0","_links":{"self":[{"href":"https:\/\/infoecos.com.ar\/index.php\/wp-json\/wp\/v2\/posts\/80687","targetHints":{"allow":["GET"]}}],"collection":[{"href":"https:\/\/infoecos.com.ar\/index.php\/wp-json\/wp\/v2\/posts"}],"about":[{"href":"https:\/\/infoecos.com.ar\/index.php\/wp-json\/wp\/v2\/types\/post"}],"author":[{"embeddable":true,"href":"https:\/\/infoecos.com.ar\/index.php\/wp-json\/wp\/v2\/users\/2"}],"replies":[{"embeddable":true,"href":"https:\/\/infoecos.com.ar\/index.php\/wp-json\/wp\/v2\/comments?post=80687"}],"version-history":[{"count":2,"href":"https:\/\/infoecos.com.ar\/index.php\/wp-json\/wp\/v2\/posts\/80687\/revisions"}],"predecessor-version":[{"id":80703,"href":"https:\/\/infoecos.com.ar\/index.php\/wp-json\/wp\/v2\/posts\/80687\/revisions\/80703"}],"wp:attachment":[{"href":"https:\/\/infoecos.com.ar\/index.php\/wp-json\/wp\/v2\/media?parent=80687"}],"wp:term":[{"taxonomy":"category","embeddable":true,"href":"https:\/\/infoecos.com.ar\/index.php\/wp-json\/wp\/v2\/categories?post=80687"},{"taxonomy":"post_tag","embeddable":true,"href":"https:\/\/infoecos.com.ar\/index.php\/wp-json\/wp\/v2\/tags?post=80687"}],"curies":[{"name":"wp","href":"https:\/\/api.w.org\/{rel}","templated":true}]}}