{"id":80696,"date":"2021-07-04T02:56:59","date_gmt":"2021-07-04T05:56:59","guid":{"rendered":"http:\/\/infoecos.com.ar\/?p=80696"},"modified":"2021-07-05T02:20:25","modified_gmt":"2021-07-05T05:20:25","slug":"fallecio-carlos-petroni-ex-intendente-de-lincoln-por-el-partido-intransigente-tres-dias-de-duelo","status":"publish","type":"post","link":"https:\/\/infoecos.com.ar\/index.php\/fallecio-carlos-petroni-ex-intendente-de-lincoln-por-el-partido-intransigente-tres-dias-de-duelo\/","title":{"rendered":"Falleci\u00f3 Carlos Petroni, ex intendente de Lincoln por el Partido Intransigente: se decretaron tres d\u00edas de duelo"},"content":{"rendered":"\n<p class=\"wp-block-paragraph\">El&nbsp;jefe comunal de Lincoln,&nbsp;Salvador&nbsp;Serenal,&nbsp;decret\u00f3 tres d\u00edas de duelo y banderas a media asta en todo el distrito tras el fallecimiento del ex intendente Carlos Alberto&nbsp;Petroni.&nbsp;&nbsp;<\/p>\n\n\n\n<div class=\"wp-block-image is-style-default\"><figure class=\"aligncenter size-medium\"><img loading=\"lazy\" decoding=\"async\" width=\"460\" height=\"260\" src=\"http:\/\/infoecos.com.ar\/wp-content\/uploads\/2021\/07\/PETRONICARLOS-460x260.jpg\" alt=\"\" class=\"wp-image-80697\" srcset=\"https:\/\/infoecos.com.ar\/wp-content\/uploads\/2021\/07\/PETRONICARLOS-460x260.jpg 460w, https:\/\/infoecos.com.ar\/wp-content\/uploads\/2021\/07\/PETRONICARLOS-768x434.jpg 768w, https:\/\/infoecos.com.ar\/wp-content\/uploads\/2021\/07\/PETRONICARLOS.jpg 777w\" sizes=\"auto, (max-width: 460px) 100vw, 460px\" \/><\/figure><\/div>\n\n\n\n<p class=\"wp-block-paragraph\">En sus redes sociales, Salvador&nbsp;Serenal&nbsp;expres\u00f3&nbsp;a los familiares y seres queridos de&nbsp;Petroni&nbsp;\u201csu profundo pesar y&nbsp;las&nbsp;condolencias&nbsp;de todo su equipo de trabajo\u201d.&nbsp;Adem\u00e1s,&nbsp;destac\u00f3 que el dos veces intendente por el Partido Intransigente&nbsp;\u201cfue un dirigente que estuvo a la altura de las circunstancias en un periodo trascendental para nuestro pa\u00eds como fue la recuperaci\u00f3n de la Democracia\u201d.&nbsp;&nbsp;<\/p>\n\n\n\n<p class=\"wp-block-paragraph\">Por otra parte, el intendente&nbsp;Serenal&nbsp;se\u00f1al\u00f3 que, al frente de la gesti\u00f3n municipal, Carlos&nbsp;Petroni&nbsp;\u201cdemostr\u00f3 grandeza, humildad y gran capacidad para conducir un distrito que necesitaba ampliarse, crecer y modernizarse; tarea que realiz\u00f3 con mucho \u00edmpetu, haciendo buena pol\u00edtica y promoviendo el federalismo\u201d.&nbsp;&nbsp;<\/p>\n\n\n\n<p class=\"wp-block-paragraph\">Carlos Alberto&nbsp;Petroni&nbsp;fue intendente municipal durante dos mandatos. El primero&nbsp;lo llev\u00f3 adelante entre 1984 y 1987, ingresando&nbsp;en&nbsp;lugar&nbsp;del intendente&nbsp;Enrique&nbsp;Menarvino&nbsp;(fallecido en su cargo) y siendo&nbsp;Petroni&nbsp;el primer concejal en la lista vencedora en las Elecciones del \u201883.&nbsp;En tanto, su&nbsp;segundo periodo, ya como jefe comunal electo,&nbsp;ocurri\u00f3 entre&nbsp;1987 y 1991.&nbsp;<\/p>\n","protected":false},"excerpt":{"rendered":"<p>Carlos Alberto Petroni fue intendente municipal durante dos mandatos. 1984\/87 y 1987\/1991<\/p>\n","protected":false},"author":2,"featured_media":80697,"comment_status":"closed","ping_status":"open","sticky":false,"template":"","format":"standard","meta":{"footnotes":""},"categories":[1326],"tags":[4117],"class_list":["post-80696","post","type-post","status-publish","format-standard","has-post-thumbnail","hentry","category-c2nota6","tag-autentico-democrata"],"featured_image_urls":{"full":["https:\/\/infoecos.com.ar\/wp-content\/uploads\/2021\/07\/PETRONICARLOS.jpg",777,439,false],"thumbnail":["https:\/\/infoecos.com.ar\/wp-content\/uploads\/2021\/07\/PETRONICARLOS-150x150.jpg",150,150,true],"medium":["https:\/\/infoecos.com.ar\/wp-content\/uploads\/2021\/07\/PETRONICARLOS-460x260.jpg",460,260,true],"medium_large":["https:\/\/infoecos.com.ar\/wp-content\/uploads\/2021\/07\/PETRONICARLOS-768x434.jpg",640,362,true],"large":["https:\/\/infoecos.com.ar\/wp-content\/uploads\/2021\/07\/PETRONICARLOS.jpg",640,362,false],"1536x1536":["https:\/\/infoecos.com.ar\/wp-content\/uploads\/2021\/07\/PETRONICARLOS.jpg",777,439,false],"2048x2048":["https:\/\/infoecos.com.ar\/wp-content\/uploads\/2021\/07\/PETRONICARLOS.jpg",777,439,false],"covernews-slider-full":["https:\/\/infoecos.com.ar\/wp-content\/uploads\/2021\/07\/PETRONICARLOS.jpg",777,439,false],"covernews-slider-center":["https:\/\/infoecos.com.ar\/wp-content\/uploads\/2021\/07\/PETRONICARLOS.jpg",777,439,false],"covernews-featured":["https:\/\/infoecos.com.ar\/wp-content\/uploads\/2021\/07\/PETRONICARLOS.jpg",777,439,false],"covernews-medium":["https:\/\/infoecos.com.ar\/wp-content\/uploads\/2021\/07\/PETRONICARLOS-720x380.jpg",540,285,true],"covernews-medium-square":["https:\/\/infoecos.com.ar\/wp-content\/uploads\/2021\/07\/PETRONICARLOS-675x439.jpg",384,250,true]},"author_info":{"info":["Jorge Matheus"]},"category_info":"<a href=\"https:\/\/infoecos.com.ar\/index.php\/category\/c2nota6\/\" rel=\"category tag\">C2 N6<\/a>","tag_info":"C2 N6","comment_count":"0","_links":{"self":[{"href":"https:\/\/infoecos.com.ar\/index.php\/wp-json\/wp\/v2\/posts\/80696","targetHints":{"allow":["GET"]}}],"collection":[{"href":"https:\/\/infoecos.com.ar\/index.php\/wp-json\/wp\/v2\/posts"}],"about":[{"href":"https:\/\/infoecos.com.ar\/index.php\/wp-json\/wp\/v2\/types\/post"}],"author":[{"embeddable":true,"href":"https:\/\/infoecos.com.ar\/index.php\/wp-json\/wp\/v2\/users\/2"}],"replies":[{"embeddable":true,"href":"https:\/\/infoecos.com.ar\/index.php\/wp-json\/wp\/v2\/comments?post=80696"}],"version-history":[{"count":2,"href":"https:\/\/infoecos.com.ar\/index.php\/wp-json\/wp\/v2\/posts\/80696\/revisions"}],"predecessor-version":[{"id":80738,"href":"https:\/\/infoecos.com.ar\/index.php\/wp-json\/wp\/v2\/posts\/80696\/revisions\/80738"}],"wp:featuredmedia":[{"embeddable":true,"href":"https:\/\/infoecos.com.ar\/index.php\/wp-json\/wp\/v2\/media\/80697"}],"wp:attachment":[{"href":"https:\/\/infoecos.com.ar\/index.php\/wp-json\/wp\/v2\/media?parent=80696"}],"wp:term":[{"taxonomy":"category","embeddable":true,"href":"https:\/\/infoecos.com.ar\/index.php\/wp-json\/wp\/v2\/categories?post=80696"},{"taxonomy":"post_tag","embeddable":true,"href":"https:\/\/infoecos.com.ar\/index.php\/wp-json\/wp\/v2\/tags?post=80696"}],"curies":[{"name":"wp","href":"https:\/\/api.w.org\/{rel}","templated":true}]}}