{"id":80704,"date":"2021-07-05T00:46:16","date_gmt":"2021-07-05T03:46:16","guid":{"rendered":"http:\/\/infoecos.com.ar\/?p=80704"},"modified":"2021-07-05T00:46:17","modified_gmt":"2021-07-05T03:46:17","slug":"sigue-siendo-alto-el-numero-de-casos-activos-en-el-distrito-de-trenque-lauquen-2","status":"publish","type":"post","link":"https:\/\/infoecos.com.ar\/index.php\/sigue-siendo-alto-el-numero-de-casos-activos-en-el-distrito-de-trenque-lauquen-2\/","title":{"rendered":"Sigue siendo alto el n\u00famero de casos activos en el distrito de Trenque Lauquen"},"content":{"rendered":"\n<p class=\"wp-block-paragraph\">La subsecretar\u00eda de Salud municipal de Trenque Lauquen report\u00f3 este domingo 445 casos activos de Covid-19 en el distrito como consecuencia de haberse registrado 59 nuevos casos positivo, 58 personas m\u00e1s recuperadas y 79 casos descartados, quedando 68 casos sospechosos y 383 personas en aislamiento.<\/p>\n\n\n\n<p class=\"wp-block-paragraph\">Entre los 59 nuevos casos confirmados -38 diagnosticados y 21 por criterio o nexo epidemiol\u00f3gico seg\u00fan protocolo actualizado vigente- 55 corresponden a Trenque Lauquen, tres (3) a Treinta de Agosto y dos (2) a Beruti. El desglose suma 60, pero obedece a que una persona regres\u00f3 a su ciudad de origen y por eso se descuenta.<\/p>\n\n\n\n<div class=\"wp-block-image is-style-default\"><figure class=\"aligncenter size-medium\"><img loading=\"lazy\" decoding=\"async\" width=\"460\" height=\"434\" src=\"http:\/\/infoecos.com.ar\/wp-content\/uploads\/2021\/07\/reportedomingo-460x434.jpg\" alt=\"\" class=\"wp-image-80705\" srcset=\"https:\/\/infoecos.com.ar\/wp-content\/uploads\/2021\/07\/reportedomingo-460x434.jpg 460w, https:\/\/infoecos.com.ar\/wp-content\/uploads\/2021\/07\/reportedomingo-768x725.jpg 768w, https:\/\/infoecos.com.ar\/wp-content\/uploads\/2021\/07\/reportedomingo.jpg 800w\" sizes=\"auto, (max-width: 460px) 100vw, 460px\" \/><\/figure><\/div>\n\n\n\n<p class=\"wp-block-paragraph\">De los 445 casos activos, 370 pertenecen a la ciudad cabecera, 53 a Treinta de Agosto, 20 a Beruti y dos (2) a Garr\u00e9: 31 est\u00e1n internados en el Hospital Municipal, tres (3) se encuentran en el Centro Extrahospitalario del ex Hotel Pailla Hu\u00e8 y 411 en sus domicilios particulares.<\/p>\n\n\n\n<p class=\"wp-block-paragraph\">Ya son 7.720 las personas recuperadas desde marzo de 2020, el inicio de la pandemia, incluidas las 58 que recibieron el alta hoy, 50 de Trenque Lauquen y ocho (8) de Treinta de Agosto. Adem\u00e1s hubo un (1) caso reasignado.<\/p>\n\n\n\n<p class=\"wp-block-paragraph\">Tambi\u00e9n en estos 15 meses se descartaron 13.614 casos, con los 79 de las \u00faltimas 24 horas: 75 de Trenque Lauquen, dos (2) de Treinta de Agosto y dos (2) de Beruti.<\/p>\n\n\n\n<p class=\"wp-block-paragraph\">Quedaban este domingo 68 casos sospechosos \u2013s\u00f3lo uno est\u00e1 en el Centro Extrahospitalario del ex Hotel Pailla Hu\u00e9 y los restantes 67 en sus domicilios particulares-: 61 de Trenque Lauquen, seis (6) de Treinta de Agosto y uno (1) de Beruti. Y hay 383 personas en aislamiento, 313 de la ciudad cabecera, 47 de Treinta de Agosto y 23 de Beruti.<\/p>\n","protected":false},"excerpt":{"rendered":"<p>De los 445 casos activos, 370 pertenecen a la ciudad cabecera, 53 a Treinta de Agosto, 20 a Beruti y dos (2) a Garr\u00e9: 31 est\u00e1n internados en el Hospital Municipal, tres (3) se encuentran en el Centro Extrahospitalario del ex Hotel Pailla Hu\u00e8 y 411 en sus domicilios particulares<\/p>\n","protected":false},"author":2,"featured_media":51134,"comment_status":"closed","ping_status":"open","sticky":false,"template":"","format":"standard","meta":{"footnotes":""},"categories":[1613],"tags":[1785],"class_list":["post-80704","post","type-post","status-publish","format-standard","has-post-thumbnail","hentry","category-noticia-secundaria","tag-coronavirus"],"featured_image_urls":{"full":"","thumbnail":"","medium":"","medium_large":"","large":"","1536x1536":"","2048x2048":"","covernews-slider-full":"","covernews-slider-center":"","covernews-featured":"","covernews-medium":"","covernews-medium-square":""},"author_info":{"info":["Jorge Matheus"]},"category_info":"<a href=\"https:\/\/infoecos.com.ar\/index.php\/category\/noticia-secundaria\/\" rel=\"category tag\">Noticia Secundaria<\/a>","tag_info":"Noticia Secundaria","comment_count":"0","_links":{"self":[{"href":"https:\/\/infoecos.com.ar\/index.php\/wp-json\/wp\/v2\/posts\/80704","targetHints":{"allow":["GET"]}}],"collection":[{"href":"https:\/\/infoecos.com.ar\/index.php\/wp-json\/wp\/v2\/posts"}],"about":[{"href":"https:\/\/infoecos.com.ar\/index.php\/wp-json\/wp\/v2\/types\/post"}],"author":[{"embeddable":true,"href":"https:\/\/infoecos.com.ar\/index.php\/wp-json\/wp\/v2\/users\/2"}],"replies":[{"embeddable":true,"href":"https:\/\/infoecos.com.ar\/index.php\/wp-json\/wp\/v2\/comments?post=80704"}],"version-history":[{"count":1,"href":"https:\/\/infoecos.com.ar\/index.php\/wp-json\/wp\/v2\/posts\/80704\/revisions"}],"predecessor-version":[{"id":80706,"href":"https:\/\/infoecos.com.ar\/index.php\/wp-json\/wp\/v2\/posts\/80704\/revisions\/80706"}],"wp:attachment":[{"href":"https:\/\/infoecos.com.ar\/index.php\/wp-json\/wp\/v2\/media?parent=80704"}],"wp:term":[{"taxonomy":"category","embeddable":true,"href":"https:\/\/infoecos.com.ar\/index.php\/wp-json\/wp\/v2\/categories?post=80704"},{"taxonomy":"post_tag","embeddable":true,"href":"https:\/\/infoecos.com.ar\/index.php\/wp-json\/wp\/v2\/tags?post=80704"}],"curies":[{"name":"wp","href":"https:\/\/api.w.org\/{rel}","templated":true}]}}