{"id":80716,"date":"2021-07-05T01:25:32","date_gmt":"2021-07-05T04:25:32","guid":{"rendered":"http:\/\/infoecos.com.ar\/?p=80716"},"modified":"2021-07-06T02:46:32","modified_gmt":"2021-07-06T05:46:32","slug":"teresa-garcia-ministra-de-gobierno-de-buenos-aires-hablo-de-vacunacion-de-intendentes-radicales-y-casas-de-provincia","status":"publish","type":"post","link":"https:\/\/infoecos.com.ar\/index.php\/teresa-garcia-ministra-de-gobierno-de-buenos-aires-hablo-de-vacunacion-de-intendentes-radicales-y-casas-de-provincia\/","title":{"rendered":"Teresa Garc\u00eda, ministra de Gobierno de Buenos Aires, habl\u00f3 de vacunaci\u00f3n, de  intendentes radicales y Casas de Provincia"},"content":{"rendered":"\n<p>La ministra de Gobierno bonaerense, Teresa Garc\u00eda, ponder\u00f3 la campa\u00f1a de vacunaci\u00f3n de la Provincia y a\u00f1adi\u00f3 que \u201centendemos que con la fluidez de dosis que hay, entre las que han llegado y las que van a llegar, en dos meses tendr\u00edamos que tener inmunizada a la poblaci\u00f3n\u201d.&nbsp;<\/p>\n\n\n\n<div class=\"wp-block-image is-style-default\"><figure class=\"aligncenter size-medium\"><img loading=\"lazy\" decoding=\"async\" width=\"460\" height=\"306\" src=\"http:\/\/infoecos.com.ar\/wp-content\/uploads\/2021\/01\/Garcia-Teresa2-460x306.jpg\" alt=\"\" class=\"wp-image-73164\" srcset=\"https:\/\/infoecos.com.ar\/wp-content\/uploads\/2021\/01\/Garcia-Teresa2-460x306.jpg 460w, https:\/\/infoecos.com.ar\/wp-content\/uploads\/2021\/01\/Garcia-Teresa2-768x511.jpg 768w, https:\/\/infoecos.com.ar\/wp-content\/uploads\/2021\/01\/Garcia-Teresa2-675x450.jpg 675w, https:\/\/infoecos.com.ar\/wp-content\/uploads\/2021\/01\/Garcia-Teresa2.jpg 880w\" sizes=\"(max-width: 460px) 100vw, 460px\" \/><\/figure><\/div>\n\n\n\n<p>En declaraciones formuladas en La Plata explic\u00f3 que \u201cpara frenar una nueva ola de contagio la \u00fanica arma que hay, en el mundo, es la vacuna\u201d y a\u00f1adi\u00f3 que \u201clos mejores anuncios que hace el gobernador, Axel Kicillof, son cuando habilita la vacuna libre\u201d. Destac\u00f3 que esta medida alcanza a quienes \u201cno se inscribieron porque no ten\u00edan el dispositivo o por que la conectividad no es buena, o perdieron el turno porque no lo vieron a tiempo,\u201d o incluso \u201cporque tambi\u00e9n caus\u00f3 un grave da\u00f1o la campa\u00f1a anti vacunas, y, a mucha gente, le gener\u00f3 miedo y confusi\u00f3n\u201d.&nbsp;<\/p>\n\n\n\n<p>Teresa Garc\u00eda dijo que \u201choy en la Provincia ya tenemos 9.700.000 inscriptos sobre una poblaci\u00f3n objetivo de 12 millones de habitantes si contamos a todos los mayores de 18 a\u00f1os y llegamos a las 6.000.000 de personas vacunadas\u201d. En ese marco, se\u00f1al\u00f3 que \u201cla vacuna nos va a ayudar a ver la puerta de salida para comenzar hacia una gesti\u00f3n m\u00e1s acelerada en todo sentido sin que nos frene la pandemia, pero esto todav\u00eda tiene que ir acompa\u00f1ado por cuidados individuales y colectivos\u201d.<\/p>\n\n\n\n<div class=\"wp-block-image is-style-default\"><figure class=\"aligncenter size-medium\"><img loading=\"lazy\" decoding=\"async\" width=\"460\" height=\"307\" src=\"http:\/\/infoecos.com.ar\/wp-content\/uploads\/2021\/07\/INTENDENTESSRADICALES-460x307.jpg\" alt=\"\" class=\"wp-image-80659\" srcset=\"https:\/\/infoecos.com.ar\/wp-content\/uploads\/2021\/07\/INTENDENTESSRADICALES-460x307.jpg 460w, https:\/\/infoecos.com.ar\/wp-content\/uploads\/2021\/07\/INTENDENTESSRADICALES-920x613.jpg 920w, https:\/\/infoecos.com.ar\/wp-content\/uploads\/2021\/07\/INTENDENTESSRADICALES-768x512.jpg 768w, https:\/\/infoecos.com.ar\/wp-content\/uploads\/2021\/07\/INTENDENTESSRADICALES-1024x683.jpg 1024w, https:\/\/infoecos.com.ar\/wp-content\/uploads\/2021\/07\/INTENDENTESSRADICALES-675x450.jpg 675w, https:\/\/infoecos.com.ar\/wp-content\/uploads\/2021\/07\/INTENDENTESSRADICALES.jpg 1200w\" sizes=\"(max-width: 460px) 100vw, 460px\" \/><\/figure><\/div>\n\n\n\n<p>Por otra parte, la ministra de Gobierno destac\u00f3 que la reuni\u00f3n de Axel Kicillof con intendentes del radicalismo y sostuvo que los jefes comunales \u201chicieron consideraciones favorables sobre el porcentaje de poblaci\u00f3n vacunada en cada uno de sus distritos. Estaban todos muy contentos por los avances porque en la mayor\u00eda de los casos tienen entre el 70 y el 80% de la poblaci\u00f3n vacunada\u00bb.<\/p>\n\n\n\n<p>Garc\u00eda explic\u00f3 que los intendentes tambi\u00e9n \u201ctrajeron distintas maneras de reformular las fases que se basan en un Decreto Nacional. El Gobernador explic\u00f3 que en la medida en que bajen un poco m\u00e1s los casos con seguridad se va a modificar el c\u00e1lculo de incidencia y se podr\u00e1 pensar en la presencialidad\u201d.&nbsp;<\/p>\n\n\n\n<p>Con respecto a la iniciativa de crear Casas de la Provincia se\u00f1al\u00f3 que las cr\u00edticas de la oposici\u00f3n est\u00e1n \u201cdentro del rosario \u2018me opongo porque me opongo\u2019, que vienen usando desde que el gobernador asumi\u00f3\u201d.&nbsp;<\/p>\n\n\n\n<p>\u201cHoy la Provincia tiene m\u00e1s de 1200 lugares f\u00edsicos por todo el territorio bonaerense, entre los cuales hay algunos que son alquilados. Eso anualizado suma $1500 millones, pero adem\u00e1s hay que sumarle el gasto en materia de servicios y mantenimiento\u201d.<\/p>\n\n\n\n<p>Teresa Garc\u00eda explic\u00f3 que lo que se propone es la construcci\u00f3n de 17 Casas de la Provincia para centralizar todos los tr\u00e1mites del Estado provincial.&nbsp;<\/p>\n\n\n\n<p>\u201cQuien critica la decisi\u00f3n de un Gobernador que est\u00e1 orientada a ahorrar recursos del Estado y a que todas las delegaciones funcionen juntas para mejorar la vida de los ciudadanos es porque no ve la realidad o es mediocre\u201d, enfatiz\u00f3 Teresa Garc\u00eda.<\/p>\n","protected":false},"excerpt":{"rendered":"<p>Con respecto a la iniciativa de crear Casas de la Provincia se\u00f1al\u00f3 que las cr\u00edticas de la oposici\u00f3n est\u00e1n \u201cdentro del rosario \u2018me opongo porque me opongo\u2019, que vienen usando desde que el gobernador asumi\u00f3\u201d<\/p>\n","protected":false},"author":2,"featured_media":73164,"comment_status":"closed","ping_status":"open","sticky":false,"template":"","format":"standard","meta":{"footnotes":""},"categories":[42],"tags":[4120],"class_list":["post-80716","post","type-post","status-publish","format-standard","has-post-thumbnail","hentry","category-inferior3","tag-estaban-muy-contentos"],"yoast_head":"<!-- This site is optimized with the Yoast SEO plugin v23.4 - https:\/\/yoast.com\/wordpress\/plugins\/seo\/ -->\n<title>Teresa Garc\u00eda, ministra de Gobierno de Buenos Aires, habl\u00f3 de vacunaci\u00f3n, de intendentes radicales y Casas de Provincia - Infoecos<\/title>\n<meta name=\"robots\" content=\"index, follow, max-snippet:-1, max-image-preview:large, max-video-preview:-1\" \/>\n<link rel=\"canonical\" href=\"https:\/\/infoecos.com.ar\/index.php\/teresa-garcia-ministra-de-gobierno-de-buenos-aires-hablo-de-vacunacion-de-intendentes-radicales-y-casas-de-provincia\/\" \/>\n<meta property=\"og:locale\" content=\"es_ES\" \/>\n<meta property=\"og:type\" content=\"article\" \/>\n<meta property=\"og:title\" content=\"Teresa Garc\u00eda, ministra de Gobierno de Buenos Aires, habl\u00f3 de vacunaci\u00f3n, de intendentes radicales y Casas de Provincia - Infoecos\" \/>\n<meta property=\"og:description\" content=\"Con respecto a la iniciativa de crear Casas de la Provincia se\u00f1al\u00f3 que las cr\u00edticas de la oposici\u00f3n est\u00e1n \u201cdentro del rosario \u2018me opongo porque me opongo\u2019, que vienen usando desde que el gobernador asumi\u00f3\u201d\" \/>\n<meta property=\"og:url\" content=\"https:\/\/infoecos.com.ar\/index.php\/teresa-garcia-ministra-de-gobierno-de-buenos-aires-hablo-de-vacunacion-de-intendentes-radicales-y-casas-de-provincia\/\" \/>\n<meta property=\"og:site_name\" content=\"Infoecos\" \/>\n<meta property=\"article:publisher\" content=\"https:\/\/www.facebook.com\/profile.php?id=100063200290284\" \/>\n<meta property=\"article:published_time\" content=\"2021-07-05T04:25:32+00:00\" \/>\n<meta property=\"article:modified_time\" content=\"2021-07-06T05:46:32+00:00\" \/>\n<meta property=\"og:image\" content=\"https:\/\/infoecos.com.ar\/wp-content\/uploads\/2021\/01\/Garcia-Teresa2.jpg\" \/>\n\t<meta property=\"og:image:width\" content=\"880\" \/>\n\t<meta property=\"og:image:height\" content=\"586\" \/>\n\t<meta property=\"og:image:type\" content=\"image\/jpeg\" \/>\n<meta name=\"author\" content=\"Jorge Matheus\" \/>\n<meta name=\"twitter:card\" content=\"summary_large_image\" \/>\n<meta name=\"twitter:creator\" content=\"@infoecos\" \/>\n<meta name=\"twitter:site\" content=\"@infoecos\" \/>\n<meta name=\"twitter:label1\" content=\"Escrito por\" \/>\n\t<meta name=\"twitter:data1\" content=\"Jorge Matheus\" \/>\n\t<meta name=\"twitter:label2\" content=\"Tiempo de lectura\" \/>\n\t<meta name=\"twitter:data2\" content=\"3 minutos\" \/>\n<script type=\"application\/ld+json\" class=\"yoast-schema-graph\">{\"@context\":\"https:\/\/schema.org\",\"@graph\":[{\"@type\":\"Article\",\"@id\":\"https:\/\/infoecos.com.ar\/index.php\/teresa-garcia-ministra-de-gobierno-de-buenos-aires-hablo-de-vacunacion-de-intendentes-radicales-y-casas-de-provincia\/#article\",\"isPartOf\":{\"@id\":\"https:\/\/infoecos.com.ar\/index.php\/teresa-garcia-ministra-de-gobierno-de-buenos-aires-hablo-de-vacunacion-de-intendentes-radicales-y-casas-de-provincia\/\"},\"author\":{\"name\":\"Jorge Matheus\",\"@id\":\"https:\/\/infoecos.com.ar\/#\/schema\/person\/8f5ace5ce73b4b4aac4b7245aee6f191\"},\"headline\":\"Teresa Garc\u00eda, ministra de Gobierno de Buenos Aires, habl\u00f3 de vacunaci\u00f3n, de intendentes radicales y Casas de Provincia\",\"datePublished\":\"2021-07-05T04:25:32+00:00\",\"dateModified\":\"2021-07-06T05:46:32+00:00\",\"mainEntityOfPage\":{\"@id\":\"https:\/\/infoecos.com.ar\/index.php\/teresa-garcia-ministra-de-gobierno-de-buenos-aires-hablo-de-vacunacion-de-intendentes-radicales-y-casas-de-provincia\/\"},\"wordCount\":543,\"publisher\":{\"@id\":\"https:\/\/infoecos.com.ar\/#organization\"},\"image\":{\"@id\":\"https:\/\/infoecos.com.ar\/index.php\/teresa-garcia-ministra-de-gobierno-de-buenos-aires-hablo-de-vacunacion-de-intendentes-radicales-y-casas-de-provincia\/#primaryimage\"},\"thumbnailUrl\":\"https:\/\/infoecos.com.ar\/wp-content\/uploads\/2021\/01\/Garcia-Teresa2.jpg\",\"keywords\":[\"&quot;estaban muy contentos&quot;\"],\"articleSection\":[\"Bloque inferior - 3\"],\"inLanguage\":\"es\"},{\"@type\":\"WebPage\",\"@id\":\"https:\/\/infoecos.com.ar\/index.php\/teresa-garcia-ministra-de-gobierno-de-buenos-aires-hablo-de-vacunacion-de-intendentes-radicales-y-casas-de-provincia\/\",\"url\":\"https:\/\/infoecos.com.ar\/index.php\/teresa-garcia-ministra-de-gobierno-de-buenos-aires-hablo-de-vacunacion-de-intendentes-radicales-y-casas-de-provincia\/\",\"name\":\"Teresa Garc\u00eda, ministra de Gobierno de Buenos Aires, habl\u00f3 de vacunaci\u00f3n, de intendentes radicales y Casas de Provincia - Infoecos\",\"isPartOf\":{\"@id\":\"https:\/\/infoecos.com.ar\/#website\"},\"primaryImageOfPage\":{\"@id\":\"https:\/\/infoecos.com.ar\/index.php\/teresa-garcia-ministra-de-gobierno-de-buenos-aires-hablo-de-vacunacion-de-intendentes-radicales-y-casas-de-provincia\/#primaryimage\"},\"image\":{\"@id\":\"https:\/\/infoecos.com.ar\/index.php\/teresa-garcia-ministra-de-gobierno-de-buenos-aires-hablo-de-vacunacion-de-intendentes-radicales-y-casas-de-provincia\/#primaryimage\"},\"thumbnailUrl\":\"https:\/\/infoecos.com.ar\/wp-content\/uploads\/2021\/01\/Garcia-Teresa2.jpg\",\"datePublished\":\"2021-07-05T04:25:32+00:00\",\"dateModified\":\"2021-07-06T05:46:32+00:00\",\"breadcrumb\":{\"@id\":\"https:\/\/infoecos.com.ar\/index.php\/teresa-garcia-ministra-de-gobierno-de-buenos-aires-hablo-de-vacunacion-de-intendentes-radicales-y-casas-de-provincia\/#breadcrumb\"},\"inLanguage\":\"es\",\"potentialAction\":[{\"@type\":\"ReadAction\",\"target\":[\"https:\/\/infoecos.com.ar\/index.php\/teresa-garcia-ministra-de-gobierno-de-buenos-aires-hablo-de-vacunacion-de-intendentes-radicales-y-casas-de-provincia\/\"]}]},{\"@type\":\"ImageObject\",\"inLanguage\":\"es\",\"@id\":\"https:\/\/infoecos.com.ar\/index.php\/teresa-garcia-ministra-de-gobierno-de-buenos-aires-hablo-de-vacunacion-de-intendentes-radicales-y-casas-de-provincia\/#primaryimage\",\"url\":\"https:\/\/infoecos.com.ar\/wp-content\/uploads\/2021\/01\/Garcia-Teresa2.jpg\",\"contentUrl\":\"https:\/\/infoecos.com.ar\/wp-content\/uploads\/2021\/01\/Garcia-Teresa2.jpg\",\"width\":880,\"height\":586},{\"@type\":\"BreadcrumbList\",\"@id\":\"https:\/\/infoecos.com.ar\/index.php\/teresa-garcia-ministra-de-gobierno-de-buenos-aires-hablo-de-vacunacion-de-intendentes-radicales-y-casas-de-provincia\/#breadcrumb\",\"itemListElement\":[{\"@type\":\"ListItem\",\"position\":1,\"name\":\"Portada\",\"item\":\"https:\/\/infoecos.com.ar\/\"},{\"@type\":\"ListItem\",\"position\":2,\"name\":\"Teresa Garc\u00eda, ministra de Gobierno de Buenos Aires, habl\u00f3 de vacunaci\u00f3n, de intendentes radicales y Casas de Provincia\"}]},{\"@type\":\"WebSite\",\"@id\":\"https:\/\/infoecos.com.ar\/#website\",\"url\":\"https:\/\/infoecos.com.ar\/\",\"name\":\"Infoecos\",\"description\":\"Noticias de trenque lauquen y la zona\",\"publisher\":{\"@id\":\"https:\/\/infoecos.com.ar\/#organization\"},\"alternateName\":\"Noticias\",\"potentialAction\":[{\"@type\":\"SearchAction\",\"target\":{\"@type\":\"EntryPoint\",\"urlTemplate\":\"https:\/\/infoecos.com.ar\/?s={search_term_string}\"},\"query-input\":{\"@type\":\"PropertyValueSpecification\",\"valueRequired\":true,\"valueName\":\"search_term_string\"}}],\"inLanguage\":\"es\"},{\"@type\":\"Organization\",\"@id\":\"https:\/\/infoecos.com.ar\/#organization\",\"name\":\"Infoecos\",\"alternateName\":\"Noticias\",\"url\":\"https:\/\/infoecos.com.ar\/\",\"logo\":{\"@type\":\"ImageObject\",\"inLanguage\":\"es\",\"@id\":\"https:\/\/infoecos.com.ar\/#\/schema\/logo\/image\/\",\"url\":\"https:\/\/infoecos.com.ar\/wp-content\/uploads\/2024\/03\/cropped-logo.png\",\"contentUrl\":\"https:\/\/infoecos.com.ar\/wp-content\/uploads\/2024\/03\/cropped-logo.png\",\"width\":374,\"height\":90,\"caption\":\"Infoecos\"},\"image\":{\"@id\":\"https:\/\/infoecos.com.ar\/#\/schema\/logo\/image\/\"},\"sameAs\":[\"https:\/\/www.facebook.com\/profile.php?id=100063200290284\",\"https:\/\/x.com\/infoecos\"]},{\"@type\":\"Person\",\"@id\":\"https:\/\/infoecos.com.ar\/#\/schema\/person\/8f5ace5ce73b4b4aac4b7245aee6f191\",\"name\":\"Jorge Matheus\",\"url\":\"https:\/\/infoecos.com.ar\/index.php\/author\/jomatheus\/\"}]}<\/script>\n<!-- \/ Yoast SEO plugin. -->","yoast_head_json":{"title":"Teresa Garc\u00eda, ministra de Gobierno de Buenos Aires, habl\u00f3 de vacunaci\u00f3n, de intendentes radicales y Casas de Provincia - Infoecos","robots":{"index":"index","follow":"follow","max-snippet":"max-snippet:-1","max-image-preview":"max-image-preview:large","max-video-preview":"max-video-preview:-1"},"canonical":"https:\/\/infoecos.com.ar\/index.php\/teresa-garcia-ministra-de-gobierno-de-buenos-aires-hablo-de-vacunacion-de-intendentes-radicales-y-casas-de-provincia\/","og_locale":"es_ES","og_type":"article","og_title":"Teresa Garc\u00eda, ministra de Gobierno de Buenos Aires, habl\u00f3 de vacunaci\u00f3n, de intendentes radicales y Casas de Provincia - Infoecos","og_description":"Con respecto a la iniciativa de crear Casas de la Provincia se\u00f1al\u00f3 que las cr\u00edticas de la oposici\u00f3n est\u00e1n \u201cdentro del rosario \u2018me opongo porque me opongo\u2019, que vienen usando desde que el gobernador asumi\u00f3\u201d","og_url":"https:\/\/infoecos.com.ar\/index.php\/teresa-garcia-ministra-de-gobierno-de-buenos-aires-hablo-de-vacunacion-de-intendentes-radicales-y-casas-de-provincia\/","og_site_name":"Infoecos","article_publisher":"https:\/\/www.facebook.com\/profile.php?id=100063200290284","article_published_time":"2021-07-05T04:25:32+00:00","article_modified_time":"2021-07-06T05:46:32+00:00","og_image":[{"width":880,"height":586,"url":"https:\/\/infoecos.com.ar\/wp-content\/uploads\/2021\/01\/Garcia-Teresa2.jpg","type":"image\/jpeg"}],"author":"Jorge Matheus","twitter_card":"summary_large_image","twitter_creator":"@infoecos","twitter_site":"@infoecos","twitter_misc":{"Escrito por":"Jorge Matheus","Tiempo de lectura":"3 minutos"},"schema":{"@context":"https:\/\/schema.org","@graph":[{"@type":"Article","@id":"https:\/\/infoecos.com.ar\/index.php\/teresa-garcia-ministra-de-gobierno-de-buenos-aires-hablo-de-vacunacion-de-intendentes-radicales-y-casas-de-provincia\/#article","isPartOf":{"@id":"https:\/\/infoecos.com.ar\/index.php\/teresa-garcia-ministra-de-gobierno-de-buenos-aires-hablo-de-vacunacion-de-intendentes-radicales-y-casas-de-provincia\/"},"author":{"name":"Jorge Matheus","@id":"https:\/\/infoecos.com.ar\/#\/schema\/person\/8f5ace5ce73b4b4aac4b7245aee6f191"},"headline":"Teresa Garc\u00eda, ministra de Gobierno de Buenos Aires, habl\u00f3 de vacunaci\u00f3n, de intendentes radicales y Casas de Provincia","datePublished":"2021-07-05T04:25:32+00:00","dateModified":"2021-07-06T05:46:32+00:00","mainEntityOfPage":{"@id":"https:\/\/infoecos.com.ar\/index.php\/teresa-garcia-ministra-de-gobierno-de-buenos-aires-hablo-de-vacunacion-de-intendentes-radicales-y-casas-de-provincia\/"},"wordCount":543,"publisher":{"@id":"https:\/\/infoecos.com.ar\/#organization"},"image":{"@id":"https:\/\/infoecos.com.ar\/index.php\/teresa-garcia-ministra-de-gobierno-de-buenos-aires-hablo-de-vacunacion-de-intendentes-radicales-y-casas-de-provincia\/#primaryimage"},"thumbnailUrl":"https:\/\/infoecos.com.ar\/wp-content\/uploads\/2021\/01\/Garcia-Teresa2.jpg","keywords":["&quot;estaban muy contentos&quot;"],"articleSection":["Bloque inferior - 3"],"inLanguage":"es"},{"@type":"WebPage","@id":"https:\/\/infoecos.com.ar\/index.php\/teresa-garcia-ministra-de-gobierno-de-buenos-aires-hablo-de-vacunacion-de-intendentes-radicales-y-casas-de-provincia\/","url":"https:\/\/infoecos.com.ar\/index.php\/teresa-garcia-ministra-de-gobierno-de-buenos-aires-hablo-de-vacunacion-de-intendentes-radicales-y-casas-de-provincia\/","name":"Teresa Garc\u00eda, ministra de Gobierno de Buenos Aires, habl\u00f3 de vacunaci\u00f3n, de intendentes radicales y Casas de Provincia - Infoecos","isPartOf":{"@id":"https:\/\/infoecos.com.ar\/#website"},"primaryImageOfPage":{"@id":"https:\/\/infoecos.com.ar\/index.php\/teresa-garcia-ministra-de-gobierno-de-buenos-aires-hablo-de-vacunacion-de-intendentes-radicales-y-casas-de-provincia\/#primaryimage"},"image":{"@id":"https:\/\/infoecos.com.ar\/index.php\/teresa-garcia-ministra-de-gobierno-de-buenos-aires-hablo-de-vacunacion-de-intendentes-radicales-y-casas-de-provincia\/#primaryimage"},"thumbnailUrl":"https:\/\/infoecos.com.ar\/wp-content\/uploads\/2021\/01\/Garcia-Teresa2.jpg","datePublished":"2021-07-05T04:25:32+00:00","dateModified":"2021-07-06T05:46:32+00:00","breadcrumb":{"@id":"https:\/\/infoecos.com.ar\/index.php\/teresa-garcia-ministra-de-gobierno-de-buenos-aires-hablo-de-vacunacion-de-intendentes-radicales-y-casas-de-provincia\/#breadcrumb"},"inLanguage":"es","potentialAction":[{"@type":"ReadAction","target":["https:\/\/infoecos.com.ar\/index.php\/teresa-garcia-ministra-de-gobierno-de-buenos-aires-hablo-de-vacunacion-de-intendentes-radicales-y-casas-de-provincia\/"]}]},{"@type":"ImageObject","inLanguage":"es","@id":"https:\/\/infoecos.com.ar\/index.php\/teresa-garcia-ministra-de-gobierno-de-buenos-aires-hablo-de-vacunacion-de-intendentes-radicales-y-casas-de-provincia\/#primaryimage","url":"https:\/\/infoecos.com.ar\/wp-content\/uploads\/2021\/01\/Garcia-Teresa2.jpg","contentUrl":"https:\/\/infoecos.com.ar\/wp-content\/uploads\/2021\/01\/Garcia-Teresa2.jpg","width":880,"height":586},{"@type":"BreadcrumbList","@id":"https:\/\/infoecos.com.ar\/index.php\/teresa-garcia-ministra-de-gobierno-de-buenos-aires-hablo-de-vacunacion-de-intendentes-radicales-y-casas-de-provincia\/#breadcrumb","itemListElement":[{"@type":"ListItem","position":1,"name":"Portada","item":"https:\/\/infoecos.com.ar\/"},{"@type":"ListItem","position":2,"name":"Teresa Garc\u00eda, ministra de Gobierno de Buenos Aires, habl\u00f3 de vacunaci\u00f3n, de intendentes radicales y Casas de Provincia"}]},{"@type":"WebSite","@id":"https:\/\/infoecos.com.ar\/#website","url":"https:\/\/infoecos.com.ar\/","name":"Infoecos","description":"Noticias de trenque lauquen y la zona","publisher":{"@id":"https:\/\/infoecos.com.ar\/#organization"},"alternateName":"Noticias","potentialAction":[{"@type":"SearchAction","target":{"@type":"EntryPoint","urlTemplate":"https:\/\/infoecos.com.ar\/?s={search_term_string}"},"query-input":{"@type":"PropertyValueSpecification","valueRequired":true,"valueName":"search_term_string"}}],"inLanguage":"es"},{"@type":"Organization","@id":"https:\/\/infoecos.com.ar\/#organization","name":"Infoecos","alternateName":"Noticias","url":"https:\/\/infoecos.com.ar\/","logo":{"@type":"ImageObject","inLanguage":"es","@id":"https:\/\/infoecos.com.ar\/#\/schema\/logo\/image\/","url":"https:\/\/infoecos.com.ar\/wp-content\/uploads\/2024\/03\/cropped-logo.png","contentUrl":"https:\/\/infoecos.com.ar\/wp-content\/uploads\/2024\/03\/cropped-logo.png","width":374,"height":90,"caption":"Infoecos"},"image":{"@id":"https:\/\/infoecos.com.ar\/#\/schema\/logo\/image\/"},"sameAs":["https:\/\/www.facebook.com\/profile.php?id=100063200290284","https:\/\/x.com\/infoecos"]},{"@type":"Person","@id":"https:\/\/infoecos.com.ar\/#\/schema\/person\/8f5ace5ce73b4b4aac4b7245aee6f191","name":"Jorge Matheus","url":"https:\/\/infoecos.com.ar\/index.php\/author\/jomatheus\/"}]}},"featured_image_urls":{"full":["https:\/\/infoecos.com.ar\/wp-content\/uploads\/2021\/01\/Garcia-Teresa2.jpg",880,586,false],"thumbnail":["https:\/\/infoecos.com.ar\/wp-content\/uploads\/2021\/01\/Garcia-Teresa2-150x150.jpg",150,150,true],"medium":["https:\/\/infoecos.com.ar\/wp-content\/uploads\/2021\/01\/Garcia-Teresa2-460x306.jpg",460,306,true],"medium_large":["https:\/\/infoecos.com.ar\/wp-content\/uploads\/2021\/01\/Garcia-Teresa2-768x511.jpg",640,426,true],"large":["https:\/\/infoecos.com.ar\/wp-content\/uploads\/2021\/01\/Garcia-Teresa2.jpg",640,426,false],"1536x1536":["https:\/\/infoecos.com.ar\/wp-content\/uploads\/2021\/01\/Garcia-Teresa2.jpg",880,586,false],"2048x2048":["https:\/\/infoecos.com.ar\/wp-content\/uploads\/2021\/01\/Garcia-Teresa2.jpg",880,586,false],"covernews-slider-full":["https:\/\/infoecos.com.ar\/wp-content\/uploads\/2021\/01\/Garcia-Teresa2.jpg",880,586,false],"covernews-slider-center":["https:\/\/infoecos.com.ar\/wp-content\/uploads\/2021\/01\/Garcia-Teresa2.jpg",751,500,false],"covernews-featured":["https:\/\/infoecos.com.ar\/wp-content\/uploads\/2021\/01\/Garcia-Teresa2.jpg",880,586,false],"covernews-medium":["https:\/\/infoecos.com.ar\/wp-content\/uploads\/2021\/01\/Garcia-Teresa2-720x380.jpg",540,285,true],"covernews-medium-square":["https:\/\/infoecos.com.ar\/wp-content\/uploads\/2021\/01\/Garcia-Teresa2-675x450.jpg",375,250,true]},"author_info":{"info":["Jorge Matheus"]},"category_info":"<a href=\"https:\/\/infoecos.com.ar\/index.php\/category\/inferior3\/\" rel=\"category tag\">Bloque inferior - 3<\/a>","tag_info":"Bloque inferior - 3","comment_count":"0","_links":{"self":[{"href":"https:\/\/infoecos.com.ar\/index.php\/wp-json\/wp\/v2\/posts\/80716"}],"collection":[{"href":"https:\/\/infoecos.com.ar\/index.php\/wp-json\/wp\/v2\/posts"}],"about":[{"href":"https:\/\/infoecos.com.ar\/index.php\/wp-json\/wp\/v2\/types\/post"}],"author":[{"embeddable":true,"href":"https:\/\/infoecos.com.ar\/index.php\/wp-json\/wp\/v2\/users\/2"}],"replies":[{"embeddable":true,"href":"https:\/\/infoecos.com.ar\/index.php\/wp-json\/wp\/v2\/comments?post=80716"}],"version-history":[{"count":2,"href":"https:\/\/infoecos.com.ar\/index.php\/wp-json\/wp\/v2\/posts\/80716\/revisions"}],"predecessor-version":[{"id":80802,"href":"https:\/\/infoecos.com.ar\/index.php\/wp-json\/wp\/v2\/posts\/80716\/revisions\/80802"}],"wp:featuredmedia":[{"embeddable":true,"href":"https:\/\/infoecos.com.ar\/index.php\/wp-json\/wp\/v2\/media\/73164"}],"wp:attachment":[{"href":"https:\/\/infoecos.com.ar\/index.php\/wp-json\/wp\/v2\/media?parent=80716"}],"wp:term":[{"taxonomy":"category","embeddable":true,"href":"https:\/\/infoecos.com.ar\/index.php\/wp-json\/wp\/v2\/categories?post=80716"},{"taxonomy":"post_tag","embeddable":true,"href":"https:\/\/infoecos.com.ar\/index.php\/wp-json\/wp\/v2\/tags?post=80716"}],"curies":[{"name":"wp","href":"https:\/\/api.w.org\/{rel}","templated":true}]}}