{"id":80724,"date":"2021-07-05T02:05:52","date_gmt":"2021-07-05T05:05:52","guid":{"rendered":"http:\/\/infoecos.com.ar\/?p=80724"},"modified":"2021-07-06T02:46:10","modified_gmt":"2021-07-06T05:46:10","slug":"vialidad-nacional-procedio-a-la-demarcacion-en-la-interseccion-de-las-rutas-nacional-33-y-provincial-60","status":"publish","type":"post","link":"https:\/\/infoecos.com.ar\/index.php\/vialidad-nacional-procedio-a-la-demarcacion-en-la-interseccion-de-las-rutas-nacional-33-y-provincial-60\/","title":{"rendered":"Vialidad Nacional procedi\u00f3 a la demarcaci\u00f3n en la intersecci\u00f3n de las Rutas Nacional 33 y Provincial 60"},"content":{"rendered":"\n<p>El Ministerio de Obras P\u00fablicas a trav\u00e9s de Vialidad Nacional inform\u00f3 que se ejecutaron trabajos de demarcaci\u00f3n horizontal de la calzada en la intersecci\u00f3n de la Ruta Nacional 33 y la Ruta Provincial 60.<\/p>\n\n\n\n<p>Los trabajos consistieron en la extrusi\u00f3n con material termopl\u00e1stico de spray de 3 mm de espesor, pintura de curvas horizontales, eje del camino y l\u00edneas cebradas de isletas de los canteros. Adem\u00e1s, se demarcaron PARE, CEDA EL PASO, flechas y l\u00edneas de detenci\u00f3n.<\/p>\n\n\n\n<p>La mencionada intersecci\u00f3n de la RN 33 y la RP 60 dirige hacia las localidades de Carhu\u00e9 y Huanguel\u00e9n.<\/p>\n\n\n\n<p>Este tramo, ya pintado, se encuentra enmarcado en la Malla 238 -entre Estancia Almaris (Km. 162) y el l\u00edmite con RN 5 (Km. 320)- y fue recientemente repavimentado. Los trabajos se ejecutaron con pintura retrorreflectiva, material termopl\u00e1stico en caliente que asegura una mayor vida \u00fatil a la misma.<\/p>\n\n\n\n<p>Fuente: diarioderivera.com.ar<\/p>\n\n\n\n<div class=\"wp-block-image is-style-default\"><figure class=\"aligncenter size-medium\"><img loading=\"lazy\" decoding=\"async\" width=\"460\" height=\"241\" src=\"http:\/\/infoecos.com.ar\/wp-content\/uploads\/2021\/07\/Ruta-33-y-60-460x241.jpg\" alt=\"\" class=\"wp-image-80725\" srcset=\"https:\/\/infoecos.com.ar\/wp-content\/uploads\/2021\/07\/Ruta-33-y-60-460x241.jpg 460w, https:\/\/infoecos.com.ar\/wp-content\/uploads\/2021\/07\/Ruta-33-y-60-768x403.jpg 768w, https:\/\/infoecos.com.ar\/wp-content\/uploads\/2021\/07\/Ruta-33-y-60.jpg 889w\" sizes=\"(max-width: 460px) 100vw, 460px\" \/><\/figure><\/div>\n\n\n\n<p><\/p>\n","protected":false},"excerpt":{"rendered":"<p>Obras P\u00fablicas a trav\u00e9s de Vialidad Nacional inform\u00f3 que se ejecutaron trabajos de demarcaci\u00f3n horizontal de la calzada en la intersecci\u00f3n de la Ruta Nacional 33 y la Ruta Provincial 60.<\/p>\n","protected":false},"author":2,"featured_media":80725,"comment_status":"closed","ping_status":"open","sticky":false,"template":"","format":"standard","meta":{"footnotes":""},"categories":[41],"tags":[1196],"class_list":["post-80724","post","type-post","status-publish","format-standard","has-post-thumbnail","hentry","category-inferior2","tag-obras-viales"],"yoast_head":"<!-- This site is optimized with the Yoast SEO plugin v23.4 - https:\/\/yoast.com\/wordpress\/plugins\/seo\/ -->\n<title>Vialidad Nacional procedi\u00f3 a la demarcaci\u00f3n en la intersecci\u00f3n de las Rutas Nacional 33 y Provincial 60 - Infoecos<\/title>\n<meta name=\"robots\" content=\"index, follow, max-snippet:-1, max-image-preview:large, max-video-preview:-1\" \/>\n<link rel=\"canonical\" href=\"https:\/\/infoecos.com.ar\/index.php\/vialidad-nacional-procedio-a-la-demarcacion-en-la-interseccion-de-las-rutas-nacional-33-y-provincial-60\/\" \/>\n<meta property=\"og:locale\" content=\"es_ES\" \/>\n<meta property=\"og:type\" content=\"article\" \/>\n<meta property=\"og:title\" content=\"Vialidad Nacional procedi\u00f3 a la demarcaci\u00f3n en la intersecci\u00f3n de las Rutas Nacional 33 y Provincial 60 - Infoecos\" \/>\n<meta property=\"og:description\" content=\"Obras P\u00fablicas a trav\u00e9s de Vialidad Nacional inform\u00f3 que se ejecutaron trabajos de demarcaci\u00f3n horizontal de la calzada en la intersecci\u00f3n de la Ruta Nacional 33 y la Ruta Provincial 60.\" \/>\n<meta property=\"og:url\" content=\"https:\/\/infoecos.com.ar\/index.php\/vialidad-nacional-procedio-a-la-demarcacion-en-la-interseccion-de-las-rutas-nacional-33-y-provincial-60\/\" \/>\n<meta property=\"og:site_name\" content=\"Infoecos\" \/>\n<meta property=\"article:publisher\" content=\"https:\/\/www.facebook.com\/profile.php?id=100063200290284\" \/>\n<meta property=\"article:published_time\" content=\"2021-07-05T05:05:52+00:00\" \/>\n<meta property=\"article:modified_time\" content=\"2021-07-06T05:46:10+00:00\" \/>\n<meta property=\"og:image\" content=\"https:\/\/infoecos.com.ar\/wp-content\/uploads\/2021\/07\/Ruta-33-y-60.jpg\" \/>\n\t<meta property=\"og:image:width\" content=\"889\" \/>\n\t<meta property=\"og:image:height\" content=\"466\" \/>\n\t<meta property=\"og:image:type\" content=\"image\/jpeg\" \/>\n<meta name=\"author\" content=\"Jorge Matheus\" \/>\n<meta name=\"twitter:card\" content=\"summary_large_image\" \/>\n<meta name=\"twitter:creator\" content=\"@infoecos\" \/>\n<meta name=\"twitter:site\" content=\"@infoecos\" \/>\n<meta name=\"twitter:label1\" content=\"Escrito por\" \/>\n\t<meta name=\"twitter:data1\" content=\"Jorge Matheus\" \/>\n\t<meta name=\"twitter:label2\" content=\"Tiempo de lectura\" \/>\n\t<meta name=\"twitter:data2\" content=\"1 minuto\" \/>\n<script type=\"application\/ld+json\" class=\"yoast-schema-graph\">{\"@context\":\"https:\/\/schema.org\",\"@graph\":[{\"@type\":\"Article\",\"@id\":\"https:\/\/infoecos.com.ar\/index.php\/vialidad-nacional-procedio-a-la-demarcacion-en-la-interseccion-de-las-rutas-nacional-33-y-provincial-60\/#article\",\"isPartOf\":{\"@id\":\"https:\/\/infoecos.com.ar\/index.php\/vialidad-nacional-procedio-a-la-demarcacion-en-la-interseccion-de-las-rutas-nacional-33-y-provincial-60\/\"},\"author\":{\"name\":\"Jorge Matheus\",\"@id\":\"https:\/\/infoecos.com.ar\/#\/schema\/person\/8f5ace5ce73b4b4aac4b7245aee6f191\"},\"headline\":\"Vialidad Nacional procedi\u00f3 a la demarcaci\u00f3n en la intersecci\u00f3n de las Rutas Nacional 33 y Provincial 60\",\"datePublished\":\"2021-07-05T05:05:52+00:00\",\"dateModified\":\"2021-07-06T05:46:10+00:00\",\"mainEntityOfPage\":{\"@id\":\"https:\/\/infoecos.com.ar\/index.php\/vialidad-nacional-procedio-a-la-demarcacion-en-la-interseccion-de-las-rutas-nacional-33-y-provincial-60\/\"},\"wordCount\":171,\"publisher\":{\"@id\":\"https:\/\/infoecos.com.ar\/#organization\"},\"image\":{\"@id\":\"https:\/\/infoecos.com.ar\/index.php\/vialidad-nacional-procedio-a-la-demarcacion-en-la-interseccion-de-las-rutas-nacional-33-y-provincial-60\/#primaryimage\"},\"thumbnailUrl\":\"https:\/\/infoecos.com.ar\/wp-content\/uploads\/2021\/07\/Ruta-33-y-60.jpg\",\"keywords\":[\"OBRAS VIALES\"],\"articleSection\":[\"Bloque inferior - 2\"],\"inLanguage\":\"es\"},{\"@type\":\"WebPage\",\"@id\":\"https:\/\/infoecos.com.ar\/index.php\/vialidad-nacional-procedio-a-la-demarcacion-en-la-interseccion-de-las-rutas-nacional-33-y-provincial-60\/\",\"url\":\"https:\/\/infoecos.com.ar\/index.php\/vialidad-nacional-procedio-a-la-demarcacion-en-la-interseccion-de-las-rutas-nacional-33-y-provincial-60\/\",\"name\":\"Vialidad Nacional procedi\u00f3 a la demarcaci\u00f3n en la intersecci\u00f3n de las Rutas Nacional 33 y Provincial 60 - Infoecos\",\"isPartOf\":{\"@id\":\"https:\/\/infoecos.com.ar\/#website\"},\"primaryImageOfPage\":{\"@id\":\"https:\/\/infoecos.com.ar\/index.php\/vialidad-nacional-procedio-a-la-demarcacion-en-la-interseccion-de-las-rutas-nacional-33-y-provincial-60\/#primaryimage\"},\"image\":{\"@id\":\"https:\/\/infoecos.com.ar\/index.php\/vialidad-nacional-procedio-a-la-demarcacion-en-la-interseccion-de-las-rutas-nacional-33-y-provincial-60\/#primaryimage\"},\"thumbnailUrl\":\"https:\/\/infoecos.com.ar\/wp-content\/uploads\/2021\/07\/Ruta-33-y-60.jpg\",\"datePublished\":\"2021-07-05T05:05:52+00:00\",\"dateModified\":\"2021-07-06T05:46:10+00:00\",\"breadcrumb\":{\"@id\":\"https:\/\/infoecos.com.ar\/index.php\/vialidad-nacional-procedio-a-la-demarcacion-en-la-interseccion-de-las-rutas-nacional-33-y-provincial-60\/#breadcrumb\"},\"inLanguage\":\"es\",\"potentialAction\":[{\"@type\":\"ReadAction\",\"target\":[\"https:\/\/infoecos.com.ar\/index.php\/vialidad-nacional-procedio-a-la-demarcacion-en-la-interseccion-de-las-rutas-nacional-33-y-provincial-60\/\"]}]},{\"@type\":\"ImageObject\",\"inLanguage\":\"es\",\"@id\":\"https:\/\/infoecos.com.ar\/index.php\/vialidad-nacional-procedio-a-la-demarcacion-en-la-interseccion-de-las-rutas-nacional-33-y-provincial-60\/#primaryimage\",\"url\":\"https:\/\/infoecos.com.ar\/wp-content\/uploads\/2021\/07\/Ruta-33-y-60.jpg\",\"contentUrl\":\"https:\/\/infoecos.com.ar\/wp-content\/uploads\/2021\/07\/Ruta-33-y-60.jpg\",\"width\":889,\"height\":466},{\"@type\":\"BreadcrumbList\",\"@id\":\"https:\/\/infoecos.com.ar\/index.php\/vialidad-nacional-procedio-a-la-demarcacion-en-la-interseccion-de-las-rutas-nacional-33-y-provincial-60\/#breadcrumb\",\"itemListElement\":[{\"@type\":\"ListItem\",\"position\":1,\"name\":\"Portada\",\"item\":\"https:\/\/infoecos.com.ar\/\"},{\"@type\":\"ListItem\",\"position\":2,\"name\":\"Vialidad Nacional procedi\u00f3 a la demarcaci\u00f3n en la intersecci\u00f3n de las Rutas Nacional 33 y Provincial 60\"}]},{\"@type\":\"WebSite\",\"@id\":\"https:\/\/infoecos.com.ar\/#website\",\"url\":\"https:\/\/infoecos.com.ar\/\",\"name\":\"Infoecos\",\"description\":\"Noticias de trenque lauquen y la zona\",\"publisher\":{\"@id\":\"https:\/\/infoecos.com.ar\/#organization\"},\"alternateName\":\"Noticias\",\"potentialAction\":[{\"@type\":\"SearchAction\",\"target\":{\"@type\":\"EntryPoint\",\"urlTemplate\":\"https:\/\/infoecos.com.ar\/?s={search_term_string}\"},\"query-input\":{\"@type\":\"PropertyValueSpecification\",\"valueRequired\":true,\"valueName\":\"search_term_string\"}}],\"inLanguage\":\"es\"},{\"@type\":\"Organization\",\"@id\":\"https:\/\/infoecos.com.ar\/#organization\",\"name\":\"Infoecos\",\"alternateName\":\"Noticias\",\"url\":\"https:\/\/infoecos.com.ar\/\",\"logo\":{\"@type\":\"ImageObject\",\"inLanguage\":\"es\",\"@id\":\"https:\/\/infoecos.com.ar\/#\/schema\/logo\/image\/\",\"url\":\"https:\/\/infoecos.com.ar\/wp-content\/uploads\/2024\/03\/cropped-logo.png\",\"contentUrl\":\"https:\/\/infoecos.com.ar\/wp-content\/uploads\/2024\/03\/cropped-logo.png\",\"width\":374,\"height\":90,\"caption\":\"Infoecos\"},\"image\":{\"@id\":\"https:\/\/infoecos.com.ar\/#\/schema\/logo\/image\/\"},\"sameAs\":[\"https:\/\/www.facebook.com\/profile.php?id=100063200290284\",\"https:\/\/x.com\/infoecos\"]},{\"@type\":\"Person\",\"@id\":\"https:\/\/infoecos.com.ar\/#\/schema\/person\/8f5ace5ce73b4b4aac4b7245aee6f191\",\"name\":\"Jorge Matheus\",\"url\":\"https:\/\/infoecos.com.ar\/index.php\/author\/jomatheus\/\"}]}<\/script>\n<!-- \/ Yoast SEO plugin. -->","yoast_head_json":{"title":"Vialidad Nacional procedi\u00f3 a la demarcaci\u00f3n en la intersecci\u00f3n de las Rutas Nacional 33 y Provincial 60 - Infoecos","robots":{"index":"index","follow":"follow","max-snippet":"max-snippet:-1","max-image-preview":"max-image-preview:large","max-video-preview":"max-video-preview:-1"},"canonical":"https:\/\/infoecos.com.ar\/index.php\/vialidad-nacional-procedio-a-la-demarcacion-en-la-interseccion-de-las-rutas-nacional-33-y-provincial-60\/","og_locale":"es_ES","og_type":"article","og_title":"Vialidad Nacional procedi\u00f3 a la demarcaci\u00f3n en la intersecci\u00f3n de las Rutas Nacional 33 y Provincial 60 - Infoecos","og_description":"Obras P\u00fablicas a trav\u00e9s de Vialidad Nacional inform\u00f3 que se ejecutaron trabajos de demarcaci\u00f3n horizontal de la calzada en la intersecci\u00f3n de la Ruta Nacional 33 y la Ruta Provincial 60.","og_url":"https:\/\/infoecos.com.ar\/index.php\/vialidad-nacional-procedio-a-la-demarcacion-en-la-interseccion-de-las-rutas-nacional-33-y-provincial-60\/","og_site_name":"Infoecos","article_publisher":"https:\/\/www.facebook.com\/profile.php?id=100063200290284","article_published_time":"2021-07-05T05:05:52+00:00","article_modified_time":"2021-07-06T05:46:10+00:00","og_image":[{"width":889,"height":466,"url":"https:\/\/infoecos.com.ar\/wp-content\/uploads\/2021\/07\/Ruta-33-y-60.jpg","type":"image\/jpeg"}],"author":"Jorge Matheus","twitter_card":"summary_large_image","twitter_creator":"@infoecos","twitter_site":"@infoecos","twitter_misc":{"Escrito por":"Jorge Matheus","Tiempo de lectura":"1 minuto"},"schema":{"@context":"https:\/\/schema.org","@graph":[{"@type":"Article","@id":"https:\/\/infoecos.com.ar\/index.php\/vialidad-nacional-procedio-a-la-demarcacion-en-la-interseccion-de-las-rutas-nacional-33-y-provincial-60\/#article","isPartOf":{"@id":"https:\/\/infoecos.com.ar\/index.php\/vialidad-nacional-procedio-a-la-demarcacion-en-la-interseccion-de-las-rutas-nacional-33-y-provincial-60\/"},"author":{"name":"Jorge Matheus","@id":"https:\/\/infoecos.com.ar\/#\/schema\/person\/8f5ace5ce73b4b4aac4b7245aee6f191"},"headline":"Vialidad Nacional procedi\u00f3 a la demarcaci\u00f3n en la intersecci\u00f3n de las Rutas Nacional 33 y Provincial 60","datePublished":"2021-07-05T05:05:52+00:00","dateModified":"2021-07-06T05:46:10+00:00","mainEntityOfPage":{"@id":"https:\/\/infoecos.com.ar\/index.php\/vialidad-nacional-procedio-a-la-demarcacion-en-la-interseccion-de-las-rutas-nacional-33-y-provincial-60\/"},"wordCount":171,"publisher":{"@id":"https:\/\/infoecos.com.ar\/#organization"},"image":{"@id":"https:\/\/infoecos.com.ar\/index.php\/vialidad-nacional-procedio-a-la-demarcacion-en-la-interseccion-de-las-rutas-nacional-33-y-provincial-60\/#primaryimage"},"thumbnailUrl":"https:\/\/infoecos.com.ar\/wp-content\/uploads\/2021\/07\/Ruta-33-y-60.jpg","keywords":["OBRAS VIALES"],"articleSection":["Bloque inferior - 2"],"inLanguage":"es"},{"@type":"WebPage","@id":"https:\/\/infoecos.com.ar\/index.php\/vialidad-nacional-procedio-a-la-demarcacion-en-la-interseccion-de-las-rutas-nacional-33-y-provincial-60\/","url":"https:\/\/infoecos.com.ar\/index.php\/vialidad-nacional-procedio-a-la-demarcacion-en-la-interseccion-de-las-rutas-nacional-33-y-provincial-60\/","name":"Vialidad Nacional procedi\u00f3 a la demarcaci\u00f3n en la intersecci\u00f3n de las Rutas Nacional 33 y Provincial 60 - Infoecos","isPartOf":{"@id":"https:\/\/infoecos.com.ar\/#website"},"primaryImageOfPage":{"@id":"https:\/\/infoecos.com.ar\/index.php\/vialidad-nacional-procedio-a-la-demarcacion-en-la-interseccion-de-las-rutas-nacional-33-y-provincial-60\/#primaryimage"},"image":{"@id":"https:\/\/infoecos.com.ar\/index.php\/vialidad-nacional-procedio-a-la-demarcacion-en-la-interseccion-de-las-rutas-nacional-33-y-provincial-60\/#primaryimage"},"thumbnailUrl":"https:\/\/infoecos.com.ar\/wp-content\/uploads\/2021\/07\/Ruta-33-y-60.jpg","datePublished":"2021-07-05T05:05:52+00:00","dateModified":"2021-07-06T05:46:10+00:00","breadcrumb":{"@id":"https:\/\/infoecos.com.ar\/index.php\/vialidad-nacional-procedio-a-la-demarcacion-en-la-interseccion-de-las-rutas-nacional-33-y-provincial-60\/#breadcrumb"},"inLanguage":"es","potentialAction":[{"@type":"ReadAction","target":["https:\/\/infoecos.com.ar\/index.php\/vialidad-nacional-procedio-a-la-demarcacion-en-la-interseccion-de-las-rutas-nacional-33-y-provincial-60\/"]}]},{"@type":"ImageObject","inLanguage":"es","@id":"https:\/\/infoecos.com.ar\/index.php\/vialidad-nacional-procedio-a-la-demarcacion-en-la-interseccion-de-las-rutas-nacional-33-y-provincial-60\/#primaryimage","url":"https:\/\/infoecos.com.ar\/wp-content\/uploads\/2021\/07\/Ruta-33-y-60.jpg","contentUrl":"https:\/\/infoecos.com.ar\/wp-content\/uploads\/2021\/07\/Ruta-33-y-60.jpg","width":889,"height":466},{"@type":"BreadcrumbList","@id":"https:\/\/infoecos.com.ar\/index.php\/vialidad-nacional-procedio-a-la-demarcacion-en-la-interseccion-de-las-rutas-nacional-33-y-provincial-60\/#breadcrumb","itemListElement":[{"@type":"ListItem","position":1,"name":"Portada","item":"https:\/\/infoecos.com.ar\/"},{"@type":"ListItem","position":2,"name":"Vialidad Nacional procedi\u00f3 a la demarcaci\u00f3n en la intersecci\u00f3n de las Rutas Nacional 33 y Provincial 60"}]},{"@type":"WebSite","@id":"https:\/\/infoecos.com.ar\/#website","url":"https:\/\/infoecos.com.ar\/","name":"Infoecos","description":"Noticias de trenque lauquen y la zona","publisher":{"@id":"https:\/\/infoecos.com.ar\/#organization"},"alternateName":"Noticias","potentialAction":[{"@type":"SearchAction","target":{"@type":"EntryPoint","urlTemplate":"https:\/\/infoecos.com.ar\/?s={search_term_string}"},"query-input":{"@type":"PropertyValueSpecification","valueRequired":true,"valueName":"search_term_string"}}],"inLanguage":"es"},{"@type":"Organization","@id":"https:\/\/infoecos.com.ar\/#organization","name":"Infoecos","alternateName":"Noticias","url":"https:\/\/infoecos.com.ar\/","logo":{"@type":"ImageObject","inLanguage":"es","@id":"https:\/\/infoecos.com.ar\/#\/schema\/logo\/image\/","url":"https:\/\/infoecos.com.ar\/wp-content\/uploads\/2024\/03\/cropped-logo.png","contentUrl":"https:\/\/infoecos.com.ar\/wp-content\/uploads\/2024\/03\/cropped-logo.png","width":374,"height":90,"caption":"Infoecos"},"image":{"@id":"https:\/\/infoecos.com.ar\/#\/schema\/logo\/image\/"},"sameAs":["https:\/\/www.facebook.com\/profile.php?id=100063200290284","https:\/\/x.com\/infoecos"]},{"@type":"Person","@id":"https:\/\/infoecos.com.ar\/#\/schema\/person\/8f5ace5ce73b4b4aac4b7245aee6f191","name":"Jorge Matheus","url":"https:\/\/infoecos.com.ar\/index.php\/author\/jomatheus\/"}]}},"featured_image_urls":{"full":["https:\/\/infoecos.com.ar\/wp-content\/uploads\/2021\/07\/Ruta-33-y-60.jpg",889,466,false],"thumbnail":["https:\/\/infoecos.com.ar\/wp-content\/uploads\/2021\/07\/Ruta-33-y-60-150x150.jpg",150,150,true],"medium":["https:\/\/infoecos.com.ar\/wp-content\/uploads\/2021\/07\/Ruta-33-y-60-460x241.jpg",460,241,true],"medium_large":["https:\/\/infoecos.com.ar\/wp-content\/uploads\/2021\/07\/Ruta-33-y-60-768x403.jpg",640,336,true],"large":["https:\/\/infoecos.com.ar\/wp-content\/uploads\/2021\/07\/Ruta-33-y-60.jpg",640,335,false],"1536x1536":["https:\/\/infoecos.com.ar\/wp-content\/uploads\/2021\/07\/Ruta-33-y-60.jpg",889,466,false],"2048x2048":["https:\/\/infoecos.com.ar\/wp-content\/uploads\/2021\/07\/Ruta-33-y-60.jpg",889,466,false],"covernews-slider-full":["https:\/\/infoecos.com.ar\/wp-content\/uploads\/2021\/07\/Ruta-33-y-60.jpg",889,466,false],"covernews-slider-center":["https:\/\/infoecos.com.ar\/wp-content\/uploads\/2021\/07\/Ruta-33-y-60.jpg",800,419,false],"covernews-featured":["https:\/\/infoecos.com.ar\/wp-content\/uploads\/2021\/07\/Ruta-33-y-60.jpg",889,466,false],"covernews-medium":["https:\/\/infoecos.com.ar\/wp-content\/uploads\/2021\/07\/Ruta-33-y-60-720x380.jpg",540,285,true],"covernews-medium-square":["https:\/\/infoecos.com.ar\/wp-content\/uploads\/2021\/07\/Ruta-33-y-60-675x450.jpg",375,250,true]},"author_info":{"info":["Jorge Matheus"]},"category_info":"<a href=\"https:\/\/infoecos.com.ar\/index.php\/category\/inferior2\/\" rel=\"category tag\">Bloque inferior - 2<\/a>","tag_info":"Bloque inferior - 2","comment_count":"0","_links":{"self":[{"href":"https:\/\/infoecos.com.ar\/index.php\/wp-json\/wp\/v2\/posts\/80724"}],"collection":[{"href":"https:\/\/infoecos.com.ar\/index.php\/wp-json\/wp\/v2\/posts"}],"about":[{"href":"https:\/\/infoecos.com.ar\/index.php\/wp-json\/wp\/v2\/types\/post"}],"author":[{"embeddable":true,"href":"https:\/\/infoecos.com.ar\/index.php\/wp-json\/wp\/v2\/users\/2"}],"replies":[{"embeddable":true,"href":"https:\/\/infoecos.com.ar\/index.php\/wp-json\/wp\/v2\/comments?post=80724"}],"version-history":[{"count":2,"href":"https:\/\/infoecos.com.ar\/index.php\/wp-json\/wp\/v2\/posts\/80724\/revisions"}],"predecessor-version":[{"id":80727,"href":"https:\/\/infoecos.com.ar\/index.php\/wp-json\/wp\/v2\/posts\/80724\/revisions\/80727"}],"wp:featuredmedia":[{"embeddable":true,"href":"https:\/\/infoecos.com.ar\/index.php\/wp-json\/wp\/v2\/media\/80725"}],"wp:attachment":[{"href":"https:\/\/infoecos.com.ar\/index.php\/wp-json\/wp\/v2\/media?parent=80724"}],"wp:term":[{"taxonomy":"category","embeddable":true,"href":"https:\/\/infoecos.com.ar\/index.php\/wp-json\/wp\/v2\/categories?post=80724"},{"taxonomy":"post_tag","embeddable":true,"href":"https:\/\/infoecos.com.ar\/index.php\/wp-json\/wp\/v2\/tags?post=80724"}],"curies":[{"name":"wp","href":"https:\/\/api.w.org\/{rel}","templated":true}]}}