{"id":80753,"date":"2021-07-05T17:48:41","date_gmt":"2021-07-05T20:48:41","guid":{"rendered":"http:\/\/infoecos.com.ar\/?p=80753"},"modified":"2021-07-07T02:00:58","modified_gmt":"2021-07-07T05:00:58","slug":"hasta-el-30-de-septiembre-estara-abierta-la-inscripcion-para-el-plan-tu-lote-tu-casa","status":"publish","type":"post","link":"https:\/\/infoecos.com.ar\/index.php\/hasta-el-30-de-septiembre-estara-abierta-la-inscripcion-para-el-plan-tu-lote-tu-casa\/","title":{"rendered":"Hasta el 30 de septiembre estar\u00e1 abierta la inscripci\u00f3n para el plan \u00abTu Lote, Tu Casa\u00bb"},"content":{"rendered":"\n<p>Hasta el jueves 30 de septiembre inclusive estar\u00e1 abierta la inscripci\u00f3n para el plan \u201cTu Lote, Tu Casa\u201d, la iniciativa impulsada por el Departamento Ejecutivo de Trenque Lauquen y aprobada por el Concejo Deliberante (HCD) que contempla en una primera etapa la venta de 50 terrenos propiedad del Municipio para aquellas familias que puedan construir su casa o comprar una de la modalidad \u201cllave en mano\u201d o industrializada.<\/p>\n\n\n\n<div class=\"wp-block-image is-style-default\"><figure class=\"aligncenter size-medium\"><img decoding=\"async\" src=\"http:\/\/infoecos.com.ar\/wp-content\/uploads\/20161222_180559-460x276.jpg\" alt=\"\" class=\"wp-image-31794\"\/><figcaption>Ampliaci\u00f3n Urbana<\/figcaption><\/figure><\/div>\n\n\n\n<p>Las personas interesadas deben ingresar al link <a href=\"https:\/\/forms.gle\/LtwPquTUYuFEgo8A9\">https:\/\/forms.gle\/LtwPquTUYuFEgo8A9<\/a> y completar la planilla con los siguientes datos:<\/p>\n\n\n\n<p>. Nombre y apellido.<\/p>\n\n\n\n<p>. N\u00famero del Documento Nacional de Identidad.<\/p>\n\n\n\n<p>. N\u00famero de tel\u00e9fono.<\/p>\n\n\n\n<p>. Direcci\u00f3n.<\/p>\n\n\n\n<p>. Si est\u00e1 o no inscripta en el Censo Habitacional.<\/p>\n\n\n\n<p>Luego, personal de la subsecretar\u00eda de Desarrollo Humano se pone en contacto para asignarle a cada postulante un turno (d\u00eda y hora), en el que tendr\u00e1 que presentarse en la oficina del \u00e1rea, en 25 de mayo 44, entre Villegas y San Mart\u00edn, con la documentaci\u00f3n requerida para formalizar la inscripci\u00f3n.<\/p>\n\n\n\n<p>El tel\u00e9fono de consulta de lunes a viernes, de 7 a 13, es el (2392) 49-5502 \u00f3 (15) 50-3422.<\/p>\n\n\n\n<p>Los 50 terrenos municipales que saldr\u00e1n a sorteo en esta primera etapa se encuentran en la Ampliaci\u00f3n Urbana. Y el 10 por ciento de ellos 5 en total estar\u00e1 destinado a grupos familiares en el que alguno de sus integrantes tenga una severa discapacidad.<\/p>\n\n\n\n<p>Una vez concluido el plazo fijado para la inscripci\u00f3n (30 de septiembre), en caso de que la demanda sea mayor a la oferta de lotes, se definir\u00e1 la fecha del sorteo de adjudicaci\u00f3n y venta de los terrenos entre aquellos que hayan cumplido los requisitos.<\/p>\n","protected":false},"excerpt":{"rendered":"<p>Las personas interesadas deben ingresar al link https:\/\/forms.gle\/LtwPquTUYuFEgo8A9<\/p>\n","protected":false},"author":2,"featured_media":31794,"comment_status":"closed","ping_status":"open","sticky":false,"template":"","format":"standard","meta":{"footnotes":""},"categories":[1332],"tags":[3062],"class_list":["post-80753","post","type-post","status-publish","format-standard","has-post-thumbnail","hentry","category-inferior12","tag-en-trenque-lauquen"],"yoast_head":"<!-- This site is optimized with the Yoast SEO plugin v23.4 - https:\/\/yoast.com\/wordpress\/plugins\/seo\/ -->\n<title>Hasta el 30 de septiembre estar\u00e1 abierta la inscripci\u00f3n para el plan &quot;Tu Lote, Tu Casa&quot; - Infoecos<\/title>\n<meta name=\"robots\" content=\"index, follow, max-snippet:-1, max-image-preview:large, max-video-preview:-1\" \/>\n<link rel=\"canonical\" href=\"https:\/\/infoecos.com.ar\/index.php\/hasta-el-30-de-septiembre-estara-abierta-la-inscripcion-para-el-plan-tu-lote-tu-casa\/\" \/>\n<meta property=\"og:locale\" content=\"es_ES\" \/>\n<meta property=\"og:type\" content=\"article\" \/>\n<meta property=\"og:title\" content=\"Hasta el 30 de septiembre estar\u00e1 abierta la inscripci\u00f3n para el plan &quot;Tu Lote, Tu Casa&quot; - Infoecos\" \/>\n<meta property=\"og:description\" content=\"Las personas interesadas deben ingresar al link https:\/\/forms.gle\/LtwPquTUYuFEgo8A9\" \/>\n<meta property=\"og:url\" content=\"https:\/\/infoecos.com.ar\/index.php\/hasta-el-30-de-septiembre-estara-abierta-la-inscripcion-para-el-plan-tu-lote-tu-casa\/\" \/>\n<meta property=\"og:site_name\" content=\"Infoecos\" \/>\n<meta property=\"article:publisher\" content=\"https:\/\/www.facebook.com\/profile.php?id=100063200290284\" \/>\n<meta property=\"article:published_time\" content=\"2021-07-05T20:48:41+00:00\" \/>\n<meta property=\"article:modified_time\" content=\"2021-07-07T05:00:58+00:00\" \/>\n<meta property=\"og:image\" content=\"https:\/\/infoecos.com.ar\/wp-content\/uploads\/20161222_180559.jpg\" \/>\n\t<meta property=\"og:image:width\" content=\"2560\" \/>\n\t<meta property=\"og:image:height\" content=\"1536\" \/>\n\t<meta property=\"og:image:type\" content=\"image\/jpeg\" \/>\n<meta name=\"author\" content=\"Jorge Matheus\" \/>\n<meta name=\"twitter:card\" content=\"summary_large_image\" \/>\n<meta name=\"twitter:creator\" content=\"@infoecos\" \/>\n<meta name=\"twitter:site\" content=\"@infoecos\" \/>\n<meta name=\"twitter:label1\" content=\"Escrito por\" \/>\n\t<meta name=\"twitter:data1\" content=\"Jorge Matheus\" \/>\n\t<meta name=\"twitter:label2\" content=\"Tiempo de lectura\" \/>\n\t<meta name=\"twitter:data2\" content=\"1 minuto\" \/>\n<script type=\"application\/ld+json\" class=\"yoast-schema-graph\">{\"@context\":\"https:\/\/schema.org\",\"@graph\":[{\"@type\":\"Article\",\"@id\":\"https:\/\/infoecos.com.ar\/index.php\/hasta-el-30-de-septiembre-estara-abierta-la-inscripcion-para-el-plan-tu-lote-tu-casa\/#article\",\"isPartOf\":{\"@id\":\"https:\/\/infoecos.com.ar\/index.php\/hasta-el-30-de-septiembre-estara-abierta-la-inscripcion-para-el-plan-tu-lote-tu-casa\/\"},\"author\":{\"name\":\"Jorge Matheus\",\"@id\":\"https:\/\/infoecos.com.ar\/#\/schema\/person\/8f5ace5ce73b4b4aac4b7245aee6f191\"},\"headline\":\"Hasta el 30 de septiembre estar\u00e1 abierta la inscripci\u00f3n para el plan \u00abTu Lote, Tu Casa\u00bb\",\"datePublished\":\"2021-07-05T20:48:41+00:00\",\"dateModified\":\"2021-07-07T05:00:58+00:00\",\"mainEntityOfPage\":{\"@id\":\"https:\/\/infoecos.com.ar\/index.php\/hasta-el-30-de-septiembre-estara-abierta-la-inscripcion-para-el-plan-tu-lote-tu-casa\/\"},\"wordCount\":290,\"publisher\":{\"@id\":\"https:\/\/infoecos.com.ar\/#organization\"},\"image\":{\"@id\":\"https:\/\/infoecos.com.ar\/index.php\/hasta-el-30-de-septiembre-estara-abierta-la-inscripcion-para-el-plan-tu-lote-tu-casa\/#primaryimage\"},\"thumbnailUrl\":\"\",\"keywords\":[\"EN TRENQUE LAUQUEN\"],\"articleSection\":[\"Bloque inferior - 12\"],\"inLanguage\":\"es\"},{\"@type\":\"WebPage\",\"@id\":\"https:\/\/infoecos.com.ar\/index.php\/hasta-el-30-de-septiembre-estara-abierta-la-inscripcion-para-el-plan-tu-lote-tu-casa\/\",\"url\":\"https:\/\/infoecos.com.ar\/index.php\/hasta-el-30-de-septiembre-estara-abierta-la-inscripcion-para-el-plan-tu-lote-tu-casa\/\",\"name\":\"Hasta el 30 de septiembre estar\u00e1 abierta la inscripci\u00f3n para el plan \\\"Tu Lote, Tu Casa\\\" - Infoecos\",\"isPartOf\":{\"@id\":\"https:\/\/infoecos.com.ar\/#website\"},\"primaryImageOfPage\":{\"@id\":\"https:\/\/infoecos.com.ar\/index.php\/hasta-el-30-de-septiembre-estara-abierta-la-inscripcion-para-el-plan-tu-lote-tu-casa\/#primaryimage\"},\"image\":{\"@id\":\"https:\/\/infoecos.com.ar\/index.php\/hasta-el-30-de-septiembre-estara-abierta-la-inscripcion-para-el-plan-tu-lote-tu-casa\/#primaryimage\"},\"thumbnailUrl\":\"\",\"datePublished\":\"2021-07-05T20:48:41+00:00\",\"dateModified\":\"2021-07-07T05:00:58+00:00\",\"breadcrumb\":{\"@id\":\"https:\/\/infoecos.com.ar\/index.php\/hasta-el-30-de-septiembre-estara-abierta-la-inscripcion-para-el-plan-tu-lote-tu-casa\/#breadcrumb\"},\"inLanguage\":\"es\",\"potentialAction\":[{\"@type\":\"ReadAction\",\"target\":[\"https:\/\/infoecos.com.ar\/index.php\/hasta-el-30-de-septiembre-estara-abierta-la-inscripcion-para-el-plan-tu-lote-tu-casa\/\"]}]},{\"@type\":\"ImageObject\",\"inLanguage\":\"es\",\"@id\":\"https:\/\/infoecos.com.ar\/index.php\/hasta-el-30-de-septiembre-estara-abierta-la-inscripcion-para-el-plan-tu-lote-tu-casa\/#primaryimage\",\"url\":\"\",\"contentUrl\":\"\"},{\"@type\":\"BreadcrumbList\",\"@id\":\"https:\/\/infoecos.com.ar\/index.php\/hasta-el-30-de-septiembre-estara-abierta-la-inscripcion-para-el-plan-tu-lote-tu-casa\/#breadcrumb\",\"itemListElement\":[{\"@type\":\"ListItem\",\"position\":1,\"name\":\"Portada\",\"item\":\"https:\/\/infoecos.com.ar\/\"},{\"@type\":\"ListItem\",\"position\":2,\"name\":\"Hasta el 30 de septiembre estar\u00e1 abierta la inscripci\u00f3n para el plan \u00abTu Lote, Tu Casa\u00bb\"}]},{\"@type\":\"WebSite\",\"@id\":\"https:\/\/infoecos.com.ar\/#website\",\"url\":\"https:\/\/infoecos.com.ar\/\",\"name\":\"Infoecos\",\"description\":\"Noticias de trenque lauquen y la zona\",\"publisher\":{\"@id\":\"https:\/\/infoecos.com.ar\/#organization\"},\"alternateName\":\"Noticias\",\"potentialAction\":[{\"@type\":\"SearchAction\",\"target\":{\"@type\":\"EntryPoint\",\"urlTemplate\":\"https:\/\/infoecos.com.ar\/?s={search_term_string}\"},\"query-input\":{\"@type\":\"PropertyValueSpecification\",\"valueRequired\":true,\"valueName\":\"search_term_string\"}}],\"inLanguage\":\"es\"},{\"@type\":\"Organization\",\"@id\":\"https:\/\/infoecos.com.ar\/#organization\",\"name\":\"Infoecos\",\"alternateName\":\"Noticias\",\"url\":\"https:\/\/infoecos.com.ar\/\",\"logo\":{\"@type\":\"ImageObject\",\"inLanguage\":\"es\",\"@id\":\"https:\/\/infoecos.com.ar\/#\/schema\/logo\/image\/\",\"url\":\"https:\/\/infoecos.com.ar\/wp-content\/uploads\/2024\/03\/cropped-logo.png\",\"contentUrl\":\"https:\/\/infoecos.com.ar\/wp-content\/uploads\/2024\/03\/cropped-logo.png\",\"width\":374,\"height\":90,\"caption\":\"Infoecos\"},\"image\":{\"@id\":\"https:\/\/infoecos.com.ar\/#\/schema\/logo\/image\/\"},\"sameAs\":[\"https:\/\/www.facebook.com\/profile.php?id=100063200290284\",\"https:\/\/x.com\/infoecos\"]},{\"@type\":\"Person\",\"@id\":\"https:\/\/infoecos.com.ar\/#\/schema\/person\/8f5ace5ce73b4b4aac4b7245aee6f191\",\"name\":\"Jorge Matheus\",\"url\":\"https:\/\/infoecos.com.ar\/index.php\/author\/jomatheus\/\"}]}<\/script>\n<!-- \/ Yoast SEO plugin. -->","yoast_head_json":{"title":"Hasta el 30 de septiembre estar\u00e1 abierta la inscripci\u00f3n para el plan \"Tu Lote, Tu Casa\" - Infoecos","robots":{"index":"index","follow":"follow","max-snippet":"max-snippet:-1","max-image-preview":"max-image-preview:large","max-video-preview":"max-video-preview:-1"},"canonical":"https:\/\/infoecos.com.ar\/index.php\/hasta-el-30-de-septiembre-estara-abierta-la-inscripcion-para-el-plan-tu-lote-tu-casa\/","og_locale":"es_ES","og_type":"article","og_title":"Hasta el 30 de septiembre estar\u00e1 abierta la inscripci\u00f3n para el plan \"Tu Lote, Tu Casa\" - Infoecos","og_description":"Las personas interesadas deben ingresar al link https:\/\/forms.gle\/LtwPquTUYuFEgo8A9","og_url":"https:\/\/infoecos.com.ar\/index.php\/hasta-el-30-de-septiembre-estara-abierta-la-inscripcion-para-el-plan-tu-lote-tu-casa\/","og_site_name":"Infoecos","article_publisher":"https:\/\/www.facebook.com\/profile.php?id=100063200290284","article_published_time":"2021-07-05T20:48:41+00:00","article_modified_time":"2021-07-07T05:00:58+00:00","og_image":[{"width":2560,"height":1536,"url":"https:\/\/infoecos.com.ar\/wp-content\/uploads\/20161222_180559.jpg","type":"image\/jpeg"}],"author":"Jorge Matheus","twitter_card":"summary_large_image","twitter_creator":"@infoecos","twitter_site":"@infoecos","twitter_misc":{"Escrito por":"Jorge Matheus","Tiempo de lectura":"1 minuto"},"schema":{"@context":"https:\/\/schema.org","@graph":[{"@type":"Article","@id":"https:\/\/infoecos.com.ar\/index.php\/hasta-el-30-de-septiembre-estara-abierta-la-inscripcion-para-el-plan-tu-lote-tu-casa\/#article","isPartOf":{"@id":"https:\/\/infoecos.com.ar\/index.php\/hasta-el-30-de-septiembre-estara-abierta-la-inscripcion-para-el-plan-tu-lote-tu-casa\/"},"author":{"name":"Jorge Matheus","@id":"https:\/\/infoecos.com.ar\/#\/schema\/person\/8f5ace5ce73b4b4aac4b7245aee6f191"},"headline":"Hasta el 30 de septiembre estar\u00e1 abierta la inscripci\u00f3n para el plan \u00abTu Lote, Tu Casa\u00bb","datePublished":"2021-07-05T20:48:41+00:00","dateModified":"2021-07-07T05:00:58+00:00","mainEntityOfPage":{"@id":"https:\/\/infoecos.com.ar\/index.php\/hasta-el-30-de-septiembre-estara-abierta-la-inscripcion-para-el-plan-tu-lote-tu-casa\/"},"wordCount":290,"publisher":{"@id":"https:\/\/infoecos.com.ar\/#organization"},"image":{"@id":"https:\/\/infoecos.com.ar\/index.php\/hasta-el-30-de-septiembre-estara-abierta-la-inscripcion-para-el-plan-tu-lote-tu-casa\/#primaryimage"},"thumbnailUrl":"","keywords":["EN TRENQUE LAUQUEN"],"articleSection":["Bloque inferior - 12"],"inLanguage":"es"},{"@type":"WebPage","@id":"https:\/\/infoecos.com.ar\/index.php\/hasta-el-30-de-septiembre-estara-abierta-la-inscripcion-para-el-plan-tu-lote-tu-casa\/","url":"https:\/\/infoecos.com.ar\/index.php\/hasta-el-30-de-septiembre-estara-abierta-la-inscripcion-para-el-plan-tu-lote-tu-casa\/","name":"Hasta el 30 de septiembre estar\u00e1 abierta la inscripci\u00f3n para el plan \"Tu Lote, Tu Casa\" - Infoecos","isPartOf":{"@id":"https:\/\/infoecos.com.ar\/#website"},"primaryImageOfPage":{"@id":"https:\/\/infoecos.com.ar\/index.php\/hasta-el-30-de-septiembre-estara-abierta-la-inscripcion-para-el-plan-tu-lote-tu-casa\/#primaryimage"},"image":{"@id":"https:\/\/infoecos.com.ar\/index.php\/hasta-el-30-de-septiembre-estara-abierta-la-inscripcion-para-el-plan-tu-lote-tu-casa\/#primaryimage"},"thumbnailUrl":"","datePublished":"2021-07-05T20:48:41+00:00","dateModified":"2021-07-07T05:00:58+00:00","breadcrumb":{"@id":"https:\/\/infoecos.com.ar\/index.php\/hasta-el-30-de-septiembre-estara-abierta-la-inscripcion-para-el-plan-tu-lote-tu-casa\/#breadcrumb"},"inLanguage":"es","potentialAction":[{"@type":"ReadAction","target":["https:\/\/infoecos.com.ar\/index.php\/hasta-el-30-de-septiembre-estara-abierta-la-inscripcion-para-el-plan-tu-lote-tu-casa\/"]}]},{"@type":"ImageObject","inLanguage":"es","@id":"https:\/\/infoecos.com.ar\/index.php\/hasta-el-30-de-septiembre-estara-abierta-la-inscripcion-para-el-plan-tu-lote-tu-casa\/#primaryimage","url":"","contentUrl":""},{"@type":"BreadcrumbList","@id":"https:\/\/infoecos.com.ar\/index.php\/hasta-el-30-de-septiembre-estara-abierta-la-inscripcion-para-el-plan-tu-lote-tu-casa\/#breadcrumb","itemListElement":[{"@type":"ListItem","position":1,"name":"Portada","item":"https:\/\/infoecos.com.ar\/"},{"@type":"ListItem","position":2,"name":"Hasta el 30 de septiembre estar\u00e1 abierta la inscripci\u00f3n para el plan \u00abTu Lote, Tu Casa\u00bb"}]},{"@type":"WebSite","@id":"https:\/\/infoecos.com.ar\/#website","url":"https:\/\/infoecos.com.ar\/","name":"Infoecos","description":"Noticias de trenque lauquen y la zona","publisher":{"@id":"https:\/\/infoecos.com.ar\/#organization"},"alternateName":"Noticias","potentialAction":[{"@type":"SearchAction","target":{"@type":"EntryPoint","urlTemplate":"https:\/\/infoecos.com.ar\/?s={search_term_string}"},"query-input":{"@type":"PropertyValueSpecification","valueRequired":true,"valueName":"search_term_string"}}],"inLanguage":"es"},{"@type":"Organization","@id":"https:\/\/infoecos.com.ar\/#organization","name":"Infoecos","alternateName":"Noticias","url":"https:\/\/infoecos.com.ar\/","logo":{"@type":"ImageObject","inLanguage":"es","@id":"https:\/\/infoecos.com.ar\/#\/schema\/logo\/image\/","url":"https:\/\/infoecos.com.ar\/wp-content\/uploads\/2024\/03\/cropped-logo.png","contentUrl":"https:\/\/infoecos.com.ar\/wp-content\/uploads\/2024\/03\/cropped-logo.png","width":374,"height":90,"caption":"Infoecos"},"image":{"@id":"https:\/\/infoecos.com.ar\/#\/schema\/logo\/image\/"},"sameAs":["https:\/\/www.facebook.com\/profile.php?id=100063200290284","https:\/\/x.com\/infoecos"]},{"@type":"Person","@id":"https:\/\/infoecos.com.ar\/#\/schema\/person\/8f5ace5ce73b4b4aac4b7245aee6f191","name":"Jorge Matheus","url":"https:\/\/infoecos.com.ar\/index.php\/author\/jomatheus\/"}]}},"featured_image_urls":{"full":"","thumbnail":"","medium":"","medium_large":"","large":"","1536x1536":"","2048x2048":"","covernews-slider-full":"","covernews-slider-center":"","covernews-featured":"","covernews-medium":"","covernews-medium-square":""},"author_info":{"info":["Jorge Matheus"]},"category_info":"<a href=\"https:\/\/infoecos.com.ar\/index.php\/category\/inferior12\/\" rel=\"category tag\">Bloque inferior - 12<\/a>","tag_info":"Bloque inferior - 12","comment_count":"0","_links":{"self":[{"href":"https:\/\/infoecos.com.ar\/index.php\/wp-json\/wp\/v2\/posts\/80753"}],"collection":[{"href":"https:\/\/infoecos.com.ar\/index.php\/wp-json\/wp\/v2\/posts"}],"about":[{"href":"https:\/\/infoecos.com.ar\/index.php\/wp-json\/wp\/v2\/types\/post"}],"author":[{"embeddable":true,"href":"https:\/\/infoecos.com.ar\/index.php\/wp-json\/wp\/v2\/users\/2"}],"replies":[{"embeddable":true,"href":"https:\/\/infoecos.com.ar\/index.php\/wp-json\/wp\/v2\/comments?post=80753"}],"version-history":[{"count":1,"href":"https:\/\/infoecos.com.ar\/index.php\/wp-json\/wp\/v2\/posts\/80753\/revisions"}],"predecessor-version":[{"id":80754,"href":"https:\/\/infoecos.com.ar\/index.php\/wp-json\/wp\/v2\/posts\/80753\/revisions\/80754"}],"wp:featuredmedia":[{"embeddable":true,"href":"https:\/\/infoecos.com.ar\/index.php\/wp-json\/"}],"wp:attachment":[{"href":"https:\/\/infoecos.com.ar\/index.php\/wp-json\/wp\/v2\/media?parent=80753"}],"wp:term":[{"taxonomy":"category","embeddable":true,"href":"https:\/\/infoecos.com.ar\/index.php\/wp-json\/wp\/v2\/categories?post=80753"},{"taxonomy":"post_tag","embeddable":true,"href":"https:\/\/infoecos.com.ar\/index.php\/wp-json\/wp\/v2\/tags?post=80753"}],"curies":[{"name":"wp","href":"https:\/\/api.w.org\/{rel}","templated":true}]}}