{"id":80777,"date":"2021-07-06T01:23:36","date_gmt":"2021-07-06T04:23:36","guid":{"rendered":"http:\/\/infoecos.com.ar\/?p=80777"},"modified":"2021-07-06T01:23:38","modified_gmt":"2021-07-06T04:23:38","slug":"hoy-conferencia-de-prensa-del-gobernador-kicillof","status":"publish","type":"post","link":"https:\/\/infoecos.com.ar\/index.php\/hoy-conferencia-de-prensa-del-gobernador-kicillof\/","title":{"rendered":"Hoy conferencia de prensa del gobernador Kicillof"},"content":{"rendered":"\n<p class=\"wp-block-paragraph\">Este martes 6 de Julio, el Gobernador Axel Kicillof encabezar\u00e1 la conferencia de prensa sobre la situaci\u00f3n epidemiol\u00f3gica en la provincia de Buenos Aires.<\/p>\n\n\n\n<div class=\"wp-block-image is-style-default\"><figure class=\"aligncenter size-medium\"><img loading=\"lazy\" decoding=\"async\" width=\"460\" height=\"301\" src=\"http:\/\/infoecos.com.ar\/wp-content\/uploads\/2021\/06\/2021_06_11-AK-Conferencia-de-Prensa-Medidas-en-Provincia-de-Buenos-Aires-15-460x301.jpg\" alt=\"\" class=\"wp-image-79467\" srcset=\"https:\/\/infoecos.com.ar\/wp-content\/uploads\/2021\/06\/2021_06_11-AK-Conferencia-de-Prensa-Medidas-en-Provincia-de-Buenos-Aires-15-460x301.jpg 460w, https:\/\/infoecos.com.ar\/wp-content\/uploads\/2021\/06\/2021_06_11-AK-Conferencia-de-Prensa-Medidas-en-Provincia-de-Buenos-Aires-15-920x601.jpg 920w, https:\/\/infoecos.com.ar\/wp-content\/uploads\/2021\/06\/2021_06_11-AK-Conferencia-de-Prensa-Medidas-en-Provincia-de-Buenos-Aires-15-768x502.jpg 768w, https:\/\/infoecos.com.ar\/wp-content\/uploads\/2021\/06\/2021_06_11-AK-Conferencia-de-Prensa-Medidas-en-Provincia-de-Buenos-Aires-15-1536x1004.jpg 1536w, https:\/\/infoecos.com.ar\/wp-content\/uploads\/2021\/06\/2021_06_11-AK-Conferencia-de-Prensa-Medidas-en-Provincia-de-Buenos-Aires-15-2048x1338.jpg 2048w, https:\/\/infoecos.com.ar\/wp-content\/uploads\/2021\/06\/2021_06_11-AK-Conferencia-de-Prensa-Medidas-en-Provincia-de-Buenos-Aires-15-1024x669.jpg 1024w\" sizes=\"auto, (max-width: 460px) 100vw, 460px\" \/><\/figure><\/div>\n\n\n\n<p class=\"wp-block-paragraph\">Est\u00e1 anunciada para las 9.30 hs. en el Sal\u00f3n Dorado de la Casa de Gobierno.<\/p>\n","protected":false},"excerpt":{"rendered":"<p>Est\u00e1 anunciada para las 9.30 hs. en el Sal\u00f3n Dorado de la Casa de Gobierno<\/p>\n","protected":false},"author":2,"featured_media":79465,"comment_status":"closed","ping_status":"open","sticky":false,"template":"","format":"standard","meta":{"footnotes":""},"categories":[49],"tags":[4131],"class_list":["post-80777","post","type-post","status-publish","format-standard","has-post-thumbnail","hentry","category-c3nota3","tag-situacion-epidemiologica-en-la-provincia"],"featured_image_urls":{"full":["https:\/\/infoecos.com.ar\/wp-content\/uploads\/2021\/06\/2021_06_11-AK-Conferencia-de-Prensa-Medidas-en-Provincia-de-Buenos-Aires-10-scaled.jpg",1687,2560,false],"thumbnail":["https:\/\/infoecos.com.ar\/wp-content\/uploads\/2021\/06\/2021_06_11-AK-Conferencia-de-Prensa-Medidas-en-Provincia-de-Buenos-Aires-10-150x150.jpg",150,150,true],"medium":["https:\/\/infoecos.com.ar\/wp-content\/uploads\/2021\/06\/2021_06_11-AK-Conferencia-de-Prensa-Medidas-en-Provincia-de-Buenos-Aires-10-303x460.jpg",303,460,true],"medium_large":["https:\/\/infoecos.com.ar\/wp-content\/uploads\/2021\/06\/2021_06_11-AK-Conferencia-de-Prensa-Medidas-en-Provincia-de-Buenos-Aires-10-768x1166.jpg",640,972,true],"large":["https:\/\/infoecos.com.ar\/wp-content\/uploads\/2021\/06\/2021_06_11-AK-Conferencia-de-Prensa-Medidas-en-Provincia-de-Buenos-Aires-10-606x920.jpg",606,920,true],"1536x1536":["https:\/\/infoecos.com.ar\/wp-content\/uploads\/2021\/06\/2021_06_11-AK-Conferencia-de-Prensa-Medidas-en-Provincia-de-Buenos-Aires-10-1012x1536.jpg",1012,1536,true],"2048x2048":["https:\/\/infoecos.com.ar\/wp-content\/uploads\/2021\/06\/2021_06_11-AK-Conferencia-de-Prensa-Medidas-en-Provincia-de-Buenos-Aires-10-1349x2048.jpg",1349,2048,true],"covernews-slider-full":["https:\/\/infoecos.com.ar\/wp-content\/uploads\/2021\/06\/2021_06_11-AK-Conferencia-de-Prensa-Medidas-en-Provincia-de-Buenos-Aires-10-1536x1020.jpg",1077,715,true],"covernews-slider-center":["https:\/\/infoecos.com.ar\/wp-content\/uploads\/2021\/06\/2021_06_11-AK-Conferencia-de-Prensa-Medidas-en-Provincia-de-Buenos-Aires-10-936x897.jpg",522,500,true],"covernews-featured":["https:\/\/infoecos.com.ar\/wp-content\/uploads\/2021\/06\/2021_06_11-AK-Conferencia-de-Prensa-Medidas-en-Provincia-de-Buenos-Aires-10-1024x1554.jpg",1024,1554,true],"covernews-medium":["https:\/\/infoecos.com.ar\/wp-content\/uploads\/2021\/06\/2021_06_11-AK-Conferencia-de-Prensa-Medidas-en-Provincia-de-Buenos-Aires-10-720x380.jpg",540,285,true],"covernews-medium-square":["https:\/\/infoecos.com.ar\/wp-content\/uploads\/2021\/06\/2021_06_11-AK-Conferencia-de-Prensa-Medidas-en-Provincia-de-Buenos-Aires-10-675x450.jpg",375,250,true]},"author_info":{"info":["Jorge Matheus"]},"category_info":"<a href=\"https:\/\/infoecos.com.ar\/index.php\/category\/c3nota3\/\" rel=\"category tag\">C3 N3<\/a>","tag_info":"C3 N3","comment_count":"0","_links":{"self":[{"href":"https:\/\/infoecos.com.ar\/index.php\/wp-json\/wp\/v2\/posts\/80777","targetHints":{"allow":["GET"]}}],"collection":[{"href":"https:\/\/infoecos.com.ar\/index.php\/wp-json\/wp\/v2\/posts"}],"about":[{"href":"https:\/\/infoecos.com.ar\/index.php\/wp-json\/wp\/v2\/types\/post"}],"author":[{"embeddable":true,"href":"https:\/\/infoecos.com.ar\/index.php\/wp-json\/wp\/v2\/users\/2"}],"replies":[{"embeddable":true,"href":"https:\/\/infoecos.com.ar\/index.php\/wp-json\/wp\/v2\/comments?post=80777"}],"version-history":[{"count":1,"href":"https:\/\/infoecos.com.ar\/index.php\/wp-json\/wp\/v2\/posts\/80777\/revisions"}],"predecessor-version":[{"id":80778,"href":"https:\/\/infoecos.com.ar\/index.php\/wp-json\/wp\/v2\/posts\/80777\/revisions\/80778"}],"wp:featuredmedia":[{"embeddable":true,"href":"https:\/\/infoecos.com.ar\/index.php\/wp-json\/wp\/v2\/media\/79465"}],"wp:attachment":[{"href":"https:\/\/infoecos.com.ar\/index.php\/wp-json\/wp\/v2\/media?parent=80777"}],"wp:term":[{"taxonomy":"category","embeddable":true,"href":"https:\/\/infoecos.com.ar\/index.php\/wp-json\/wp\/v2\/categories?post=80777"},{"taxonomy":"post_tag","embeddable":true,"href":"https:\/\/infoecos.com.ar\/index.php\/wp-json\/wp\/v2\/tags?post=80777"}],"curies":[{"name":"wp","href":"https:\/\/api.w.org\/{rel}","templated":true}]}}