{"id":80781,"date":"2021-07-06T01:33:35","date_gmt":"2021-07-06T04:33:35","guid":{"rendered":"http:\/\/infoecos.com.ar\/?p=80781"},"modified":"2021-07-07T01:59:39","modified_gmt":"2021-07-07T04:59:39","slug":"se-adquirieron-alimentos-varios-para-el-area-de-economato-del-municipio","status":"publish","type":"post","link":"https:\/\/infoecos.com.ar\/index.php\/se-adquirieron-alimentos-varios-para-el-area-de-economato-del-municipio\/","title":{"rendered":"Se adquirieron alimentos varios para el \u00e1rea de Economato del municipio"},"content":{"rendered":"\n<p>El Concurso de Precios n\u00ba23\/2021 convocado por el municipio de Trenque Lauquen por la adquisici\u00f3n de alimentos varios para el \u00e1rea de Economato se adjudic\u00f3 entre los cuatro oferentes que se presentaron por un monto global de 1.006.046,30 pesos.<\/p>\n\n\n\n<div class=\"wp-block-image is-style-default\"><figure class=\"aligncenter size-large\"><img decoding=\"async\" src=\"http:\/\/infoecos.com.ar\/wp-content\/uploads\/17903382_1483974108340267_1237687015988311666_n-e1504759488296.jpg\" alt=\"\" class=\"wp-image-34809\"\/><figcaption>Trenque Lauquen municipalidad<\/figcaption><\/figure><\/div>\n\n\n\n<p>Los importes de las adjudicaciones realizadas a cada firma fueron las siguientes: Fiambres del Oeste S.R.L., 325.805 pesos; Maxilauquen Distribuidora S.R.L., 60.700 pesos; H\u00e9ctor Cedeira, 92.381,30 pesos; y Guillermo Priori, 527.160 pesos. La apertura de sobres se hizo el 25 de junio.<\/p>\n","protected":false},"excerpt":{"rendered":"<p>Se adjudic\u00f3 entre los cuatro oferentes que se presentaron por un monto global de 1.006.046,30 pesos<\/p>\n","protected":false},"author":2,"featured_media":34809,"comment_status":"closed","ping_status":"open","sticky":false,"template":"","format":"standard","meta":{"footnotes":""},"categories":[200],"tags":[4133],"class_list":["post-80781","post","type-post","status-publish","format-standard","has-post-thumbnail","hentry","category-inferior8","tag-concurso-de-precios"],"yoast_head":"<!-- This site is optimized with the Yoast SEO plugin v23.4 - https:\/\/yoast.com\/wordpress\/plugins\/seo\/ -->\n<title>Se adquirieron alimentos varios para el \u00e1rea de Economato del municipio - Infoecos<\/title>\n<meta name=\"robots\" content=\"index, follow, max-snippet:-1, max-image-preview:large, max-video-preview:-1\" \/>\n<link rel=\"canonical\" href=\"https:\/\/infoecos.com.ar\/index.php\/se-adquirieron-alimentos-varios-para-el-area-de-economato-del-municipio\/\" \/>\n<meta property=\"og:locale\" content=\"es_ES\" \/>\n<meta property=\"og:type\" content=\"article\" \/>\n<meta property=\"og:title\" content=\"Se adquirieron alimentos varios para el \u00e1rea de Economato del municipio - Infoecos\" \/>\n<meta property=\"og:description\" content=\"Se adjudic\u00f3 entre los cuatro oferentes que se presentaron por un monto global de 1.006.046,30 pesos\" \/>\n<meta property=\"og:url\" content=\"https:\/\/infoecos.com.ar\/index.php\/se-adquirieron-alimentos-varios-para-el-area-de-economato-del-municipio\/\" \/>\n<meta property=\"og:site_name\" content=\"Infoecos\" \/>\n<meta property=\"article:publisher\" content=\"https:\/\/www.facebook.com\/profile.php?id=100063200290284\" \/>\n<meta property=\"article:published_time\" content=\"2021-07-06T04:33:35+00:00\" \/>\n<meta property=\"article:modified_time\" content=\"2021-07-07T04:59:39+00:00\" \/>\n<meta property=\"og:image\" content=\"https:\/\/infoecos.com.ar\/wp-content\/uploads\/17903382_1483974108340267_1237687015988311666_n-e1504759488296.jpg\" \/>\n\t<meta property=\"og:image:width\" content=\"400\" \/>\n\t<meta property=\"og:image:height\" content=\"245\" \/>\n\t<meta property=\"og:image:type\" content=\"image\/jpeg\" \/>\n<meta name=\"author\" content=\"Jorge Matheus\" \/>\n<meta name=\"twitter:card\" content=\"summary_large_image\" \/>\n<meta name=\"twitter:creator\" content=\"@infoecos\" \/>\n<meta name=\"twitter:site\" content=\"@infoecos\" \/>\n<meta name=\"twitter:label1\" content=\"Escrito por\" \/>\n\t<meta name=\"twitter:data1\" content=\"Jorge Matheus\" \/>\n<script type=\"application\/ld+json\" class=\"yoast-schema-graph\">{\"@context\":\"https:\/\/schema.org\",\"@graph\":[{\"@type\":\"Article\",\"@id\":\"https:\/\/infoecos.com.ar\/index.php\/se-adquirieron-alimentos-varios-para-el-area-de-economato-del-municipio\/#article\",\"isPartOf\":{\"@id\":\"https:\/\/infoecos.com.ar\/index.php\/se-adquirieron-alimentos-varios-para-el-area-de-economato-del-municipio\/\"},\"author\":{\"name\":\"Jorge Matheus\",\"@id\":\"https:\/\/infoecos.com.ar\/#\/schema\/person\/8f5ace5ce73b4b4aac4b7245aee6f191\"},\"headline\":\"Se adquirieron alimentos varios para el \u00e1rea de Economato del municipio\",\"datePublished\":\"2021-07-06T04:33:35+00:00\",\"dateModified\":\"2021-07-07T04:59:39+00:00\",\"mainEntityOfPage\":{\"@id\":\"https:\/\/infoecos.com.ar\/index.php\/se-adquirieron-alimentos-varios-para-el-area-de-economato-del-municipio\/\"},\"wordCount\":95,\"publisher\":{\"@id\":\"https:\/\/infoecos.com.ar\/#organization\"},\"image\":{\"@id\":\"https:\/\/infoecos.com.ar\/index.php\/se-adquirieron-alimentos-varios-para-el-area-de-economato-del-municipio\/#primaryimage\"},\"thumbnailUrl\":\"\",\"keywords\":[\"CONCURSO DE PRECIOS\"],\"articleSection\":[\"Bloque inferior - 8\"],\"inLanguage\":\"es\"},{\"@type\":\"WebPage\",\"@id\":\"https:\/\/infoecos.com.ar\/index.php\/se-adquirieron-alimentos-varios-para-el-area-de-economato-del-municipio\/\",\"url\":\"https:\/\/infoecos.com.ar\/index.php\/se-adquirieron-alimentos-varios-para-el-area-de-economato-del-municipio\/\",\"name\":\"Se adquirieron alimentos varios para el \u00e1rea de Economato del municipio - Infoecos\",\"isPartOf\":{\"@id\":\"https:\/\/infoecos.com.ar\/#website\"},\"primaryImageOfPage\":{\"@id\":\"https:\/\/infoecos.com.ar\/index.php\/se-adquirieron-alimentos-varios-para-el-area-de-economato-del-municipio\/#primaryimage\"},\"image\":{\"@id\":\"https:\/\/infoecos.com.ar\/index.php\/se-adquirieron-alimentos-varios-para-el-area-de-economato-del-municipio\/#primaryimage\"},\"thumbnailUrl\":\"\",\"datePublished\":\"2021-07-06T04:33:35+00:00\",\"dateModified\":\"2021-07-07T04:59:39+00:00\",\"breadcrumb\":{\"@id\":\"https:\/\/infoecos.com.ar\/index.php\/se-adquirieron-alimentos-varios-para-el-area-de-economato-del-municipio\/#breadcrumb\"},\"inLanguage\":\"es\",\"potentialAction\":[{\"@type\":\"ReadAction\",\"target\":[\"https:\/\/infoecos.com.ar\/index.php\/se-adquirieron-alimentos-varios-para-el-area-de-economato-del-municipio\/\"]}]},{\"@type\":\"ImageObject\",\"inLanguage\":\"es\",\"@id\":\"https:\/\/infoecos.com.ar\/index.php\/se-adquirieron-alimentos-varios-para-el-area-de-economato-del-municipio\/#primaryimage\",\"url\":\"\",\"contentUrl\":\"\"},{\"@type\":\"BreadcrumbList\",\"@id\":\"https:\/\/infoecos.com.ar\/index.php\/se-adquirieron-alimentos-varios-para-el-area-de-economato-del-municipio\/#breadcrumb\",\"itemListElement\":[{\"@type\":\"ListItem\",\"position\":1,\"name\":\"Portada\",\"item\":\"https:\/\/infoecos.com.ar\/\"},{\"@type\":\"ListItem\",\"position\":2,\"name\":\"Se adquirieron alimentos varios para el \u00e1rea de Economato del municipio\"}]},{\"@type\":\"WebSite\",\"@id\":\"https:\/\/infoecos.com.ar\/#website\",\"url\":\"https:\/\/infoecos.com.ar\/\",\"name\":\"Infoecos\",\"description\":\"Noticias de trenque lauquen y la zona\",\"publisher\":{\"@id\":\"https:\/\/infoecos.com.ar\/#organization\"},\"alternateName\":\"Noticias\",\"potentialAction\":[{\"@type\":\"SearchAction\",\"target\":{\"@type\":\"EntryPoint\",\"urlTemplate\":\"https:\/\/infoecos.com.ar\/?s={search_term_string}\"},\"query-input\":{\"@type\":\"PropertyValueSpecification\",\"valueRequired\":true,\"valueName\":\"search_term_string\"}}],\"inLanguage\":\"es\"},{\"@type\":\"Organization\",\"@id\":\"https:\/\/infoecos.com.ar\/#organization\",\"name\":\"Infoecos\",\"alternateName\":\"Noticias\",\"url\":\"https:\/\/infoecos.com.ar\/\",\"logo\":{\"@type\":\"ImageObject\",\"inLanguage\":\"es\",\"@id\":\"https:\/\/infoecos.com.ar\/#\/schema\/logo\/image\/\",\"url\":\"https:\/\/infoecos.com.ar\/wp-content\/uploads\/2024\/03\/cropped-logo.png\",\"contentUrl\":\"https:\/\/infoecos.com.ar\/wp-content\/uploads\/2024\/03\/cropped-logo.png\",\"width\":374,\"height\":90,\"caption\":\"Infoecos\"},\"image\":{\"@id\":\"https:\/\/infoecos.com.ar\/#\/schema\/logo\/image\/\"},\"sameAs\":[\"https:\/\/www.facebook.com\/profile.php?id=100063200290284\",\"https:\/\/x.com\/infoecos\"]},{\"@type\":\"Person\",\"@id\":\"https:\/\/infoecos.com.ar\/#\/schema\/person\/8f5ace5ce73b4b4aac4b7245aee6f191\",\"name\":\"Jorge Matheus\",\"url\":\"https:\/\/infoecos.com.ar\/index.php\/author\/jomatheus\/\"}]}<\/script>\n<!-- \/ Yoast SEO plugin. -->","yoast_head_json":{"title":"Se adquirieron alimentos varios para el \u00e1rea de Economato del municipio - Infoecos","robots":{"index":"index","follow":"follow","max-snippet":"max-snippet:-1","max-image-preview":"max-image-preview:large","max-video-preview":"max-video-preview:-1"},"canonical":"https:\/\/infoecos.com.ar\/index.php\/se-adquirieron-alimentos-varios-para-el-area-de-economato-del-municipio\/","og_locale":"es_ES","og_type":"article","og_title":"Se adquirieron alimentos varios para el \u00e1rea de Economato del municipio - Infoecos","og_description":"Se adjudic\u00f3 entre los cuatro oferentes que se presentaron por un monto global de 1.006.046,30 pesos","og_url":"https:\/\/infoecos.com.ar\/index.php\/se-adquirieron-alimentos-varios-para-el-area-de-economato-del-municipio\/","og_site_name":"Infoecos","article_publisher":"https:\/\/www.facebook.com\/profile.php?id=100063200290284","article_published_time":"2021-07-06T04:33:35+00:00","article_modified_time":"2021-07-07T04:59:39+00:00","og_image":[{"width":400,"height":245,"url":"https:\/\/infoecos.com.ar\/wp-content\/uploads\/17903382_1483974108340267_1237687015988311666_n-e1504759488296.jpg","type":"image\/jpeg"}],"author":"Jorge Matheus","twitter_card":"summary_large_image","twitter_creator":"@infoecos","twitter_site":"@infoecos","twitter_misc":{"Escrito por":"Jorge Matheus"},"schema":{"@context":"https:\/\/schema.org","@graph":[{"@type":"Article","@id":"https:\/\/infoecos.com.ar\/index.php\/se-adquirieron-alimentos-varios-para-el-area-de-economato-del-municipio\/#article","isPartOf":{"@id":"https:\/\/infoecos.com.ar\/index.php\/se-adquirieron-alimentos-varios-para-el-area-de-economato-del-municipio\/"},"author":{"name":"Jorge Matheus","@id":"https:\/\/infoecos.com.ar\/#\/schema\/person\/8f5ace5ce73b4b4aac4b7245aee6f191"},"headline":"Se adquirieron alimentos varios para el \u00e1rea de Economato del municipio","datePublished":"2021-07-06T04:33:35+00:00","dateModified":"2021-07-07T04:59:39+00:00","mainEntityOfPage":{"@id":"https:\/\/infoecos.com.ar\/index.php\/se-adquirieron-alimentos-varios-para-el-area-de-economato-del-municipio\/"},"wordCount":95,"publisher":{"@id":"https:\/\/infoecos.com.ar\/#organization"},"image":{"@id":"https:\/\/infoecos.com.ar\/index.php\/se-adquirieron-alimentos-varios-para-el-area-de-economato-del-municipio\/#primaryimage"},"thumbnailUrl":"","keywords":["CONCURSO DE PRECIOS"],"articleSection":["Bloque inferior - 8"],"inLanguage":"es"},{"@type":"WebPage","@id":"https:\/\/infoecos.com.ar\/index.php\/se-adquirieron-alimentos-varios-para-el-area-de-economato-del-municipio\/","url":"https:\/\/infoecos.com.ar\/index.php\/se-adquirieron-alimentos-varios-para-el-area-de-economato-del-municipio\/","name":"Se adquirieron alimentos varios para el \u00e1rea de Economato del municipio - Infoecos","isPartOf":{"@id":"https:\/\/infoecos.com.ar\/#website"},"primaryImageOfPage":{"@id":"https:\/\/infoecos.com.ar\/index.php\/se-adquirieron-alimentos-varios-para-el-area-de-economato-del-municipio\/#primaryimage"},"image":{"@id":"https:\/\/infoecos.com.ar\/index.php\/se-adquirieron-alimentos-varios-para-el-area-de-economato-del-municipio\/#primaryimage"},"thumbnailUrl":"","datePublished":"2021-07-06T04:33:35+00:00","dateModified":"2021-07-07T04:59:39+00:00","breadcrumb":{"@id":"https:\/\/infoecos.com.ar\/index.php\/se-adquirieron-alimentos-varios-para-el-area-de-economato-del-municipio\/#breadcrumb"},"inLanguage":"es","potentialAction":[{"@type":"ReadAction","target":["https:\/\/infoecos.com.ar\/index.php\/se-adquirieron-alimentos-varios-para-el-area-de-economato-del-municipio\/"]}]},{"@type":"ImageObject","inLanguage":"es","@id":"https:\/\/infoecos.com.ar\/index.php\/se-adquirieron-alimentos-varios-para-el-area-de-economato-del-municipio\/#primaryimage","url":"","contentUrl":""},{"@type":"BreadcrumbList","@id":"https:\/\/infoecos.com.ar\/index.php\/se-adquirieron-alimentos-varios-para-el-area-de-economato-del-municipio\/#breadcrumb","itemListElement":[{"@type":"ListItem","position":1,"name":"Portada","item":"https:\/\/infoecos.com.ar\/"},{"@type":"ListItem","position":2,"name":"Se adquirieron alimentos varios para el \u00e1rea de Economato del municipio"}]},{"@type":"WebSite","@id":"https:\/\/infoecos.com.ar\/#website","url":"https:\/\/infoecos.com.ar\/","name":"Infoecos","description":"Noticias de trenque lauquen y la zona","publisher":{"@id":"https:\/\/infoecos.com.ar\/#organization"},"alternateName":"Noticias","potentialAction":[{"@type":"SearchAction","target":{"@type":"EntryPoint","urlTemplate":"https:\/\/infoecos.com.ar\/?s={search_term_string}"},"query-input":{"@type":"PropertyValueSpecification","valueRequired":true,"valueName":"search_term_string"}}],"inLanguage":"es"},{"@type":"Organization","@id":"https:\/\/infoecos.com.ar\/#organization","name":"Infoecos","alternateName":"Noticias","url":"https:\/\/infoecos.com.ar\/","logo":{"@type":"ImageObject","inLanguage":"es","@id":"https:\/\/infoecos.com.ar\/#\/schema\/logo\/image\/","url":"https:\/\/infoecos.com.ar\/wp-content\/uploads\/2024\/03\/cropped-logo.png","contentUrl":"https:\/\/infoecos.com.ar\/wp-content\/uploads\/2024\/03\/cropped-logo.png","width":374,"height":90,"caption":"Infoecos"},"image":{"@id":"https:\/\/infoecos.com.ar\/#\/schema\/logo\/image\/"},"sameAs":["https:\/\/www.facebook.com\/profile.php?id=100063200290284","https:\/\/x.com\/infoecos"]},{"@type":"Person","@id":"https:\/\/infoecos.com.ar\/#\/schema\/person\/8f5ace5ce73b4b4aac4b7245aee6f191","name":"Jorge Matheus","url":"https:\/\/infoecos.com.ar\/index.php\/author\/jomatheus\/"}]}},"featured_image_urls":{"full":"","thumbnail":"","medium":"","medium_large":"","large":"","1536x1536":"","2048x2048":"","covernews-slider-full":"","covernews-slider-center":"","covernews-featured":"","covernews-medium":"","covernews-medium-square":""},"author_info":{"info":["Jorge Matheus"]},"category_info":"<a href=\"https:\/\/infoecos.com.ar\/index.php\/category\/inferior8\/\" rel=\"category tag\">Bloque inferior - 8<\/a>","tag_info":"Bloque inferior - 8","comment_count":"0","_links":{"self":[{"href":"https:\/\/infoecos.com.ar\/index.php\/wp-json\/wp\/v2\/posts\/80781"}],"collection":[{"href":"https:\/\/infoecos.com.ar\/index.php\/wp-json\/wp\/v2\/posts"}],"about":[{"href":"https:\/\/infoecos.com.ar\/index.php\/wp-json\/wp\/v2\/types\/post"}],"author":[{"embeddable":true,"href":"https:\/\/infoecos.com.ar\/index.php\/wp-json\/wp\/v2\/users\/2"}],"replies":[{"embeddable":true,"href":"https:\/\/infoecos.com.ar\/index.php\/wp-json\/wp\/v2\/comments?post=80781"}],"version-history":[{"count":1,"href":"https:\/\/infoecos.com.ar\/index.php\/wp-json\/wp\/v2\/posts\/80781\/revisions"}],"predecessor-version":[{"id":80782,"href":"https:\/\/infoecos.com.ar\/index.php\/wp-json\/wp\/v2\/posts\/80781\/revisions\/80782"}],"wp:featuredmedia":[{"embeddable":true,"href":"https:\/\/infoecos.com.ar\/index.php\/wp-json\/"}],"wp:attachment":[{"href":"https:\/\/infoecos.com.ar\/index.php\/wp-json\/wp\/v2\/media?parent=80781"}],"wp:term":[{"taxonomy":"category","embeddable":true,"href":"https:\/\/infoecos.com.ar\/index.php\/wp-json\/wp\/v2\/categories?post=80781"},{"taxonomy":"post_tag","embeddable":true,"href":"https:\/\/infoecos.com.ar\/index.php\/wp-json\/wp\/v2\/tags?post=80781"}],"curies":[{"name":"wp","href":"https:\/\/api.w.org\/{rel}","templated":true}]}}