{"id":80789,"date":"2021-07-06T02:07:46","date_gmt":"2021-07-06T05:07:46","guid":{"rendered":"http:\/\/infoecos.com.ar\/?p=80789"},"modified":"2021-07-07T01:58:44","modified_gmt":"2021-07-07T04:58:44","slug":"bianco-la-unica-campana-que-estamos-llevando-adelante-es-la-del-cuidado-de-la-salud-de-los-bonaerenses","status":"publish","type":"post","link":"https:\/\/infoecos.com.ar\/index.php\/bianco-la-unica-campana-que-estamos-llevando-adelante-es-la-del-cuidado-de-la-salud-de-los-bonaerenses\/","title":{"rendered":"Bianco: \u00abla \u00fanica campa\u00f1a que estamos llevando adelante es la del cuidado de la salud de los bonaerenses\u00bb"},"content":{"rendered":"\n<p>El Jefe de Gabinete bonaerense, Carlos Bianco, afirm\u00f3 que \u201ccomo dijo el Gobernador la \u00fanica campa\u00f1a que estamos llevando adelante es la del cuidado de la salud de los bonaerenses\u00bb.<\/p>\n\n\n\n<p>En declaraciones a <strong>Radio Provincia<\/strong> destac\u00f3 que \u201cpor sexta semana consecutiva se redujo en un 50% el pico de casos positivos de COVID, es bueno que se mantenga la baja y es consecuencia de la vacuna. Estamos cerca de tener 7.000.000 de vacunados de los 12.000.000 que es la poblaci\u00f3n objetivo\u00bb.&nbsp;<\/p>\n\n\n\n<div class=\"wp-block-image is-style-default\"><figure class=\"aligncenter size-medium\"><img loading=\"lazy\" decoding=\"async\" width=\"460\" height=\"259\" src=\"http:\/\/infoecos.com.ar\/wp-content\/uploads\/2021\/06\/5-1-1-460x259.jpg\" alt=\"\" class=\"wp-image-79936\" srcset=\"https:\/\/infoecos.com.ar\/wp-content\/uploads\/2021\/06\/5-1-1-460x259.jpg 460w, https:\/\/infoecos.com.ar\/wp-content\/uploads\/2021\/06\/5-1-1-920x518.jpg 920w, https:\/\/infoecos.com.ar\/wp-content\/uploads\/2021\/06\/5-1-1-768x432.jpg 768w, https:\/\/infoecos.com.ar\/wp-content\/uploads\/2021\/06\/5-1-1-1536x864.jpg 1536w, https:\/\/infoecos.com.ar\/wp-content\/uploads\/2021\/06\/5-1-1-1024x576.jpg 1024w, https:\/\/infoecos.com.ar\/wp-content\/uploads\/2021\/06\/5-1-1.jpg 1920w\" sizes=\"(max-width: 460px) 100vw, 460px\" \/><\/figure><\/div>\n\n\n\n<p>Bianco destac\u00f3 que pese a la baja hay que seguir con los cuidados sobre todo ante las nuevas variantes de coronavirus que se conocen.&nbsp;<\/p>\n\n\n\n<p>Agreg\u00f3 que \u00abesa es la raz\u00f3n por la cual hemos tomado medidas extraordinarias. Las personas que ingresan al pa\u00eds deben hacer el aislamiento obligatorio. Nosotros hac\u00edamos el control en los domicilios y nos llevamos la sorpresa que eso no estaba ocurriendo por ese motivo en la Provincia establecimos que quien ingresa debe hacer cuatro d\u00edas de aislamiento obligatorio en los hoteles que tenemos dispuestos. A partir del 1 de julio los bonaerenses que salen tienen que firmar una declaraci\u00f3n jurada donde se indica este aislamiento\u00bb.&nbsp;<\/p>\n\n\n\n<p>En otro orden, explic\u00f3 que en la provincia de Buenos Aires dentro del Frente de Todos no est\u00e1 cerrado el armado de las listas con miras a las elecciones legislativas.&nbsp;<\/p>\n\n\n\n<p>Al respecto, critic\u00f3 a la ex gobernadora Mar\u00eda Eugenia Vidal y se\u00f1al\u00f3 que \u201cdej\u00f3 de ser orgullosamente bonaerense para ser orgullosamente porte\u00f1a\u201d.&nbsp;<\/p>\n\n\n\n<p>\u201cPor parte de nuestra fuerza pol\u00edtica hay un debate interno. Se va a definir a los mejores candidatos que representen nuestro proyecto a nivel nacional y provincial. Estamos trabajando en este sentido y en t\u00e9rminos personales no tengo la intenci\u00f3n de formar parte de los candidatos\u00bb, concluy\u00f3 Bianco.<\/p>\n","protected":false},"excerpt":{"rendered":"<p>Bianco destac\u00f3 que pese a la baja hay que seguir con los cuidados sobre todo ante las nuevas variantes de coronavirus que se conocen<\/p>\n","protected":false},"author":2,"featured_media":79936,"comment_status":"closed","ping_status":"open","sticky":false,"template":"","format":"standard","meta":{"footnotes":""},"categories":[44],"tags":[4137],"class_list":["post-80789","post","type-post","status-publish","format-standard","has-post-thumbnail","hentry","category-inferior5","tag-critico-a-maria-eugenia-vidal"],"yoast_head":"<!-- This site is optimized with the Yoast SEO plugin v23.4 - https:\/\/yoast.com\/wordpress\/plugins\/seo\/ -->\n<title>Bianco: &quot;la \u00fanica campa\u00f1a que estamos llevando adelante es la del cuidado de la salud de los bonaerenses&quot; - Infoecos<\/title>\n<meta name=\"robots\" content=\"index, follow, max-snippet:-1, max-image-preview:large, max-video-preview:-1\" \/>\n<link rel=\"canonical\" href=\"https:\/\/infoecos.com.ar\/index.php\/bianco-la-unica-campana-que-estamos-llevando-adelante-es-la-del-cuidado-de-la-salud-de-los-bonaerenses\/\" \/>\n<meta property=\"og:locale\" content=\"es_ES\" \/>\n<meta property=\"og:type\" content=\"article\" \/>\n<meta property=\"og:title\" content=\"Bianco: &quot;la \u00fanica campa\u00f1a que estamos llevando adelante es la del cuidado de la salud de los bonaerenses&quot; - Infoecos\" \/>\n<meta property=\"og:description\" content=\"Bianco destac\u00f3 que pese a la baja hay que seguir con los cuidados sobre todo ante las nuevas variantes de coronavirus que se conocen\" \/>\n<meta property=\"og:url\" content=\"https:\/\/infoecos.com.ar\/index.php\/bianco-la-unica-campana-que-estamos-llevando-adelante-es-la-del-cuidado-de-la-salud-de-los-bonaerenses\/\" \/>\n<meta property=\"og:site_name\" content=\"Infoecos\" \/>\n<meta property=\"article:publisher\" content=\"https:\/\/www.facebook.com\/profile.php?id=100063200290284\" \/>\n<meta property=\"article:published_time\" content=\"2021-07-06T05:07:46+00:00\" \/>\n<meta property=\"article:modified_time\" content=\"2021-07-07T04:58:44+00:00\" \/>\n<meta property=\"og:image\" content=\"https:\/\/infoecos.com.ar\/wp-content\/uploads\/2021\/06\/5-1-1.jpg\" \/>\n\t<meta property=\"og:image:width\" content=\"1920\" \/>\n\t<meta property=\"og:image:height\" content=\"1080\" \/>\n\t<meta property=\"og:image:type\" content=\"image\/jpeg\" \/>\n<meta name=\"author\" content=\"Jorge Matheus\" \/>\n<meta name=\"twitter:card\" content=\"summary_large_image\" \/>\n<meta name=\"twitter:creator\" content=\"@infoecos\" \/>\n<meta name=\"twitter:site\" content=\"@infoecos\" \/>\n<meta name=\"twitter:label1\" content=\"Escrito por\" \/>\n\t<meta name=\"twitter:data1\" content=\"Jorge Matheus\" \/>\n\t<meta name=\"twitter:label2\" content=\"Tiempo de lectura\" \/>\n\t<meta name=\"twitter:data2\" content=\"2 minutos\" \/>\n<script type=\"application\/ld+json\" class=\"yoast-schema-graph\">{\"@context\":\"https:\/\/schema.org\",\"@graph\":[{\"@type\":\"Article\",\"@id\":\"https:\/\/infoecos.com.ar\/index.php\/bianco-la-unica-campana-que-estamos-llevando-adelante-es-la-del-cuidado-de-la-salud-de-los-bonaerenses\/#article\",\"isPartOf\":{\"@id\":\"https:\/\/infoecos.com.ar\/index.php\/bianco-la-unica-campana-que-estamos-llevando-adelante-es-la-del-cuidado-de-la-salud-de-los-bonaerenses\/\"},\"author\":{\"name\":\"Jorge Matheus\",\"@id\":\"https:\/\/infoecos.com.ar\/#\/schema\/person\/8f5ace5ce73b4b4aac4b7245aee6f191\"},\"headline\":\"Bianco: \u00abla \u00fanica campa\u00f1a que estamos llevando adelante es la del cuidado de la salud de los bonaerenses\u00bb\",\"datePublished\":\"2021-07-06T05:07:46+00:00\",\"dateModified\":\"2021-07-07T04:58:44+00:00\",\"mainEntityOfPage\":{\"@id\":\"https:\/\/infoecos.com.ar\/index.php\/bianco-la-unica-campana-que-estamos-llevando-adelante-es-la-del-cuidado-de-la-salud-de-los-bonaerenses\/\"},\"wordCount\":323,\"publisher\":{\"@id\":\"https:\/\/infoecos.com.ar\/#organization\"},\"image\":{\"@id\":\"https:\/\/infoecos.com.ar\/index.php\/bianco-la-unica-campana-que-estamos-llevando-adelante-es-la-del-cuidado-de-la-salud-de-los-bonaerenses\/#primaryimage\"},\"thumbnailUrl\":\"https:\/\/infoecos.com.ar\/wp-content\/uploads\/2021\/06\/5-1-1.jpg\",\"keywords\":[\"CRITIC\u00d3 A MAR\u00cdA EUGENIA VIDAL\"],\"articleSection\":[\"Bloque inferior - 5\"],\"inLanguage\":\"es\"},{\"@type\":\"WebPage\",\"@id\":\"https:\/\/infoecos.com.ar\/index.php\/bianco-la-unica-campana-que-estamos-llevando-adelante-es-la-del-cuidado-de-la-salud-de-los-bonaerenses\/\",\"url\":\"https:\/\/infoecos.com.ar\/index.php\/bianco-la-unica-campana-que-estamos-llevando-adelante-es-la-del-cuidado-de-la-salud-de-los-bonaerenses\/\",\"name\":\"Bianco: \\\"la \u00fanica campa\u00f1a que estamos llevando adelante es la del cuidado de la salud de los bonaerenses\\\" - Infoecos\",\"isPartOf\":{\"@id\":\"https:\/\/infoecos.com.ar\/#website\"},\"primaryImageOfPage\":{\"@id\":\"https:\/\/infoecos.com.ar\/index.php\/bianco-la-unica-campana-que-estamos-llevando-adelante-es-la-del-cuidado-de-la-salud-de-los-bonaerenses\/#primaryimage\"},\"image\":{\"@id\":\"https:\/\/infoecos.com.ar\/index.php\/bianco-la-unica-campana-que-estamos-llevando-adelante-es-la-del-cuidado-de-la-salud-de-los-bonaerenses\/#primaryimage\"},\"thumbnailUrl\":\"https:\/\/infoecos.com.ar\/wp-content\/uploads\/2021\/06\/5-1-1.jpg\",\"datePublished\":\"2021-07-06T05:07:46+00:00\",\"dateModified\":\"2021-07-07T04:58:44+00:00\",\"breadcrumb\":{\"@id\":\"https:\/\/infoecos.com.ar\/index.php\/bianco-la-unica-campana-que-estamos-llevando-adelante-es-la-del-cuidado-de-la-salud-de-los-bonaerenses\/#breadcrumb\"},\"inLanguage\":\"es\",\"potentialAction\":[{\"@type\":\"ReadAction\",\"target\":[\"https:\/\/infoecos.com.ar\/index.php\/bianco-la-unica-campana-que-estamos-llevando-adelante-es-la-del-cuidado-de-la-salud-de-los-bonaerenses\/\"]}]},{\"@type\":\"ImageObject\",\"inLanguage\":\"es\",\"@id\":\"https:\/\/infoecos.com.ar\/index.php\/bianco-la-unica-campana-que-estamos-llevando-adelante-es-la-del-cuidado-de-la-salud-de-los-bonaerenses\/#primaryimage\",\"url\":\"https:\/\/infoecos.com.ar\/wp-content\/uploads\/2021\/06\/5-1-1.jpg\",\"contentUrl\":\"https:\/\/infoecos.com.ar\/wp-content\/uploads\/2021\/06\/5-1-1.jpg\",\"width\":1920,\"height\":1080},{\"@type\":\"BreadcrumbList\",\"@id\":\"https:\/\/infoecos.com.ar\/index.php\/bianco-la-unica-campana-que-estamos-llevando-adelante-es-la-del-cuidado-de-la-salud-de-los-bonaerenses\/#breadcrumb\",\"itemListElement\":[{\"@type\":\"ListItem\",\"position\":1,\"name\":\"Portada\",\"item\":\"https:\/\/infoecos.com.ar\/\"},{\"@type\":\"ListItem\",\"position\":2,\"name\":\"Bianco: \u00abla \u00fanica campa\u00f1a que estamos llevando adelante es la del cuidado de la salud de los bonaerenses\u00bb\"}]},{\"@type\":\"WebSite\",\"@id\":\"https:\/\/infoecos.com.ar\/#website\",\"url\":\"https:\/\/infoecos.com.ar\/\",\"name\":\"Infoecos\",\"description\":\"Noticias de trenque lauquen y la zona\",\"publisher\":{\"@id\":\"https:\/\/infoecos.com.ar\/#organization\"},\"alternateName\":\"Noticias\",\"potentialAction\":[{\"@type\":\"SearchAction\",\"target\":{\"@type\":\"EntryPoint\",\"urlTemplate\":\"https:\/\/infoecos.com.ar\/?s={search_term_string}\"},\"query-input\":{\"@type\":\"PropertyValueSpecification\",\"valueRequired\":true,\"valueName\":\"search_term_string\"}}],\"inLanguage\":\"es\"},{\"@type\":\"Organization\",\"@id\":\"https:\/\/infoecos.com.ar\/#organization\",\"name\":\"Infoecos\",\"alternateName\":\"Noticias\",\"url\":\"https:\/\/infoecos.com.ar\/\",\"logo\":{\"@type\":\"ImageObject\",\"inLanguage\":\"es\",\"@id\":\"https:\/\/infoecos.com.ar\/#\/schema\/logo\/image\/\",\"url\":\"https:\/\/infoecos.com.ar\/wp-content\/uploads\/2024\/03\/cropped-logo.png\",\"contentUrl\":\"https:\/\/infoecos.com.ar\/wp-content\/uploads\/2024\/03\/cropped-logo.png\",\"width\":374,\"height\":90,\"caption\":\"Infoecos\"},\"image\":{\"@id\":\"https:\/\/infoecos.com.ar\/#\/schema\/logo\/image\/\"},\"sameAs\":[\"https:\/\/www.facebook.com\/profile.php?id=100063200290284\",\"https:\/\/x.com\/infoecos\"]},{\"@type\":\"Person\",\"@id\":\"https:\/\/infoecos.com.ar\/#\/schema\/person\/8f5ace5ce73b4b4aac4b7245aee6f191\",\"name\":\"Jorge Matheus\",\"url\":\"https:\/\/infoecos.com.ar\/index.php\/author\/jomatheus\/\"}]}<\/script>\n<!-- \/ Yoast SEO plugin. -->","yoast_head_json":{"title":"Bianco: \"la \u00fanica campa\u00f1a que estamos llevando adelante es la del cuidado de la salud de los bonaerenses\" - Infoecos","robots":{"index":"index","follow":"follow","max-snippet":"max-snippet:-1","max-image-preview":"max-image-preview:large","max-video-preview":"max-video-preview:-1"},"canonical":"https:\/\/infoecos.com.ar\/index.php\/bianco-la-unica-campana-que-estamos-llevando-adelante-es-la-del-cuidado-de-la-salud-de-los-bonaerenses\/","og_locale":"es_ES","og_type":"article","og_title":"Bianco: \"la \u00fanica campa\u00f1a que estamos llevando adelante es la del cuidado de la salud de los bonaerenses\" - Infoecos","og_description":"Bianco destac\u00f3 que pese a la baja hay que seguir con los cuidados sobre todo ante las nuevas variantes de coronavirus que se conocen","og_url":"https:\/\/infoecos.com.ar\/index.php\/bianco-la-unica-campana-que-estamos-llevando-adelante-es-la-del-cuidado-de-la-salud-de-los-bonaerenses\/","og_site_name":"Infoecos","article_publisher":"https:\/\/www.facebook.com\/profile.php?id=100063200290284","article_published_time":"2021-07-06T05:07:46+00:00","article_modified_time":"2021-07-07T04:58:44+00:00","og_image":[{"width":1920,"height":1080,"url":"https:\/\/infoecos.com.ar\/wp-content\/uploads\/2021\/06\/5-1-1.jpg","type":"image\/jpeg"}],"author":"Jorge Matheus","twitter_card":"summary_large_image","twitter_creator":"@infoecos","twitter_site":"@infoecos","twitter_misc":{"Escrito por":"Jorge Matheus","Tiempo de lectura":"2 minutos"},"schema":{"@context":"https:\/\/schema.org","@graph":[{"@type":"Article","@id":"https:\/\/infoecos.com.ar\/index.php\/bianco-la-unica-campana-que-estamos-llevando-adelante-es-la-del-cuidado-de-la-salud-de-los-bonaerenses\/#article","isPartOf":{"@id":"https:\/\/infoecos.com.ar\/index.php\/bianco-la-unica-campana-que-estamos-llevando-adelante-es-la-del-cuidado-de-la-salud-de-los-bonaerenses\/"},"author":{"name":"Jorge Matheus","@id":"https:\/\/infoecos.com.ar\/#\/schema\/person\/8f5ace5ce73b4b4aac4b7245aee6f191"},"headline":"Bianco: \u00abla \u00fanica campa\u00f1a que estamos llevando adelante es la del cuidado de la salud de los bonaerenses\u00bb","datePublished":"2021-07-06T05:07:46+00:00","dateModified":"2021-07-07T04:58:44+00:00","mainEntityOfPage":{"@id":"https:\/\/infoecos.com.ar\/index.php\/bianco-la-unica-campana-que-estamos-llevando-adelante-es-la-del-cuidado-de-la-salud-de-los-bonaerenses\/"},"wordCount":323,"publisher":{"@id":"https:\/\/infoecos.com.ar\/#organization"},"image":{"@id":"https:\/\/infoecos.com.ar\/index.php\/bianco-la-unica-campana-que-estamos-llevando-adelante-es-la-del-cuidado-de-la-salud-de-los-bonaerenses\/#primaryimage"},"thumbnailUrl":"https:\/\/infoecos.com.ar\/wp-content\/uploads\/2021\/06\/5-1-1.jpg","keywords":["CRITIC\u00d3 A MAR\u00cdA EUGENIA VIDAL"],"articleSection":["Bloque inferior - 5"],"inLanguage":"es"},{"@type":"WebPage","@id":"https:\/\/infoecos.com.ar\/index.php\/bianco-la-unica-campana-que-estamos-llevando-adelante-es-la-del-cuidado-de-la-salud-de-los-bonaerenses\/","url":"https:\/\/infoecos.com.ar\/index.php\/bianco-la-unica-campana-que-estamos-llevando-adelante-es-la-del-cuidado-de-la-salud-de-los-bonaerenses\/","name":"Bianco: \"la \u00fanica campa\u00f1a que estamos llevando adelante es la del cuidado de la salud de los bonaerenses\" - Infoecos","isPartOf":{"@id":"https:\/\/infoecos.com.ar\/#website"},"primaryImageOfPage":{"@id":"https:\/\/infoecos.com.ar\/index.php\/bianco-la-unica-campana-que-estamos-llevando-adelante-es-la-del-cuidado-de-la-salud-de-los-bonaerenses\/#primaryimage"},"image":{"@id":"https:\/\/infoecos.com.ar\/index.php\/bianco-la-unica-campana-que-estamos-llevando-adelante-es-la-del-cuidado-de-la-salud-de-los-bonaerenses\/#primaryimage"},"thumbnailUrl":"https:\/\/infoecos.com.ar\/wp-content\/uploads\/2021\/06\/5-1-1.jpg","datePublished":"2021-07-06T05:07:46+00:00","dateModified":"2021-07-07T04:58:44+00:00","breadcrumb":{"@id":"https:\/\/infoecos.com.ar\/index.php\/bianco-la-unica-campana-que-estamos-llevando-adelante-es-la-del-cuidado-de-la-salud-de-los-bonaerenses\/#breadcrumb"},"inLanguage":"es","potentialAction":[{"@type":"ReadAction","target":["https:\/\/infoecos.com.ar\/index.php\/bianco-la-unica-campana-que-estamos-llevando-adelante-es-la-del-cuidado-de-la-salud-de-los-bonaerenses\/"]}]},{"@type":"ImageObject","inLanguage":"es","@id":"https:\/\/infoecos.com.ar\/index.php\/bianco-la-unica-campana-que-estamos-llevando-adelante-es-la-del-cuidado-de-la-salud-de-los-bonaerenses\/#primaryimage","url":"https:\/\/infoecos.com.ar\/wp-content\/uploads\/2021\/06\/5-1-1.jpg","contentUrl":"https:\/\/infoecos.com.ar\/wp-content\/uploads\/2021\/06\/5-1-1.jpg","width":1920,"height":1080},{"@type":"BreadcrumbList","@id":"https:\/\/infoecos.com.ar\/index.php\/bianco-la-unica-campana-que-estamos-llevando-adelante-es-la-del-cuidado-de-la-salud-de-los-bonaerenses\/#breadcrumb","itemListElement":[{"@type":"ListItem","position":1,"name":"Portada","item":"https:\/\/infoecos.com.ar\/"},{"@type":"ListItem","position":2,"name":"Bianco: \u00abla \u00fanica campa\u00f1a que estamos llevando adelante es la del cuidado de la salud de los bonaerenses\u00bb"}]},{"@type":"WebSite","@id":"https:\/\/infoecos.com.ar\/#website","url":"https:\/\/infoecos.com.ar\/","name":"Infoecos","description":"Noticias de trenque lauquen y la zona","publisher":{"@id":"https:\/\/infoecos.com.ar\/#organization"},"alternateName":"Noticias","potentialAction":[{"@type":"SearchAction","target":{"@type":"EntryPoint","urlTemplate":"https:\/\/infoecos.com.ar\/?s={search_term_string}"},"query-input":{"@type":"PropertyValueSpecification","valueRequired":true,"valueName":"search_term_string"}}],"inLanguage":"es"},{"@type":"Organization","@id":"https:\/\/infoecos.com.ar\/#organization","name":"Infoecos","alternateName":"Noticias","url":"https:\/\/infoecos.com.ar\/","logo":{"@type":"ImageObject","inLanguage":"es","@id":"https:\/\/infoecos.com.ar\/#\/schema\/logo\/image\/","url":"https:\/\/infoecos.com.ar\/wp-content\/uploads\/2024\/03\/cropped-logo.png","contentUrl":"https:\/\/infoecos.com.ar\/wp-content\/uploads\/2024\/03\/cropped-logo.png","width":374,"height":90,"caption":"Infoecos"},"image":{"@id":"https:\/\/infoecos.com.ar\/#\/schema\/logo\/image\/"},"sameAs":["https:\/\/www.facebook.com\/profile.php?id=100063200290284","https:\/\/x.com\/infoecos"]},{"@type":"Person","@id":"https:\/\/infoecos.com.ar\/#\/schema\/person\/8f5ace5ce73b4b4aac4b7245aee6f191","name":"Jorge Matheus","url":"https:\/\/infoecos.com.ar\/index.php\/author\/jomatheus\/"}]}},"featured_image_urls":{"full":["https:\/\/infoecos.com.ar\/wp-content\/uploads\/2021\/06\/5-1-1.jpg",1920,1080,false],"thumbnail":["https:\/\/infoecos.com.ar\/wp-content\/uploads\/2021\/06\/5-1-1-150x150.jpg",150,150,true],"medium":["https:\/\/infoecos.com.ar\/wp-content\/uploads\/2021\/06\/5-1-1-460x259.jpg",460,259,true],"medium_large":["https:\/\/infoecos.com.ar\/wp-content\/uploads\/2021\/06\/5-1-1-768x432.jpg",640,360,true],"large":["https:\/\/infoecos.com.ar\/wp-content\/uploads\/2021\/06\/5-1-1-920x518.jpg",640,360,true],"1536x1536":["https:\/\/infoecos.com.ar\/wp-content\/uploads\/2021\/06\/5-1-1-1536x864.jpg",1536,864,true],"2048x2048":["https:\/\/infoecos.com.ar\/wp-content\/uploads\/2021\/06\/5-1-1.jpg",1920,1080,false],"covernews-slider-full":["https:\/\/infoecos.com.ar\/wp-content\/uploads\/2021\/06\/5-1-1-1536x1020.jpg",1077,715,true],"covernews-slider-center":["https:\/\/infoecos.com.ar\/wp-content\/uploads\/2021\/06\/5-1-1-936x897.jpg",522,500,true],"covernews-featured":["https:\/\/infoecos.com.ar\/wp-content\/uploads\/2021\/06\/5-1-1-1024x576.jpg",1024,576,true],"covernews-medium":["https:\/\/infoecos.com.ar\/wp-content\/uploads\/2021\/06\/5-1-1-720x380.jpg",540,285,true],"covernews-medium-square":["https:\/\/infoecos.com.ar\/wp-content\/uploads\/2021\/06\/5-1-1-675x450.jpg",375,250,true]},"author_info":{"info":["Jorge Matheus"]},"category_info":"<a href=\"https:\/\/infoecos.com.ar\/index.php\/category\/inferior5\/\" rel=\"category tag\">Bloque inferior - 5<\/a>","tag_info":"Bloque inferior - 5","comment_count":"0","_links":{"self":[{"href":"https:\/\/infoecos.com.ar\/index.php\/wp-json\/wp\/v2\/posts\/80789"}],"collection":[{"href":"https:\/\/infoecos.com.ar\/index.php\/wp-json\/wp\/v2\/posts"}],"about":[{"href":"https:\/\/infoecos.com.ar\/index.php\/wp-json\/wp\/v2\/types\/post"}],"author":[{"embeddable":true,"href":"https:\/\/infoecos.com.ar\/index.php\/wp-json\/wp\/v2\/users\/2"}],"replies":[{"embeddable":true,"href":"https:\/\/infoecos.com.ar\/index.php\/wp-json\/wp\/v2\/comments?post=80789"}],"version-history":[{"count":2,"href":"https:\/\/infoecos.com.ar\/index.php\/wp-json\/wp\/v2\/posts\/80789\/revisions"}],"predecessor-version":[{"id":80870,"href":"https:\/\/infoecos.com.ar\/index.php\/wp-json\/wp\/v2\/posts\/80789\/revisions\/80870"}],"wp:featuredmedia":[{"embeddable":true,"href":"https:\/\/infoecos.com.ar\/index.php\/wp-json\/wp\/v2\/media\/79936"}],"wp:attachment":[{"href":"https:\/\/infoecos.com.ar\/index.php\/wp-json\/wp\/v2\/media?parent=80789"}],"wp:term":[{"taxonomy":"category","embeddable":true,"href":"https:\/\/infoecos.com.ar\/index.php\/wp-json\/wp\/v2\/categories?post=80789"},{"taxonomy":"post_tag","embeddable":true,"href":"https:\/\/infoecos.com.ar\/index.php\/wp-json\/wp\/v2\/tags?post=80789"}],"curies":[{"name":"wp","href":"https:\/\/api.w.org\/{rel}","templated":true}]}}