{"id":80799,"date":"2021-07-06T02:44:42","date_gmt":"2021-07-06T05:44:42","guid":{"rendered":"http:\/\/infoecos.com.ar\/?p=80799"},"modified":"2021-07-07T01:57:31","modified_gmt":"2021-07-07T04:57:31","slug":"se-licito-una-obra-a-la-que-se-le-asigna-especial-importancia-en-el-distrito-de-guamini","status":"publish","type":"post","link":"https:\/\/infoecos.com.ar\/index.php\/se-licito-una-obra-a-la-que-se-le-asigna-especial-importancia-en-el-distrito-de-guamini\/","title":{"rendered":"Se licit\u00f3 una obra a la que se le asigna especial importancia en el distrito de Guamin\u00ed"},"content":{"rendered":"\n<p>Se trata de las calles colectoras en la rotonda de acceso a Guamin\u00ed, con presupuesto oficial mayor a 100 millones de pesos.<\/p>\n\n\n\n<p>La obra se prev\u00e9 otorgue una mayor visibilidad para emprendimientos comerciales y productivos, favoreciendo la econom\u00eda local y regional, y abriendo las puertas para la radicaci\u00f3n de nuevas empresas.<\/p>\n\n\n\n<div class=\"wp-block-image is-style-default\"><figure class=\"aligncenter size-medium\"><img loading=\"lazy\" decoding=\"async\" width=\"460\" height=\"307\" src=\"http:\/\/infoecos.com.ar\/wp-content\/uploads\/2021\/07\/guaminiobracolectoras-460x307.jpg\" alt=\"\" class=\"wp-image-80800\" srcset=\"https:\/\/infoecos.com.ar\/wp-content\/uploads\/2021\/07\/guaminiobracolectoras-460x307.jpg 460w, https:\/\/infoecos.com.ar\/wp-content\/uploads\/2021\/07\/guaminiobracolectoras-768x512.jpg 768w, https:\/\/infoecos.com.ar\/wp-content\/uploads\/2021\/07\/guaminiobracolectoras-675x450.jpg 675w, https:\/\/infoecos.com.ar\/wp-content\/uploads\/2021\/07\/guaminiobracolectoras.jpg 810w\" sizes=\"(max-width: 460px) 100vw, 460px\" \/><\/figure><\/div>\n\n\n\n<p>Se asegur\u00f3 que facilitar\u00e1 el acceso a la zona comercial de las inmediaciones y mejorar\u00e1 las condiciones de circulaci\u00f3n, lo que redundar\u00e1 en mayor seguridad para los conductores que transiten por el distrito.<\/p>\n\n\n\n<p>La apertura de sobres tuvo lugar ayer en el Sal\u00f3n de Acuerdos del Palacio Municipal y cont\u00f3 con la presencia de los Secretarios de Gobierno y de Obras y Servicios P\u00fablicos, la Contadora Municipal, el Jefe de Compras y un representante de la empresa oferente Fontana Nicastro S.A.C.<\/p>\n\n\n\n<p>La documentaci\u00f3n ser\u00e1 analizada en las pr\u00f3ximas horas y- de cumplir con todos los requisitos administrativos-, se proceder\u00e1 a la adjudicaci\u00f3n. La obra incluye la preparaci\u00f3n de una base de asiento, un paquete estructural con cordones cuneta y carriles de aceleraci\u00f3n y desaceleraci\u00f3n.<\/p>\n","protected":false},"excerpt":{"rendered":"<p>La obra se prev\u00e9 otorgue una mayor visibilidad para emprendimientos comerciales y productivos, favoreciendo la econom\u00eda local y regional<\/p>\n","protected":false},"author":2,"featured_media":80800,"comment_status":"closed","ping_status":"open","sticky":false,"template":"","format":"standard","meta":{"footnotes":""},"categories":[40],"tags":[4141],"class_list":["post-80799","post","type-post","status-publish","format-standard","has-post-thumbnail","hentry","category-inferior1","tag-colectoras-en-la-rotonda-de-acceso"],"yoast_head":"<!-- This site is optimized with the Yoast SEO plugin v23.4 - https:\/\/yoast.com\/wordpress\/plugins\/seo\/ -->\n<title>Se licit\u00f3 una obra a la que se le asigna especial importancia en el distrito de Guamin\u00ed - Infoecos<\/title>\n<meta name=\"robots\" content=\"index, follow, max-snippet:-1, max-image-preview:large, max-video-preview:-1\" \/>\n<link rel=\"canonical\" href=\"https:\/\/infoecos.com.ar\/index.php\/se-licito-una-obra-a-la-que-se-le-asigna-especial-importancia-en-el-distrito-de-guamini\/\" \/>\n<meta property=\"og:locale\" content=\"es_ES\" \/>\n<meta property=\"og:type\" content=\"article\" \/>\n<meta property=\"og:title\" content=\"Se licit\u00f3 una obra a la que se le asigna especial importancia en el distrito de Guamin\u00ed - Infoecos\" \/>\n<meta property=\"og:description\" content=\"La obra se prev\u00e9 otorgue una mayor visibilidad para emprendimientos comerciales y productivos, favoreciendo la econom\u00eda local y regional\" \/>\n<meta property=\"og:url\" content=\"https:\/\/infoecos.com.ar\/index.php\/se-licito-una-obra-a-la-que-se-le-asigna-especial-importancia-en-el-distrito-de-guamini\/\" \/>\n<meta property=\"og:site_name\" content=\"Infoecos\" \/>\n<meta property=\"article:publisher\" content=\"https:\/\/www.facebook.com\/profile.php?id=100063200290284\" \/>\n<meta property=\"article:published_time\" content=\"2021-07-06T05:44:42+00:00\" \/>\n<meta property=\"article:modified_time\" content=\"2021-07-07T04:57:31+00:00\" \/>\n<meta property=\"og:image\" content=\"https:\/\/infoecos.com.ar\/wp-content\/uploads\/2021\/07\/guaminiobracolectoras.jpg\" \/>\n\t<meta property=\"og:image:width\" content=\"810\" \/>\n\t<meta property=\"og:image:height\" content=\"540\" \/>\n\t<meta property=\"og:image:type\" content=\"image\/jpeg\" \/>\n<meta name=\"author\" content=\"Jorge Matheus\" \/>\n<meta name=\"twitter:card\" content=\"summary_large_image\" \/>\n<meta name=\"twitter:creator\" content=\"@infoecos\" \/>\n<meta name=\"twitter:site\" content=\"@infoecos\" \/>\n<meta name=\"twitter:label1\" content=\"Escrito por\" \/>\n\t<meta name=\"twitter:data1\" content=\"Jorge Matheus\" \/>\n\t<meta name=\"twitter:label2\" content=\"Tiempo de lectura\" \/>\n\t<meta name=\"twitter:data2\" content=\"1 minuto\" \/>\n<script type=\"application\/ld+json\" class=\"yoast-schema-graph\">{\"@context\":\"https:\/\/schema.org\",\"@graph\":[{\"@type\":\"Article\",\"@id\":\"https:\/\/infoecos.com.ar\/index.php\/se-licito-una-obra-a-la-que-se-le-asigna-especial-importancia-en-el-distrito-de-guamini\/#article\",\"isPartOf\":{\"@id\":\"https:\/\/infoecos.com.ar\/index.php\/se-licito-una-obra-a-la-que-se-le-asigna-especial-importancia-en-el-distrito-de-guamini\/\"},\"author\":{\"name\":\"Jorge Matheus\",\"@id\":\"https:\/\/infoecos.com.ar\/#\/schema\/person\/8f5ace5ce73b4b4aac4b7245aee6f191\"},\"headline\":\"Se licit\u00f3 una obra a la que se le asigna especial importancia en el distrito de Guamin\u00ed\",\"datePublished\":\"2021-07-06T05:44:42+00:00\",\"dateModified\":\"2021-07-07T04:57:31+00:00\",\"mainEntityOfPage\":{\"@id\":\"https:\/\/infoecos.com.ar\/index.php\/se-licito-una-obra-a-la-que-se-le-asigna-especial-importancia-en-el-distrito-de-guamini\/\"},\"wordCount\":204,\"publisher\":{\"@id\":\"https:\/\/infoecos.com.ar\/#organization\"},\"image\":{\"@id\":\"https:\/\/infoecos.com.ar\/index.php\/se-licito-una-obra-a-la-que-se-le-asigna-especial-importancia-en-el-distrito-de-guamini\/#primaryimage\"},\"thumbnailUrl\":\"https:\/\/infoecos.com.ar\/wp-content\/uploads\/2021\/07\/guaminiobracolectoras.jpg\",\"keywords\":[\"COLECTORAS EN LA ROTONDA DE ACCESO\"],\"articleSection\":[\"Bloque inferior - 1\"],\"inLanguage\":\"es\"},{\"@type\":\"WebPage\",\"@id\":\"https:\/\/infoecos.com.ar\/index.php\/se-licito-una-obra-a-la-que-se-le-asigna-especial-importancia-en-el-distrito-de-guamini\/\",\"url\":\"https:\/\/infoecos.com.ar\/index.php\/se-licito-una-obra-a-la-que-se-le-asigna-especial-importancia-en-el-distrito-de-guamini\/\",\"name\":\"Se licit\u00f3 una obra a la que se le asigna especial importancia en el distrito de Guamin\u00ed - Infoecos\",\"isPartOf\":{\"@id\":\"https:\/\/infoecos.com.ar\/#website\"},\"primaryImageOfPage\":{\"@id\":\"https:\/\/infoecos.com.ar\/index.php\/se-licito-una-obra-a-la-que-se-le-asigna-especial-importancia-en-el-distrito-de-guamini\/#primaryimage\"},\"image\":{\"@id\":\"https:\/\/infoecos.com.ar\/index.php\/se-licito-una-obra-a-la-que-se-le-asigna-especial-importancia-en-el-distrito-de-guamini\/#primaryimage\"},\"thumbnailUrl\":\"https:\/\/infoecos.com.ar\/wp-content\/uploads\/2021\/07\/guaminiobracolectoras.jpg\",\"datePublished\":\"2021-07-06T05:44:42+00:00\",\"dateModified\":\"2021-07-07T04:57:31+00:00\",\"breadcrumb\":{\"@id\":\"https:\/\/infoecos.com.ar\/index.php\/se-licito-una-obra-a-la-que-se-le-asigna-especial-importancia-en-el-distrito-de-guamini\/#breadcrumb\"},\"inLanguage\":\"es\",\"potentialAction\":[{\"@type\":\"ReadAction\",\"target\":[\"https:\/\/infoecos.com.ar\/index.php\/se-licito-una-obra-a-la-que-se-le-asigna-especial-importancia-en-el-distrito-de-guamini\/\"]}]},{\"@type\":\"ImageObject\",\"inLanguage\":\"es\",\"@id\":\"https:\/\/infoecos.com.ar\/index.php\/se-licito-una-obra-a-la-que-se-le-asigna-especial-importancia-en-el-distrito-de-guamini\/#primaryimage\",\"url\":\"https:\/\/infoecos.com.ar\/wp-content\/uploads\/2021\/07\/guaminiobracolectoras.jpg\",\"contentUrl\":\"https:\/\/infoecos.com.ar\/wp-content\/uploads\/2021\/07\/guaminiobracolectoras.jpg\",\"width\":810,\"height\":540},{\"@type\":\"BreadcrumbList\",\"@id\":\"https:\/\/infoecos.com.ar\/index.php\/se-licito-una-obra-a-la-que-se-le-asigna-especial-importancia-en-el-distrito-de-guamini\/#breadcrumb\",\"itemListElement\":[{\"@type\":\"ListItem\",\"position\":1,\"name\":\"Portada\",\"item\":\"https:\/\/infoecos.com.ar\/\"},{\"@type\":\"ListItem\",\"position\":2,\"name\":\"Se licit\u00f3 una obra a la que se le asigna especial importancia en el distrito de Guamin\u00ed\"}]},{\"@type\":\"WebSite\",\"@id\":\"https:\/\/infoecos.com.ar\/#website\",\"url\":\"https:\/\/infoecos.com.ar\/\",\"name\":\"Infoecos\",\"description\":\"Noticias de trenque lauquen y la zona\",\"publisher\":{\"@id\":\"https:\/\/infoecos.com.ar\/#organization\"},\"alternateName\":\"Noticias\",\"potentialAction\":[{\"@type\":\"SearchAction\",\"target\":{\"@type\":\"EntryPoint\",\"urlTemplate\":\"https:\/\/infoecos.com.ar\/?s={search_term_string}\"},\"query-input\":{\"@type\":\"PropertyValueSpecification\",\"valueRequired\":true,\"valueName\":\"search_term_string\"}}],\"inLanguage\":\"es\"},{\"@type\":\"Organization\",\"@id\":\"https:\/\/infoecos.com.ar\/#organization\",\"name\":\"Infoecos\",\"alternateName\":\"Noticias\",\"url\":\"https:\/\/infoecos.com.ar\/\",\"logo\":{\"@type\":\"ImageObject\",\"inLanguage\":\"es\",\"@id\":\"https:\/\/infoecos.com.ar\/#\/schema\/logo\/image\/\",\"url\":\"https:\/\/infoecos.com.ar\/wp-content\/uploads\/2024\/03\/cropped-logo.png\",\"contentUrl\":\"https:\/\/infoecos.com.ar\/wp-content\/uploads\/2024\/03\/cropped-logo.png\",\"width\":374,\"height\":90,\"caption\":\"Infoecos\"},\"image\":{\"@id\":\"https:\/\/infoecos.com.ar\/#\/schema\/logo\/image\/\"},\"sameAs\":[\"https:\/\/www.facebook.com\/profile.php?id=100063200290284\",\"https:\/\/x.com\/infoecos\"]},{\"@type\":\"Person\",\"@id\":\"https:\/\/infoecos.com.ar\/#\/schema\/person\/8f5ace5ce73b4b4aac4b7245aee6f191\",\"name\":\"Jorge Matheus\",\"url\":\"https:\/\/infoecos.com.ar\/index.php\/author\/jomatheus\/\"}]}<\/script>\n<!-- \/ Yoast SEO plugin. -->","yoast_head_json":{"title":"Se licit\u00f3 una obra a la que se le asigna especial importancia en el distrito de Guamin\u00ed - Infoecos","robots":{"index":"index","follow":"follow","max-snippet":"max-snippet:-1","max-image-preview":"max-image-preview:large","max-video-preview":"max-video-preview:-1"},"canonical":"https:\/\/infoecos.com.ar\/index.php\/se-licito-una-obra-a-la-que-se-le-asigna-especial-importancia-en-el-distrito-de-guamini\/","og_locale":"es_ES","og_type":"article","og_title":"Se licit\u00f3 una obra a la que se le asigna especial importancia en el distrito de Guamin\u00ed - Infoecos","og_description":"La obra se prev\u00e9 otorgue una mayor visibilidad para emprendimientos comerciales y productivos, favoreciendo la econom\u00eda local y regional","og_url":"https:\/\/infoecos.com.ar\/index.php\/se-licito-una-obra-a-la-que-se-le-asigna-especial-importancia-en-el-distrito-de-guamini\/","og_site_name":"Infoecos","article_publisher":"https:\/\/www.facebook.com\/profile.php?id=100063200290284","article_published_time":"2021-07-06T05:44:42+00:00","article_modified_time":"2021-07-07T04:57:31+00:00","og_image":[{"width":810,"height":540,"url":"https:\/\/infoecos.com.ar\/wp-content\/uploads\/2021\/07\/guaminiobracolectoras.jpg","type":"image\/jpeg"}],"author":"Jorge Matheus","twitter_card":"summary_large_image","twitter_creator":"@infoecos","twitter_site":"@infoecos","twitter_misc":{"Escrito por":"Jorge Matheus","Tiempo de lectura":"1 minuto"},"schema":{"@context":"https:\/\/schema.org","@graph":[{"@type":"Article","@id":"https:\/\/infoecos.com.ar\/index.php\/se-licito-una-obra-a-la-que-se-le-asigna-especial-importancia-en-el-distrito-de-guamini\/#article","isPartOf":{"@id":"https:\/\/infoecos.com.ar\/index.php\/se-licito-una-obra-a-la-que-se-le-asigna-especial-importancia-en-el-distrito-de-guamini\/"},"author":{"name":"Jorge Matheus","@id":"https:\/\/infoecos.com.ar\/#\/schema\/person\/8f5ace5ce73b4b4aac4b7245aee6f191"},"headline":"Se licit\u00f3 una obra a la que se le asigna especial importancia en el distrito de Guamin\u00ed","datePublished":"2021-07-06T05:44:42+00:00","dateModified":"2021-07-07T04:57:31+00:00","mainEntityOfPage":{"@id":"https:\/\/infoecos.com.ar\/index.php\/se-licito-una-obra-a-la-que-se-le-asigna-especial-importancia-en-el-distrito-de-guamini\/"},"wordCount":204,"publisher":{"@id":"https:\/\/infoecos.com.ar\/#organization"},"image":{"@id":"https:\/\/infoecos.com.ar\/index.php\/se-licito-una-obra-a-la-que-se-le-asigna-especial-importancia-en-el-distrito-de-guamini\/#primaryimage"},"thumbnailUrl":"https:\/\/infoecos.com.ar\/wp-content\/uploads\/2021\/07\/guaminiobracolectoras.jpg","keywords":["COLECTORAS EN LA ROTONDA DE ACCESO"],"articleSection":["Bloque inferior - 1"],"inLanguage":"es"},{"@type":"WebPage","@id":"https:\/\/infoecos.com.ar\/index.php\/se-licito-una-obra-a-la-que-se-le-asigna-especial-importancia-en-el-distrito-de-guamini\/","url":"https:\/\/infoecos.com.ar\/index.php\/se-licito-una-obra-a-la-que-se-le-asigna-especial-importancia-en-el-distrito-de-guamini\/","name":"Se licit\u00f3 una obra a la que se le asigna especial importancia en el distrito de Guamin\u00ed - Infoecos","isPartOf":{"@id":"https:\/\/infoecos.com.ar\/#website"},"primaryImageOfPage":{"@id":"https:\/\/infoecos.com.ar\/index.php\/se-licito-una-obra-a-la-que-se-le-asigna-especial-importancia-en-el-distrito-de-guamini\/#primaryimage"},"image":{"@id":"https:\/\/infoecos.com.ar\/index.php\/se-licito-una-obra-a-la-que-se-le-asigna-especial-importancia-en-el-distrito-de-guamini\/#primaryimage"},"thumbnailUrl":"https:\/\/infoecos.com.ar\/wp-content\/uploads\/2021\/07\/guaminiobracolectoras.jpg","datePublished":"2021-07-06T05:44:42+00:00","dateModified":"2021-07-07T04:57:31+00:00","breadcrumb":{"@id":"https:\/\/infoecos.com.ar\/index.php\/se-licito-una-obra-a-la-que-se-le-asigna-especial-importancia-en-el-distrito-de-guamini\/#breadcrumb"},"inLanguage":"es","potentialAction":[{"@type":"ReadAction","target":["https:\/\/infoecos.com.ar\/index.php\/se-licito-una-obra-a-la-que-se-le-asigna-especial-importancia-en-el-distrito-de-guamini\/"]}]},{"@type":"ImageObject","inLanguage":"es","@id":"https:\/\/infoecos.com.ar\/index.php\/se-licito-una-obra-a-la-que-se-le-asigna-especial-importancia-en-el-distrito-de-guamini\/#primaryimage","url":"https:\/\/infoecos.com.ar\/wp-content\/uploads\/2021\/07\/guaminiobracolectoras.jpg","contentUrl":"https:\/\/infoecos.com.ar\/wp-content\/uploads\/2021\/07\/guaminiobracolectoras.jpg","width":810,"height":540},{"@type":"BreadcrumbList","@id":"https:\/\/infoecos.com.ar\/index.php\/se-licito-una-obra-a-la-que-se-le-asigna-especial-importancia-en-el-distrito-de-guamini\/#breadcrumb","itemListElement":[{"@type":"ListItem","position":1,"name":"Portada","item":"https:\/\/infoecos.com.ar\/"},{"@type":"ListItem","position":2,"name":"Se licit\u00f3 una obra a la que se le asigna especial importancia en el distrito de Guamin\u00ed"}]},{"@type":"WebSite","@id":"https:\/\/infoecos.com.ar\/#website","url":"https:\/\/infoecos.com.ar\/","name":"Infoecos","description":"Noticias de trenque lauquen y la zona","publisher":{"@id":"https:\/\/infoecos.com.ar\/#organization"},"alternateName":"Noticias","potentialAction":[{"@type":"SearchAction","target":{"@type":"EntryPoint","urlTemplate":"https:\/\/infoecos.com.ar\/?s={search_term_string}"},"query-input":{"@type":"PropertyValueSpecification","valueRequired":true,"valueName":"search_term_string"}}],"inLanguage":"es"},{"@type":"Organization","@id":"https:\/\/infoecos.com.ar\/#organization","name":"Infoecos","alternateName":"Noticias","url":"https:\/\/infoecos.com.ar\/","logo":{"@type":"ImageObject","inLanguage":"es","@id":"https:\/\/infoecos.com.ar\/#\/schema\/logo\/image\/","url":"https:\/\/infoecos.com.ar\/wp-content\/uploads\/2024\/03\/cropped-logo.png","contentUrl":"https:\/\/infoecos.com.ar\/wp-content\/uploads\/2024\/03\/cropped-logo.png","width":374,"height":90,"caption":"Infoecos"},"image":{"@id":"https:\/\/infoecos.com.ar\/#\/schema\/logo\/image\/"},"sameAs":["https:\/\/www.facebook.com\/profile.php?id=100063200290284","https:\/\/x.com\/infoecos"]},{"@type":"Person","@id":"https:\/\/infoecos.com.ar\/#\/schema\/person\/8f5ace5ce73b4b4aac4b7245aee6f191","name":"Jorge Matheus","url":"https:\/\/infoecos.com.ar\/index.php\/author\/jomatheus\/"}]}},"featured_image_urls":{"full":["https:\/\/infoecos.com.ar\/wp-content\/uploads\/2021\/07\/guaminiobracolectoras.jpg",810,540,false],"thumbnail":["https:\/\/infoecos.com.ar\/wp-content\/uploads\/2021\/07\/guaminiobracolectoras-150x150.jpg",150,150,true],"medium":["https:\/\/infoecos.com.ar\/wp-content\/uploads\/2021\/07\/guaminiobracolectoras-460x307.jpg",460,307,true],"medium_large":["https:\/\/infoecos.com.ar\/wp-content\/uploads\/2021\/07\/guaminiobracolectoras-768x512.jpg",640,427,true],"large":["https:\/\/infoecos.com.ar\/wp-content\/uploads\/2021\/07\/guaminiobracolectoras.jpg",640,427,false],"1536x1536":["https:\/\/infoecos.com.ar\/wp-content\/uploads\/2021\/07\/guaminiobracolectoras.jpg",810,540,false],"2048x2048":["https:\/\/infoecos.com.ar\/wp-content\/uploads\/2021\/07\/guaminiobracolectoras.jpg",810,540,false],"covernews-slider-full":["https:\/\/infoecos.com.ar\/wp-content\/uploads\/2021\/07\/guaminiobracolectoras.jpg",810,540,false],"covernews-slider-center":["https:\/\/infoecos.com.ar\/wp-content\/uploads\/2021\/07\/guaminiobracolectoras.jpg",750,500,false],"covernews-featured":["https:\/\/infoecos.com.ar\/wp-content\/uploads\/2021\/07\/guaminiobracolectoras.jpg",810,540,false],"covernews-medium":["https:\/\/infoecos.com.ar\/wp-content\/uploads\/2021\/07\/guaminiobracolectoras-720x380.jpg",540,285,true],"covernews-medium-square":["https:\/\/infoecos.com.ar\/wp-content\/uploads\/2021\/07\/guaminiobracolectoras-675x450.jpg",375,250,true]},"author_info":{"info":["Jorge Matheus"]},"category_info":"<a href=\"https:\/\/infoecos.com.ar\/index.php\/category\/inferior1\/\" rel=\"category tag\">Bloque inferior - 1<\/a>","tag_info":"Bloque inferior - 1","comment_count":"0","_links":{"self":[{"href":"https:\/\/infoecos.com.ar\/index.php\/wp-json\/wp\/v2\/posts\/80799"}],"collection":[{"href":"https:\/\/infoecos.com.ar\/index.php\/wp-json\/wp\/v2\/posts"}],"about":[{"href":"https:\/\/infoecos.com.ar\/index.php\/wp-json\/wp\/v2\/types\/post"}],"author":[{"embeddable":true,"href":"https:\/\/infoecos.com.ar\/index.php\/wp-json\/wp\/v2\/users\/2"}],"replies":[{"embeddable":true,"href":"https:\/\/infoecos.com.ar\/index.php\/wp-json\/wp\/v2\/comments?post=80799"}],"version-history":[{"count":1,"href":"https:\/\/infoecos.com.ar\/index.php\/wp-json\/wp\/v2\/posts\/80799\/revisions"}],"predecessor-version":[{"id":80801,"href":"https:\/\/infoecos.com.ar\/index.php\/wp-json\/wp\/v2\/posts\/80799\/revisions\/80801"}],"wp:featuredmedia":[{"embeddable":true,"href":"https:\/\/infoecos.com.ar\/index.php\/wp-json\/wp\/v2\/media\/80800"}],"wp:attachment":[{"href":"https:\/\/infoecos.com.ar\/index.php\/wp-json\/wp\/v2\/media?parent=80799"}],"wp:term":[{"taxonomy":"category","embeddable":true,"href":"https:\/\/infoecos.com.ar\/index.php\/wp-json\/wp\/v2\/categories?post=80799"},{"taxonomy":"post_tag","embeddable":true,"href":"https:\/\/infoecos.com.ar\/index.php\/wp-json\/wp\/v2\/tags?post=80799"}],"curies":[{"name":"wp","href":"https:\/\/api.w.org\/{rel}","templated":true}]}}