{"id":80808,"date":"2021-07-06T15:07:26","date_gmt":"2021-07-06T18:07:26","guid":{"rendered":"http:\/\/infoecos.com.ar\/?p=80808"},"modified":"2021-07-08T03:45:12","modified_gmt":"2021-07-08T06:45:12","slug":"trenque-lauquen-quedo-junto-a-otros-36-distritos-en-fase-2","status":"publish","type":"post","link":"https:\/\/infoecos.com.ar\/index.php\/trenque-lauquen-quedo-junto-a-otros-36-distritos-en-fase-2\/","title":{"rendered":"Trenque Lauquen qued\u00f3, junto a otros 36 distritos, en Fase 2"},"content":{"rendered":"\n<p>El Jefe de Gabinete de Ministros de la provincia de Buenos Aires, Carlos Bianco actualiz\u00f3 el estado del sistema de fases, que cuenta a este mi\u00e9rcoles con 37 municipios en fase 2, 92 en fase 3 y 6 en fase 4. <\/p>\n\n\n\n<div class=\"wp-block-image is-style-default\"><figure class=\"aligncenter size-medium\"><img loading=\"lazy\" decoding=\"async\" width=\"460\" height=\"306\" src=\"http:\/\/infoecos.com.ar\/wp-content\/uploads\/2021\/07\/2021_07_06-AK-Situacion-epidemiologica_GOB_1083-460x306.jpg\" alt=\"\" class=\"wp-image-80809\" srcset=\"https:\/\/infoecos.com.ar\/wp-content\/uploads\/2021\/07\/2021_07_06-AK-Situacion-epidemiologica_GOB_1083-460x306.jpg 460w, https:\/\/infoecos.com.ar\/wp-content\/uploads\/2021\/07\/2021_07_06-AK-Situacion-epidemiologica_GOB_1083-920x611.jpg 920w, https:\/\/infoecos.com.ar\/wp-content\/uploads\/2021\/07\/2021_07_06-AK-Situacion-epidemiologica_GOB_1083-768x510.jpg 768w, https:\/\/infoecos.com.ar\/wp-content\/uploads\/2021\/07\/2021_07_06-AK-Situacion-epidemiologica_GOB_1083-1536x1020.jpg 1536w, https:\/\/infoecos.com.ar\/wp-content\/uploads\/2021\/07\/2021_07_06-AK-Situacion-epidemiologica_GOB_1083-2048x1361.jpg 2048w, https:\/\/infoecos.com.ar\/wp-content\/uploads\/2021\/07\/2021_07_06-AK-Situacion-epidemiologica_GOB_1083-1024x681.jpg 1024w, https:\/\/infoecos.com.ar\/wp-content\/uploads\/2021\/07\/2021_07_06-AK-Situacion-epidemiologica_GOB_1083-675x450.jpg 675w\" sizes=\"(max-width: 460px) 100vw, 460px\" \/><\/figure><\/div>\n\n\n\n<p>\u201cObservando la situaci\u00f3n general, donde hay una tendencia de reducci\u00f3n de casos, esperamos que en las pr\u00f3ximas semanas muchos distritos avancen hacia una etapa con menos restricciones y con el regreso de la presencialidad cuidada en las escuelas\u201d, dijo.<\/p>\n\n\n\n<p>Bianco se refiri\u00f3 tambi\u00e9n al periodo de aislamiento mixto que deber\u00e1n llevar a cabo los y las bonaerenses que regresen del exterior tras haber viajado luego del 1 de julio: \u201cA la fecha ya contamos con 69 hoteles en 27 municipios distintos para llevar adelante los primeros cuatro d\u00edas del aislamiento que se debe completar luego en los domicilios\u201d. \u201cEl \u00fanico objetivo es evitar el ingreso y la difusi\u00f3n de la variante Delta en nuestro pa\u00eds\u201d, explic\u00f3.<\/p>\n","protected":false},"excerpt":{"rendered":"<p>\u201cObservando la situaci\u00f3n general, donde hay una tendencia de reducci\u00f3n de casos, esperamos que en las pr\u00f3ximas semanas muchos distritos avancen hacia una etapa con menos restricciones y con el regreso de la presencialidad cuidada en las escuelas\u201d, dijo<\/p>\n","protected":false},"author":2,"featured_media":80809,"comment_status":"closed","ping_status":"open","sticky":false,"template":"","format":"standard","meta":{"footnotes":""},"categories":[1331],"tags":[4143],"class_list":["post-80808","post","type-post","status-publish","format-standard","has-post-thumbnail","hentry","category-inferior11","tag-situacion-epidemiologica-buenos-aires"],"yoast_head":"<!-- This site is optimized with the Yoast SEO plugin v23.4 - https:\/\/yoast.com\/wordpress\/plugins\/seo\/ -->\n<title>Trenque Lauquen qued\u00f3, junto a otros 36 distritos, en Fase 2 - Infoecos<\/title>\n<meta name=\"robots\" content=\"index, follow, max-snippet:-1, max-image-preview:large, max-video-preview:-1\" \/>\n<link rel=\"canonical\" href=\"https:\/\/infoecos.com.ar\/index.php\/trenque-lauquen-quedo-junto-a-otros-36-distritos-en-fase-2\/\" \/>\n<meta property=\"og:locale\" content=\"es_ES\" \/>\n<meta property=\"og:type\" content=\"article\" \/>\n<meta property=\"og:title\" content=\"Trenque Lauquen qued\u00f3, junto a otros 36 distritos, en Fase 2 - Infoecos\" \/>\n<meta property=\"og:description\" content=\"\u201cObservando la situaci\u00f3n general, donde hay una tendencia de reducci\u00f3n de casos, esperamos que en las pr\u00f3ximas semanas muchos distritos avancen hacia una etapa con menos restricciones y con el regreso de la presencialidad cuidada en las escuelas\u201d, dijo\" \/>\n<meta property=\"og:url\" content=\"https:\/\/infoecos.com.ar\/index.php\/trenque-lauquen-quedo-junto-a-otros-36-distritos-en-fase-2\/\" \/>\n<meta property=\"og:site_name\" content=\"Infoecos\" \/>\n<meta property=\"article:publisher\" content=\"https:\/\/www.facebook.com\/profile.php?id=100063200290284\" \/>\n<meta property=\"article:published_time\" content=\"2021-07-06T18:07:26+00:00\" \/>\n<meta property=\"article:modified_time\" content=\"2021-07-08T06:45:12+00:00\" \/>\n<meta property=\"og:image\" content=\"https:\/\/infoecos.com.ar\/wp-content\/uploads\/2021\/07\/2021_07_06-AK-Situacion-epidemiologica_GOB_1083-scaled.jpg\" \/>\n\t<meta property=\"og:image:width\" content=\"2560\" \/>\n\t<meta property=\"og:image:height\" content=\"1702\" \/>\n\t<meta property=\"og:image:type\" content=\"image\/jpeg\" \/>\n<meta name=\"author\" content=\"Jorge Matheus\" \/>\n<meta name=\"twitter:card\" content=\"summary_large_image\" \/>\n<meta name=\"twitter:creator\" content=\"@infoecos\" \/>\n<meta name=\"twitter:site\" content=\"@infoecos\" \/>\n<meta name=\"twitter:label1\" content=\"Escrito por\" \/>\n\t<meta name=\"twitter:data1\" content=\"Jorge Matheus\" \/>\n\t<meta name=\"twitter:label2\" content=\"Tiempo de lectura\" \/>\n\t<meta name=\"twitter:data2\" content=\"1 minuto\" \/>\n<script type=\"application\/ld+json\" class=\"yoast-schema-graph\">{\"@context\":\"https:\/\/schema.org\",\"@graph\":[{\"@type\":\"Article\",\"@id\":\"https:\/\/infoecos.com.ar\/index.php\/trenque-lauquen-quedo-junto-a-otros-36-distritos-en-fase-2\/#article\",\"isPartOf\":{\"@id\":\"https:\/\/infoecos.com.ar\/index.php\/trenque-lauquen-quedo-junto-a-otros-36-distritos-en-fase-2\/\"},\"author\":{\"name\":\"Jorge Matheus\",\"@id\":\"https:\/\/infoecos.com.ar\/#\/schema\/person\/8f5ace5ce73b4b4aac4b7245aee6f191\"},\"headline\":\"Trenque Lauquen qued\u00f3, junto a otros 36 distritos, en Fase 2\",\"datePublished\":\"2021-07-06T18:07:26+00:00\",\"dateModified\":\"2021-07-08T06:45:12+00:00\",\"mainEntityOfPage\":{\"@id\":\"https:\/\/infoecos.com.ar\/index.php\/trenque-lauquen-quedo-junto-a-otros-36-distritos-en-fase-2\/\"},\"wordCount\":166,\"publisher\":{\"@id\":\"https:\/\/infoecos.com.ar\/#organization\"},\"image\":{\"@id\":\"https:\/\/infoecos.com.ar\/index.php\/trenque-lauquen-quedo-junto-a-otros-36-distritos-en-fase-2\/#primaryimage\"},\"thumbnailUrl\":\"https:\/\/infoecos.com.ar\/wp-content\/uploads\/2021\/07\/2021_07_06-AK-Situacion-epidemiologica_GOB_1083-scaled.jpg\",\"keywords\":[\"SITUACI\u00d3N EPIDEMIOL\u00d3GICA BUENOS AIRES\"],\"articleSection\":[\"Bloque inferior - 11\"],\"inLanguage\":\"es\"},{\"@type\":\"WebPage\",\"@id\":\"https:\/\/infoecos.com.ar\/index.php\/trenque-lauquen-quedo-junto-a-otros-36-distritos-en-fase-2\/\",\"url\":\"https:\/\/infoecos.com.ar\/index.php\/trenque-lauquen-quedo-junto-a-otros-36-distritos-en-fase-2\/\",\"name\":\"Trenque Lauquen qued\u00f3, junto a otros 36 distritos, en Fase 2 - Infoecos\",\"isPartOf\":{\"@id\":\"https:\/\/infoecos.com.ar\/#website\"},\"primaryImageOfPage\":{\"@id\":\"https:\/\/infoecos.com.ar\/index.php\/trenque-lauquen-quedo-junto-a-otros-36-distritos-en-fase-2\/#primaryimage\"},\"image\":{\"@id\":\"https:\/\/infoecos.com.ar\/index.php\/trenque-lauquen-quedo-junto-a-otros-36-distritos-en-fase-2\/#primaryimage\"},\"thumbnailUrl\":\"https:\/\/infoecos.com.ar\/wp-content\/uploads\/2021\/07\/2021_07_06-AK-Situacion-epidemiologica_GOB_1083-scaled.jpg\",\"datePublished\":\"2021-07-06T18:07:26+00:00\",\"dateModified\":\"2021-07-08T06:45:12+00:00\",\"breadcrumb\":{\"@id\":\"https:\/\/infoecos.com.ar\/index.php\/trenque-lauquen-quedo-junto-a-otros-36-distritos-en-fase-2\/#breadcrumb\"},\"inLanguage\":\"es\",\"potentialAction\":[{\"@type\":\"ReadAction\",\"target\":[\"https:\/\/infoecos.com.ar\/index.php\/trenque-lauquen-quedo-junto-a-otros-36-distritos-en-fase-2\/\"]}]},{\"@type\":\"ImageObject\",\"inLanguage\":\"es\",\"@id\":\"https:\/\/infoecos.com.ar\/index.php\/trenque-lauquen-quedo-junto-a-otros-36-distritos-en-fase-2\/#primaryimage\",\"url\":\"https:\/\/infoecos.com.ar\/wp-content\/uploads\/2021\/07\/2021_07_06-AK-Situacion-epidemiologica_GOB_1083-scaled.jpg\",\"contentUrl\":\"https:\/\/infoecos.com.ar\/wp-content\/uploads\/2021\/07\/2021_07_06-AK-Situacion-epidemiologica_GOB_1083-scaled.jpg\",\"width\":2560,\"height\":1702},{\"@type\":\"BreadcrumbList\",\"@id\":\"https:\/\/infoecos.com.ar\/index.php\/trenque-lauquen-quedo-junto-a-otros-36-distritos-en-fase-2\/#breadcrumb\",\"itemListElement\":[{\"@type\":\"ListItem\",\"position\":1,\"name\":\"Portada\",\"item\":\"https:\/\/infoecos.com.ar\/\"},{\"@type\":\"ListItem\",\"position\":2,\"name\":\"Trenque Lauquen qued\u00f3, junto a otros 36 distritos, en Fase 2\"}]},{\"@type\":\"WebSite\",\"@id\":\"https:\/\/infoecos.com.ar\/#website\",\"url\":\"https:\/\/infoecos.com.ar\/\",\"name\":\"Infoecos\",\"description\":\"Noticias de trenque lauquen y la zona\",\"publisher\":{\"@id\":\"https:\/\/infoecos.com.ar\/#organization\"},\"alternateName\":\"Noticias\",\"potentialAction\":[{\"@type\":\"SearchAction\",\"target\":{\"@type\":\"EntryPoint\",\"urlTemplate\":\"https:\/\/infoecos.com.ar\/?s={search_term_string}\"},\"query-input\":{\"@type\":\"PropertyValueSpecification\",\"valueRequired\":true,\"valueName\":\"search_term_string\"}}],\"inLanguage\":\"es\"},{\"@type\":\"Organization\",\"@id\":\"https:\/\/infoecos.com.ar\/#organization\",\"name\":\"Infoecos\",\"alternateName\":\"Noticias\",\"url\":\"https:\/\/infoecos.com.ar\/\",\"logo\":{\"@type\":\"ImageObject\",\"inLanguage\":\"es\",\"@id\":\"https:\/\/infoecos.com.ar\/#\/schema\/logo\/image\/\",\"url\":\"https:\/\/infoecos.com.ar\/wp-content\/uploads\/2024\/03\/cropped-logo.png\",\"contentUrl\":\"https:\/\/infoecos.com.ar\/wp-content\/uploads\/2024\/03\/cropped-logo.png\",\"width\":374,\"height\":90,\"caption\":\"Infoecos\"},\"image\":{\"@id\":\"https:\/\/infoecos.com.ar\/#\/schema\/logo\/image\/\"},\"sameAs\":[\"https:\/\/www.facebook.com\/profile.php?id=100063200290284\",\"https:\/\/x.com\/infoecos\"]},{\"@type\":\"Person\",\"@id\":\"https:\/\/infoecos.com.ar\/#\/schema\/person\/8f5ace5ce73b4b4aac4b7245aee6f191\",\"name\":\"Jorge Matheus\",\"url\":\"https:\/\/infoecos.com.ar\/index.php\/author\/jomatheus\/\"}]}<\/script>\n<!-- \/ Yoast SEO plugin. -->","yoast_head_json":{"title":"Trenque Lauquen qued\u00f3, junto a otros 36 distritos, en Fase 2 - Infoecos","robots":{"index":"index","follow":"follow","max-snippet":"max-snippet:-1","max-image-preview":"max-image-preview:large","max-video-preview":"max-video-preview:-1"},"canonical":"https:\/\/infoecos.com.ar\/index.php\/trenque-lauquen-quedo-junto-a-otros-36-distritos-en-fase-2\/","og_locale":"es_ES","og_type":"article","og_title":"Trenque Lauquen qued\u00f3, junto a otros 36 distritos, en Fase 2 - Infoecos","og_description":"\u201cObservando la situaci\u00f3n general, donde hay una tendencia de reducci\u00f3n de casos, esperamos que en las pr\u00f3ximas semanas muchos distritos avancen hacia una etapa con menos restricciones y con el regreso de la presencialidad cuidada en las escuelas\u201d, dijo","og_url":"https:\/\/infoecos.com.ar\/index.php\/trenque-lauquen-quedo-junto-a-otros-36-distritos-en-fase-2\/","og_site_name":"Infoecos","article_publisher":"https:\/\/www.facebook.com\/profile.php?id=100063200290284","article_published_time":"2021-07-06T18:07:26+00:00","article_modified_time":"2021-07-08T06:45:12+00:00","og_image":[{"width":2560,"height":1702,"url":"https:\/\/infoecos.com.ar\/wp-content\/uploads\/2021\/07\/2021_07_06-AK-Situacion-epidemiologica_GOB_1083-scaled.jpg","type":"image\/jpeg"}],"author":"Jorge Matheus","twitter_card":"summary_large_image","twitter_creator":"@infoecos","twitter_site":"@infoecos","twitter_misc":{"Escrito por":"Jorge Matheus","Tiempo de lectura":"1 minuto"},"schema":{"@context":"https:\/\/schema.org","@graph":[{"@type":"Article","@id":"https:\/\/infoecos.com.ar\/index.php\/trenque-lauquen-quedo-junto-a-otros-36-distritos-en-fase-2\/#article","isPartOf":{"@id":"https:\/\/infoecos.com.ar\/index.php\/trenque-lauquen-quedo-junto-a-otros-36-distritos-en-fase-2\/"},"author":{"name":"Jorge Matheus","@id":"https:\/\/infoecos.com.ar\/#\/schema\/person\/8f5ace5ce73b4b4aac4b7245aee6f191"},"headline":"Trenque Lauquen qued\u00f3, junto a otros 36 distritos, en Fase 2","datePublished":"2021-07-06T18:07:26+00:00","dateModified":"2021-07-08T06:45:12+00:00","mainEntityOfPage":{"@id":"https:\/\/infoecos.com.ar\/index.php\/trenque-lauquen-quedo-junto-a-otros-36-distritos-en-fase-2\/"},"wordCount":166,"publisher":{"@id":"https:\/\/infoecos.com.ar\/#organization"},"image":{"@id":"https:\/\/infoecos.com.ar\/index.php\/trenque-lauquen-quedo-junto-a-otros-36-distritos-en-fase-2\/#primaryimage"},"thumbnailUrl":"https:\/\/infoecos.com.ar\/wp-content\/uploads\/2021\/07\/2021_07_06-AK-Situacion-epidemiologica_GOB_1083-scaled.jpg","keywords":["SITUACI\u00d3N EPIDEMIOL\u00d3GICA BUENOS AIRES"],"articleSection":["Bloque inferior - 11"],"inLanguage":"es"},{"@type":"WebPage","@id":"https:\/\/infoecos.com.ar\/index.php\/trenque-lauquen-quedo-junto-a-otros-36-distritos-en-fase-2\/","url":"https:\/\/infoecos.com.ar\/index.php\/trenque-lauquen-quedo-junto-a-otros-36-distritos-en-fase-2\/","name":"Trenque Lauquen qued\u00f3, junto a otros 36 distritos, en Fase 2 - Infoecos","isPartOf":{"@id":"https:\/\/infoecos.com.ar\/#website"},"primaryImageOfPage":{"@id":"https:\/\/infoecos.com.ar\/index.php\/trenque-lauquen-quedo-junto-a-otros-36-distritos-en-fase-2\/#primaryimage"},"image":{"@id":"https:\/\/infoecos.com.ar\/index.php\/trenque-lauquen-quedo-junto-a-otros-36-distritos-en-fase-2\/#primaryimage"},"thumbnailUrl":"https:\/\/infoecos.com.ar\/wp-content\/uploads\/2021\/07\/2021_07_06-AK-Situacion-epidemiologica_GOB_1083-scaled.jpg","datePublished":"2021-07-06T18:07:26+00:00","dateModified":"2021-07-08T06:45:12+00:00","breadcrumb":{"@id":"https:\/\/infoecos.com.ar\/index.php\/trenque-lauquen-quedo-junto-a-otros-36-distritos-en-fase-2\/#breadcrumb"},"inLanguage":"es","potentialAction":[{"@type":"ReadAction","target":["https:\/\/infoecos.com.ar\/index.php\/trenque-lauquen-quedo-junto-a-otros-36-distritos-en-fase-2\/"]}]},{"@type":"ImageObject","inLanguage":"es","@id":"https:\/\/infoecos.com.ar\/index.php\/trenque-lauquen-quedo-junto-a-otros-36-distritos-en-fase-2\/#primaryimage","url":"https:\/\/infoecos.com.ar\/wp-content\/uploads\/2021\/07\/2021_07_06-AK-Situacion-epidemiologica_GOB_1083-scaled.jpg","contentUrl":"https:\/\/infoecos.com.ar\/wp-content\/uploads\/2021\/07\/2021_07_06-AK-Situacion-epidemiologica_GOB_1083-scaled.jpg","width":2560,"height":1702},{"@type":"BreadcrumbList","@id":"https:\/\/infoecos.com.ar\/index.php\/trenque-lauquen-quedo-junto-a-otros-36-distritos-en-fase-2\/#breadcrumb","itemListElement":[{"@type":"ListItem","position":1,"name":"Portada","item":"https:\/\/infoecos.com.ar\/"},{"@type":"ListItem","position":2,"name":"Trenque Lauquen qued\u00f3, junto a otros 36 distritos, en Fase 2"}]},{"@type":"WebSite","@id":"https:\/\/infoecos.com.ar\/#website","url":"https:\/\/infoecos.com.ar\/","name":"Infoecos","description":"Noticias de trenque lauquen y la zona","publisher":{"@id":"https:\/\/infoecos.com.ar\/#organization"},"alternateName":"Noticias","potentialAction":[{"@type":"SearchAction","target":{"@type":"EntryPoint","urlTemplate":"https:\/\/infoecos.com.ar\/?s={search_term_string}"},"query-input":{"@type":"PropertyValueSpecification","valueRequired":true,"valueName":"search_term_string"}}],"inLanguage":"es"},{"@type":"Organization","@id":"https:\/\/infoecos.com.ar\/#organization","name":"Infoecos","alternateName":"Noticias","url":"https:\/\/infoecos.com.ar\/","logo":{"@type":"ImageObject","inLanguage":"es","@id":"https:\/\/infoecos.com.ar\/#\/schema\/logo\/image\/","url":"https:\/\/infoecos.com.ar\/wp-content\/uploads\/2024\/03\/cropped-logo.png","contentUrl":"https:\/\/infoecos.com.ar\/wp-content\/uploads\/2024\/03\/cropped-logo.png","width":374,"height":90,"caption":"Infoecos"},"image":{"@id":"https:\/\/infoecos.com.ar\/#\/schema\/logo\/image\/"},"sameAs":["https:\/\/www.facebook.com\/profile.php?id=100063200290284","https:\/\/x.com\/infoecos"]},{"@type":"Person","@id":"https:\/\/infoecos.com.ar\/#\/schema\/person\/8f5ace5ce73b4b4aac4b7245aee6f191","name":"Jorge Matheus","url":"https:\/\/infoecos.com.ar\/index.php\/author\/jomatheus\/"}]}},"featured_image_urls":{"full":["https:\/\/infoecos.com.ar\/wp-content\/uploads\/2021\/07\/2021_07_06-AK-Situacion-epidemiologica_GOB_1083-scaled.jpg",2560,1702,false],"thumbnail":["https:\/\/infoecos.com.ar\/wp-content\/uploads\/2021\/07\/2021_07_06-AK-Situacion-epidemiologica_GOB_1083-150x150.jpg",150,150,true],"medium":["https:\/\/infoecos.com.ar\/wp-content\/uploads\/2021\/07\/2021_07_06-AK-Situacion-epidemiologica_GOB_1083-460x306.jpg",460,306,true],"medium_large":["https:\/\/infoecos.com.ar\/wp-content\/uploads\/2021\/07\/2021_07_06-AK-Situacion-epidemiologica_GOB_1083-768x510.jpg",640,425,true],"large":["https:\/\/infoecos.com.ar\/wp-content\/uploads\/2021\/07\/2021_07_06-AK-Situacion-epidemiologica_GOB_1083-920x611.jpg",640,425,true],"1536x1536":["https:\/\/infoecos.com.ar\/wp-content\/uploads\/2021\/07\/2021_07_06-AK-Situacion-epidemiologica_GOB_1083-1536x1021.jpg",1536,1021,true],"2048x2048":["https:\/\/infoecos.com.ar\/wp-content\/uploads\/2021\/07\/2021_07_06-AK-Situacion-epidemiologica_GOB_1083-2048x1361.jpg",2048,1361,true],"covernews-slider-full":["https:\/\/infoecos.com.ar\/wp-content\/uploads\/2021\/07\/2021_07_06-AK-Situacion-epidemiologica_GOB_1083-1536x1020.jpg",1077,715,true],"covernews-slider-center":["https:\/\/infoecos.com.ar\/wp-content\/uploads\/2021\/07\/2021_07_06-AK-Situacion-epidemiologica_GOB_1083-936x897.jpg",522,500,true],"covernews-featured":["https:\/\/infoecos.com.ar\/wp-content\/uploads\/2021\/07\/2021_07_06-AK-Situacion-epidemiologica_GOB_1083-1024x681.jpg",1024,681,true],"covernews-medium":["https:\/\/infoecos.com.ar\/wp-content\/uploads\/2021\/07\/2021_07_06-AK-Situacion-epidemiologica_GOB_1083-720x380.jpg",540,285,true],"covernews-medium-square":["https:\/\/infoecos.com.ar\/wp-content\/uploads\/2021\/07\/2021_07_06-AK-Situacion-epidemiologica_GOB_1083-675x450.jpg",375,250,true]},"author_info":{"info":["Jorge Matheus"]},"category_info":"<a href=\"https:\/\/infoecos.com.ar\/index.php\/category\/inferior11\/\" rel=\"category tag\">Bloque inferior - 11<\/a>","tag_info":"Bloque inferior - 11","comment_count":"0","_links":{"self":[{"href":"https:\/\/infoecos.com.ar\/index.php\/wp-json\/wp\/v2\/posts\/80808"}],"collection":[{"href":"https:\/\/infoecos.com.ar\/index.php\/wp-json\/wp\/v2\/posts"}],"about":[{"href":"https:\/\/infoecos.com.ar\/index.php\/wp-json\/wp\/v2\/types\/post"}],"author":[{"embeddable":true,"href":"https:\/\/infoecos.com.ar\/index.php\/wp-json\/wp\/v2\/users\/2"}],"replies":[{"embeddable":true,"href":"https:\/\/infoecos.com.ar\/index.php\/wp-json\/wp\/v2\/comments?post=80808"}],"version-history":[{"count":1,"href":"https:\/\/infoecos.com.ar\/index.php\/wp-json\/wp\/v2\/posts\/80808\/revisions"}],"predecessor-version":[{"id":80810,"href":"https:\/\/infoecos.com.ar\/index.php\/wp-json\/wp\/v2\/posts\/80808\/revisions\/80810"}],"wp:featuredmedia":[{"embeddable":true,"href":"https:\/\/infoecos.com.ar\/index.php\/wp-json\/wp\/v2\/media\/80809"}],"wp:attachment":[{"href":"https:\/\/infoecos.com.ar\/index.php\/wp-json\/wp\/v2\/media?parent=80808"}],"wp:term":[{"taxonomy":"category","embeddable":true,"href":"https:\/\/infoecos.com.ar\/index.php\/wp-json\/wp\/v2\/categories?post=80808"},{"taxonomy":"post_tag","embeddable":true,"href":"https:\/\/infoecos.com.ar\/index.php\/wp-json\/wp\/v2\/tags?post=80808"}],"curies":[{"name":"wp","href":"https:\/\/api.w.org\/{rel}","templated":true}]}}