{"id":80844,"date":"2021-07-06T19:07:59","date_gmt":"2021-07-06T22:07:59","guid":{"rendered":"http:\/\/infoecos.com.ar\/?p=80844"},"modified":"2021-07-08T03:42:27","modified_gmt":"2021-07-08T06:42:27","slug":"si-facundo-manes-no-es-primer-candidato-en-la-lista-bonaerense-habra-internas-con-el-pro-senalo-alejandra-lorden","status":"publish","type":"post","link":"https:\/\/infoecos.com.ar\/index.php\/si-facundo-manes-no-es-primer-candidato-en-la-lista-bonaerense-habra-internas-con-el-pro-senalo-alejandra-lorden\/","title":{"rendered":"\u00abSi Facundo Manes no es primer candidato en la lista bonaerense habr\u00e1 internas con el PRO\u00bb, se\u00f1al\u00f3 Alejandra Lord\u00e9n"},"content":{"rendered":"\n<p>Alejandra Lord\u00e9n, dirigente radical y vicepresidenta del partido a nivel nacional, vecina de Saladillo en la s\u00e9ptima secci\u00f3n electoral de la provincia sostuvo este martes que si Facundo Manes \u00abno es primer candidato\u00bb en la lista de diputados bonaerenses, su partido est\u00e1 dispuesto a competir con el PRO en las primarias abiertas, simult\u00e1neas y obligatorias (PASO) como parte de la interna de Juntos por el Cambio.<\/p>\n\n\n\n<div class=\"wp-block-image is-style-default\"><figure class=\"aligncenter size-medium\"><img loading=\"lazy\" decoding=\"async\" width=\"460\" height=\"258\" src=\"http:\/\/infoecos.com.ar\/wp-content\/uploads\/2020\/09\/lordenalej-460x258.jpg\" alt=\"\" class=\"wp-image-68046\" srcset=\"https:\/\/infoecos.com.ar\/wp-content\/uploads\/2020\/09\/lordenalej-460x258.jpg 460w, https:\/\/infoecos.com.ar\/wp-content\/uploads\/2020\/09\/lordenalej-768x430.jpg 768w, https:\/\/infoecos.com.ar\/wp-content\/uploads\/2020\/09\/lordenalej.jpg 880w\" sizes=\"(max-width: 460px) 100vw, 460px\" \/><\/figure><\/div>\n\n\n\n<p>No obstante, consider\u00f3 que por ahora \u00abnada est\u00e1 definido\u00bb y todav\u00eda \u00abexiste una posibilidad de trabajar para conformar una lista de unidad\u00bb.<\/p>\n\n\n\n<p>En di\u00e1logo con El Destape Radio, Lord\u00e9n afirm\u00f3 que \u00ablo que tienen claro\u00bb en el radicalismo \u00abes que el esquema de Juntos por el Cambio es la unidad\u00bb, y estim\u00f3 \u00abpuede haber una PASO, pero luego iremos juntos a las generales\u00bb.<\/p>\n\n\n\n<p>Sobre la postulaci\u00f3n de Manes, la dirigente ratific\u00f3 que el neurocirujano competir\u00e1 por la UCR, y afirm\u00f3 que por ahora \u00abno est\u00e1 definido si ser\u00e1 el primer candidato\u00bb de esa fuerza pol\u00edtica.<\/p>\n\n\n\n<div class=\"wp-block-image is-style-default\"><figure class=\"aligncenter size-medium\"><img loading=\"lazy\" decoding=\"async\" width=\"460\" height=\"330\" src=\"http:\/\/infoecos.com.ar\/wp-content\/uploads\/LORDEN-460x330.jpg\" alt=\"\" class=\"wp-image-62434\" srcset=\"https:\/\/infoecos.com.ar\/wp-content\/uploads\/LORDEN-460x330.jpg 460w, https:\/\/infoecos.com.ar\/wp-content\/uploads\/LORDEN.jpg 680w\" sizes=\"(max-width: 460px) 100vw, 460px\" \/><figcaption>Lord\u00e9n, Alejandra, Fern\u00e1ndez, Figueroa<\/figcaption><\/figure><\/div>\n\n\n\n<p>\u00abManes viene aportarle no solo al partido sino a la coalici\u00f3n y a la sociedad entera\u00bb, agreg\u00f3 la diputada provincial bonaerense.<\/p>\n","protected":false},"excerpt":{"rendered":"<p>No obstante, consider\u00f3 que por ahora \u00abnada est\u00e1 definido\u00bb y todav\u00eda \u00abexiste una posibilidad de trabajar para conformar una lista de unidad\u00bb<\/p>\n","protected":false},"author":2,"featured_media":68046,"comment_status":"closed","ping_status":"open","sticky":false,"template":"","format":"standard","meta":{"footnotes":""},"categories":[43],"tags":[3028],"class_list":["post-80844","post","type-post","status-publish","format-standard","has-post-thumbnail","hentry","category-inferior4","tag-elecciones-2021"],"yoast_head":"<!-- This site is optimized with the Yoast SEO plugin v23.4 - https:\/\/yoast.com\/wordpress\/plugins\/seo\/ -->\n<title>&quot;Si Facundo Manes no es primer candidato en la lista bonaerense habr\u00e1 internas con el PRO&quot;, se\u00f1al\u00f3 Alejandra Lord\u00e9n - Infoecos<\/title>\n<meta name=\"robots\" content=\"index, follow, max-snippet:-1, max-image-preview:large, max-video-preview:-1\" \/>\n<link rel=\"canonical\" href=\"https:\/\/infoecos.com.ar\/index.php\/si-facundo-manes-no-es-primer-candidato-en-la-lista-bonaerense-habra-internas-con-el-pro-senalo-alejandra-lorden\/\" \/>\n<meta property=\"og:locale\" content=\"es_ES\" \/>\n<meta property=\"og:type\" content=\"article\" \/>\n<meta property=\"og:title\" content=\"&quot;Si Facundo Manes no es primer candidato en la lista bonaerense habr\u00e1 internas con el PRO&quot;, se\u00f1al\u00f3 Alejandra Lord\u00e9n - Infoecos\" \/>\n<meta property=\"og:description\" content=\"No obstante, consider\u00f3 que por ahora &quot;nada est\u00e1 definido&quot; y todav\u00eda &quot;existe una posibilidad de trabajar para conformar una lista de unidad&quot;\" \/>\n<meta property=\"og:url\" content=\"https:\/\/infoecos.com.ar\/index.php\/si-facundo-manes-no-es-primer-candidato-en-la-lista-bonaerense-habra-internas-con-el-pro-senalo-alejandra-lorden\/\" \/>\n<meta property=\"og:site_name\" content=\"Infoecos\" \/>\n<meta property=\"article:publisher\" content=\"https:\/\/www.facebook.com\/profile.php?id=100063200290284\" \/>\n<meta property=\"article:published_time\" content=\"2021-07-06T22:07:59+00:00\" \/>\n<meta property=\"article:modified_time\" content=\"2021-07-08T06:42:27+00:00\" \/>\n<meta property=\"og:image\" content=\"https:\/\/infoecos.com.ar\/wp-content\/uploads\/2020\/09\/lordenalej.jpg\" \/>\n\t<meta property=\"og:image:width\" content=\"880\" \/>\n\t<meta property=\"og:image:height\" content=\"493\" \/>\n\t<meta property=\"og:image:type\" content=\"image\/jpeg\" \/>\n<meta name=\"author\" content=\"Jorge Matheus\" \/>\n<meta name=\"twitter:card\" content=\"summary_large_image\" \/>\n<meta name=\"twitter:creator\" content=\"@infoecos\" \/>\n<meta name=\"twitter:site\" content=\"@infoecos\" \/>\n<meta name=\"twitter:label1\" content=\"Escrito por\" \/>\n\t<meta name=\"twitter:data1\" content=\"Jorge Matheus\" \/>\n\t<meta name=\"twitter:label2\" content=\"Tiempo de lectura\" \/>\n\t<meta name=\"twitter:data2\" content=\"1 minuto\" \/>\n<script type=\"application\/ld+json\" class=\"yoast-schema-graph\">{\"@context\":\"https:\/\/schema.org\",\"@graph\":[{\"@type\":\"Article\",\"@id\":\"https:\/\/infoecos.com.ar\/index.php\/si-facundo-manes-no-es-primer-candidato-en-la-lista-bonaerense-habra-internas-con-el-pro-senalo-alejandra-lorden\/#article\",\"isPartOf\":{\"@id\":\"https:\/\/infoecos.com.ar\/index.php\/si-facundo-manes-no-es-primer-candidato-en-la-lista-bonaerense-habra-internas-con-el-pro-senalo-alejandra-lorden\/\"},\"author\":{\"name\":\"Jorge Matheus\",\"@id\":\"https:\/\/infoecos.com.ar\/#\/schema\/person\/8f5ace5ce73b4b4aac4b7245aee6f191\"},\"headline\":\"\u00abSi Facundo Manes no es primer candidato en la lista bonaerense habr\u00e1 internas con el PRO\u00bb, se\u00f1al\u00f3 Alejandra Lord\u00e9n\",\"datePublished\":\"2021-07-06T22:07:59+00:00\",\"dateModified\":\"2021-07-08T06:42:27+00:00\",\"mainEntityOfPage\":{\"@id\":\"https:\/\/infoecos.com.ar\/index.php\/si-facundo-manes-no-es-primer-candidato-en-la-lista-bonaerense-habra-internas-con-el-pro-senalo-alejandra-lorden\/\"},\"wordCount\":219,\"publisher\":{\"@id\":\"https:\/\/infoecos.com.ar\/#organization\"},\"image\":{\"@id\":\"https:\/\/infoecos.com.ar\/index.php\/si-facundo-manes-no-es-primer-candidato-en-la-lista-bonaerense-habra-internas-con-el-pro-senalo-alejandra-lorden\/#primaryimage\"},\"thumbnailUrl\":\"https:\/\/infoecos.com.ar\/wp-content\/uploads\/2020\/09\/lordenalej.jpg\",\"keywords\":[\"Elecciones 2021\"],\"articleSection\":[\"Bloque inferior - 4\"],\"inLanguage\":\"es\"},{\"@type\":\"WebPage\",\"@id\":\"https:\/\/infoecos.com.ar\/index.php\/si-facundo-manes-no-es-primer-candidato-en-la-lista-bonaerense-habra-internas-con-el-pro-senalo-alejandra-lorden\/\",\"url\":\"https:\/\/infoecos.com.ar\/index.php\/si-facundo-manes-no-es-primer-candidato-en-la-lista-bonaerense-habra-internas-con-el-pro-senalo-alejandra-lorden\/\",\"name\":\"\\\"Si Facundo Manes no es primer candidato en la lista bonaerense habr\u00e1 internas con el PRO\\\", se\u00f1al\u00f3 Alejandra Lord\u00e9n - Infoecos\",\"isPartOf\":{\"@id\":\"https:\/\/infoecos.com.ar\/#website\"},\"primaryImageOfPage\":{\"@id\":\"https:\/\/infoecos.com.ar\/index.php\/si-facundo-manes-no-es-primer-candidato-en-la-lista-bonaerense-habra-internas-con-el-pro-senalo-alejandra-lorden\/#primaryimage\"},\"image\":{\"@id\":\"https:\/\/infoecos.com.ar\/index.php\/si-facundo-manes-no-es-primer-candidato-en-la-lista-bonaerense-habra-internas-con-el-pro-senalo-alejandra-lorden\/#primaryimage\"},\"thumbnailUrl\":\"https:\/\/infoecos.com.ar\/wp-content\/uploads\/2020\/09\/lordenalej.jpg\",\"datePublished\":\"2021-07-06T22:07:59+00:00\",\"dateModified\":\"2021-07-08T06:42:27+00:00\",\"breadcrumb\":{\"@id\":\"https:\/\/infoecos.com.ar\/index.php\/si-facundo-manes-no-es-primer-candidato-en-la-lista-bonaerense-habra-internas-con-el-pro-senalo-alejandra-lorden\/#breadcrumb\"},\"inLanguage\":\"es\",\"potentialAction\":[{\"@type\":\"ReadAction\",\"target\":[\"https:\/\/infoecos.com.ar\/index.php\/si-facundo-manes-no-es-primer-candidato-en-la-lista-bonaerense-habra-internas-con-el-pro-senalo-alejandra-lorden\/\"]}]},{\"@type\":\"ImageObject\",\"inLanguage\":\"es\",\"@id\":\"https:\/\/infoecos.com.ar\/index.php\/si-facundo-manes-no-es-primer-candidato-en-la-lista-bonaerense-habra-internas-con-el-pro-senalo-alejandra-lorden\/#primaryimage\",\"url\":\"https:\/\/infoecos.com.ar\/wp-content\/uploads\/2020\/09\/lordenalej.jpg\",\"contentUrl\":\"https:\/\/infoecos.com.ar\/wp-content\/uploads\/2020\/09\/lordenalej.jpg\",\"width\":880,\"height\":493},{\"@type\":\"BreadcrumbList\",\"@id\":\"https:\/\/infoecos.com.ar\/index.php\/si-facundo-manes-no-es-primer-candidato-en-la-lista-bonaerense-habra-internas-con-el-pro-senalo-alejandra-lorden\/#breadcrumb\",\"itemListElement\":[{\"@type\":\"ListItem\",\"position\":1,\"name\":\"Portada\",\"item\":\"https:\/\/infoecos.com.ar\/\"},{\"@type\":\"ListItem\",\"position\":2,\"name\":\"\u00abSi Facundo Manes no es primer candidato en la lista bonaerense habr\u00e1 internas con el PRO\u00bb, se\u00f1al\u00f3 Alejandra Lord\u00e9n\"}]},{\"@type\":\"WebSite\",\"@id\":\"https:\/\/infoecos.com.ar\/#website\",\"url\":\"https:\/\/infoecos.com.ar\/\",\"name\":\"Infoecos\",\"description\":\"Noticias de trenque lauquen y la zona\",\"publisher\":{\"@id\":\"https:\/\/infoecos.com.ar\/#organization\"},\"alternateName\":\"Noticias\",\"potentialAction\":[{\"@type\":\"SearchAction\",\"target\":{\"@type\":\"EntryPoint\",\"urlTemplate\":\"https:\/\/infoecos.com.ar\/?s={search_term_string}\"},\"query-input\":{\"@type\":\"PropertyValueSpecification\",\"valueRequired\":true,\"valueName\":\"search_term_string\"}}],\"inLanguage\":\"es\"},{\"@type\":\"Organization\",\"@id\":\"https:\/\/infoecos.com.ar\/#organization\",\"name\":\"Infoecos\",\"alternateName\":\"Noticias\",\"url\":\"https:\/\/infoecos.com.ar\/\",\"logo\":{\"@type\":\"ImageObject\",\"inLanguage\":\"es\",\"@id\":\"https:\/\/infoecos.com.ar\/#\/schema\/logo\/image\/\",\"url\":\"https:\/\/infoecos.com.ar\/wp-content\/uploads\/2024\/03\/cropped-logo.png\",\"contentUrl\":\"https:\/\/infoecos.com.ar\/wp-content\/uploads\/2024\/03\/cropped-logo.png\",\"width\":374,\"height\":90,\"caption\":\"Infoecos\"},\"image\":{\"@id\":\"https:\/\/infoecos.com.ar\/#\/schema\/logo\/image\/\"},\"sameAs\":[\"https:\/\/www.facebook.com\/profile.php?id=100063200290284\",\"https:\/\/x.com\/infoecos\"]},{\"@type\":\"Person\",\"@id\":\"https:\/\/infoecos.com.ar\/#\/schema\/person\/8f5ace5ce73b4b4aac4b7245aee6f191\",\"name\":\"Jorge Matheus\",\"url\":\"https:\/\/infoecos.com.ar\/index.php\/author\/jomatheus\/\"}]}<\/script>\n<!-- \/ Yoast SEO plugin. -->","yoast_head_json":{"title":"\"Si Facundo Manes no es primer candidato en la lista bonaerense habr\u00e1 internas con el PRO\", se\u00f1al\u00f3 Alejandra Lord\u00e9n - Infoecos","robots":{"index":"index","follow":"follow","max-snippet":"max-snippet:-1","max-image-preview":"max-image-preview:large","max-video-preview":"max-video-preview:-1"},"canonical":"https:\/\/infoecos.com.ar\/index.php\/si-facundo-manes-no-es-primer-candidato-en-la-lista-bonaerense-habra-internas-con-el-pro-senalo-alejandra-lorden\/","og_locale":"es_ES","og_type":"article","og_title":"\"Si Facundo Manes no es primer candidato en la lista bonaerense habr\u00e1 internas con el PRO\", se\u00f1al\u00f3 Alejandra Lord\u00e9n - Infoecos","og_description":"No obstante, consider\u00f3 que por ahora \"nada est\u00e1 definido\" y todav\u00eda \"existe una posibilidad de trabajar para conformar una lista de unidad\"","og_url":"https:\/\/infoecos.com.ar\/index.php\/si-facundo-manes-no-es-primer-candidato-en-la-lista-bonaerense-habra-internas-con-el-pro-senalo-alejandra-lorden\/","og_site_name":"Infoecos","article_publisher":"https:\/\/www.facebook.com\/profile.php?id=100063200290284","article_published_time":"2021-07-06T22:07:59+00:00","article_modified_time":"2021-07-08T06:42:27+00:00","og_image":[{"width":880,"height":493,"url":"https:\/\/infoecos.com.ar\/wp-content\/uploads\/2020\/09\/lordenalej.jpg","type":"image\/jpeg"}],"author":"Jorge Matheus","twitter_card":"summary_large_image","twitter_creator":"@infoecos","twitter_site":"@infoecos","twitter_misc":{"Escrito por":"Jorge Matheus","Tiempo de lectura":"1 minuto"},"schema":{"@context":"https:\/\/schema.org","@graph":[{"@type":"Article","@id":"https:\/\/infoecos.com.ar\/index.php\/si-facundo-manes-no-es-primer-candidato-en-la-lista-bonaerense-habra-internas-con-el-pro-senalo-alejandra-lorden\/#article","isPartOf":{"@id":"https:\/\/infoecos.com.ar\/index.php\/si-facundo-manes-no-es-primer-candidato-en-la-lista-bonaerense-habra-internas-con-el-pro-senalo-alejandra-lorden\/"},"author":{"name":"Jorge Matheus","@id":"https:\/\/infoecos.com.ar\/#\/schema\/person\/8f5ace5ce73b4b4aac4b7245aee6f191"},"headline":"\u00abSi Facundo Manes no es primer candidato en la lista bonaerense habr\u00e1 internas con el PRO\u00bb, se\u00f1al\u00f3 Alejandra Lord\u00e9n","datePublished":"2021-07-06T22:07:59+00:00","dateModified":"2021-07-08T06:42:27+00:00","mainEntityOfPage":{"@id":"https:\/\/infoecos.com.ar\/index.php\/si-facundo-manes-no-es-primer-candidato-en-la-lista-bonaerense-habra-internas-con-el-pro-senalo-alejandra-lorden\/"},"wordCount":219,"publisher":{"@id":"https:\/\/infoecos.com.ar\/#organization"},"image":{"@id":"https:\/\/infoecos.com.ar\/index.php\/si-facundo-manes-no-es-primer-candidato-en-la-lista-bonaerense-habra-internas-con-el-pro-senalo-alejandra-lorden\/#primaryimage"},"thumbnailUrl":"https:\/\/infoecos.com.ar\/wp-content\/uploads\/2020\/09\/lordenalej.jpg","keywords":["Elecciones 2021"],"articleSection":["Bloque inferior - 4"],"inLanguage":"es"},{"@type":"WebPage","@id":"https:\/\/infoecos.com.ar\/index.php\/si-facundo-manes-no-es-primer-candidato-en-la-lista-bonaerense-habra-internas-con-el-pro-senalo-alejandra-lorden\/","url":"https:\/\/infoecos.com.ar\/index.php\/si-facundo-manes-no-es-primer-candidato-en-la-lista-bonaerense-habra-internas-con-el-pro-senalo-alejandra-lorden\/","name":"\"Si Facundo Manes no es primer candidato en la lista bonaerense habr\u00e1 internas con el PRO\", se\u00f1al\u00f3 Alejandra Lord\u00e9n - Infoecos","isPartOf":{"@id":"https:\/\/infoecos.com.ar\/#website"},"primaryImageOfPage":{"@id":"https:\/\/infoecos.com.ar\/index.php\/si-facundo-manes-no-es-primer-candidato-en-la-lista-bonaerense-habra-internas-con-el-pro-senalo-alejandra-lorden\/#primaryimage"},"image":{"@id":"https:\/\/infoecos.com.ar\/index.php\/si-facundo-manes-no-es-primer-candidato-en-la-lista-bonaerense-habra-internas-con-el-pro-senalo-alejandra-lorden\/#primaryimage"},"thumbnailUrl":"https:\/\/infoecos.com.ar\/wp-content\/uploads\/2020\/09\/lordenalej.jpg","datePublished":"2021-07-06T22:07:59+00:00","dateModified":"2021-07-08T06:42:27+00:00","breadcrumb":{"@id":"https:\/\/infoecos.com.ar\/index.php\/si-facundo-manes-no-es-primer-candidato-en-la-lista-bonaerense-habra-internas-con-el-pro-senalo-alejandra-lorden\/#breadcrumb"},"inLanguage":"es","potentialAction":[{"@type":"ReadAction","target":["https:\/\/infoecos.com.ar\/index.php\/si-facundo-manes-no-es-primer-candidato-en-la-lista-bonaerense-habra-internas-con-el-pro-senalo-alejandra-lorden\/"]}]},{"@type":"ImageObject","inLanguage":"es","@id":"https:\/\/infoecos.com.ar\/index.php\/si-facundo-manes-no-es-primer-candidato-en-la-lista-bonaerense-habra-internas-con-el-pro-senalo-alejandra-lorden\/#primaryimage","url":"https:\/\/infoecos.com.ar\/wp-content\/uploads\/2020\/09\/lordenalej.jpg","contentUrl":"https:\/\/infoecos.com.ar\/wp-content\/uploads\/2020\/09\/lordenalej.jpg","width":880,"height":493},{"@type":"BreadcrumbList","@id":"https:\/\/infoecos.com.ar\/index.php\/si-facundo-manes-no-es-primer-candidato-en-la-lista-bonaerense-habra-internas-con-el-pro-senalo-alejandra-lorden\/#breadcrumb","itemListElement":[{"@type":"ListItem","position":1,"name":"Portada","item":"https:\/\/infoecos.com.ar\/"},{"@type":"ListItem","position":2,"name":"\u00abSi Facundo Manes no es primer candidato en la lista bonaerense habr\u00e1 internas con el PRO\u00bb, se\u00f1al\u00f3 Alejandra Lord\u00e9n"}]},{"@type":"WebSite","@id":"https:\/\/infoecos.com.ar\/#website","url":"https:\/\/infoecos.com.ar\/","name":"Infoecos","description":"Noticias de trenque lauquen y la zona","publisher":{"@id":"https:\/\/infoecos.com.ar\/#organization"},"alternateName":"Noticias","potentialAction":[{"@type":"SearchAction","target":{"@type":"EntryPoint","urlTemplate":"https:\/\/infoecos.com.ar\/?s={search_term_string}"},"query-input":{"@type":"PropertyValueSpecification","valueRequired":true,"valueName":"search_term_string"}}],"inLanguage":"es"},{"@type":"Organization","@id":"https:\/\/infoecos.com.ar\/#organization","name":"Infoecos","alternateName":"Noticias","url":"https:\/\/infoecos.com.ar\/","logo":{"@type":"ImageObject","inLanguage":"es","@id":"https:\/\/infoecos.com.ar\/#\/schema\/logo\/image\/","url":"https:\/\/infoecos.com.ar\/wp-content\/uploads\/2024\/03\/cropped-logo.png","contentUrl":"https:\/\/infoecos.com.ar\/wp-content\/uploads\/2024\/03\/cropped-logo.png","width":374,"height":90,"caption":"Infoecos"},"image":{"@id":"https:\/\/infoecos.com.ar\/#\/schema\/logo\/image\/"},"sameAs":["https:\/\/www.facebook.com\/profile.php?id=100063200290284","https:\/\/x.com\/infoecos"]},{"@type":"Person","@id":"https:\/\/infoecos.com.ar\/#\/schema\/person\/8f5ace5ce73b4b4aac4b7245aee6f191","name":"Jorge Matheus","url":"https:\/\/infoecos.com.ar\/index.php\/author\/jomatheus\/"}]}},"featured_image_urls":{"full":["https:\/\/infoecos.com.ar\/wp-content\/uploads\/2020\/09\/lordenalej.jpg",880,493,false],"thumbnail":["https:\/\/infoecos.com.ar\/wp-content\/uploads\/2020\/09\/lordenalej-150x150.jpg",150,150,true],"medium":["https:\/\/infoecos.com.ar\/wp-content\/uploads\/2020\/09\/lordenalej-460x258.jpg",460,258,true],"medium_large":["https:\/\/infoecos.com.ar\/wp-content\/uploads\/2020\/09\/lordenalej-768x430.jpg",640,358,true],"large":["https:\/\/infoecos.com.ar\/wp-content\/uploads\/2020\/09\/lordenalej.jpg",640,359,false],"1536x1536":["https:\/\/infoecos.com.ar\/wp-content\/uploads\/2020\/09\/lordenalej.jpg",880,493,false],"2048x2048":["https:\/\/infoecos.com.ar\/wp-content\/uploads\/2020\/09\/lordenalej.jpg",880,493,false],"covernews-slider-full":["https:\/\/infoecos.com.ar\/wp-content\/uploads\/2020\/09\/lordenalej.jpg",880,493,false],"covernews-slider-center":["https:\/\/infoecos.com.ar\/wp-content\/uploads\/2020\/09\/lordenalej.jpg",800,448,false],"covernews-featured":["https:\/\/infoecos.com.ar\/wp-content\/uploads\/2020\/09\/lordenalej.jpg",880,493,false],"covernews-medium":["https:\/\/infoecos.com.ar\/wp-content\/uploads\/2020\/09\/lordenalej-720x380.jpg",540,285,true],"covernews-medium-square":["https:\/\/infoecos.com.ar\/wp-content\/uploads\/2020\/09\/lordenalej-675x450.jpg",375,250,true]},"author_info":{"info":["Jorge Matheus"]},"category_info":"<a href=\"https:\/\/infoecos.com.ar\/index.php\/category\/inferior4\/\" rel=\"category tag\">Bloque inferior - 4<\/a>","tag_info":"Bloque inferior - 4","comment_count":"0","_links":{"self":[{"href":"https:\/\/infoecos.com.ar\/index.php\/wp-json\/wp\/v2\/posts\/80844"}],"collection":[{"href":"https:\/\/infoecos.com.ar\/index.php\/wp-json\/wp\/v2\/posts"}],"about":[{"href":"https:\/\/infoecos.com.ar\/index.php\/wp-json\/wp\/v2\/types\/post"}],"author":[{"embeddable":true,"href":"https:\/\/infoecos.com.ar\/index.php\/wp-json\/wp\/v2\/users\/2"}],"replies":[{"embeddable":true,"href":"https:\/\/infoecos.com.ar\/index.php\/wp-json\/wp\/v2\/comments?post=80844"}],"version-history":[{"count":2,"href":"https:\/\/infoecos.com.ar\/index.php\/wp-json\/wp\/v2\/posts\/80844\/revisions"}],"predecessor-version":[{"id":80846,"href":"https:\/\/infoecos.com.ar\/index.php\/wp-json\/wp\/v2\/posts\/80844\/revisions\/80846"}],"wp:featuredmedia":[{"embeddable":true,"href":"https:\/\/infoecos.com.ar\/index.php\/wp-json\/wp\/v2\/media\/68046"}],"wp:attachment":[{"href":"https:\/\/infoecos.com.ar\/index.php\/wp-json\/wp\/v2\/media?parent=80844"}],"wp:term":[{"taxonomy":"category","embeddable":true,"href":"https:\/\/infoecos.com.ar\/index.php\/wp-json\/wp\/v2\/categories?post=80844"},{"taxonomy":"post_tag","embeddable":true,"href":"https:\/\/infoecos.com.ar\/index.php\/wp-json\/wp\/v2\/tags?post=80844"}],"curies":[{"name":"wp","href":"https:\/\/api.w.org\/{rel}","templated":true}]}}