{"id":80877,"date":"2021-07-07T17:26:31","date_gmt":"2021-07-07T20:26:31","guid":{"rendered":"http:\/\/infoecos.com.ar\/?p=80877"},"modified":"2021-07-09T02:53:52","modified_gmt":"2021-07-09T05:53:52","slug":"el-intendente-de-trenque-lauquen-recibio-a-un-nino-de-9-anos-que-le-presento-un-proyecto-para-construir-un-puente","status":"publish","type":"post","link":"https:\/\/infoecos.com.ar\/index.php\/el-intendente-de-trenque-lauquen-recibio-a-un-nino-de-9-anos-que-le-presento-un-proyecto-para-construir-un-puente\/","title":{"rendered":"El intendente de Trenque Lauquen recibi\u00f3 a un ni\u00f1o de 9 a\u00f1os que le present\u00f3 un proyecto para construir un puente"},"content":{"rendered":"\n<p class=\"wp-block-paragraph\">El Intendente Miguel Fern\u00e1ndez recibi\u00f3 este mi\u00e9rcoles a Tom\u00e1s Magnasco, un ni\u00f1o de 9 a\u00f1os. Present\u00f3 un proyecto para la construcci\u00f3n de un puente sobre el canal pluvial que corre por la calle Francisco Carabelli. El prop\u00f3sito es facilitar la comunicaci\u00f3n entre las vecinas y vecinos que viven en el sector sur de la ciudad cabecera.  <\/p>\n\n\n\n<div class=\"wp-block-image is-style-default\"><figure class=\"aligncenter size-medium\"><img loading=\"lazy\" decoding=\"async\" width=\"460\" height=\"345\" src=\"http:\/\/infoecos.com.ar\/wp-content\/uploads\/2021\/07\/Reunion-con-Fernandez-2-460x345.jpg\" alt=\"\" class=\"wp-image-80878\" srcset=\"https:\/\/infoecos.com.ar\/wp-content\/uploads\/2021\/07\/Reunion-con-Fernandez-2-460x345.jpg 460w, https:\/\/infoecos.com.ar\/wp-content\/uploads\/2021\/07\/Reunion-con-Fernandez-2-920x690.jpg 920w, https:\/\/infoecos.com.ar\/wp-content\/uploads\/2021\/07\/Reunion-con-Fernandez-2-768x576.jpg 768w, https:\/\/infoecos.com.ar\/wp-content\/uploads\/2021\/07\/Reunion-con-Fernandez-2-1024x768.jpg 1024w, https:\/\/infoecos.com.ar\/wp-content\/uploads\/2021\/07\/Reunion-con-Fernandez-2.jpg 1040w\" sizes=\"auto, (max-width: 460px) 100vw, 460px\" \/><\/figure><\/div>\n\n\n\n<p class=\"wp-block-paragraph\">Tom\u00e1s se hab\u00eda dirigido al intendente municipal mediante una carta contando los motivos del proyecto que finalmente ser\u00e1 ejecutado. Primero viene la etapa de evaluaci\u00f3n de los detalles, modalidad y el lugar m\u00e1s conveniente para la ubicaci\u00f3n del puente.  <\/p>\n\n\n\n<p class=\"wp-block-paragraph\">De la reuni\u00f3n concretada en el despacho que ocupa Fern\u00e1ndez tambi\u00e9n particip\u00f3 Hern\u00e1n Magnasco, padre de Tom\u00e1s, y la directora de Asuntos Comunitarios del Municipio, Mariana Singlar, quien oficiar\u00e1 de nexo entre el ni\u00f1o y los funcionarios municipales.  El peque\u00f1o ha manifestado inter\u00e9s en participar en el proceso de dise\u00f1o y posterior colocaci\u00f3n del puente.<\/p>\n\n\n\n<p class=\"wp-block-paragraph\">En el informe diario de prensa se se\u00f1ala que la funcionaria coment\u00f3 que \u201cTom\u00e1s ven\u00eda hace rato armando esto porque no lo dejaban cruzar la calle Monferrand para ir a visitar a sus amigos e incluso estuvo investigando en Internet distintas alternativas para colocar un puente en ese sector\u201d.<\/p>\n\n\n\n<div class=\"wp-block-image is-style-default\"><figure class=\"aligncenter size-medium\"><img loading=\"lazy\" decoding=\"async\" width=\"346\" height=\"460\" src=\"http:\/\/infoecos.com.ar\/wp-content\/uploads\/2021\/07\/Carta-de-Tomas-Magnasco-346x460.jpg\" alt=\"\" class=\"wp-image-80879\" srcset=\"https:\/\/infoecos.com.ar\/wp-content\/uploads\/2021\/07\/Carta-de-Tomas-Magnasco-346x460.jpg 346w, https:\/\/infoecos.com.ar\/wp-content\/uploads\/2021\/07\/Carta-de-Tomas-Magnasco-692x920.jpg 692w, https:\/\/infoecos.com.ar\/wp-content\/uploads\/2021\/07\/Carta-de-Tomas-Magnasco.jpg 763w\" sizes=\"auto, (max-width: 346px) 100vw, 346px\" \/><\/figure><\/div>\n\n\n\n<p class=\"wp-block-paragraph\">\u201cSus padres le explicaron que no era tan sencillo y que deb\u00eda hablar con las autoridades municipales por el uso del espacio p\u00fablico, y entonces decidi\u00f3 escribirle una carta al Intendente municipal, quien lo recibi\u00f3\u201d, se\u00f1al\u00f3 Singlar.<\/p>\n\n\n\n<p class=\"wp-block-paragraph\">En la reuni\u00f3n de este mi\u00e9rcoles, Tom\u00e1s y el Intendente observaron los planos del lugar y hablaron de modelos alternativos, por ejemplo el puente que est\u00e1 ubicado frente al Hogar Marcelo T. Castella, que al salir de la reuni\u00f3n Tom\u00e1s fue a ver.<\/p>\n","protected":false},"excerpt":{"rendered":"<p>Tom\u00e1s le hab\u00eda escrito una carta al Intendente municipal contando los motivos del proyecto que finalmente ser\u00e1 ejecutado, despu\u00e9s de que se eval\u00faen los detalles, modalidad y el lugar m\u00e1s conveniente para la ubicaci\u00f3n del puente.<\/p>\n","protected":false},"author":2,"featured_media":80880,"comment_status":"closed","ping_status":"open","sticky":false,"template":"","format":"standard","meta":{"footnotes":""},"categories":[200],"tags":[4156],"class_list":["post-80877","post","type-post","status-publish","format-standard","has-post-thumbnail","hentry","category-inferior8","tag-y-se-habra-de-ejecutar"],"featured_image_urls":{"full":["https:\/\/infoecos.com.ar\/wp-content\/uploads\/2021\/07\/Reunion-con-Fernandez-1-e1625692570553.jpg",551,384,false],"thumbnail":["https:\/\/infoecos.com.ar\/wp-content\/uploads\/2021\/07\/Reunion-con-Fernandez-1-e1625692570553-150x150.jpg",150,150,true],"medium":["https:\/\/infoecos.com.ar\/wp-content\/uploads\/2021\/07\/Reunion-con-Fernandez-1-e1625692570553-460x321.jpg",460,321,true],"medium_large":["https:\/\/infoecos.com.ar\/wp-content\/uploads\/2021\/07\/Reunion-con-Fernandez-1-e1625692570553.jpg",551,384,false],"large":["https:\/\/infoecos.com.ar\/wp-content\/uploads\/2021\/07\/Reunion-con-Fernandez-1-e1625692570553.jpg",551,384,false],"1536x1536":["https:\/\/infoecos.com.ar\/wp-content\/uploads\/2021\/07\/Reunion-con-Fernandez-1-e1625692570553.jpg",551,384,false],"2048x2048":["https:\/\/infoecos.com.ar\/wp-content\/uploads\/2021\/07\/Reunion-con-Fernandez-1-e1625692570553.jpg",551,384,false],"covernews-slider-full":["https:\/\/infoecos.com.ar\/wp-content\/uploads\/2021\/07\/Reunion-con-Fernandez-1-e1625692570553.jpg",551,384,false],"covernews-slider-center":["https:\/\/infoecos.com.ar\/wp-content\/uploads\/2021\/07\/Reunion-con-Fernandez-1-e1625692570553.jpg",551,384,false],"covernews-featured":["https:\/\/infoecos.com.ar\/wp-content\/uploads\/2021\/07\/Reunion-con-Fernandez-1-e1625692570553.jpg",551,384,false],"covernews-medium":["https:\/\/infoecos.com.ar\/wp-content\/uploads\/2021\/07\/Reunion-con-Fernandez-1-e1625692570553-551x380.jpg",493,340,true],"covernews-medium-square":["https:\/\/infoecos.com.ar\/wp-content\/uploads\/2021\/07\/Reunion-con-Fernandez-1-e1625692519416-675x450.jpg",375,250,true]},"author_info":{"info":["Jorge Matheus"]},"category_info":"<a href=\"https:\/\/infoecos.com.ar\/index.php\/category\/inferior8\/\" rel=\"category tag\">Bloque inferior - 8<\/a>","tag_info":"Bloque inferior - 8","comment_count":"0","_links":{"self":[{"href":"https:\/\/infoecos.com.ar\/index.php\/wp-json\/wp\/v2\/posts\/80877","targetHints":{"allow":["GET"]}}],"collection":[{"href":"https:\/\/infoecos.com.ar\/index.php\/wp-json\/wp\/v2\/posts"}],"about":[{"href":"https:\/\/infoecos.com.ar\/index.php\/wp-json\/wp\/v2\/types\/post"}],"author":[{"embeddable":true,"href":"https:\/\/infoecos.com.ar\/index.php\/wp-json\/wp\/v2\/users\/2"}],"replies":[{"embeddable":true,"href":"https:\/\/infoecos.com.ar\/index.php\/wp-json\/wp\/v2\/comments?post=80877"}],"version-history":[{"count":2,"href":"https:\/\/infoecos.com.ar\/index.php\/wp-json\/wp\/v2\/posts\/80877\/revisions"}],"predecessor-version":[{"id":80883,"href":"https:\/\/infoecos.com.ar\/index.php\/wp-json\/wp\/v2\/posts\/80877\/revisions\/80883"}],"wp:featuredmedia":[{"embeddable":true,"href":"https:\/\/infoecos.com.ar\/index.php\/wp-json\/wp\/v2\/media\/80880"}],"wp:attachment":[{"href":"https:\/\/infoecos.com.ar\/index.php\/wp-json\/wp\/v2\/media?parent=80877"}],"wp:term":[{"taxonomy":"category","embeddable":true,"href":"https:\/\/infoecos.com.ar\/index.php\/wp-json\/wp\/v2\/categories?post=80877"},{"taxonomy":"post_tag","embeddable":true,"href":"https:\/\/infoecos.com.ar\/index.php\/wp-json\/wp\/v2\/tags?post=80877"}],"curies":[{"name":"wp","href":"https:\/\/api.w.org\/{rel}","templated":true}]}}