{"id":80904,"date":"2021-07-08T02:11:05","date_gmt":"2021-07-08T05:11:05","guid":{"rendered":"http:\/\/infoecos.com.ar\/?p=80904"},"modified":"2021-07-09T02:52:43","modified_gmt":"2021-07-09T05:52:43","slug":"concejales-de-juntos-por-el-cambio-de-trenque-lauquen-piden-la-reparacion-y-mantenimiento-de-compuertas","status":"publish","type":"post","link":"https:\/\/infoecos.com.ar\/index.php\/concejales-de-juntos-por-el-cambio-de-trenque-lauquen-piden-la-reparacion-y-mantenimiento-de-compuertas\/","title":{"rendered":"Concejales de Juntos por el Cambio de Trenque Lauquen piden la reparaci\u00f3n y mantenimiento de compuertas"},"content":{"rendered":"\n<p>El bloque de concejales de Juntos para el Cambio del distrito de Trenque Lauquen present\u00f3 un proyecto solicitando a la Direcci\u00f3n Provincial de Hidr\u00e1ulica de la provincia la reparaci\u00f3n y mantenimiento de las compuertas del Canal Cuero de Zorro-El Hinojo, las que se encuentran en p\u00e9simas condiciones.<\/p>\n\n\n\n<div class=\"wp-block-image is-style-default\"><figure class=\"aligncenter size-medium\"><img loading=\"lazy\" decoding=\"async\" width=\"460\" height=\"275\" src=\"http:\/\/infoecos.com.ar\/wp-content\/uploads\/2021\/07\/canalelhinojo-460x275.jpg\" alt=\"\" class=\"wp-image-80905\" srcset=\"https:\/\/infoecos.com.ar\/wp-content\/uploads\/2021\/07\/canalelhinojo-460x275.jpg 460w, https:\/\/infoecos.com.ar\/wp-content\/uploads\/2021\/07\/canalelhinojo.jpg 620w\" sizes=\"(max-width: 460px) 100vw, 460px\" \/><\/figure><\/div>\n\n\n\n<p>En los considerandos del proyecto que est\u00e1 acompa\u00f1ado por fotograf\u00edas se apunta que \u00abla relevancia hidr\u00e1ulica que esto tiene, qued\u00f3 de manifiesto con las roturas y rebalses que sucedieron aguas abajo, toda vez que no se regul\u00f3 el caudal a transportar por el canal, lo que conlleva la necesidad de un accionar urgente para evitar eventuales situaciones que pongan en riesgo cierto la cuenca h\u00eddrica \u00ab. <\/p>\n\n\n\n<div class=\"wp-block-image is-style-default\"><figure class=\"aligncenter size-medium\"><img loading=\"lazy\" decoding=\"async\" width=\"460\" height=\"258\" src=\"http:\/\/infoecos.com.ar\/wp-content\/uploads\/2021\/07\/canalelhinojo1-460x258.jpg\" alt=\"\" class=\"wp-image-80906\" srcset=\"https:\/\/infoecos.com.ar\/wp-content\/uploads\/2021\/07\/canalelhinojo1-460x258.jpg 460w, https:\/\/infoecos.com.ar\/wp-content\/uploads\/2021\/07\/canalelhinojo1.jpg 520w\" sizes=\"(max-width: 460px) 100vw, 460px\" \/><\/figure><\/div>\n\n\n\n<p>Los ediles que piden la remisi\u00f3n del proyecto a las autoridades provinciales, al ministerio de Obras P\u00fablicas, a la Direcci\u00f3n Provincial de Hidr\u00e1ulica, a los comit\u00e9s de Cuenca Local y Regional, como as\u00ed tambi\u00e9n a los legisladores de la cuarta secci\u00f3n electoral, se\u00f1alan adem\u00e1s \u00abque el funcionamiento del sistema Hidr\u00e1ulico sin regulaci\u00f3n pone en riesgo cierto a las localidades de Trenque Lauquen y Beruti\u00bb.<\/p>\n\n\n\n<div class=\"wp-block-image is-style-default\"><figure class=\"aligncenter size-large is-resized\"><img loading=\"lazy\" decoding=\"async\" src=\"http:\/\/infoecos.com.ar\/wp-content\/uploads\/2021\/07\/COMPUERTA.jpg\" alt=\"\" class=\"wp-image-80907\" width=\"474\" height=\"296\"\/><\/figure><\/div>\n\n\n\n<p><strong>&nbsp;<\/strong><\/p>\n","protected":false},"excerpt":{"rendered":"<p>Se\u00f1alan \u00abque el funcionamiento del sistema Hidr\u00e1ulico sin regulaci\u00f3n pone en riesgo cierto a las localidades de Trenque Lauquen y Beruti\u00bb<\/p>\n","protected":false},"author":2,"featured_media":80905,"comment_status":"closed","ping_status":"open","sticky":false,"template":"","format":"standard","meta":{"footnotes":""},"categories":[43],"tags":[4159],"class_list":["post-80904","post","type-post","status-publish","format-standard","has-post-thumbnail","hentry","category-inferior4","tag-canal-cuero-de-zorro-el-hinojo"],"yoast_head":"<!-- This site is optimized with the Yoast SEO plugin v23.4 - https:\/\/yoast.com\/wordpress\/plugins\/seo\/ -->\n<title>Concejales de Juntos por el Cambio de Trenque Lauquen piden la reparaci\u00f3n y mantenimiento de compuertas - Infoecos<\/title>\n<meta name=\"robots\" content=\"index, follow, max-snippet:-1, max-image-preview:large, max-video-preview:-1\" \/>\n<link rel=\"canonical\" href=\"https:\/\/infoecos.com.ar\/index.php\/concejales-de-juntos-por-el-cambio-de-trenque-lauquen-piden-la-reparacion-y-mantenimiento-de-compuertas\/\" \/>\n<meta property=\"og:locale\" content=\"es_ES\" \/>\n<meta property=\"og:type\" content=\"article\" \/>\n<meta property=\"og:title\" content=\"Concejales de Juntos por el Cambio de Trenque Lauquen piden la reparaci\u00f3n y mantenimiento de compuertas - Infoecos\" \/>\n<meta property=\"og:description\" content=\"Se\u00f1alan &quot;que el funcionamiento del sistema Hidr\u00e1ulico sin regulaci\u00f3n pone en riesgo cierto a las localidades de Trenque Lauquen y Beruti&quot;\" \/>\n<meta property=\"og:url\" content=\"https:\/\/infoecos.com.ar\/index.php\/concejales-de-juntos-por-el-cambio-de-trenque-lauquen-piden-la-reparacion-y-mantenimiento-de-compuertas\/\" \/>\n<meta property=\"og:site_name\" content=\"Infoecos\" \/>\n<meta property=\"article:publisher\" content=\"https:\/\/www.facebook.com\/profile.php?id=100063200290284\" \/>\n<meta property=\"article:published_time\" content=\"2021-07-08T05:11:05+00:00\" \/>\n<meta property=\"article:modified_time\" content=\"2021-07-09T05:52:43+00:00\" \/>\n<meta property=\"og:image\" content=\"https:\/\/infoecos.com.ar\/wp-content\/uploads\/2021\/07\/canalelhinojo.jpg\" \/>\n\t<meta property=\"og:image:width\" content=\"620\" \/>\n\t<meta property=\"og:image:height\" content=\"370\" \/>\n\t<meta property=\"og:image:type\" content=\"image\/jpeg\" \/>\n<meta name=\"author\" content=\"Jorge Matheus\" \/>\n<meta name=\"twitter:card\" content=\"summary_large_image\" \/>\n<meta name=\"twitter:creator\" content=\"@infoecos\" \/>\n<meta name=\"twitter:site\" content=\"@infoecos\" \/>\n<meta name=\"twitter:label1\" content=\"Escrito por\" \/>\n\t<meta name=\"twitter:data1\" content=\"Jorge Matheus\" \/>\n\t<meta name=\"twitter:label2\" content=\"Tiempo de lectura\" \/>\n\t<meta name=\"twitter:data2\" content=\"1 minuto\" \/>\n<script type=\"application\/ld+json\" class=\"yoast-schema-graph\">{\"@context\":\"https:\/\/schema.org\",\"@graph\":[{\"@type\":\"Article\",\"@id\":\"https:\/\/infoecos.com.ar\/index.php\/concejales-de-juntos-por-el-cambio-de-trenque-lauquen-piden-la-reparacion-y-mantenimiento-de-compuertas\/#article\",\"isPartOf\":{\"@id\":\"https:\/\/infoecos.com.ar\/index.php\/concejales-de-juntos-por-el-cambio-de-trenque-lauquen-piden-la-reparacion-y-mantenimiento-de-compuertas\/\"},\"author\":{\"name\":\"Jorge Matheus\",\"@id\":\"https:\/\/infoecos.com.ar\/#\/schema\/person\/8f5ace5ce73b4b4aac4b7245aee6f191\"},\"headline\":\"Concejales de Juntos por el Cambio de Trenque Lauquen piden la reparaci\u00f3n y mantenimiento de compuertas\",\"datePublished\":\"2021-07-08T05:11:05+00:00\",\"dateModified\":\"2021-07-09T05:52:43+00:00\",\"mainEntityOfPage\":{\"@id\":\"https:\/\/infoecos.com.ar\/index.php\/concejales-de-juntos-por-el-cambio-de-trenque-lauquen-piden-la-reparacion-y-mantenimiento-de-compuertas\/\"},\"wordCount\":213,\"publisher\":{\"@id\":\"https:\/\/infoecos.com.ar\/#organization\"},\"image\":{\"@id\":\"https:\/\/infoecos.com.ar\/index.php\/concejales-de-juntos-por-el-cambio-de-trenque-lauquen-piden-la-reparacion-y-mantenimiento-de-compuertas\/#primaryimage\"},\"thumbnailUrl\":\"https:\/\/infoecos.com.ar\/wp-content\/uploads\/2021\/07\/canalelhinojo.jpg\",\"keywords\":[\"CANAL CUERO DE ZORRO-EL HINOJO\"],\"articleSection\":[\"Bloque inferior - 4\"],\"inLanguage\":\"es\"},{\"@type\":\"WebPage\",\"@id\":\"https:\/\/infoecos.com.ar\/index.php\/concejales-de-juntos-por-el-cambio-de-trenque-lauquen-piden-la-reparacion-y-mantenimiento-de-compuertas\/\",\"url\":\"https:\/\/infoecos.com.ar\/index.php\/concejales-de-juntos-por-el-cambio-de-trenque-lauquen-piden-la-reparacion-y-mantenimiento-de-compuertas\/\",\"name\":\"Concejales de Juntos por el Cambio de Trenque Lauquen piden la reparaci\u00f3n y mantenimiento de compuertas - Infoecos\",\"isPartOf\":{\"@id\":\"https:\/\/infoecos.com.ar\/#website\"},\"primaryImageOfPage\":{\"@id\":\"https:\/\/infoecos.com.ar\/index.php\/concejales-de-juntos-por-el-cambio-de-trenque-lauquen-piden-la-reparacion-y-mantenimiento-de-compuertas\/#primaryimage\"},\"image\":{\"@id\":\"https:\/\/infoecos.com.ar\/index.php\/concejales-de-juntos-por-el-cambio-de-trenque-lauquen-piden-la-reparacion-y-mantenimiento-de-compuertas\/#primaryimage\"},\"thumbnailUrl\":\"https:\/\/infoecos.com.ar\/wp-content\/uploads\/2021\/07\/canalelhinojo.jpg\",\"datePublished\":\"2021-07-08T05:11:05+00:00\",\"dateModified\":\"2021-07-09T05:52:43+00:00\",\"breadcrumb\":{\"@id\":\"https:\/\/infoecos.com.ar\/index.php\/concejales-de-juntos-por-el-cambio-de-trenque-lauquen-piden-la-reparacion-y-mantenimiento-de-compuertas\/#breadcrumb\"},\"inLanguage\":\"es\",\"potentialAction\":[{\"@type\":\"ReadAction\",\"target\":[\"https:\/\/infoecos.com.ar\/index.php\/concejales-de-juntos-por-el-cambio-de-trenque-lauquen-piden-la-reparacion-y-mantenimiento-de-compuertas\/\"]}]},{\"@type\":\"ImageObject\",\"inLanguage\":\"es\",\"@id\":\"https:\/\/infoecos.com.ar\/index.php\/concejales-de-juntos-por-el-cambio-de-trenque-lauquen-piden-la-reparacion-y-mantenimiento-de-compuertas\/#primaryimage\",\"url\":\"https:\/\/infoecos.com.ar\/wp-content\/uploads\/2021\/07\/canalelhinojo.jpg\",\"contentUrl\":\"https:\/\/infoecos.com.ar\/wp-content\/uploads\/2021\/07\/canalelhinojo.jpg\",\"width\":620,\"height\":370},{\"@type\":\"BreadcrumbList\",\"@id\":\"https:\/\/infoecos.com.ar\/index.php\/concejales-de-juntos-por-el-cambio-de-trenque-lauquen-piden-la-reparacion-y-mantenimiento-de-compuertas\/#breadcrumb\",\"itemListElement\":[{\"@type\":\"ListItem\",\"position\":1,\"name\":\"Portada\",\"item\":\"https:\/\/infoecos.com.ar\/\"},{\"@type\":\"ListItem\",\"position\":2,\"name\":\"Concejales de Juntos por el Cambio de Trenque Lauquen piden la reparaci\u00f3n y mantenimiento de compuertas\"}]},{\"@type\":\"WebSite\",\"@id\":\"https:\/\/infoecos.com.ar\/#website\",\"url\":\"https:\/\/infoecos.com.ar\/\",\"name\":\"Infoecos\",\"description\":\"Noticias de trenque lauquen y la zona\",\"publisher\":{\"@id\":\"https:\/\/infoecos.com.ar\/#organization\"},\"alternateName\":\"Noticias\",\"potentialAction\":[{\"@type\":\"SearchAction\",\"target\":{\"@type\":\"EntryPoint\",\"urlTemplate\":\"https:\/\/infoecos.com.ar\/?s={search_term_string}\"},\"query-input\":{\"@type\":\"PropertyValueSpecification\",\"valueRequired\":true,\"valueName\":\"search_term_string\"}}],\"inLanguage\":\"es\"},{\"@type\":\"Organization\",\"@id\":\"https:\/\/infoecos.com.ar\/#organization\",\"name\":\"Infoecos\",\"alternateName\":\"Noticias\",\"url\":\"https:\/\/infoecos.com.ar\/\",\"logo\":{\"@type\":\"ImageObject\",\"inLanguage\":\"es\",\"@id\":\"https:\/\/infoecos.com.ar\/#\/schema\/logo\/image\/\",\"url\":\"https:\/\/infoecos.com.ar\/wp-content\/uploads\/2024\/03\/cropped-logo.png\",\"contentUrl\":\"https:\/\/infoecos.com.ar\/wp-content\/uploads\/2024\/03\/cropped-logo.png\",\"width\":374,\"height\":90,\"caption\":\"Infoecos\"},\"image\":{\"@id\":\"https:\/\/infoecos.com.ar\/#\/schema\/logo\/image\/\"},\"sameAs\":[\"https:\/\/www.facebook.com\/profile.php?id=100063200290284\",\"https:\/\/x.com\/infoecos\"]},{\"@type\":\"Person\",\"@id\":\"https:\/\/infoecos.com.ar\/#\/schema\/person\/8f5ace5ce73b4b4aac4b7245aee6f191\",\"name\":\"Jorge Matheus\",\"url\":\"https:\/\/infoecos.com.ar\/index.php\/author\/jomatheus\/\"}]}<\/script>\n<!-- \/ Yoast SEO plugin. -->","yoast_head_json":{"title":"Concejales de Juntos por el Cambio de Trenque Lauquen piden la reparaci\u00f3n y mantenimiento de compuertas - Infoecos","robots":{"index":"index","follow":"follow","max-snippet":"max-snippet:-1","max-image-preview":"max-image-preview:large","max-video-preview":"max-video-preview:-1"},"canonical":"https:\/\/infoecos.com.ar\/index.php\/concejales-de-juntos-por-el-cambio-de-trenque-lauquen-piden-la-reparacion-y-mantenimiento-de-compuertas\/","og_locale":"es_ES","og_type":"article","og_title":"Concejales de Juntos por el Cambio de Trenque Lauquen piden la reparaci\u00f3n y mantenimiento de compuertas - Infoecos","og_description":"Se\u00f1alan \"que el funcionamiento del sistema Hidr\u00e1ulico sin regulaci\u00f3n pone en riesgo cierto a las localidades de Trenque Lauquen y Beruti\"","og_url":"https:\/\/infoecos.com.ar\/index.php\/concejales-de-juntos-por-el-cambio-de-trenque-lauquen-piden-la-reparacion-y-mantenimiento-de-compuertas\/","og_site_name":"Infoecos","article_publisher":"https:\/\/www.facebook.com\/profile.php?id=100063200290284","article_published_time":"2021-07-08T05:11:05+00:00","article_modified_time":"2021-07-09T05:52:43+00:00","og_image":[{"width":620,"height":370,"url":"https:\/\/infoecos.com.ar\/wp-content\/uploads\/2021\/07\/canalelhinojo.jpg","type":"image\/jpeg"}],"author":"Jorge Matheus","twitter_card":"summary_large_image","twitter_creator":"@infoecos","twitter_site":"@infoecos","twitter_misc":{"Escrito por":"Jorge Matheus","Tiempo de lectura":"1 minuto"},"schema":{"@context":"https:\/\/schema.org","@graph":[{"@type":"Article","@id":"https:\/\/infoecos.com.ar\/index.php\/concejales-de-juntos-por-el-cambio-de-trenque-lauquen-piden-la-reparacion-y-mantenimiento-de-compuertas\/#article","isPartOf":{"@id":"https:\/\/infoecos.com.ar\/index.php\/concejales-de-juntos-por-el-cambio-de-trenque-lauquen-piden-la-reparacion-y-mantenimiento-de-compuertas\/"},"author":{"name":"Jorge Matheus","@id":"https:\/\/infoecos.com.ar\/#\/schema\/person\/8f5ace5ce73b4b4aac4b7245aee6f191"},"headline":"Concejales de Juntos por el Cambio de Trenque Lauquen piden la reparaci\u00f3n y mantenimiento de compuertas","datePublished":"2021-07-08T05:11:05+00:00","dateModified":"2021-07-09T05:52:43+00:00","mainEntityOfPage":{"@id":"https:\/\/infoecos.com.ar\/index.php\/concejales-de-juntos-por-el-cambio-de-trenque-lauquen-piden-la-reparacion-y-mantenimiento-de-compuertas\/"},"wordCount":213,"publisher":{"@id":"https:\/\/infoecos.com.ar\/#organization"},"image":{"@id":"https:\/\/infoecos.com.ar\/index.php\/concejales-de-juntos-por-el-cambio-de-trenque-lauquen-piden-la-reparacion-y-mantenimiento-de-compuertas\/#primaryimage"},"thumbnailUrl":"https:\/\/infoecos.com.ar\/wp-content\/uploads\/2021\/07\/canalelhinojo.jpg","keywords":["CANAL CUERO DE ZORRO-EL HINOJO"],"articleSection":["Bloque inferior - 4"],"inLanguage":"es"},{"@type":"WebPage","@id":"https:\/\/infoecos.com.ar\/index.php\/concejales-de-juntos-por-el-cambio-de-trenque-lauquen-piden-la-reparacion-y-mantenimiento-de-compuertas\/","url":"https:\/\/infoecos.com.ar\/index.php\/concejales-de-juntos-por-el-cambio-de-trenque-lauquen-piden-la-reparacion-y-mantenimiento-de-compuertas\/","name":"Concejales de Juntos por el Cambio de Trenque Lauquen piden la reparaci\u00f3n y mantenimiento de compuertas - Infoecos","isPartOf":{"@id":"https:\/\/infoecos.com.ar\/#website"},"primaryImageOfPage":{"@id":"https:\/\/infoecos.com.ar\/index.php\/concejales-de-juntos-por-el-cambio-de-trenque-lauquen-piden-la-reparacion-y-mantenimiento-de-compuertas\/#primaryimage"},"image":{"@id":"https:\/\/infoecos.com.ar\/index.php\/concejales-de-juntos-por-el-cambio-de-trenque-lauquen-piden-la-reparacion-y-mantenimiento-de-compuertas\/#primaryimage"},"thumbnailUrl":"https:\/\/infoecos.com.ar\/wp-content\/uploads\/2021\/07\/canalelhinojo.jpg","datePublished":"2021-07-08T05:11:05+00:00","dateModified":"2021-07-09T05:52:43+00:00","breadcrumb":{"@id":"https:\/\/infoecos.com.ar\/index.php\/concejales-de-juntos-por-el-cambio-de-trenque-lauquen-piden-la-reparacion-y-mantenimiento-de-compuertas\/#breadcrumb"},"inLanguage":"es","potentialAction":[{"@type":"ReadAction","target":["https:\/\/infoecos.com.ar\/index.php\/concejales-de-juntos-por-el-cambio-de-trenque-lauquen-piden-la-reparacion-y-mantenimiento-de-compuertas\/"]}]},{"@type":"ImageObject","inLanguage":"es","@id":"https:\/\/infoecos.com.ar\/index.php\/concejales-de-juntos-por-el-cambio-de-trenque-lauquen-piden-la-reparacion-y-mantenimiento-de-compuertas\/#primaryimage","url":"https:\/\/infoecos.com.ar\/wp-content\/uploads\/2021\/07\/canalelhinojo.jpg","contentUrl":"https:\/\/infoecos.com.ar\/wp-content\/uploads\/2021\/07\/canalelhinojo.jpg","width":620,"height":370},{"@type":"BreadcrumbList","@id":"https:\/\/infoecos.com.ar\/index.php\/concejales-de-juntos-por-el-cambio-de-trenque-lauquen-piden-la-reparacion-y-mantenimiento-de-compuertas\/#breadcrumb","itemListElement":[{"@type":"ListItem","position":1,"name":"Portada","item":"https:\/\/infoecos.com.ar\/"},{"@type":"ListItem","position":2,"name":"Concejales de Juntos por el Cambio de Trenque Lauquen piden la reparaci\u00f3n y mantenimiento de compuertas"}]},{"@type":"WebSite","@id":"https:\/\/infoecos.com.ar\/#website","url":"https:\/\/infoecos.com.ar\/","name":"Infoecos","description":"Noticias de trenque lauquen y la zona","publisher":{"@id":"https:\/\/infoecos.com.ar\/#organization"},"alternateName":"Noticias","potentialAction":[{"@type":"SearchAction","target":{"@type":"EntryPoint","urlTemplate":"https:\/\/infoecos.com.ar\/?s={search_term_string}"},"query-input":{"@type":"PropertyValueSpecification","valueRequired":true,"valueName":"search_term_string"}}],"inLanguage":"es"},{"@type":"Organization","@id":"https:\/\/infoecos.com.ar\/#organization","name":"Infoecos","alternateName":"Noticias","url":"https:\/\/infoecos.com.ar\/","logo":{"@type":"ImageObject","inLanguage":"es","@id":"https:\/\/infoecos.com.ar\/#\/schema\/logo\/image\/","url":"https:\/\/infoecos.com.ar\/wp-content\/uploads\/2024\/03\/cropped-logo.png","contentUrl":"https:\/\/infoecos.com.ar\/wp-content\/uploads\/2024\/03\/cropped-logo.png","width":374,"height":90,"caption":"Infoecos"},"image":{"@id":"https:\/\/infoecos.com.ar\/#\/schema\/logo\/image\/"},"sameAs":["https:\/\/www.facebook.com\/profile.php?id=100063200290284","https:\/\/x.com\/infoecos"]},{"@type":"Person","@id":"https:\/\/infoecos.com.ar\/#\/schema\/person\/8f5ace5ce73b4b4aac4b7245aee6f191","name":"Jorge Matheus","url":"https:\/\/infoecos.com.ar\/index.php\/author\/jomatheus\/"}]}},"featured_image_urls":{"full":["https:\/\/infoecos.com.ar\/wp-content\/uploads\/2021\/07\/canalelhinojo.jpg",620,370,false],"thumbnail":["https:\/\/infoecos.com.ar\/wp-content\/uploads\/2021\/07\/canalelhinojo-150x150.jpg",150,150,true],"medium":["https:\/\/infoecos.com.ar\/wp-content\/uploads\/2021\/07\/canalelhinojo-460x275.jpg",460,275,true],"medium_large":["https:\/\/infoecos.com.ar\/wp-content\/uploads\/2021\/07\/canalelhinojo.jpg",620,370,false],"large":["https:\/\/infoecos.com.ar\/wp-content\/uploads\/2021\/07\/canalelhinojo.jpg",620,370,false],"1536x1536":["https:\/\/infoecos.com.ar\/wp-content\/uploads\/2021\/07\/canalelhinojo.jpg",620,370,false],"2048x2048":["https:\/\/infoecos.com.ar\/wp-content\/uploads\/2021\/07\/canalelhinojo.jpg",620,370,false],"covernews-slider-full":["https:\/\/infoecos.com.ar\/wp-content\/uploads\/2021\/07\/canalelhinojo.jpg",620,370,false],"covernews-slider-center":["https:\/\/infoecos.com.ar\/wp-content\/uploads\/2021\/07\/canalelhinojo.jpg",620,370,false],"covernews-featured":["https:\/\/infoecos.com.ar\/wp-content\/uploads\/2021\/07\/canalelhinojo.jpg",620,370,false],"covernews-medium":["https:\/\/infoecos.com.ar\/wp-content\/uploads\/2021\/07\/canalelhinojo.jpg",540,322,false],"covernews-medium-square":["https:\/\/infoecos.com.ar\/wp-content\/uploads\/2021\/07\/canalelhinojo.jpg",400,239,false]},"author_info":{"info":["Jorge Matheus"]},"category_info":"<a href=\"https:\/\/infoecos.com.ar\/index.php\/category\/inferior4\/\" rel=\"category tag\">Bloque inferior - 4<\/a>","tag_info":"Bloque inferior - 4","comment_count":"0","_links":{"self":[{"href":"https:\/\/infoecos.com.ar\/index.php\/wp-json\/wp\/v2\/posts\/80904"}],"collection":[{"href":"https:\/\/infoecos.com.ar\/index.php\/wp-json\/wp\/v2\/posts"}],"about":[{"href":"https:\/\/infoecos.com.ar\/index.php\/wp-json\/wp\/v2\/types\/post"}],"author":[{"embeddable":true,"href":"https:\/\/infoecos.com.ar\/index.php\/wp-json\/wp\/v2\/users\/2"}],"replies":[{"embeddable":true,"href":"https:\/\/infoecos.com.ar\/index.php\/wp-json\/wp\/v2\/comments?post=80904"}],"version-history":[{"count":2,"href":"https:\/\/infoecos.com.ar\/index.php\/wp-json\/wp\/v2\/posts\/80904\/revisions"}],"predecessor-version":[{"id":81012,"href":"https:\/\/infoecos.com.ar\/index.php\/wp-json\/wp\/v2\/posts\/80904\/revisions\/81012"}],"wp:featuredmedia":[{"embeddable":true,"href":"https:\/\/infoecos.com.ar\/index.php\/wp-json\/wp\/v2\/media\/80905"}],"wp:attachment":[{"href":"https:\/\/infoecos.com.ar\/index.php\/wp-json\/wp\/v2\/media?parent=80904"}],"wp:term":[{"taxonomy":"category","embeddable":true,"href":"https:\/\/infoecos.com.ar\/index.php\/wp-json\/wp\/v2\/categories?post=80904"},{"taxonomy":"post_tag","embeddable":true,"href":"https:\/\/infoecos.com.ar\/index.php\/wp-json\/wp\/v2\/tags?post=80904"}],"curies":[{"name":"wp","href":"https:\/\/api.w.org\/{rel}","templated":true}]}}