{"id":80909,"date":"2021-07-08T02:21:13","date_gmt":"2021-07-08T05:21:13","guid":{"rendered":"http:\/\/infoecos.com.ar\/?p=80909"},"modified":"2021-07-08T02:21:14","modified_gmt":"2021-07-08T05:21:14","slug":"ante-el-aumento-de-casos-activos-el-comite-de-emergencia-tres-lomas-dispuso-medidas-restrictivas","status":"publish","type":"post","link":"https:\/\/infoecos.com.ar\/index.php\/ante-el-aumento-de-casos-activos-el-comite-de-emergencia-tres-lomas-dispuso-medidas-restrictivas\/","title":{"rendered":"Ante el aumento de casos activos el Comit\u00e9 de Emergencia Tres Lomas dispuso medidas restrictivas"},"content":{"rendered":"\n<p>Se reuni\u00f3 el Comit\u00e9 de Emergencia del distrito de Tres Lomas, donde no baja el n\u00famero de casos activos de coronavirus.<\/p>\n\n\n\n<p>Por tal raz\u00f3n se adoptaron una serie de medidas restrictivas. Una de ellas la reducci\u00f3n del horario comercial. Ahora ser\u00e1 hasta las 19 horas desde este jueves. Tambi\u00e9n se determin\u00f3 el cierre de las actividades nocturnas, salvo para trabajadores esenciales, a las 22 horas. <\/p>\n\n\n\n<div class=\"wp-block-image is-style-default\"><figure class=\"aligncenter size-medium\"><img loading=\"lazy\" decoding=\"async\" width=\"460\" height=\"460\" src=\"http:\/\/infoecos.com.ar\/wp-content\/uploads\/2021\/07\/Informe-7-7-22-hs-460x460.png\" alt=\"\" class=\"wp-image-80910\" srcset=\"https:\/\/infoecos.com.ar\/wp-content\/uploads\/2021\/07\/Informe-7-7-22-hs-460x460.png 460w, https:\/\/infoecos.com.ar\/wp-content\/uploads\/2021\/07\/Informe-7-7-22-hs-150x150.png 150w, https:\/\/infoecos.com.ar\/wp-content\/uploads\/2021\/07\/Informe-7-7-22-hs-768x768.png 768w, https:\/\/infoecos.com.ar\/wp-content\/uploads\/2021\/07\/Informe-7-7-22-hs.png 800w\" sizes=\"(max-width: 460px) 100vw, 460px\" \/><\/figure><\/div>\n\n\n\n<p>1) Se ampl\u00eda la restricci\u00f3n de circulaci\u00f3n y permanencia en la v\u00eda p\u00fablica al horario comprendido entre la 22 y 06 hs., excepto para trabajadores esenciales.<\/p>\n\n\n\n<p>2) Se reduce hasta las 22hs. el l\u00edmite horario de cierre para las actividades nocturnas como bares, restaurantes, pubs, cantinas de clubes, rotiser\u00edas, helader\u00edas y otros comercios afines a la venta de comidas elaboradas, con aforo interior del 30% y con distanciamiento permitido por protocolo al aire libre.<\/p>\n\n\n\n<p>3) Se reduce el horario de cierre para el resto de los comercios del distrito a las 19hs.<\/p>\n\n\n\n<p>4) Todos los comercios podr\u00e1n prestar servicio de delivery hasta las 23 horas.<\/p>\n\n\n\n<p>5) Las actividades deportivas, culturales, gimnasios, estudios de pilates, estudios de yoga y afines podr\u00e1n trabajar hasta las 19 hs., con una capacidad m\u00e1xima de 10 personas, siempre y cuando el aforo del 30 % se lo permita.<\/p>\n\n\n\n<p>6) Las clases presenciales tanto p\u00fablicas como privadas se regir\u00e1n por las disposiciones que al efecto dicte la direcci\u00f3n de Cultura y Educaci\u00f3n de la Provincia de bs. As.&nbsp;<\/p>\n\n\n\n<p>7) Se permiten las reuniones religiosas hasta las 19 hs., en lugares cerrados con hasta un m\u00e1ximo del 30% del aforo que su espacio le permita.<\/p>\n\n\n\n<p>8) Las estaciones de servicios podr\u00e1n estar abiertas hasta las 19 horas, y hasta las 00hs \u00fanicamente para el expendio de combustible y lubricantes.<\/p>\n\n\n\n<p>9) Las farmacias podr\u00e1n estar abiertas las 24 hs. del d\u00eda.<\/p>\n\n\n\n<p>10) Se permiten las visitas familiares a cementerios.<\/p>\n\n\n\n<p>11) Se suspenden la realizaci\u00f3n de reuniones familiares y sociales, sin importar el n\u00famero de concurrentes.<\/p>\n\n\n\n<p>12) Contin\u00faan suspendidas las competencias deportivas de todo tipo.<\/p>\n\n\n\n<p>13) Contin\u00faan suspendidas las visitas a los hogares de adultos mayores, tanto municipales como privados.<\/p>\n\n\n\n<p>14) No se permite la realizaci\u00f3n de viajes grupales.<\/p>\n\n\n\n<p>15) No se permite la realizaci\u00f3n de ning\u00fan tipo de evento en salones de fiestas.<\/p>\n\n\n\n<p>16) No se permite la realizaci\u00f3n de ferias artesanales.<\/p>\n\n\n\n<p>17) Se permiten hasta dos horas los velatorios, excepto para fallecidos por COVID19.<\/p>\n\n\n\n<p>18) No se permite la apertura de la Biblioteca P\u00fablica y del Museo Municipal.<\/p>\n\n\n\n<p>19) Las actividades deportivas individuales, se pueden realizar al aire libre hasta las 19 horas.<\/p>\n\n\n\n<p>20) Durante los fines de semana se acentuar\u00e1n los controles de transito en el ingreso y egreso de la ciudad.<\/p>\n\n\n\n<p>Finalmente, el Comit\u00e9 de Emergencia realiza una apelaci\u00f3n:<\/p>\n\n\n\n<p><strong>Vecinos, a pesar de todos los esfuerzos realizados no estamos pudiendo bajar el n\u00famero de casos de COVID19 en el distrito. Muchas son las familias afectadas, algunas irreversiblemente lastimadas.<\/strong><\/p>\n\n\n\n<p><strong>Es imprescindible que tomemos conciencia de la necesidad de potenciar las medidas de prevenci\u00f3n, por lo que apelamos a la responsabilidad ciudadana, para que todos podamos pensar como comunidad.<\/strong><\/p>\n","protected":false},"excerpt":{"rendered":"<p>Durante los fines de semana se acentuar\u00e1n los controles de transito en el ingreso y egreso de la ciudad<\/p>\n","protected":false},"author":2,"featured_media":54834,"comment_status":"closed","ping_status":"open","sticky":false,"template":"","format":"standard","meta":{"footnotes":""},"categories":[45],"tags":[4161],"class_list":["post-80909","post","type-post","status-publish","format-standard","has-post-thumbnail","hentry","category-c1nota2","tag-comercios-hasta-las-19-circulacion-hasta-las-22"],"yoast_head":"<!-- This site is optimized with the Yoast SEO plugin v23.4 - https:\/\/yoast.com\/wordpress\/plugins\/seo\/ -->\n<title>Ante el aumento de casos activos el Comit\u00e9 de Emergencia Tres Lomas dispuso medidas restrictivas - Infoecos<\/title>\n<meta name=\"robots\" content=\"index, follow, max-snippet:-1, max-image-preview:large, max-video-preview:-1\" \/>\n<link rel=\"canonical\" href=\"https:\/\/infoecos.com.ar\/index.php\/ante-el-aumento-de-casos-activos-el-comite-de-emergencia-tres-lomas-dispuso-medidas-restrictivas\/\" \/>\n<meta property=\"og:locale\" content=\"es_ES\" \/>\n<meta property=\"og:type\" content=\"article\" \/>\n<meta property=\"og:title\" content=\"Ante el aumento de casos activos el Comit\u00e9 de Emergencia Tres Lomas dispuso medidas restrictivas - Infoecos\" \/>\n<meta property=\"og:description\" content=\"Durante los fines de semana se acentuar\u00e1n los controles de transito en el ingreso y egreso de la ciudad\" \/>\n<meta property=\"og:url\" content=\"https:\/\/infoecos.com.ar\/index.php\/ante-el-aumento-de-casos-activos-el-comite-de-emergencia-tres-lomas-dispuso-medidas-restrictivas\/\" \/>\n<meta property=\"og:site_name\" content=\"Infoecos\" \/>\n<meta property=\"article:publisher\" content=\"https:\/\/www.facebook.com\/profile.php?id=100063200290284\" \/>\n<meta property=\"article:published_time\" content=\"2021-07-08T05:21:13+00:00\" \/>\n<meta property=\"article:modified_time\" content=\"2021-07-08T05:21:14+00:00\" \/>\n<meta property=\"og:image\" content=\"https:\/\/infoecos.com.ar\/wp-content\/uploads\/treslomas-1.jpg\" \/>\n\t<meta property=\"og:image:width\" content=\"780\" \/>\n\t<meta property=\"og:image:height\" content=\"405\" \/>\n\t<meta property=\"og:image:type\" content=\"image\/jpeg\" \/>\n<meta name=\"author\" content=\"Jorge Matheus\" \/>\n<meta name=\"twitter:card\" content=\"summary_large_image\" \/>\n<meta name=\"twitter:creator\" content=\"@infoecos\" \/>\n<meta name=\"twitter:site\" content=\"@infoecos\" \/>\n<meta name=\"twitter:label1\" content=\"Escrito por\" \/>\n\t<meta name=\"twitter:data1\" content=\"Jorge Matheus\" \/>\n\t<meta name=\"twitter:label2\" content=\"Tiempo de lectura\" \/>\n\t<meta name=\"twitter:data2\" content=\"3 minutos\" \/>\n<script type=\"application\/ld+json\" class=\"yoast-schema-graph\">{\"@context\":\"https:\/\/schema.org\",\"@graph\":[{\"@type\":\"Article\",\"@id\":\"https:\/\/infoecos.com.ar\/index.php\/ante-el-aumento-de-casos-activos-el-comite-de-emergencia-tres-lomas-dispuso-medidas-restrictivas\/#article\",\"isPartOf\":{\"@id\":\"https:\/\/infoecos.com.ar\/index.php\/ante-el-aumento-de-casos-activos-el-comite-de-emergencia-tres-lomas-dispuso-medidas-restrictivas\/\"},\"author\":{\"name\":\"Jorge Matheus\",\"@id\":\"https:\/\/infoecos.com.ar\/#\/schema\/person\/8f5ace5ce73b4b4aac4b7245aee6f191\"},\"headline\":\"Ante el aumento de casos activos el Comit\u00e9 de Emergencia Tres Lomas dispuso medidas restrictivas\",\"datePublished\":\"2021-07-08T05:21:13+00:00\",\"dateModified\":\"2021-07-08T05:21:14+00:00\",\"mainEntityOfPage\":{\"@id\":\"https:\/\/infoecos.com.ar\/index.php\/ante-el-aumento-de-casos-activos-el-comite-de-emergencia-tres-lomas-dispuso-medidas-restrictivas\/\"},\"wordCount\":524,\"publisher\":{\"@id\":\"https:\/\/infoecos.com.ar\/#organization\"},\"image\":{\"@id\":\"https:\/\/infoecos.com.ar\/index.php\/ante-el-aumento-de-casos-activos-el-comite-de-emergencia-tres-lomas-dispuso-medidas-restrictivas\/#primaryimage\"},\"thumbnailUrl\":\"\",\"keywords\":[\"comercios hasta las 19-Circulaci\u00f3n hasta las 22\"],\"articleSection\":[\"C1 N2\"],\"inLanguage\":\"es\"},{\"@type\":\"WebPage\",\"@id\":\"https:\/\/infoecos.com.ar\/index.php\/ante-el-aumento-de-casos-activos-el-comite-de-emergencia-tres-lomas-dispuso-medidas-restrictivas\/\",\"url\":\"https:\/\/infoecos.com.ar\/index.php\/ante-el-aumento-de-casos-activos-el-comite-de-emergencia-tres-lomas-dispuso-medidas-restrictivas\/\",\"name\":\"Ante el aumento de casos activos el Comit\u00e9 de Emergencia Tres Lomas dispuso medidas restrictivas - Infoecos\",\"isPartOf\":{\"@id\":\"https:\/\/infoecos.com.ar\/#website\"},\"primaryImageOfPage\":{\"@id\":\"https:\/\/infoecos.com.ar\/index.php\/ante-el-aumento-de-casos-activos-el-comite-de-emergencia-tres-lomas-dispuso-medidas-restrictivas\/#primaryimage\"},\"image\":{\"@id\":\"https:\/\/infoecos.com.ar\/index.php\/ante-el-aumento-de-casos-activos-el-comite-de-emergencia-tres-lomas-dispuso-medidas-restrictivas\/#primaryimage\"},\"thumbnailUrl\":\"\",\"datePublished\":\"2021-07-08T05:21:13+00:00\",\"dateModified\":\"2021-07-08T05:21:14+00:00\",\"breadcrumb\":{\"@id\":\"https:\/\/infoecos.com.ar\/index.php\/ante-el-aumento-de-casos-activos-el-comite-de-emergencia-tres-lomas-dispuso-medidas-restrictivas\/#breadcrumb\"},\"inLanguage\":\"es\",\"potentialAction\":[{\"@type\":\"ReadAction\",\"target\":[\"https:\/\/infoecos.com.ar\/index.php\/ante-el-aumento-de-casos-activos-el-comite-de-emergencia-tres-lomas-dispuso-medidas-restrictivas\/\"]}]},{\"@type\":\"ImageObject\",\"inLanguage\":\"es\",\"@id\":\"https:\/\/infoecos.com.ar\/index.php\/ante-el-aumento-de-casos-activos-el-comite-de-emergencia-tres-lomas-dispuso-medidas-restrictivas\/#primaryimage\",\"url\":\"\",\"contentUrl\":\"\"},{\"@type\":\"BreadcrumbList\",\"@id\":\"https:\/\/infoecos.com.ar\/index.php\/ante-el-aumento-de-casos-activos-el-comite-de-emergencia-tres-lomas-dispuso-medidas-restrictivas\/#breadcrumb\",\"itemListElement\":[{\"@type\":\"ListItem\",\"position\":1,\"name\":\"Portada\",\"item\":\"https:\/\/infoecos.com.ar\/\"},{\"@type\":\"ListItem\",\"position\":2,\"name\":\"Ante el aumento de casos activos el Comit\u00e9 de Emergencia Tres Lomas dispuso medidas restrictivas\"}]},{\"@type\":\"WebSite\",\"@id\":\"https:\/\/infoecos.com.ar\/#website\",\"url\":\"https:\/\/infoecos.com.ar\/\",\"name\":\"Infoecos\",\"description\":\"Noticias de trenque lauquen y la zona\",\"publisher\":{\"@id\":\"https:\/\/infoecos.com.ar\/#organization\"},\"alternateName\":\"Noticias\",\"potentialAction\":[{\"@type\":\"SearchAction\",\"target\":{\"@type\":\"EntryPoint\",\"urlTemplate\":\"https:\/\/infoecos.com.ar\/?s={search_term_string}\"},\"query-input\":{\"@type\":\"PropertyValueSpecification\",\"valueRequired\":true,\"valueName\":\"search_term_string\"}}],\"inLanguage\":\"es\"},{\"@type\":\"Organization\",\"@id\":\"https:\/\/infoecos.com.ar\/#organization\",\"name\":\"Infoecos\",\"alternateName\":\"Noticias\",\"url\":\"https:\/\/infoecos.com.ar\/\",\"logo\":{\"@type\":\"ImageObject\",\"inLanguage\":\"es\",\"@id\":\"https:\/\/infoecos.com.ar\/#\/schema\/logo\/image\/\",\"url\":\"https:\/\/infoecos.com.ar\/wp-content\/uploads\/2024\/03\/cropped-logo.png\",\"contentUrl\":\"https:\/\/infoecos.com.ar\/wp-content\/uploads\/2024\/03\/cropped-logo.png\",\"width\":374,\"height\":90,\"caption\":\"Infoecos\"},\"image\":{\"@id\":\"https:\/\/infoecos.com.ar\/#\/schema\/logo\/image\/\"},\"sameAs\":[\"https:\/\/www.facebook.com\/profile.php?id=100063200290284\",\"https:\/\/x.com\/infoecos\"]},{\"@type\":\"Person\",\"@id\":\"https:\/\/infoecos.com.ar\/#\/schema\/person\/8f5ace5ce73b4b4aac4b7245aee6f191\",\"name\":\"Jorge Matheus\",\"url\":\"https:\/\/infoecos.com.ar\/index.php\/author\/jomatheus\/\"}]}<\/script>\n<!-- \/ Yoast SEO plugin. -->","yoast_head_json":{"title":"Ante el aumento de casos activos el Comit\u00e9 de Emergencia Tres Lomas dispuso medidas restrictivas - Infoecos","robots":{"index":"index","follow":"follow","max-snippet":"max-snippet:-1","max-image-preview":"max-image-preview:large","max-video-preview":"max-video-preview:-1"},"canonical":"https:\/\/infoecos.com.ar\/index.php\/ante-el-aumento-de-casos-activos-el-comite-de-emergencia-tres-lomas-dispuso-medidas-restrictivas\/","og_locale":"es_ES","og_type":"article","og_title":"Ante el aumento de casos activos el Comit\u00e9 de Emergencia Tres Lomas dispuso medidas restrictivas - Infoecos","og_description":"Durante los fines de semana se acentuar\u00e1n los controles de transito en el ingreso y egreso de la ciudad","og_url":"https:\/\/infoecos.com.ar\/index.php\/ante-el-aumento-de-casos-activos-el-comite-de-emergencia-tres-lomas-dispuso-medidas-restrictivas\/","og_site_name":"Infoecos","article_publisher":"https:\/\/www.facebook.com\/profile.php?id=100063200290284","article_published_time":"2021-07-08T05:21:13+00:00","article_modified_time":"2021-07-08T05:21:14+00:00","og_image":[{"width":780,"height":405,"url":"https:\/\/infoecos.com.ar\/wp-content\/uploads\/treslomas-1.jpg","type":"image\/jpeg"}],"author":"Jorge Matheus","twitter_card":"summary_large_image","twitter_creator":"@infoecos","twitter_site":"@infoecos","twitter_misc":{"Escrito por":"Jorge Matheus","Tiempo de lectura":"3 minutos"},"schema":{"@context":"https:\/\/schema.org","@graph":[{"@type":"Article","@id":"https:\/\/infoecos.com.ar\/index.php\/ante-el-aumento-de-casos-activos-el-comite-de-emergencia-tres-lomas-dispuso-medidas-restrictivas\/#article","isPartOf":{"@id":"https:\/\/infoecos.com.ar\/index.php\/ante-el-aumento-de-casos-activos-el-comite-de-emergencia-tres-lomas-dispuso-medidas-restrictivas\/"},"author":{"name":"Jorge Matheus","@id":"https:\/\/infoecos.com.ar\/#\/schema\/person\/8f5ace5ce73b4b4aac4b7245aee6f191"},"headline":"Ante el aumento de casos activos el Comit\u00e9 de Emergencia Tres Lomas dispuso medidas restrictivas","datePublished":"2021-07-08T05:21:13+00:00","dateModified":"2021-07-08T05:21:14+00:00","mainEntityOfPage":{"@id":"https:\/\/infoecos.com.ar\/index.php\/ante-el-aumento-de-casos-activos-el-comite-de-emergencia-tres-lomas-dispuso-medidas-restrictivas\/"},"wordCount":524,"publisher":{"@id":"https:\/\/infoecos.com.ar\/#organization"},"image":{"@id":"https:\/\/infoecos.com.ar\/index.php\/ante-el-aumento-de-casos-activos-el-comite-de-emergencia-tres-lomas-dispuso-medidas-restrictivas\/#primaryimage"},"thumbnailUrl":"","keywords":["comercios hasta las 19-Circulaci\u00f3n hasta las 22"],"articleSection":["C1 N2"],"inLanguage":"es"},{"@type":"WebPage","@id":"https:\/\/infoecos.com.ar\/index.php\/ante-el-aumento-de-casos-activos-el-comite-de-emergencia-tres-lomas-dispuso-medidas-restrictivas\/","url":"https:\/\/infoecos.com.ar\/index.php\/ante-el-aumento-de-casos-activos-el-comite-de-emergencia-tres-lomas-dispuso-medidas-restrictivas\/","name":"Ante el aumento de casos activos el Comit\u00e9 de Emergencia Tres Lomas dispuso medidas restrictivas - Infoecos","isPartOf":{"@id":"https:\/\/infoecos.com.ar\/#website"},"primaryImageOfPage":{"@id":"https:\/\/infoecos.com.ar\/index.php\/ante-el-aumento-de-casos-activos-el-comite-de-emergencia-tres-lomas-dispuso-medidas-restrictivas\/#primaryimage"},"image":{"@id":"https:\/\/infoecos.com.ar\/index.php\/ante-el-aumento-de-casos-activos-el-comite-de-emergencia-tres-lomas-dispuso-medidas-restrictivas\/#primaryimage"},"thumbnailUrl":"","datePublished":"2021-07-08T05:21:13+00:00","dateModified":"2021-07-08T05:21:14+00:00","breadcrumb":{"@id":"https:\/\/infoecos.com.ar\/index.php\/ante-el-aumento-de-casos-activos-el-comite-de-emergencia-tres-lomas-dispuso-medidas-restrictivas\/#breadcrumb"},"inLanguage":"es","potentialAction":[{"@type":"ReadAction","target":["https:\/\/infoecos.com.ar\/index.php\/ante-el-aumento-de-casos-activos-el-comite-de-emergencia-tres-lomas-dispuso-medidas-restrictivas\/"]}]},{"@type":"ImageObject","inLanguage":"es","@id":"https:\/\/infoecos.com.ar\/index.php\/ante-el-aumento-de-casos-activos-el-comite-de-emergencia-tres-lomas-dispuso-medidas-restrictivas\/#primaryimage","url":"","contentUrl":""},{"@type":"BreadcrumbList","@id":"https:\/\/infoecos.com.ar\/index.php\/ante-el-aumento-de-casos-activos-el-comite-de-emergencia-tres-lomas-dispuso-medidas-restrictivas\/#breadcrumb","itemListElement":[{"@type":"ListItem","position":1,"name":"Portada","item":"https:\/\/infoecos.com.ar\/"},{"@type":"ListItem","position":2,"name":"Ante el aumento de casos activos el Comit\u00e9 de Emergencia Tres Lomas dispuso medidas restrictivas"}]},{"@type":"WebSite","@id":"https:\/\/infoecos.com.ar\/#website","url":"https:\/\/infoecos.com.ar\/","name":"Infoecos","description":"Noticias de trenque lauquen y la zona","publisher":{"@id":"https:\/\/infoecos.com.ar\/#organization"},"alternateName":"Noticias","potentialAction":[{"@type":"SearchAction","target":{"@type":"EntryPoint","urlTemplate":"https:\/\/infoecos.com.ar\/?s={search_term_string}"},"query-input":{"@type":"PropertyValueSpecification","valueRequired":true,"valueName":"search_term_string"}}],"inLanguage":"es"},{"@type":"Organization","@id":"https:\/\/infoecos.com.ar\/#organization","name":"Infoecos","alternateName":"Noticias","url":"https:\/\/infoecos.com.ar\/","logo":{"@type":"ImageObject","inLanguage":"es","@id":"https:\/\/infoecos.com.ar\/#\/schema\/logo\/image\/","url":"https:\/\/infoecos.com.ar\/wp-content\/uploads\/2024\/03\/cropped-logo.png","contentUrl":"https:\/\/infoecos.com.ar\/wp-content\/uploads\/2024\/03\/cropped-logo.png","width":374,"height":90,"caption":"Infoecos"},"image":{"@id":"https:\/\/infoecos.com.ar\/#\/schema\/logo\/image\/"},"sameAs":["https:\/\/www.facebook.com\/profile.php?id=100063200290284","https:\/\/x.com\/infoecos"]},{"@type":"Person","@id":"https:\/\/infoecos.com.ar\/#\/schema\/person\/8f5ace5ce73b4b4aac4b7245aee6f191","name":"Jorge Matheus","url":"https:\/\/infoecos.com.ar\/index.php\/author\/jomatheus\/"}]}},"featured_image_urls":{"full":"","thumbnail":"","medium":"","medium_large":"","large":"","1536x1536":"","2048x2048":"","covernews-slider-full":"","covernews-slider-center":"","covernews-featured":"","covernews-medium":"","covernews-medium-square":""},"author_info":{"info":["Jorge Matheus"]},"category_info":"<a href=\"https:\/\/infoecos.com.ar\/index.php\/category\/c1nota2\/\" rel=\"category tag\">C1 N2<\/a>","tag_info":"C1 N2","comment_count":"0","_links":{"self":[{"href":"https:\/\/infoecos.com.ar\/index.php\/wp-json\/wp\/v2\/posts\/80909"}],"collection":[{"href":"https:\/\/infoecos.com.ar\/index.php\/wp-json\/wp\/v2\/posts"}],"about":[{"href":"https:\/\/infoecos.com.ar\/index.php\/wp-json\/wp\/v2\/types\/post"}],"author":[{"embeddable":true,"href":"https:\/\/infoecos.com.ar\/index.php\/wp-json\/wp\/v2\/users\/2"}],"replies":[{"embeddable":true,"href":"https:\/\/infoecos.com.ar\/index.php\/wp-json\/wp\/v2\/comments?post=80909"}],"version-history":[{"count":1,"href":"https:\/\/infoecos.com.ar\/index.php\/wp-json\/wp\/v2\/posts\/80909\/revisions"}],"predecessor-version":[{"id":80911,"href":"https:\/\/infoecos.com.ar\/index.php\/wp-json\/wp\/v2\/posts\/80909\/revisions\/80911"}],"wp:featuredmedia":[{"embeddable":true,"href":"https:\/\/infoecos.com.ar\/index.php\/wp-json\/"}],"wp:attachment":[{"href":"https:\/\/infoecos.com.ar\/index.php\/wp-json\/wp\/v2\/media?parent=80909"}],"wp:term":[{"taxonomy":"category","embeddable":true,"href":"https:\/\/infoecos.com.ar\/index.php\/wp-json\/wp\/v2\/categories?post=80909"},{"taxonomy":"post_tag","embeddable":true,"href":"https:\/\/infoecos.com.ar\/index.php\/wp-json\/wp\/v2\/tags?post=80909"}],"curies":[{"name":"wp","href":"https:\/\/api.w.org\/{rel}","templated":true}]}}