{"id":80916,"date":"2021-07-08T02:57:36","date_gmt":"2021-07-08T05:57:36","guid":{"rendered":"http:\/\/infoecos.com.ar\/?p=80916"},"modified":"2021-07-09T02:52:18","modified_gmt":"2021-07-09T05:52:18","slug":"diputados-bonaerenses-de-juntos-por-el-cambio-proponen-boleta-unica-para-los-futuros-comicios","status":"publish","type":"post","link":"https:\/\/infoecos.com.ar\/index.php\/diputados-bonaerenses-de-juntos-por-el-cambio-proponen-boleta-unica-para-los-futuros-comicios\/","title":{"rendered":"Diputados bonaerenses de Juntos por el Cambio proponen Boleta \u00danica para los futuros comicios"},"content":{"rendered":"\n<p>Mediante un proyecto de ley que elev\u00f3 a la c\u00e1mara baja bonaerense el diputado de la UCR\/Juntos por el Cambio,&nbsp;<strong>Diego Rovella<\/strong>, se propone la modificaci\u00f3n de la Ley 5109 en su cap\u00edtulo X, norma vigente como Ley Electoral de la Provincia de Buenos Aires, a fin de que se implemente la Boleta Unica para los futuros comicios.<\/p>\n\n\n\n<p>El documento legislativo, que es acompa\u00f1ado por los diputados Emiliano Balbin, Anah\u00ed Bilbao, Vanesa Zuccari, Susana Lazzari, Melisa Greco, Mar\u00eda Carolina Barros Schelotto, Carolina P\u00edparo, Valent\u00edn Miranda y Sandra Par\u00eds (todos integrantes del bloque de Juntos Por el Cambio) indica en su art.62\u00b0 que \u00abuna vez oficializada la lista de candidatos, la Junta Electoral ordenar\u00e1 confeccionar un modelo de Boleta Unica de Sufragio cuyo dise\u00f1o y caracter\u00edstica debe respetar las especificaciones establecidas en el presente\u00bb, enumerando el mismo tiempo los detalles de la misma (dimensiones, colores, formato, materiales a utilizar etc).<\/p>\n\n\n\n<div class=\"wp-block-image is-style-default\"><figure class=\"aligncenter size-large\"><img decoding=\"async\" src=\"http:\/\/infoecos.com.ar\/wp-content\/uploads\/URNA-3-e1502769652391.jpg\" alt=\"\" class=\"wp-image-18884\"\/><figcaption>Urnas<\/figcaption><\/figure><\/div>\n\n\n\n<p>Asimismo, se determina que \u00ablos cambios establecidos se implementar\u00e1n en la primera elecci\u00f3n que sucediere a partir de la sanci\u00f3n de la presente ley\u00bb, facultando a la vez al Poder Ejecutivo a efectuar las modificaciones pertinentes al C\u00e1lculo de Recursos y Presupuesto de Gasto vigente\u00bb para dar cumplimiento a la ley.<\/p>\n\n\n\n<p>En referencia al proyecto, Rovella opin\u00f3 que \u00abresulta necesario acompa\u00f1ar los nuevos reclamos sociales y pol\u00edticos tras casi cuatro d\u00e9cadas de democracia ininterrumpida, como as\u00ed tambi\u00e9n amoldarnos a los progresos de las herramientas tecnol\u00f3gicas y de esa forma adecuar las instituciones a estas nuevas realidades\u00bb.<\/p>\n\n\n\n<p>Siempre en ese contexto, el autor del proyecto de ley se\u00f1al\u00f3 que \u00abponemos a consideraci\u00f3n esta propuesta de boleta \u00fanica de sufragio entendiendo que es un elemento id\u00f3neo para facilitar el ejercicio del voto de los ciudadanos, pero tambi\u00e9n, esta herramienta facilitar\u00eda en mucho la tarea de las autoridades de mesa y, al mismo tiempo, ser\u00eda de gran ayuda para preservar la transparencia del acto eleccionario\u00bb.<\/p>\n\n\n\n<p>\u00abPretendemos que esta propuesta&#8211;agreg\u00f3 el legislador oriundo de La Plata&#8211;sea un marco de referencia para la implementaci\u00f3n de una boleta \u00fanica de sufragio, sabiendo que no somos originales habida cuenta que es una metodolog\u00eda electoral que ya adoptaron varios pa\u00edses del mundo e incluso algunas provincias argentinas. Estamos convencidos que ser\u00e1, a la vez, un buen disparador para escuchar las opiniones y el aporte de muchas voces destacadas y respetadas de<\/p>\n","protected":false},"excerpt":{"rendered":"<p>El proyecto de ley fue elevado a la c\u00e1mara baja bonaerense por el diputado de la UCR\/Juntos por el Cambio, Diego Rovella<\/p>\n","protected":false},"author":2,"featured_media":18884,"comment_status":"closed","ping_status":"open","sticky":false,"template":"","format":"standard","meta":{"footnotes":""},"categories":[42],"tags":[1329],"class_list":["post-80916","post","type-post","status-publish","format-standard","has-post-thumbnail","hentry","category-inferior3","tag-politica-electoral"],"yoast_head":"<!-- This site is optimized with the Yoast SEO plugin v23.4 - https:\/\/yoast.com\/wordpress\/plugins\/seo\/ -->\n<title>Diputados bonaerenses de Juntos por el Cambio proponen Boleta \u00danica para los futuros comicios - Infoecos<\/title>\n<meta name=\"robots\" content=\"index, follow, max-snippet:-1, max-image-preview:large, max-video-preview:-1\" \/>\n<link rel=\"canonical\" href=\"https:\/\/infoecos.com.ar\/index.php\/diputados-bonaerenses-de-juntos-por-el-cambio-proponen-boleta-unica-para-los-futuros-comicios\/\" \/>\n<meta property=\"og:locale\" content=\"es_ES\" \/>\n<meta property=\"og:type\" content=\"article\" \/>\n<meta property=\"og:title\" content=\"Diputados bonaerenses de Juntos por el Cambio proponen Boleta \u00danica para los futuros comicios - Infoecos\" \/>\n<meta property=\"og:description\" content=\"El proyecto de ley fue elevado a la c\u00e1mara baja bonaerense por el diputado de la UCR\/Juntos por el Cambio, Diego Rovella\" \/>\n<meta property=\"og:url\" content=\"https:\/\/infoecos.com.ar\/index.php\/diputados-bonaerenses-de-juntos-por-el-cambio-proponen-boleta-unica-para-los-futuros-comicios\/\" \/>\n<meta property=\"og:site_name\" content=\"Infoecos\" \/>\n<meta property=\"article:publisher\" content=\"https:\/\/www.facebook.com\/profile.php?id=100063200290284\" \/>\n<meta property=\"article:published_time\" content=\"2021-07-08T05:57:36+00:00\" \/>\n<meta property=\"article:modified_time\" content=\"2021-07-09T05:52:18+00:00\" \/>\n<meta property=\"og:image\" content=\"https:\/\/infoecos.com.ar\/wp-content\/uploads\/URNA-3-e1502769652391.jpg\" \/>\n\t<meta property=\"og:image:width\" content=\"400\" \/>\n\t<meta property=\"og:image:height\" content=\"346\" \/>\n\t<meta property=\"og:image:type\" content=\"image\/jpeg\" \/>\n<meta name=\"author\" content=\"Jorge Matheus\" \/>\n<meta name=\"twitter:card\" content=\"summary_large_image\" \/>\n<meta name=\"twitter:creator\" content=\"@infoecos\" \/>\n<meta name=\"twitter:site\" content=\"@infoecos\" \/>\n<meta name=\"twitter:label1\" content=\"Escrito por\" \/>\n\t<meta name=\"twitter:data1\" content=\"Jorge Matheus\" \/>\n\t<meta name=\"twitter:label2\" content=\"Tiempo de lectura\" \/>\n\t<meta name=\"twitter:data2\" content=\"2 minutos\" \/>\n<script type=\"application\/ld+json\" class=\"yoast-schema-graph\">{\"@context\":\"https:\/\/schema.org\",\"@graph\":[{\"@type\":\"Article\",\"@id\":\"https:\/\/infoecos.com.ar\/index.php\/diputados-bonaerenses-de-juntos-por-el-cambio-proponen-boleta-unica-para-los-futuros-comicios\/#article\",\"isPartOf\":{\"@id\":\"https:\/\/infoecos.com.ar\/index.php\/diputados-bonaerenses-de-juntos-por-el-cambio-proponen-boleta-unica-para-los-futuros-comicios\/\"},\"author\":{\"name\":\"Jorge Matheus\",\"@id\":\"https:\/\/infoecos.com.ar\/#\/schema\/person\/8f5ace5ce73b4b4aac4b7245aee6f191\"},\"headline\":\"Diputados bonaerenses de Juntos por el Cambio proponen Boleta \u00danica para los futuros comicios\",\"datePublished\":\"2021-07-08T05:57:36+00:00\",\"dateModified\":\"2021-07-09T05:52:18+00:00\",\"mainEntityOfPage\":{\"@id\":\"https:\/\/infoecos.com.ar\/index.php\/diputados-bonaerenses-de-juntos-por-el-cambio-proponen-boleta-unica-para-los-futuros-comicios\/\"},\"wordCount\":426,\"publisher\":{\"@id\":\"https:\/\/infoecos.com.ar\/#organization\"},\"image\":{\"@id\":\"https:\/\/infoecos.com.ar\/index.php\/diputados-bonaerenses-de-juntos-por-el-cambio-proponen-boleta-unica-para-los-futuros-comicios\/#primaryimage\"},\"thumbnailUrl\":\"\",\"keywords\":[\"POL\u00cdTICA ELECTORAL\"],\"articleSection\":[\"Bloque inferior - 3\"],\"inLanguage\":\"es\"},{\"@type\":\"WebPage\",\"@id\":\"https:\/\/infoecos.com.ar\/index.php\/diputados-bonaerenses-de-juntos-por-el-cambio-proponen-boleta-unica-para-los-futuros-comicios\/\",\"url\":\"https:\/\/infoecos.com.ar\/index.php\/diputados-bonaerenses-de-juntos-por-el-cambio-proponen-boleta-unica-para-los-futuros-comicios\/\",\"name\":\"Diputados bonaerenses de Juntos por el Cambio proponen Boleta \u00danica para los futuros comicios - Infoecos\",\"isPartOf\":{\"@id\":\"https:\/\/infoecos.com.ar\/#website\"},\"primaryImageOfPage\":{\"@id\":\"https:\/\/infoecos.com.ar\/index.php\/diputados-bonaerenses-de-juntos-por-el-cambio-proponen-boleta-unica-para-los-futuros-comicios\/#primaryimage\"},\"image\":{\"@id\":\"https:\/\/infoecos.com.ar\/index.php\/diputados-bonaerenses-de-juntos-por-el-cambio-proponen-boleta-unica-para-los-futuros-comicios\/#primaryimage\"},\"thumbnailUrl\":\"\",\"datePublished\":\"2021-07-08T05:57:36+00:00\",\"dateModified\":\"2021-07-09T05:52:18+00:00\",\"breadcrumb\":{\"@id\":\"https:\/\/infoecos.com.ar\/index.php\/diputados-bonaerenses-de-juntos-por-el-cambio-proponen-boleta-unica-para-los-futuros-comicios\/#breadcrumb\"},\"inLanguage\":\"es\",\"potentialAction\":[{\"@type\":\"ReadAction\",\"target\":[\"https:\/\/infoecos.com.ar\/index.php\/diputados-bonaerenses-de-juntos-por-el-cambio-proponen-boleta-unica-para-los-futuros-comicios\/\"]}]},{\"@type\":\"ImageObject\",\"inLanguage\":\"es\",\"@id\":\"https:\/\/infoecos.com.ar\/index.php\/diputados-bonaerenses-de-juntos-por-el-cambio-proponen-boleta-unica-para-los-futuros-comicios\/#primaryimage\",\"url\":\"\",\"contentUrl\":\"\"},{\"@type\":\"BreadcrumbList\",\"@id\":\"https:\/\/infoecos.com.ar\/index.php\/diputados-bonaerenses-de-juntos-por-el-cambio-proponen-boleta-unica-para-los-futuros-comicios\/#breadcrumb\",\"itemListElement\":[{\"@type\":\"ListItem\",\"position\":1,\"name\":\"Portada\",\"item\":\"https:\/\/infoecos.com.ar\/\"},{\"@type\":\"ListItem\",\"position\":2,\"name\":\"Diputados bonaerenses de Juntos por el Cambio proponen Boleta \u00danica para los futuros comicios\"}]},{\"@type\":\"WebSite\",\"@id\":\"https:\/\/infoecos.com.ar\/#website\",\"url\":\"https:\/\/infoecos.com.ar\/\",\"name\":\"Infoecos\",\"description\":\"Noticias de trenque lauquen y la zona\",\"publisher\":{\"@id\":\"https:\/\/infoecos.com.ar\/#organization\"},\"alternateName\":\"Noticias\",\"potentialAction\":[{\"@type\":\"SearchAction\",\"target\":{\"@type\":\"EntryPoint\",\"urlTemplate\":\"https:\/\/infoecos.com.ar\/?s={search_term_string}\"},\"query-input\":{\"@type\":\"PropertyValueSpecification\",\"valueRequired\":true,\"valueName\":\"search_term_string\"}}],\"inLanguage\":\"es\"},{\"@type\":\"Organization\",\"@id\":\"https:\/\/infoecos.com.ar\/#organization\",\"name\":\"Infoecos\",\"alternateName\":\"Noticias\",\"url\":\"https:\/\/infoecos.com.ar\/\",\"logo\":{\"@type\":\"ImageObject\",\"inLanguage\":\"es\",\"@id\":\"https:\/\/infoecos.com.ar\/#\/schema\/logo\/image\/\",\"url\":\"https:\/\/infoecos.com.ar\/wp-content\/uploads\/2024\/03\/cropped-logo.png\",\"contentUrl\":\"https:\/\/infoecos.com.ar\/wp-content\/uploads\/2024\/03\/cropped-logo.png\",\"width\":374,\"height\":90,\"caption\":\"Infoecos\"},\"image\":{\"@id\":\"https:\/\/infoecos.com.ar\/#\/schema\/logo\/image\/\"},\"sameAs\":[\"https:\/\/www.facebook.com\/profile.php?id=100063200290284\",\"https:\/\/x.com\/infoecos\"]},{\"@type\":\"Person\",\"@id\":\"https:\/\/infoecos.com.ar\/#\/schema\/person\/8f5ace5ce73b4b4aac4b7245aee6f191\",\"name\":\"Jorge Matheus\",\"url\":\"https:\/\/infoecos.com.ar\/index.php\/author\/jomatheus\/\"}]}<\/script>\n<!-- \/ Yoast SEO plugin. -->","yoast_head_json":{"title":"Diputados bonaerenses de Juntos por el Cambio proponen Boleta \u00danica para los futuros comicios - Infoecos","robots":{"index":"index","follow":"follow","max-snippet":"max-snippet:-1","max-image-preview":"max-image-preview:large","max-video-preview":"max-video-preview:-1"},"canonical":"https:\/\/infoecos.com.ar\/index.php\/diputados-bonaerenses-de-juntos-por-el-cambio-proponen-boleta-unica-para-los-futuros-comicios\/","og_locale":"es_ES","og_type":"article","og_title":"Diputados bonaerenses de Juntos por el Cambio proponen Boleta \u00danica para los futuros comicios - Infoecos","og_description":"El proyecto de ley fue elevado a la c\u00e1mara baja bonaerense por el diputado de la UCR\/Juntos por el Cambio, Diego Rovella","og_url":"https:\/\/infoecos.com.ar\/index.php\/diputados-bonaerenses-de-juntos-por-el-cambio-proponen-boleta-unica-para-los-futuros-comicios\/","og_site_name":"Infoecos","article_publisher":"https:\/\/www.facebook.com\/profile.php?id=100063200290284","article_published_time":"2021-07-08T05:57:36+00:00","article_modified_time":"2021-07-09T05:52:18+00:00","og_image":[{"width":400,"height":346,"url":"https:\/\/infoecos.com.ar\/wp-content\/uploads\/URNA-3-e1502769652391.jpg","type":"image\/jpeg"}],"author":"Jorge Matheus","twitter_card":"summary_large_image","twitter_creator":"@infoecos","twitter_site":"@infoecos","twitter_misc":{"Escrito por":"Jorge Matheus","Tiempo de lectura":"2 minutos"},"schema":{"@context":"https:\/\/schema.org","@graph":[{"@type":"Article","@id":"https:\/\/infoecos.com.ar\/index.php\/diputados-bonaerenses-de-juntos-por-el-cambio-proponen-boleta-unica-para-los-futuros-comicios\/#article","isPartOf":{"@id":"https:\/\/infoecos.com.ar\/index.php\/diputados-bonaerenses-de-juntos-por-el-cambio-proponen-boleta-unica-para-los-futuros-comicios\/"},"author":{"name":"Jorge Matheus","@id":"https:\/\/infoecos.com.ar\/#\/schema\/person\/8f5ace5ce73b4b4aac4b7245aee6f191"},"headline":"Diputados bonaerenses de Juntos por el Cambio proponen Boleta \u00danica para los futuros comicios","datePublished":"2021-07-08T05:57:36+00:00","dateModified":"2021-07-09T05:52:18+00:00","mainEntityOfPage":{"@id":"https:\/\/infoecos.com.ar\/index.php\/diputados-bonaerenses-de-juntos-por-el-cambio-proponen-boleta-unica-para-los-futuros-comicios\/"},"wordCount":426,"publisher":{"@id":"https:\/\/infoecos.com.ar\/#organization"},"image":{"@id":"https:\/\/infoecos.com.ar\/index.php\/diputados-bonaerenses-de-juntos-por-el-cambio-proponen-boleta-unica-para-los-futuros-comicios\/#primaryimage"},"thumbnailUrl":"","keywords":["POL\u00cdTICA ELECTORAL"],"articleSection":["Bloque inferior - 3"],"inLanguage":"es"},{"@type":"WebPage","@id":"https:\/\/infoecos.com.ar\/index.php\/diputados-bonaerenses-de-juntos-por-el-cambio-proponen-boleta-unica-para-los-futuros-comicios\/","url":"https:\/\/infoecos.com.ar\/index.php\/diputados-bonaerenses-de-juntos-por-el-cambio-proponen-boleta-unica-para-los-futuros-comicios\/","name":"Diputados bonaerenses de Juntos por el Cambio proponen Boleta \u00danica para los futuros comicios - Infoecos","isPartOf":{"@id":"https:\/\/infoecos.com.ar\/#website"},"primaryImageOfPage":{"@id":"https:\/\/infoecos.com.ar\/index.php\/diputados-bonaerenses-de-juntos-por-el-cambio-proponen-boleta-unica-para-los-futuros-comicios\/#primaryimage"},"image":{"@id":"https:\/\/infoecos.com.ar\/index.php\/diputados-bonaerenses-de-juntos-por-el-cambio-proponen-boleta-unica-para-los-futuros-comicios\/#primaryimage"},"thumbnailUrl":"","datePublished":"2021-07-08T05:57:36+00:00","dateModified":"2021-07-09T05:52:18+00:00","breadcrumb":{"@id":"https:\/\/infoecos.com.ar\/index.php\/diputados-bonaerenses-de-juntos-por-el-cambio-proponen-boleta-unica-para-los-futuros-comicios\/#breadcrumb"},"inLanguage":"es","potentialAction":[{"@type":"ReadAction","target":["https:\/\/infoecos.com.ar\/index.php\/diputados-bonaerenses-de-juntos-por-el-cambio-proponen-boleta-unica-para-los-futuros-comicios\/"]}]},{"@type":"ImageObject","inLanguage":"es","@id":"https:\/\/infoecos.com.ar\/index.php\/diputados-bonaerenses-de-juntos-por-el-cambio-proponen-boleta-unica-para-los-futuros-comicios\/#primaryimage","url":"","contentUrl":""},{"@type":"BreadcrumbList","@id":"https:\/\/infoecos.com.ar\/index.php\/diputados-bonaerenses-de-juntos-por-el-cambio-proponen-boleta-unica-para-los-futuros-comicios\/#breadcrumb","itemListElement":[{"@type":"ListItem","position":1,"name":"Portada","item":"https:\/\/infoecos.com.ar\/"},{"@type":"ListItem","position":2,"name":"Diputados bonaerenses de Juntos por el Cambio proponen Boleta \u00danica para los futuros comicios"}]},{"@type":"WebSite","@id":"https:\/\/infoecos.com.ar\/#website","url":"https:\/\/infoecos.com.ar\/","name":"Infoecos","description":"Noticias de trenque lauquen y la zona","publisher":{"@id":"https:\/\/infoecos.com.ar\/#organization"},"alternateName":"Noticias","potentialAction":[{"@type":"SearchAction","target":{"@type":"EntryPoint","urlTemplate":"https:\/\/infoecos.com.ar\/?s={search_term_string}"},"query-input":{"@type":"PropertyValueSpecification","valueRequired":true,"valueName":"search_term_string"}}],"inLanguage":"es"},{"@type":"Organization","@id":"https:\/\/infoecos.com.ar\/#organization","name":"Infoecos","alternateName":"Noticias","url":"https:\/\/infoecos.com.ar\/","logo":{"@type":"ImageObject","inLanguage":"es","@id":"https:\/\/infoecos.com.ar\/#\/schema\/logo\/image\/","url":"https:\/\/infoecos.com.ar\/wp-content\/uploads\/2024\/03\/cropped-logo.png","contentUrl":"https:\/\/infoecos.com.ar\/wp-content\/uploads\/2024\/03\/cropped-logo.png","width":374,"height":90,"caption":"Infoecos"},"image":{"@id":"https:\/\/infoecos.com.ar\/#\/schema\/logo\/image\/"},"sameAs":["https:\/\/www.facebook.com\/profile.php?id=100063200290284","https:\/\/x.com\/infoecos"]},{"@type":"Person","@id":"https:\/\/infoecos.com.ar\/#\/schema\/person\/8f5ace5ce73b4b4aac4b7245aee6f191","name":"Jorge Matheus","url":"https:\/\/infoecos.com.ar\/index.php\/author\/jomatheus\/"}]}},"featured_image_urls":{"full":"","thumbnail":"","medium":"","medium_large":"","large":"","1536x1536":"","2048x2048":"","covernews-slider-full":"","covernews-slider-center":"","covernews-featured":"","covernews-medium":"","covernews-medium-square":""},"author_info":{"info":["Jorge Matheus"]},"category_info":"<a href=\"https:\/\/infoecos.com.ar\/index.php\/category\/inferior3\/\" rel=\"category tag\">Bloque inferior - 3<\/a>","tag_info":"Bloque inferior - 3","comment_count":"0","_links":{"self":[{"href":"https:\/\/infoecos.com.ar\/index.php\/wp-json\/wp\/v2\/posts\/80916"}],"collection":[{"href":"https:\/\/infoecos.com.ar\/index.php\/wp-json\/wp\/v2\/posts"}],"about":[{"href":"https:\/\/infoecos.com.ar\/index.php\/wp-json\/wp\/v2\/types\/post"}],"author":[{"embeddable":true,"href":"https:\/\/infoecos.com.ar\/index.php\/wp-json\/wp\/v2\/users\/2"}],"replies":[{"embeddable":true,"href":"https:\/\/infoecos.com.ar\/index.php\/wp-json\/wp\/v2\/comments?post=80916"}],"version-history":[{"count":2,"href":"https:\/\/infoecos.com.ar\/index.php\/wp-json\/wp\/v2\/posts\/80916\/revisions"}],"predecessor-version":[{"id":81011,"href":"https:\/\/infoecos.com.ar\/index.php\/wp-json\/wp\/v2\/posts\/80916\/revisions\/81011"}],"wp:featuredmedia":[{"embeddable":true,"href":"https:\/\/infoecos.com.ar\/index.php\/wp-json\/"}],"wp:attachment":[{"href":"https:\/\/infoecos.com.ar\/index.php\/wp-json\/wp\/v2\/media?parent=80916"}],"wp:term":[{"taxonomy":"category","embeddable":true,"href":"https:\/\/infoecos.com.ar\/index.php\/wp-json\/wp\/v2\/categories?post=80916"},{"taxonomy":"post_tag","embeddable":true,"href":"https:\/\/infoecos.com.ar\/index.php\/wp-json\/wp\/v2\/tags?post=80916"}],"curies":[{"name":"wp","href":"https:\/\/api.w.org\/{rel}","templated":true}]}}