{"id":80974,"date":"2021-07-09T01:14:10","date_gmt":"2021-07-09T04:14:10","guid":{"rendered":"http:\/\/infoecos.com.ar\/?p=80974"},"modified":"2021-07-10T03:38:54","modified_gmt":"2021-07-10T06:38:54","slug":"el-intendente-de-general-viamonte-pondero-el-nivel-de-vacunacion-en-su-distrito","status":"publish","type":"post","link":"https:\/\/infoecos.com.ar\/index.php\/el-intendente-de-general-viamonte-pondero-el-nivel-de-vacunacion-en-su-distrito\/","title":{"rendered":"El intendente de General Viamonte ponder\u00f3 el nivel de vacunaci\u00f3n en su distrito"},"content":{"rendered":"\n<p>El intendente de General Viamonte, Franco Ariel Flexas, ponder\u00f3 el nivel de vacunaci\u00f3n en su distrito y se\u00f1al\u00f3 que \u201cla gente quiere vacunarse y ya hay m\u00e1s de 10.000 personas\u201d inmunizadas con una dosis.<\/p>\n\n\n\n<div class=\"wp-block-image is-style-default\"><figure class=\"aligncenter size-medium\"><img loading=\"lazy\" decoding=\"async\" width=\"460\" height=\"345\" src=\"http:\/\/infoecos.com.ar\/wp-content\/uploads\/2021\/02\/20210227_132752-460x345.jpg\" alt=\"\" class=\"wp-image-75058\" srcset=\"https:\/\/infoecos.com.ar\/wp-content\/uploads\/2021\/02\/20210227_132752-460x345.jpg 460w, https:\/\/infoecos.com.ar\/wp-content\/uploads\/2021\/02\/20210227_132752-920x690.jpg 920w, https:\/\/infoecos.com.ar\/wp-content\/uploads\/2021\/02\/20210227_132752-768x576.jpg 768w, https:\/\/infoecos.com.ar\/wp-content\/uploads\/2021\/02\/20210227_132752-1536x1152.jpg 1536w, https:\/\/infoecos.com.ar\/wp-content\/uploads\/2021\/02\/20210227_132752-2048x1536.jpg 2048w, https:\/\/infoecos.com.ar\/wp-content\/uploads\/2021\/02\/20210227_132752-1024x768.jpg 1024w\" sizes=\"(max-width: 460px) 100vw, 460px\" \/><figcaption>Flexas en una visita que realiz\u00f3 a Trenque Lauquen<\/figcaption><\/figure><\/div>\n\n\n\n<p>En declaraciones a <strong>Radio Provincia<\/strong> dijo que \u201clos contagiados siguen siendo muchos, pero abrimos m\u00e1s centros de testeos\u201d.<\/p>\n\n\n\n<p>El gobernador Kicillof anunci\u00f3 que dentro de 21 d\u00edas habr\u00e1 31 municipios bonaerenses que pasar\u00e1n a ser \u201cciudades seguras\u201d debido a su alto nivel de vacunaci\u00f3n y entre ellos est\u00e1 General Viamonte donde se abrir\u00e1 la vacuna libre a mayores de 18 a\u00f1os.<\/p>\n\n\n\n<p>Flexas destac\u00f3 que \u201cla gente quiere vacunarse y nosotros instamos que lo hagan porque para aliviar la enfermedad. Ojal\u00e1 que vayan todos\u201d.&nbsp;<\/p>\n\n\n\n<p>Agreg\u00f3 que el municipio est\u00e1 en fase 2 y al tener un nivel alto de vacunaci\u00f3n hay \u201cmenos demanda en el hospital\u201d.<\/p>\n\n\n\n<p>En tanto, de cara a las elecciones primarias, pidi\u00f3 que \u201dhaya PASO y que no sea encuesta, que la gente pueda elegir. El radicalismo sigue creciendo con la candidatura de Facundo Manes\u201d.&nbsp;&nbsp;<\/p>\n","protected":false},"excerpt":{"rendered":"<p>Flexas destac\u00f3 que \u201cla gente quiere vacunarse y nosotros instamos que lo hagan porque para aliviar la enfermedad<\/p>\n","protected":false},"author":2,"featured_media":75058,"comment_status":"closed","ping_status":"open","sticky":false,"template":"","format":"standard","meta":{"footnotes":""},"categories":[43],"tags":[4172],"class_list":["post-80974","post","type-post","status-publish","format-standard","has-post-thumbnail","hentry","category-inferior4","tag-declaraciones-de-flexas-en-la-plata"],"yoast_head":"<!-- This site is optimized with the Yoast SEO plugin v23.4 - https:\/\/yoast.com\/wordpress\/plugins\/seo\/ -->\n<title>El intendente de General Viamonte ponder\u00f3 el nivel de vacunaci\u00f3n en su distrito - Infoecos<\/title>\n<meta name=\"robots\" content=\"index, follow, max-snippet:-1, max-image-preview:large, max-video-preview:-1\" \/>\n<link rel=\"canonical\" href=\"https:\/\/infoecos.com.ar\/index.php\/el-intendente-de-general-viamonte-pondero-el-nivel-de-vacunacion-en-su-distrito\/\" \/>\n<meta property=\"og:locale\" content=\"es_ES\" \/>\n<meta property=\"og:type\" content=\"article\" \/>\n<meta property=\"og:title\" content=\"El intendente de General Viamonte ponder\u00f3 el nivel de vacunaci\u00f3n en su distrito - Infoecos\" \/>\n<meta property=\"og:description\" content=\"Flexas destac\u00f3 que \u201cla gente quiere vacunarse y nosotros instamos que lo hagan porque para aliviar la enfermedad\" \/>\n<meta property=\"og:url\" content=\"https:\/\/infoecos.com.ar\/index.php\/el-intendente-de-general-viamonte-pondero-el-nivel-de-vacunacion-en-su-distrito\/\" \/>\n<meta property=\"og:site_name\" content=\"Infoecos\" \/>\n<meta property=\"article:publisher\" content=\"https:\/\/www.facebook.com\/profile.php?id=100063200290284\" \/>\n<meta property=\"article:published_time\" content=\"2021-07-09T04:14:10+00:00\" \/>\n<meta property=\"article:modified_time\" content=\"2021-07-10T06:38:54+00:00\" \/>\n<meta property=\"og:image\" content=\"https:\/\/infoecos.com.ar\/wp-content\/uploads\/2021\/02\/20210227_132752-scaled.jpg\" \/>\n\t<meta property=\"og:image:width\" content=\"2560\" \/>\n\t<meta property=\"og:image:height\" content=\"1920\" \/>\n\t<meta property=\"og:image:type\" content=\"image\/jpeg\" \/>\n<meta name=\"author\" content=\"Jorge Matheus\" \/>\n<meta name=\"twitter:card\" content=\"summary_large_image\" \/>\n<meta name=\"twitter:creator\" content=\"@infoecos\" \/>\n<meta name=\"twitter:site\" content=\"@infoecos\" \/>\n<meta name=\"twitter:label1\" content=\"Escrito por\" \/>\n\t<meta name=\"twitter:data1\" content=\"Jorge Matheus\" \/>\n\t<meta name=\"twitter:label2\" content=\"Tiempo de lectura\" \/>\n\t<meta name=\"twitter:data2\" content=\"1 minuto\" \/>\n<script type=\"application\/ld+json\" class=\"yoast-schema-graph\">{\"@context\":\"https:\/\/schema.org\",\"@graph\":[{\"@type\":\"Article\",\"@id\":\"https:\/\/infoecos.com.ar\/index.php\/el-intendente-de-general-viamonte-pondero-el-nivel-de-vacunacion-en-su-distrito\/#article\",\"isPartOf\":{\"@id\":\"https:\/\/infoecos.com.ar\/index.php\/el-intendente-de-general-viamonte-pondero-el-nivel-de-vacunacion-en-su-distrito\/\"},\"author\":{\"name\":\"Jorge Matheus\",\"@id\":\"https:\/\/infoecos.com.ar\/#\/schema\/person\/8f5ace5ce73b4b4aac4b7245aee6f191\"},\"headline\":\"El intendente de General Viamonte ponder\u00f3 el nivel de vacunaci\u00f3n en su distrito\",\"datePublished\":\"2021-07-09T04:14:10+00:00\",\"dateModified\":\"2021-07-10T06:38:54+00:00\",\"mainEntityOfPage\":{\"@id\":\"https:\/\/infoecos.com.ar\/index.php\/el-intendente-de-general-viamonte-pondero-el-nivel-de-vacunacion-en-su-distrito\/\"},\"wordCount\":201,\"publisher\":{\"@id\":\"https:\/\/infoecos.com.ar\/#organization\"},\"image\":{\"@id\":\"https:\/\/infoecos.com.ar\/index.php\/el-intendente-de-general-viamonte-pondero-el-nivel-de-vacunacion-en-su-distrito\/#primaryimage\"},\"thumbnailUrl\":\"https:\/\/infoecos.com.ar\/wp-content\/uploads\/2021\/02\/20210227_132752-scaled.jpg\",\"keywords\":[\"DECLARACIONES DE FLEXAS EN LA PLATA\"],\"articleSection\":[\"Bloque inferior - 4\"],\"inLanguage\":\"es\"},{\"@type\":\"WebPage\",\"@id\":\"https:\/\/infoecos.com.ar\/index.php\/el-intendente-de-general-viamonte-pondero-el-nivel-de-vacunacion-en-su-distrito\/\",\"url\":\"https:\/\/infoecos.com.ar\/index.php\/el-intendente-de-general-viamonte-pondero-el-nivel-de-vacunacion-en-su-distrito\/\",\"name\":\"El intendente de General Viamonte ponder\u00f3 el nivel de vacunaci\u00f3n en su distrito - Infoecos\",\"isPartOf\":{\"@id\":\"https:\/\/infoecos.com.ar\/#website\"},\"primaryImageOfPage\":{\"@id\":\"https:\/\/infoecos.com.ar\/index.php\/el-intendente-de-general-viamonte-pondero-el-nivel-de-vacunacion-en-su-distrito\/#primaryimage\"},\"image\":{\"@id\":\"https:\/\/infoecos.com.ar\/index.php\/el-intendente-de-general-viamonte-pondero-el-nivel-de-vacunacion-en-su-distrito\/#primaryimage\"},\"thumbnailUrl\":\"https:\/\/infoecos.com.ar\/wp-content\/uploads\/2021\/02\/20210227_132752-scaled.jpg\",\"datePublished\":\"2021-07-09T04:14:10+00:00\",\"dateModified\":\"2021-07-10T06:38:54+00:00\",\"breadcrumb\":{\"@id\":\"https:\/\/infoecos.com.ar\/index.php\/el-intendente-de-general-viamonte-pondero-el-nivel-de-vacunacion-en-su-distrito\/#breadcrumb\"},\"inLanguage\":\"es\",\"potentialAction\":[{\"@type\":\"ReadAction\",\"target\":[\"https:\/\/infoecos.com.ar\/index.php\/el-intendente-de-general-viamonte-pondero-el-nivel-de-vacunacion-en-su-distrito\/\"]}]},{\"@type\":\"ImageObject\",\"inLanguage\":\"es\",\"@id\":\"https:\/\/infoecos.com.ar\/index.php\/el-intendente-de-general-viamonte-pondero-el-nivel-de-vacunacion-en-su-distrito\/#primaryimage\",\"url\":\"https:\/\/infoecos.com.ar\/wp-content\/uploads\/2021\/02\/20210227_132752-scaled.jpg\",\"contentUrl\":\"https:\/\/infoecos.com.ar\/wp-content\/uploads\/2021\/02\/20210227_132752-scaled.jpg\",\"width\":2560,\"height\":1920},{\"@type\":\"BreadcrumbList\",\"@id\":\"https:\/\/infoecos.com.ar\/index.php\/el-intendente-de-general-viamonte-pondero-el-nivel-de-vacunacion-en-su-distrito\/#breadcrumb\",\"itemListElement\":[{\"@type\":\"ListItem\",\"position\":1,\"name\":\"Portada\",\"item\":\"https:\/\/infoecos.com.ar\/\"},{\"@type\":\"ListItem\",\"position\":2,\"name\":\"El intendente de General Viamonte ponder\u00f3 el nivel de vacunaci\u00f3n en su distrito\"}]},{\"@type\":\"WebSite\",\"@id\":\"https:\/\/infoecos.com.ar\/#website\",\"url\":\"https:\/\/infoecos.com.ar\/\",\"name\":\"Infoecos\",\"description\":\"Noticias de trenque lauquen y la zona\",\"publisher\":{\"@id\":\"https:\/\/infoecos.com.ar\/#organization\"},\"alternateName\":\"Noticias\",\"potentialAction\":[{\"@type\":\"SearchAction\",\"target\":{\"@type\":\"EntryPoint\",\"urlTemplate\":\"https:\/\/infoecos.com.ar\/?s={search_term_string}\"},\"query-input\":{\"@type\":\"PropertyValueSpecification\",\"valueRequired\":true,\"valueName\":\"search_term_string\"}}],\"inLanguage\":\"es\"},{\"@type\":\"Organization\",\"@id\":\"https:\/\/infoecos.com.ar\/#organization\",\"name\":\"Infoecos\",\"alternateName\":\"Noticias\",\"url\":\"https:\/\/infoecos.com.ar\/\",\"logo\":{\"@type\":\"ImageObject\",\"inLanguage\":\"es\",\"@id\":\"https:\/\/infoecos.com.ar\/#\/schema\/logo\/image\/\",\"url\":\"https:\/\/infoecos.com.ar\/wp-content\/uploads\/2024\/03\/cropped-logo.png\",\"contentUrl\":\"https:\/\/infoecos.com.ar\/wp-content\/uploads\/2024\/03\/cropped-logo.png\",\"width\":374,\"height\":90,\"caption\":\"Infoecos\"},\"image\":{\"@id\":\"https:\/\/infoecos.com.ar\/#\/schema\/logo\/image\/\"},\"sameAs\":[\"https:\/\/www.facebook.com\/profile.php?id=100063200290284\",\"https:\/\/x.com\/infoecos\"]},{\"@type\":\"Person\",\"@id\":\"https:\/\/infoecos.com.ar\/#\/schema\/person\/8f5ace5ce73b4b4aac4b7245aee6f191\",\"name\":\"Jorge Matheus\",\"url\":\"https:\/\/infoecos.com.ar\/index.php\/author\/jomatheus\/\"}]}<\/script>\n<!-- \/ Yoast SEO plugin. -->","yoast_head_json":{"title":"El intendente de General Viamonte ponder\u00f3 el nivel de vacunaci\u00f3n en su distrito - Infoecos","robots":{"index":"index","follow":"follow","max-snippet":"max-snippet:-1","max-image-preview":"max-image-preview:large","max-video-preview":"max-video-preview:-1"},"canonical":"https:\/\/infoecos.com.ar\/index.php\/el-intendente-de-general-viamonte-pondero-el-nivel-de-vacunacion-en-su-distrito\/","og_locale":"es_ES","og_type":"article","og_title":"El intendente de General Viamonte ponder\u00f3 el nivel de vacunaci\u00f3n en su distrito - Infoecos","og_description":"Flexas destac\u00f3 que \u201cla gente quiere vacunarse y nosotros instamos que lo hagan porque para aliviar la enfermedad","og_url":"https:\/\/infoecos.com.ar\/index.php\/el-intendente-de-general-viamonte-pondero-el-nivel-de-vacunacion-en-su-distrito\/","og_site_name":"Infoecos","article_publisher":"https:\/\/www.facebook.com\/profile.php?id=100063200290284","article_published_time":"2021-07-09T04:14:10+00:00","article_modified_time":"2021-07-10T06:38:54+00:00","og_image":[{"width":2560,"height":1920,"url":"https:\/\/infoecos.com.ar\/wp-content\/uploads\/2021\/02\/20210227_132752-scaled.jpg","type":"image\/jpeg"}],"author":"Jorge Matheus","twitter_card":"summary_large_image","twitter_creator":"@infoecos","twitter_site":"@infoecos","twitter_misc":{"Escrito por":"Jorge Matheus","Tiempo de lectura":"1 minuto"},"schema":{"@context":"https:\/\/schema.org","@graph":[{"@type":"Article","@id":"https:\/\/infoecos.com.ar\/index.php\/el-intendente-de-general-viamonte-pondero-el-nivel-de-vacunacion-en-su-distrito\/#article","isPartOf":{"@id":"https:\/\/infoecos.com.ar\/index.php\/el-intendente-de-general-viamonte-pondero-el-nivel-de-vacunacion-en-su-distrito\/"},"author":{"name":"Jorge Matheus","@id":"https:\/\/infoecos.com.ar\/#\/schema\/person\/8f5ace5ce73b4b4aac4b7245aee6f191"},"headline":"El intendente de General Viamonte ponder\u00f3 el nivel de vacunaci\u00f3n en su distrito","datePublished":"2021-07-09T04:14:10+00:00","dateModified":"2021-07-10T06:38:54+00:00","mainEntityOfPage":{"@id":"https:\/\/infoecos.com.ar\/index.php\/el-intendente-de-general-viamonte-pondero-el-nivel-de-vacunacion-en-su-distrito\/"},"wordCount":201,"publisher":{"@id":"https:\/\/infoecos.com.ar\/#organization"},"image":{"@id":"https:\/\/infoecos.com.ar\/index.php\/el-intendente-de-general-viamonte-pondero-el-nivel-de-vacunacion-en-su-distrito\/#primaryimage"},"thumbnailUrl":"https:\/\/infoecos.com.ar\/wp-content\/uploads\/2021\/02\/20210227_132752-scaled.jpg","keywords":["DECLARACIONES DE FLEXAS EN LA PLATA"],"articleSection":["Bloque inferior - 4"],"inLanguage":"es"},{"@type":"WebPage","@id":"https:\/\/infoecos.com.ar\/index.php\/el-intendente-de-general-viamonte-pondero-el-nivel-de-vacunacion-en-su-distrito\/","url":"https:\/\/infoecos.com.ar\/index.php\/el-intendente-de-general-viamonte-pondero-el-nivel-de-vacunacion-en-su-distrito\/","name":"El intendente de General Viamonte ponder\u00f3 el nivel de vacunaci\u00f3n en su distrito - Infoecos","isPartOf":{"@id":"https:\/\/infoecos.com.ar\/#website"},"primaryImageOfPage":{"@id":"https:\/\/infoecos.com.ar\/index.php\/el-intendente-de-general-viamonte-pondero-el-nivel-de-vacunacion-en-su-distrito\/#primaryimage"},"image":{"@id":"https:\/\/infoecos.com.ar\/index.php\/el-intendente-de-general-viamonte-pondero-el-nivel-de-vacunacion-en-su-distrito\/#primaryimage"},"thumbnailUrl":"https:\/\/infoecos.com.ar\/wp-content\/uploads\/2021\/02\/20210227_132752-scaled.jpg","datePublished":"2021-07-09T04:14:10+00:00","dateModified":"2021-07-10T06:38:54+00:00","breadcrumb":{"@id":"https:\/\/infoecos.com.ar\/index.php\/el-intendente-de-general-viamonte-pondero-el-nivel-de-vacunacion-en-su-distrito\/#breadcrumb"},"inLanguage":"es","potentialAction":[{"@type":"ReadAction","target":["https:\/\/infoecos.com.ar\/index.php\/el-intendente-de-general-viamonte-pondero-el-nivel-de-vacunacion-en-su-distrito\/"]}]},{"@type":"ImageObject","inLanguage":"es","@id":"https:\/\/infoecos.com.ar\/index.php\/el-intendente-de-general-viamonte-pondero-el-nivel-de-vacunacion-en-su-distrito\/#primaryimage","url":"https:\/\/infoecos.com.ar\/wp-content\/uploads\/2021\/02\/20210227_132752-scaled.jpg","contentUrl":"https:\/\/infoecos.com.ar\/wp-content\/uploads\/2021\/02\/20210227_132752-scaled.jpg","width":2560,"height":1920},{"@type":"BreadcrumbList","@id":"https:\/\/infoecos.com.ar\/index.php\/el-intendente-de-general-viamonte-pondero-el-nivel-de-vacunacion-en-su-distrito\/#breadcrumb","itemListElement":[{"@type":"ListItem","position":1,"name":"Portada","item":"https:\/\/infoecos.com.ar\/"},{"@type":"ListItem","position":2,"name":"El intendente de General Viamonte ponder\u00f3 el nivel de vacunaci\u00f3n en su distrito"}]},{"@type":"WebSite","@id":"https:\/\/infoecos.com.ar\/#website","url":"https:\/\/infoecos.com.ar\/","name":"Infoecos","description":"Noticias de trenque lauquen y la zona","publisher":{"@id":"https:\/\/infoecos.com.ar\/#organization"},"alternateName":"Noticias","potentialAction":[{"@type":"SearchAction","target":{"@type":"EntryPoint","urlTemplate":"https:\/\/infoecos.com.ar\/?s={search_term_string}"},"query-input":{"@type":"PropertyValueSpecification","valueRequired":true,"valueName":"search_term_string"}}],"inLanguage":"es"},{"@type":"Organization","@id":"https:\/\/infoecos.com.ar\/#organization","name":"Infoecos","alternateName":"Noticias","url":"https:\/\/infoecos.com.ar\/","logo":{"@type":"ImageObject","inLanguage":"es","@id":"https:\/\/infoecos.com.ar\/#\/schema\/logo\/image\/","url":"https:\/\/infoecos.com.ar\/wp-content\/uploads\/2024\/03\/cropped-logo.png","contentUrl":"https:\/\/infoecos.com.ar\/wp-content\/uploads\/2024\/03\/cropped-logo.png","width":374,"height":90,"caption":"Infoecos"},"image":{"@id":"https:\/\/infoecos.com.ar\/#\/schema\/logo\/image\/"},"sameAs":["https:\/\/www.facebook.com\/profile.php?id=100063200290284","https:\/\/x.com\/infoecos"]},{"@type":"Person","@id":"https:\/\/infoecos.com.ar\/#\/schema\/person\/8f5ace5ce73b4b4aac4b7245aee6f191","name":"Jorge Matheus","url":"https:\/\/infoecos.com.ar\/index.php\/author\/jomatheus\/"}]}},"featured_image_urls":{"full":["https:\/\/infoecos.com.ar\/wp-content\/uploads\/2021\/02\/20210227_132752-scaled.jpg",2560,1920,false],"thumbnail":["https:\/\/infoecos.com.ar\/wp-content\/uploads\/2021\/02\/20210227_132752-150x150.jpg",150,150,true],"medium":["https:\/\/infoecos.com.ar\/wp-content\/uploads\/2021\/02\/20210227_132752-460x345.jpg",460,345,true],"medium_large":["https:\/\/infoecos.com.ar\/wp-content\/uploads\/2021\/02\/20210227_132752-768x576.jpg",640,480,true],"large":["https:\/\/infoecos.com.ar\/wp-content\/uploads\/2021\/02\/20210227_132752-920x690.jpg",640,480,true],"1536x1536":["https:\/\/infoecos.com.ar\/wp-content\/uploads\/2021\/02\/20210227_132752-1536x1152.jpg",1536,1152,true],"2048x2048":["https:\/\/infoecos.com.ar\/wp-content\/uploads\/2021\/02\/20210227_132752-2048x1536.jpg",2048,1536,true],"covernews-slider-full":["https:\/\/infoecos.com.ar\/wp-content\/uploads\/2021\/02\/20210227_132752-1536x1020.jpg",1077,715,true],"covernews-slider-center":["https:\/\/infoecos.com.ar\/wp-content\/uploads\/2021\/02\/20210227_132752-936x897.jpg",522,500,true],"covernews-featured":["https:\/\/infoecos.com.ar\/wp-content\/uploads\/2021\/02\/20210227_132752-1024x768.jpg",1024,768,true],"covernews-medium":["https:\/\/infoecos.com.ar\/wp-content\/uploads\/2021\/02\/20210227_132752-720x380.jpg",540,285,true],"covernews-medium-square":["https:\/\/infoecos.com.ar\/wp-content\/uploads\/2021\/02\/20210227_132752-675x450.jpg",375,250,true]},"author_info":{"info":["Jorge Matheus"]},"category_info":"<a href=\"https:\/\/infoecos.com.ar\/index.php\/category\/inferior4\/\" rel=\"category tag\">Bloque inferior - 4<\/a>","tag_info":"Bloque inferior - 4","comment_count":"0","_links":{"self":[{"href":"https:\/\/infoecos.com.ar\/index.php\/wp-json\/wp\/v2\/posts\/80974"}],"collection":[{"href":"https:\/\/infoecos.com.ar\/index.php\/wp-json\/wp\/v2\/posts"}],"about":[{"href":"https:\/\/infoecos.com.ar\/index.php\/wp-json\/wp\/v2\/types\/post"}],"author":[{"embeddable":true,"href":"https:\/\/infoecos.com.ar\/index.php\/wp-json\/wp\/v2\/users\/2"}],"replies":[{"embeddable":true,"href":"https:\/\/infoecos.com.ar\/index.php\/wp-json\/wp\/v2\/comments?post=80974"}],"version-history":[{"count":2,"href":"https:\/\/infoecos.com.ar\/index.php\/wp-json\/wp\/v2\/posts\/80974\/revisions"}],"predecessor-version":[{"id":81084,"href":"https:\/\/infoecos.com.ar\/index.php\/wp-json\/wp\/v2\/posts\/80974\/revisions\/81084"}],"wp:featuredmedia":[{"embeddable":true,"href":"https:\/\/infoecos.com.ar\/index.php\/wp-json\/wp\/v2\/media\/75058"}],"wp:attachment":[{"href":"https:\/\/infoecos.com.ar\/index.php\/wp-json\/wp\/v2\/media?parent=80974"}],"wp:term":[{"taxonomy":"category","embeddable":true,"href":"https:\/\/infoecos.com.ar\/index.php\/wp-json\/wp\/v2\/categories?post=80974"},{"taxonomy":"post_tag","embeddable":true,"href":"https:\/\/infoecos.com.ar\/index.php\/wp-json\/wp\/v2\/tags?post=80974"}],"curies":[{"name":"wp","href":"https:\/\/api.w.org\/{rel}","templated":true}]}}