{"id":80990,"date":"2021-07-09T02:09:58","date_gmt":"2021-07-09T05:09:58","guid":{"rendered":"http:\/\/infoecos.com.ar\/?p=80990"},"modified":"2021-07-09T02:09:59","modified_gmt":"2021-07-09T05:09:59","slug":"severa-denuncia-del-gobierno-de-bolivia-contra-la-administracion-de-mauricio-macri-envio-de-material-belico-para-reprimir","status":"publish","type":"post","link":"https:\/\/infoecos.com.ar\/index.php\/severa-denuncia-del-gobierno-de-bolivia-contra-la-administracion-de-mauricio-macri-envio-de-material-belico-para-reprimir\/","title":{"rendered":"Severa denuncia del gobierno de Bolivia contra la administraci\u00f3n de Mauricio Macri: env\u00edo de material b\u00e9lico para reprimir"},"content":{"rendered":"\n<p>El Gobierno de Bolivia denunci\u00f3 que la administraci\u00f3n de Mauricio Macri provey\u00f3 de manera clandestina \u00abmaterial b\u00e9lico\u00bb al r\u00e9gimen de Jeanine A\u00f1ez para reprimir protestas sociales ante el golpe de Estado contra Evo Morales, lo que llev\u00f3 al presidente Alberto Fern\u00e1ndez a expresar p\u00fablicamente su \u00abdolor y verg\u00fcenza\u00bb.<\/p>\n\n\n\n<p>La informaci\u00f3n fue difundida a la prensa por el canciller de Bolivia, Rogelio Mayta, quien&nbsp;<strong>dio un detallado informe sobre el armamento que el Gobierno de Juntos por el Cambio habr\u00eda proporcionado a A\u00f1ez y record\u00f3 que la represi\u00f3n de 2019 tuvo su punto m\u00e1ximo en las llamadas \u00abmasacres de Sacaba y Senkata\u00bb<\/strong>.<\/p>\n\n\n\n<p>\u00abMauricio Macri provey\u00f3 por debajo &#8216;material b\u00e9lico&#8217; al r\u00e9gimen de facto de Jeanine A\u00f1ez en 2019 para reprimir la protesta social y consolidarse en el gobierno por la fuerza\u00bb, dijo Mayta en su cuenta de Twitter, y advirti\u00f3: \u00abLas masacres de Sacaba y Senkata no pueden quedar en la impunidad\u00bb.<\/p>\n\n\n\n<figure class=\"wp-block-embed is-type-rich is-provider-twitter wp-block-embed-twitter\"><div class=\"wp-block-embed__wrapper\">\n<blockquote class=\"twitter-tweet\" data-width=\"550\" data-dnt=\"true\"><p lang=\"es\" dir=\"ltr\">El gobierno de <a href=\"https:\/\/twitter.com\/mauriciomacri?ref_src=twsrc%5Etfw\">@mauriciomacri<\/a>  provey\u00f3 por debajo \u201cmaterial b\u00e9lico\u201d al r\u00e9gimen de facto de <a href=\"https:\/\/twitter.com\/JeanineAnez?ref_src=twsrc%5Etfw\">@JeanineAnez<\/a>  en 2019 para reprimir la protesta social y consolidarse en el gobierno por la fuerza. <br><br>Las masacres de <a href=\"https:\/\/twitter.com\/hashtag\/Sacaba?src=hash&amp;ref_src=twsrc%5Etfw\">#Sacaba<\/a> y <a href=\"https:\/\/twitter.com\/hashtag\/Senkata?src=hash&amp;ref_src=twsrc%5Etfw\">#Senkata<\/a> no pueden quedar en la impunidad. <a href=\"https:\/\/t.co\/8UnTodJVDK\">pic.twitter.com\/8UnTodJVDK<\/a><\/p>&mdash; Rogelio Mayta (@RogelioMayta_Bo) <a href=\"https:\/\/twitter.com\/RogelioMayta_Bo\/status\/1413287812284231680?ref_src=twsrc%5Etfw\">July 9, 2021<\/a><\/blockquote><script async src=\"https:\/\/platform.twitter.com\/widgets.js\" charset=\"utf-8\"><\/script>\n<\/div><\/figure>\n\n\n\n<p>El presidente Alberto Fern\u00e1ndez le envi\u00f3 una nota a su par boliviano, Luis Arce, para lamentar el hecho y expresarle su \u00abdolor y verg\u00fcenza\u00bb, ante la denuncia del gobierno del vecino pa\u00eds del env\u00edo de material b\u00e9lico para reprimir las protestas sociales que tuvieron su punto m\u00e1ximo en las llamadas \u00abmasacres de Sacaba y Senkata\u00bb.<\/p>\n\n\n\n<div class=\"wp-block-image is-style-default\"><figure class=\"aligncenter size-large\"><img loading=\"lazy\" decoding=\"async\" width=\"656\" height=\"920\" src=\"http:\/\/infoecos.com.ar\/wp-content\/uploads\/2021\/07\/cartadefernandez-656x920.jpg\" alt=\"\" class=\"wp-image-80991\" srcset=\"https:\/\/infoecos.com.ar\/wp-content\/uploads\/2021\/07\/cartadefernandez-656x920.jpg 656w, https:\/\/infoecos.com.ar\/wp-content\/uploads\/2021\/07\/cartadefernandez-328x460.jpg 328w, https:\/\/infoecos.com.ar\/wp-content\/uploads\/2021\/07\/cartadefernandez-768x1076.jpg 768w, https:\/\/infoecos.com.ar\/wp-content\/uploads\/2021\/07\/cartadefernandez.jpg 1004w\" sizes=\"(max-width: 656px) 100vw, 656px\" \/><\/figure><\/div>\n","protected":false},"excerpt":{"rendered":"<p>El presidente Alberto Fern\u00e1ndez le envi\u00f3 una nota a su par boliviano, Luis Arce, para lamentar el hecho y expresarle su \u00abdolor y verg\u00fcenza\u00bb, ante la denuncia del gobierno del vecino pa\u00eds<\/p>\n","protected":false},"author":2,"featured_media":80992,"comment_status":"closed","ping_status":"open","sticky":false,"template":"","format":"standard","meta":{"footnotes":""},"categories":[51],"tags":[4177],"class_list":["post-80990","post","type-post","status-publish","format-standard","has-post-thumbnail","hentry","category-c2nota4","tag-fernandez-provoca-dolor-y-verguenza"],"yoast_head":"<!-- This site is optimized with the Yoast SEO plugin v23.4 - https:\/\/yoast.com\/wordpress\/plugins\/seo\/ -->\n<title>Severa denuncia del gobierno de Bolivia contra la administraci\u00f3n de Mauricio Macri: env\u00edo de material b\u00e9lico para reprimir - Infoecos<\/title>\n<meta name=\"robots\" content=\"index, follow, max-snippet:-1, max-image-preview:large, max-video-preview:-1\" \/>\n<link rel=\"canonical\" href=\"https:\/\/infoecos.com.ar\/index.php\/severa-denuncia-del-gobierno-de-bolivia-contra-la-administracion-de-mauricio-macri-envio-de-material-belico-para-reprimir\/\" \/>\n<meta property=\"og:locale\" content=\"es_ES\" \/>\n<meta property=\"og:type\" content=\"article\" \/>\n<meta property=\"og:title\" content=\"Severa denuncia del gobierno de Bolivia contra la administraci\u00f3n de Mauricio Macri: env\u00edo de material b\u00e9lico para reprimir - Infoecos\" \/>\n<meta property=\"og:description\" content=\"El presidente Alberto Fern\u00e1ndez le envi\u00f3 una nota a su par boliviano, Luis Arce, para lamentar el hecho y expresarle su &quot;dolor y verg\u00fcenza&quot;, ante la denuncia del gobierno del vecino pa\u00eds\" \/>\n<meta property=\"og:url\" content=\"https:\/\/infoecos.com.ar\/index.php\/severa-denuncia-del-gobierno-de-bolivia-contra-la-administracion-de-mauricio-macri-envio-de-material-belico-para-reprimir\/\" \/>\n<meta property=\"og:site_name\" content=\"Infoecos\" \/>\n<meta property=\"article:publisher\" content=\"https:\/\/www.facebook.com\/profile.php?id=100063200290284\" \/>\n<meta property=\"article:published_time\" content=\"2021-07-09T05:09:58+00:00\" \/>\n<meta property=\"article:modified_time\" content=\"2021-07-09T05:09:59+00:00\" \/>\n<meta property=\"og:image\" content=\"https:\/\/infoecos.com.ar\/wp-content\/uploads\/2021\/07\/MAYTACANCILLERDEBOLIVIA.jpeg\" \/>\n\t<meta property=\"og:image:width\" content=\"960\" \/>\n\t<meta property=\"og:image:height\" content=\"640\" \/>\n\t<meta property=\"og:image:type\" content=\"image\/jpeg\" \/>\n<meta name=\"author\" content=\"Jorge Matheus\" \/>\n<meta name=\"twitter:card\" content=\"summary_large_image\" \/>\n<meta name=\"twitter:creator\" content=\"@infoecos\" \/>\n<meta name=\"twitter:site\" content=\"@infoecos\" \/>\n<meta name=\"twitter:label1\" content=\"Escrito por\" \/>\n\t<meta name=\"twitter:data1\" content=\"Jorge Matheus\" \/>\n\t<meta name=\"twitter:label2\" content=\"Tiempo de lectura\" \/>\n\t<meta name=\"twitter:data2\" content=\"1 minuto\" \/>\n<script type=\"application\/ld+json\" class=\"yoast-schema-graph\">{\"@context\":\"https:\/\/schema.org\",\"@graph\":[{\"@type\":\"Article\",\"@id\":\"https:\/\/infoecos.com.ar\/index.php\/severa-denuncia-del-gobierno-de-bolivia-contra-la-administracion-de-mauricio-macri-envio-de-material-belico-para-reprimir\/#article\",\"isPartOf\":{\"@id\":\"https:\/\/infoecos.com.ar\/index.php\/severa-denuncia-del-gobierno-de-bolivia-contra-la-administracion-de-mauricio-macri-envio-de-material-belico-para-reprimir\/\"},\"author\":{\"name\":\"Jorge Matheus\",\"@id\":\"https:\/\/infoecos.com.ar\/#\/schema\/person\/8f5ace5ce73b4b4aac4b7245aee6f191\"},\"headline\":\"Severa denuncia del gobierno de Bolivia contra la administraci\u00f3n de Mauricio Macri: env\u00edo de material b\u00e9lico para reprimir\",\"datePublished\":\"2021-07-09T05:09:58+00:00\",\"dateModified\":\"2021-07-09T05:09:59+00:00\",\"mainEntityOfPage\":{\"@id\":\"https:\/\/infoecos.com.ar\/index.php\/severa-denuncia-del-gobierno-de-bolivia-contra-la-administracion-de-mauricio-macri-envio-de-material-belico-para-reprimir\/\"},\"wordCount\":253,\"publisher\":{\"@id\":\"https:\/\/infoecos.com.ar\/#organization\"},\"image\":{\"@id\":\"https:\/\/infoecos.com.ar\/index.php\/severa-denuncia-del-gobierno-de-bolivia-contra-la-administracion-de-mauricio-macri-envio-de-material-belico-para-reprimir\/#primaryimage\"},\"thumbnailUrl\":\"https:\/\/infoecos.com.ar\/wp-content\/uploads\/2021\/07\/MAYTACANCILLERDEBOLIVIA.jpeg\",\"keywords\":[\"FERN\u00c1NDEZ: &quot;PROVOCA DOLOR Y VERGUENZA&quot;\"],\"articleSection\":[\"C2 N4\"],\"inLanguage\":\"es\"},{\"@type\":\"WebPage\",\"@id\":\"https:\/\/infoecos.com.ar\/index.php\/severa-denuncia-del-gobierno-de-bolivia-contra-la-administracion-de-mauricio-macri-envio-de-material-belico-para-reprimir\/\",\"url\":\"https:\/\/infoecos.com.ar\/index.php\/severa-denuncia-del-gobierno-de-bolivia-contra-la-administracion-de-mauricio-macri-envio-de-material-belico-para-reprimir\/\",\"name\":\"Severa denuncia del gobierno de Bolivia contra la administraci\u00f3n de Mauricio Macri: env\u00edo de material b\u00e9lico para reprimir - Infoecos\",\"isPartOf\":{\"@id\":\"https:\/\/infoecos.com.ar\/#website\"},\"primaryImageOfPage\":{\"@id\":\"https:\/\/infoecos.com.ar\/index.php\/severa-denuncia-del-gobierno-de-bolivia-contra-la-administracion-de-mauricio-macri-envio-de-material-belico-para-reprimir\/#primaryimage\"},\"image\":{\"@id\":\"https:\/\/infoecos.com.ar\/index.php\/severa-denuncia-del-gobierno-de-bolivia-contra-la-administracion-de-mauricio-macri-envio-de-material-belico-para-reprimir\/#primaryimage\"},\"thumbnailUrl\":\"https:\/\/infoecos.com.ar\/wp-content\/uploads\/2021\/07\/MAYTACANCILLERDEBOLIVIA.jpeg\",\"datePublished\":\"2021-07-09T05:09:58+00:00\",\"dateModified\":\"2021-07-09T05:09:59+00:00\",\"breadcrumb\":{\"@id\":\"https:\/\/infoecos.com.ar\/index.php\/severa-denuncia-del-gobierno-de-bolivia-contra-la-administracion-de-mauricio-macri-envio-de-material-belico-para-reprimir\/#breadcrumb\"},\"inLanguage\":\"es\",\"potentialAction\":[{\"@type\":\"ReadAction\",\"target\":[\"https:\/\/infoecos.com.ar\/index.php\/severa-denuncia-del-gobierno-de-bolivia-contra-la-administracion-de-mauricio-macri-envio-de-material-belico-para-reprimir\/\"]}]},{\"@type\":\"ImageObject\",\"inLanguage\":\"es\",\"@id\":\"https:\/\/infoecos.com.ar\/index.php\/severa-denuncia-del-gobierno-de-bolivia-contra-la-administracion-de-mauricio-macri-envio-de-material-belico-para-reprimir\/#primaryimage\",\"url\":\"https:\/\/infoecos.com.ar\/wp-content\/uploads\/2021\/07\/MAYTACANCILLERDEBOLIVIA.jpeg\",\"contentUrl\":\"https:\/\/infoecos.com.ar\/wp-content\/uploads\/2021\/07\/MAYTACANCILLERDEBOLIVIA.jpeg\",\"width\":960,\"height\":640},{\"@type\":\"BreadcrumbList\",\"@id\":\"https:\/\/infoecos.com.ar\/index.php\/severa-denuncia-del-gobierno-de-bolivia-contra-la-administracion-de-mauricio-macri-envio-de-material-belico-para-reprimir\/#breadcrumb\",\"itemListElement\":[{\"@type\":\"ListItem\",\"position\":1,\"name\":\"Portada\",\"item\":\"https:\/\/infoecos.com.ar\/\"},{\"@type\":\"ListItem\",\"position\":2,\"name\":\"Severa denuncia del gobierno de Bolivia contra la administraci\u00f3n de Mauricio Macri: env\u00edo de material b\u00e9lico para reprimir\"}]},{\"@type\":\"WebSite\",\"@id\":\"https:\/\/infoecos.com.ar\/#website\",\"url\":\"https:\/\/infoecos.com.ar\/\",\"name\":\"Infoecos\",\"description\":\"Noticias de trenque lauquen y la zona\",\"publisher\":{\"@id\":\"https:\/\/infoecos.com.ar\/#organization\"},\"alternateName\":\"Noticias\",\"potentialAction\":[{\"@type\":\"SearchAction\",\"target\":{\"@type\":\"EntryPoint\",\"urlTemplate\":\"https:\/\/infoecos.com.ar\/?s={search_term_string}\"},\"query-input\":{\"@type\":\"PropertyValueSpecification\",\"valueRequired\":true,\"valueName\":\"search_term_string\"}}],\"inLanguage\":\"es\"},{\"@type\":\"Organization\",\"@id\":\"https:\/\/infoecos.com.ar\/#organization\",\"name\":\"Infoecos\",\"alternateName\":\"Noticias\",\"url\":\"https:\/\/infoecos.com.ar\/\",\"logo\":{\"@type\":\"ImageObject\",\"inLanguage\":\"es\",\"@id\":\"https:\/\/infoecos.com.ar\/#\/schema\/logo\/image\/\",\"url\":\"https:\/\/infoecos.com.ar\/wp-content\/uploads\/2024\/03\/cropped-logo.png\",\"contentUrl\":\"https:\/\/infoecos.com.ar\/wp-content\/uploads\/2024\/03\/cropped-logo.png\",\"width\":374,\"height\":90,\"caption\":\"Infoecos\"},\"image\":{\"@id\":\"https:\/\/infoecos.com.ar\/#\/schema\/logo\/image\/\"},\"sameAs\":[\"https:\/\/www.facebook.com\/profile.php?id=100063200290284\",\"https:\/\/x.com\/infoecos\"]},{\"@type\":\"Person\",\"@id\":\"https:\/\/infoecos.com.ar\/#\/schema\/person\/8f5ace5ce73b4b4aac4b7245aee6f191\",\"name\":\"Jorge Matheus\",\"url\":\"https:\/\/infoecos.com.ar\/index.php\/author\/jomatheus\/\"}]}<\/script>\n<!-- \/ Yoast SEO plugin. -->","yoast_head_json":{"title":"Severa denuncia del gobierno de Bolivia contra la administraci\u00f3n de Mauricio Macri: env\u00edo de material b\u00e9lico para reprimir - Infoecos","robots":{"index":"index","follow":"follow","max-snippet":"max-snippet:-1","max-image-preview":"max-image-preview:large","max-video-preview":"max-video-preview:-1"},"canonical":"https:\/\/infoecos.com.ar\/index.php\/severa-denuncia-del-gobierno-de-bolivia-contra-la-administracion-de-mauricio-macri-envio-de-material-belico-para-reprimir\/","og_locale":"es_ES","og_type":"article","og_title":"Severa denuncia del gobierno de Bolivia contra la administraci\u00f3n de Mauricio Macri: env\u00edo de material b\u00e9lico para reprimir - Infoecos","og_description":"El presidente Alberto Fern\u00e1ndez le envi\u00f3 una nota a su par boliviano, Luis Arce, para lamentar el hecho y expresarle su \"dolor y verg\u00fcenza\", ante la denuncia del gobierno del vecino pa\u00eds","og_url":"https:\/\/infoecos.com.ar\/index.php\/severa-denuncia-del-gobierno-de-bolivia-contra-la-administracion-de-mauricio-macri-envio-de-material-belico-para-reprimir\/","og_site_name":"Infoecos","article_publisher":"https:\/\/www.facebook.com\/profile.php?id=100063200290284","article_published_time":"2021-07-09T05:09:58+00:00","article_modified_time":"2021-07-09T05:09:59+00:00","og_image":[{"width":960,"height":640,"url":"https:\/\/infoecos.com.ar\/wp-content\/uploads\/2021\/07\/MAYTACANCILLERDEBOLIVIA.jpeg","type":"image\/jpeg"}],"author":"Jorge Matheus","twitter_card":"summary_large_image","twitter_creator":"@infoecos","twitter_site":"@infoecos","twitter_misc":{"Escrito por":"Jorge Matheus","Tiempo de lectura":"1 minuto"},"schema":{"@context":"https:\/\/schema.org","@graph":[{"@type":"Article","@id":"https:\/\/infoecos.com.ar\/index.php\/severa-denuncia-del-gobierno-de-bolivia-contra-la-administracion-de-mauricio-macri-envio-de-material-belico-para-reprimir\/#article","isPartOf":{"@id":"https:\/\/infoecos.com.ar\/index.php\/severa-denuncia-del-gobierno-de-bolivia-contra-la-administracion-de-mauricio-macri-envio-de-material-belico-para-reprimir\/"},"author":{"name":"Jorge Matheus","@id":"https:\/\/infoecos.com.ar\/#\/schema\/person\/8f5ace5ce73b4b4aac4b7245aee6f191"},"headline":"Severa denuncia del gobierno de Bolivia contra la administraci\u00f3n de Mauricio Macri: env\u00edo de material b\u00e9lico para reprimir","datePublished":"2021-07-09T05:09:58+00:00","dateModified":"2021-07-09T05:09:59+00:00","mainEntityOfPage":{"@id":"https:\/\/infoecos.com.ar\/index.php\/severa-denuncia-del-gobierno-de-bolivia-contra-la-administracion-de-mauricio-macri-envio-de-material-belico-para-reprimir\/"},"wordCount":253,"publisher":{"@id":"https:\/\/infoecos.com.ar\/#organization"},"image":{"@id":"https:\/\/infoecos.com.ar\/index.php\/severa-denuncia-del-gobierno-de-bolivia-contra-la-administracion-de-mauricio-macri-envio-de-material-belico-para-reprimir\/#primaryimage"},"thumbnailUrl":"https:\/\/infoecos.com.ar\/wp-content\/uploads\/2021\/07\/MAYTACANCILLERDEBOLIVIA.jpeg","keywords":["FERN\u00c1NDEZ: &quot;PROVOCA DOLOR Y VERGUENZA&quot;"],"articleSection":["C2 N4"],"inLanguage":"es"},{"@type":"WebPage","@id":"https:\/\/infoecos.com.ar\/index.php\/severa-denuncia-del-gobierno-de-bolivia-contra-la-administracion-de-mauricio-macri-envio-de-material-belico-para-reprimir\/","url":"https:\/\/infoecos.com.ar\/index.php\/severa-denuncia-del-gobierno-de-bolivia-contra-la-administracion-de-mauricio-macri-envio-de-material-belico-para-reprimir\/","name":"Severa denuncia del gobierno de Bolivia contra la administraci\u00f3n de Mauricio Macri: env\u00edo de material b\u00e9lico para reprimir - Infoecos","isPartOf":{"@id":"https:\/\/infoecos.com.ar\/#website"},"primaryImageOfPage":{"@id":"https:\/\/infoecos.com.ar\/index.php\/severa-denuncia-del-gobierno-de-bolivia-contra-la-administracion-de-mauricio-macri-envio-de-material-belico-para-reprimir\/#primaryimage"},"image":{"@id":"https:\/\/infoecos.com.ar\/index.php\/severa-denuncia-del-gobierno-de-bolivia-contra-la-administracion-de-mauricio-macri-envio-de-material-belico-para-reprimir\/#primaryimage"},"thumbnailUrl":"https:\/\/infoecos.com.ar\/wp-content\/uploads\/2021\/07\/MAYTACANCILLERDEBOLIVIA.jpeg","datePublished":"2021-07-09T05:09:58+00:00","dateModified":"2021-07-09T05:09:59+00:00","breadcrumb":{"@id":"https:\/\/infoecos.com.ar\/index.php\/severa-denuncia-del-gobierno-de-bolivia-contra-la-administracion-de-mauricio-macri-envio-de-material-belico-para-reprimir\/#breadcrumb"},"inLanguage":"es","potentialAction":[{"@type":"ReadAction","target":["https:\/\/infoecos.com.ar\/index.php\/severa-denuncia-del-gobierno-de-bolivia-contra-la-administracion-de-mauricio-macri-envio-de-material-belico-para-reprimir\/"]}]},{"@type":"ImageObject","inLanguage":"es","@id":"https:\/\/infoecos.com.ar\/index.php\/severa-denuncia-del-gobierno-de-bolivia-contra-la-administracion-de-mauricio-macri-envio-de-material-belico-para-reprimir\/#primaryimage","url":"https:\/\/infoecos.com.ar\/wp-content\/uploads\/2021\/07\/MAYTACANCILLERDEBOLIVIA.jpeg","contentUrl":"https:\/\/infoecos.com.ar\/wp-content\/uploads\/2021\/07\/MAYTACANCILLERDEBOLIVIA.jpeg","width":960,"height":640},{"@type":"BreadcrumbList","@id":"https:\/\/infoecos.com.ar\/index.php\/severa-denuncia-del-gobierno-de-bolivia-contra-la-administracion-de-mauricio-macri-envio-de-material-belico-para-reprimir\/#breadcrumb","itemListElement":[{"@type":"ListItem","position":1,"name":"Portada","item":"https:\/\/infoecos.com.ar\/"},{"@type":"ListItem","position":2,"name":"Severa denuncia del gobierno de Bolivia contra la administraci\u00f3n de Mauricio Macri: env\u00edo de material b\u00e9lico para reprimir"}]},{"@type":"WebSite","@id":"https:\/\/infoecos.com.ar\/#website","url":"https:\/\/infoecos.com.ar\/","name":"Infoecos","description":"Noticias de trenque lauquen y la zona","publisher":{"@id":"https:\/\/infoecos.com.ar\/#organization"},"alternateName":"Noticias","potentialAction":[{"@type":"SearchAction","target":{"@type":"EntryPoint","urlTemplate":"https:\/\/infoecos.com.ar\/?s={search_term_string}"},"query-input":{"@type":"PropertyValueSpecification","valueRequired":true,"valueName":"search_term_string"}}],"inLanguage":"es"},{"@type":"Organization","@id":"https:\/\/infoecos.com.ar\/#organization","name":"Infoecos","alternateName":"Noticias","url":"https:\/\/infoecos.com.ar\/","logo":{"@type":"ImageObject","inLanguage":"es","@id":"https:\/\/infoecos.com.ar\/#\/schema\/logo\/image\/","url":"https:\/\/infoecos.com.ar\/wp-content\/uploads\/2024\/03\/cropped-logo.png","contentUrl":"https:\/\/infoecos.com.ar\/wp-content\/uploads\/2024\/03\/cropped-logo.png","width":374,"height":90,"caption":"Infoecos"},"image":{"@id":"https:\/\/infoecos.com.ar\/#\/schema\/logo\/image\/"},"sameAs":["https:\/\/www.facebook.com\/profile.php?id=100063200290284","https:\/\/x.com\/infoecos"]},{"@type":"Person","@id":"https:\/\/infoecos.com.ar\/#\/schema\/person\/8f5ace5ce73b4b4aac4b7245aee6f191","name":"Jorge Matheus","url":"https:\/\/infoecos.com.ar\/index.php\/author\/jomatheus\/"}]}},"featured_image_urls":{"full":["https:\/\/infoecos.com.ar\/wp-content\/uploads\/2021\/07\/MAYTACANCILLERDEBOLIVIA.jpeg",960,640,false],"thumbnail":["https:\/\/infoecos.com.ar\/wp-content\/uploads\/2021\/07\/MAYTACANCILLERDEBOLIVIA-150x150.jpeg",150,150,true],"medium":["https:\/\/infoecos.com.ar\/wp-content\/uploads\/2021\/07\/MAYTACANCILLERDEBOLIVIA-460x307.jpeg",460,307,true],"medium_large":["https:\/\/infoecos.com.ar\/wp-content\/uploads\/2021\/07\/MAYTACANCILLERDEBOLIVIA-768x512.jpeg",640,427,true],"large":["https:\/\/infoecos.com.ar\/wp-content\/uploads\/2021\/07\/MAYTACANCILLERDEBOLIVIA-920x613.jpeg",640,426,true],"1536x1536":["https:\/\/infoecos.com.ar\/wp-content\/uploads\/2021\/07\/MAYTACANCILLERDEBOLIVIA.jpeg",960,640,false],"2048x2048":["https:\/\/infoecos.com.ar\/wp-content\/uploads\/2021\/07\/MAYTACANCILLERDEBOLIVIA.jpeg",960,640,false],"covernews-slider-full":["https:\/\/infoecos.com.ar\/wp-content\/uploads\/2021\/07\/MAYTACANCILLERDEBOLIVIA.jpeg",960,640,false],"covernews-slider-center":["https:\/\/infoecos.com.ar\/wp-content\/uploads\/2021\/07\/MAYTACANCILLERDEBOLIVIA-936x640.jpeg",731,500,true],"covernews-featured":["https:\/\/infoecos.com.ar\/wp-content\/uploads\/2021\/07\/MAYTACANCILLERDEBOLIVIA.jpeg",960,640,false],"covernews-medium":["https:\/\/infoecos.com.ar\/wp-content\/uploads\/2021\/07\/MAYTACANCILLERDEBOLIVIA-720x380.jpeg",540,285,true],"covernews-medium-square":["https:\/\/infoecos.com.ar\/wp-content\/uploads\/2021\/07\/MAYTACANCILLERDEBOLIVIA-675x450.jpeg",375,250,true]},"author_info":{"info":["Jorge Matheus"]},"category_info":"<a href=\"https:\/\/infoecos.com.ar\/index.php\/category\/c2nota4\/\" rel=\"category tag\">C2 N4<\/a>","tag_info":"C2 N4","comment_count":"0","_links":{"self":[{"href":"https:\/\/infoecos.com.ar\/index.php\/wp-json\/wp\/v2\/posts\/80990"}],"collection":[{"href":"https:\/\/infoecos.com.ar\/index.php\/wp-json\/wp\/v2\/posts"}],"about":[{"href":"https:\/\/infoecos.com.ar\/index.php\/wp-json\/wp\/v2\/types\/post"}],"author":[{"embeddable":true,"href":"https:\/\/infoecos.com.ar\/index.php\/wp-json\/wp\/v2\/users\/2"}],"replies":[{"embeddable":true,"href":"https:\/\/infoecos.com.ar\/index.php\/wp-json\/wp\/v2\/comments?post=80990"}],"version-history":[{"count":1,"href":"https:\/\/infoecos.com.ar\/index.php\/wp-json\/wp\/v2\/posts\/80990\/revisions"}],"predecessor-version":[{"id":80993,"href":"https:\/\/infoecos.com.ar\/index.php\/wp-json\/wp\/v2\/posts\/80990\/revisions\/80993"}],"wp:featuredmedia":[{"embeddable":true,"href":"https:\/\/infoecos.com.ar\/index.php\/wp-json\/wp\/v2\/media\/80992"}],"wp:attachment":[{"href":"https:\/\/infoecos.com.ar\/index.php\/wp-json\/wp\/v2\/media?parent=80990"}],"wp:term":[{"taxonomy":"category","embeddable":true,"href":"https:\/\/infoecos.com.ar\/index.php\/wp-json\/wp\/v2\/categories?post=80990"},{"taxonomy":"post_tag","embeddable":true,"href":"https:\/\/infoecos.com.ar\/index.php\/wp-json\/wp\/v2\/tags?post=80990"}],"curies":[{"name":"wp","href":"https:\/\/api.w.org\/{rel}","templated":true}]}}