{"id":81073,"date":"2021-07-10T03:14:10","date_gmt":"2021-07-10T06:14:10","guid":{"rendered":"http:\/\/infoecos.com.ar\/?p=81073"},"modified":"2021-07-12T04:44:32","modified_gmt":"2021-07-12T07:44:32","slug":"se-amplio-el-cupo-de-personas-que-podran-ingresar-al-pais","status":"publish","type":"post","link":"https:\/\/infoecos.com.ar\/index.php\/se-amplio-el-cupo-de-personas-que-podran-ingresar-al-pais\/","title":{"rendered":"Se ampli\u00f3 el cupo de personas que podr\u00e1n ingresar al pa\u00eds"},"content":{"rendered":"\n<p>El Gobierno nacional<strong>&nbsp;prorrog\u00f3 ayer por cuatro semanas, hasta el 6 de agosto inclusive, la vigencia del Decreto de Necesidad y Urgencia&nbsp;<\/strong>(DNU) con medidas sanitarias para mitigar el impacto de la segunda ola de coronavirus y ampli\u00f3 el cupo de pasajeros argentinos o residentes que pueden ingresar al pa\u00eds, se inform\u00f3 oficialmente.<\/p>\n\n\n\n<div class=\"wp-block-image is-style-default\"><figure class=\"aligncenter size-medium\"><img loading=\"lazy\" decoding=\"async\" width=\"460\" height=\"259\" src=\"http:\/\/infoecos.com.ar\/wp-content\/uploads\/2021\/03\/avion-460x259.jpg\" alt=\"\" class=\"wp-image-75662\" srcset=\"https:\/\/infoecos.com.ar\/wp-content\/uploads\/2021\/03\/avion-460x259.jpg 460w, https:\/\/infoecos.com.ar\/wp-content\/uploads\/2021\/03\/avion-768x432.jpg 768w, https:\/\/infoecos.com.ar\/wp-content\/uploads\/2021\/03\/avion.jpg 800w\" sizes=\"(max-width: 460px) 100vw, 460px\" \/><\/figure><\/div>\n\n\n\n<p>A trav\u00e9s del DNU 455\/21, el presidente Alberto Fern\u00e1ndez prorrog\u00f3 el DNU 287\/21, que faculta a gobernadores y al jefe de Gobierno porte\u00f1o a adoptar medidas ante la verificaci\u00f3n de determinados par\u00e1metros, a trav\u00e9s del denominado&nbsp;<strong>\u00absem\u00e1foro epidemiol\u00f3gico\u00bb<\/strong>, que se divide en bajo, mediano y alto riesgo seg\u00fan la evoluci\u00f3n de la pandemia en cada distrito del pa\u00eds.<\/p>\n\n\n\n<p>En tanto, el jefe de Gabinete, Santiago Cafiero, firm\u00f3 la Decisi\u00f3n Administrativa 683\/21, con&nbsp;<strong>validez tambi\u00e9n hasta el 6 de agosto,<\/strong>&nbsp;que&nbsp;<strong>ampl\u00eda el cupo de argentinos y residentes que podr\u00e1n ingresar al pa\u00eds por v\u00eda a\u00e9rea, de acuerdo con un esquema gradual<\/strong>&nbsp;que regir\u00e1 durante las pr\u00f3ximas cuatro semanas.<\/p>\n\n\n\n<p>Habr\u00e1 5.200 plazas disponibles para la semana del 10 al 16 de julio; 6.300 para la del 17 al 23, y 7.000 para las semanas del 24 al 30 de este mes y del 31 de julio al 6 de agosto.<\/p>\n\n\n\n<p><strong>Tambi\u00e9n se permitir\u00e1 el ingreso desde Uruguay de dos buques de pasajeros semanales<\/strong>, con aforo de hasta el 50% de su capacidad.<\/p>\n","protected":false},"excerpt":{"rendered":"<p>Ser\u00e1 en forma progresiva: habr\u00e1 disponibles 5.200 plazas para la semana del 10 al 16 de julio, 6.300 para la semana del 17 al 23 y 7.000 para las semanas del 24 al 30 de este mes y del 31 de julio al 6 de agosto<\/p>\n","protected":false},"author":2,"featured_media":75662,"comment_status":"closed","ping_status":"open","sticky":false,"template":"","format":"standard","meta":{"footnotes":""},"categories":[41],"tags":[4195],"class_list":["post-81073","post","type-post","status-publish","format-standard","has-post-thumbnail","hentry","category-inferior2","tag-decision-del-gobierno-nacional"],"yoast_head":"<!-- This site is optimized with the Yoast SEO plugin v23.4 - https:\/\/yoast.com\/wordpress\/plugins\/seo\/ -->\n<title>Se ampli\u00f3 el cupo de personas que podr\u00e1n ingresar al pa\u00eds - Infoecos<\/title>\n<meta name=\"robots\" content=\"index, follow, max-snippet:-1, max-image-preview:large, max-video-preview:-1\" \/>\n<link rel=\"canonical\" href=\"https:\/\/infoecos.com.ar\/index.php\/se-amplio-el-cupo-de-personas-que-podran-ingresar-al-pais\/\" \/>\n<meta property=\"og:locale\" content=\"es_ES\" \/>\n<meta property=\"og:type\" content=\"article\" \/>\n<meta property=\"og:title\" content=\"Se ampli\u00f3 el cupo de personas que podr\u00e1n ingresar al pa\u00eds - Infoecos\" \/>\n<meta property=\"og:description\" content=\"Ser\u00e1 en forma progresiva: habr\u00e1 disponibles 5.200 plazas para la semana del 10 al 16 de julio, 6.300 para la semana del 17 al 23 y 7.000 para las semanas del 24 al 30 de este mes y del 31 de julio al 6 de agosto\" \/>\n<meta property=\"og:url\" content=\"https:\/\/infoecos.com.ar\/index.php\/se-amplio-el-cupo-de-personas-que-podran-ingresar-al-pais\/\" \/>\n<meta property=\"og:site_name\" content=\"Infoecos\" \/>\n<meta property=\"article:publisher\" content=\"https:\/\/www.facebook.com\/profile.php?id=100063200290284\" \/>\n<meta property=\"article:published_time\" content=\"2021-07-10T06:14:10+00:00\" \/>\n<meta property=\"article:modified_time\" content=\"2021-07-12T07:44:32+00:00\" \/>\n<meta property=\"og:image\" content=\"https:\/\/infoecos.com.ar\/wp-content\/uploads\/2021\/03\/avion.jpg\" \/>\n\t<meta property=\"og:image:width\" content=\"800\" \/>\n\t<meta property=\"og:image:height\" content=\"450\" \/>\n\t<meta property=\"og:image:type\" content=\"image\/jpeg\" \/>\n<meta name=\"author\" content=\"Jorge Matheus\" \/>\n<meta name=\"twitter:card\" content=\"summary_large_image\" \/>\n<meta name=\"twitter:creator\" content=\"@infoecos\" \/>\n<meta name=\"twitter:site\" content=\"@infoecos\" \/>\n<meta name=\"twitter:label1\" content=\"Escrito por\" \/>\n\t<meta name=\"twitter:data1\" content=\"Jorge Matheus\" \/>\n\t<meta name=\"twitter:label2\" content=\"Tiempo de lectura\" \/>\n\t<meta name=\"twitter:data2\" content=\"1 minuto\" \/>\n<script type=\"application\/ld+json\" class=\"yoast-schema-graph\">{\"@context\":\"https:\/\/schema.org\",\"@graph\":[{\"@type\":\"Article\",\"@id\":\"https:\/\/infoecos.com.ar\/index.php\/se-amplio-el-cupo-de-personas-que-podran-ingresar-al-pais\/#article\",\"isPartOf\":{\"@id\":\"https:\/\/infoecos.com.ar\/index.php\/se-amplio-el-cupo-de-personas-que-podran-ingresar-al-pais\/\"},\"author\":{\"name\":\"Jorge Matheus\",\"@id\":\"https:\/\/infoecos.com.ar\/#\/schema\/person\/8f5ace5ce73b4b4aac4b7245aee6f191\"},\"headline\":\"Se ampli\u00f3 el cupo de personas que podr\u00e1n ingresar al pa\u00eds\",\"datePublished\":\"2021-07-10T06:14:10+00:00\",\"dateModified\":\"2021-07-12T07:44:32+00:00\",\"mainEntityOfPage\":{\"@id\":\"https:\/\/infoecos.com.ar\/index.php\/se-amplio-el-cupo-de-personas-que-podran-ingresar-al-pais\/\"},\"wordCount\":248,\"publisher\":{\"@id\":\"https:\/\/infoecos.com.ar\/#organization\"},\"image\":{\"@id\":\"https:\/\/infoecos.com.ar\/index.php\/se-amplio-el-cupo-de-personas-que-podran-ingresar-al-pais\/#primaryimage\"},\"thumbnailUrl\":\"https:\/\/infoecos.com.ar\/wp-content\/uploads\/2021\/03\/avion.jpg\",\"keywords\":[\"DECISI\u00d3N DEL GOBIERNO NACIONAL\"],\"articleSection\":[\"Bloque inferior - 2\"],\"inLanguage\":\"es\"},{\"@type\":\"WebPage\",\"@id\":\"https:\/\/infoecos.com.ar\/index.php\/se-amplio-el-cupo-de-personas-que-podran-ingresar-al-pais\/\",\"url\":\"https:\/\/infoecos.com.ar\/index.php\/se-amplio-el-cupo-de-personas-que-podran-ingresar-al-pais\/\",\"name\":\"Se ampli\u00f3 el cupo de personas que podr\u00e1n ingresar al pa\u00eds - Infoecos\",\"isPartOf\":{\"@id\":\"https:\/\/infoecos.com.ar\/#website\"},\"primaryImageOfPage\":{\"@id\":\"https:\/\/infoecos.com.ar\/index.php\/se-amplio-el-cupo-de-personas-que-podran-ingresar-al-pais\/#primaryimage\"},\"image\":{\"@id\":\"https:\/\/infoecos.com.ar\/index.php\/se-amplio-el-cupo-de-personas-que-podran-ingresar-al-pais\/#primaryimage\"},\"thumbnailUrl\":\"https:\/\/infoecos.com.ar\/wp-content\/uploads\/2021\/03\/avion.jpg\",\"datePublished\":\"2021-07-10T06:14:10+00:00\",\"dateModified\":\"2021-07-12T07:44:32+00:00\",\"breadcrumb\":{\"@id\":\"https:\/\/infoecos.com.ar\/index.php\/se-amplio-el-cupo-de-personas-que-podran-ingresar-al-pais\/#breadcrumb\"},\"inLanguage\":\"es\",\"potentialAction\":[{\"@type\":\"ReadAction\",\"target\":[\"https:\/\/infoecos.com.ar\/index.php\/se-amplio-el-cupo-de-personas-que-podran-ingresar-al-pais\/\"]}]},{\"@type\":\"ImageObject\",\"inLanguage\":\"es\",\"@id\":\"https:\/\/infoecos.com.ar\/index.php\/se-amplio-el-cupo-de-personas-que-podran-ingresar-al-pais\/#primaryimage\",\"url\":\"https:\/\/infoecos.com.ar\/wp-content\/uploads\/2021\/03\/avion.jpg\",\"contentUrl\":\"https:\/\/infoecos.com.ar\/wp-content\/uploads\/2021\/03\/avion.jpg\",\"width\":800,\"height\":450},{\"@type\":\"BreadcrumbList\",\"@id\":\"https:\/\/infoecos.com.ar\/index.php\/se-amplio-el-cupo-de-personas-que-podran-ingresar-al-pais\/#breadcrumb\",\"itemListElement\":[{\"@type\":\"ListItem\",\"position\":1,\"name\":\"Portada\",\"item\":\"https:\/\/infoecos.com.ar\/\"},{\"@type\":\"ListItem\",\"position\":2,\"name\":\"Se ampli\u00f3 el cupo de personas que podr\u00e1n ingresar al pa\u00eds\"}]},{\"@type\":\"WebSite\",\"@id\":\"https:\/\/infoecos.com.ar\/#website\",\"url\":\"https:\/\/infoecos.com.ar\/\",\"name\":\"Infoecos\",\"description\":\"Noticias de trenque lauquen y la zona\",\"publisher\":{\"@id\":\"https:\/\/infoecos.com.ar\/#organization\"},\"alternateName\":\"Noticias\",\"potentialAction\":[{\"@type\":\"SearchAction\",\"target\":{\"@type\":\"EntryPoint\",\"urlTemplate\":\"https:\/\/infoecos.com.ar\/?s={search_term_string}\"},\"query-input\":{\"@type\":\"PropertyValueSpecification\",\"valueRequired\":true,\"valueName\":\"search_term_string\"}}],\"inLanguage\":\"es\"},{\"@type\":\"Organization\",\"@id\":\"https:\/\/infoecos.com.ar\/#organization\",\"name\":\"Infoecos\",\"alternateName\":\"Noticias\",\"url\":\"https:\/\/infoecos.com.ar\/\",\"logo\":{\"@type\":\"ImageObject\",\"inLanguage\":\"es\",\"@id\":\"https:\/\/infoecos.com.ar\/#\/schema\/logo\/image\/\",\"url\":\"https:\/\/infoecos.com.ar\/wp-content\/uploads\/2024\/03\/cropped-logo.png\",\"contentUrl\":\"https:\/\/infoecos.com.ar\/wp-content\/uploads\/2024\/03\/cropped-logo.png\",\"width\":374,\"height\":90,\"caption\":\"Infoecos\"},\"image\":{\"@id\":\"https:\/\/infoecos.com.ar\/#\/schema\/logo\/image\/\"},\"sameAs\":[\"https:\/\/www.facebook.com\/profile.php?id=100063200290284\",\"https:\/\/x.com\/infoecos\"]},{\"@type\":\"Person\",\"@id\":\"https:\/\/infoecos.com.ar\/#\/schema\/person\/8f5ace5ce73b4b4aac4b7245aee6f191\",\"name\":\"Jorge Matheus\",\"url\":\"https:\/\/infoecos.com.ar\/index.php\/author\/jomatheus\/\"}]}<\/script>\n<!-- \/ Yoast SEO plugin. -->","yoast_head_json":{"title":"Se ampli\u00f3 el cupo de personas que podr\u00e1n ingresar al pa\u00eds - Infoecos","robots":{"index":"index","follow":"follow","max-snippet":"max-snippet:-1","max-image-preview":"max-image-preview:large","max-video-preview":"max-video-preview:-1"},"canonical":"https:\/\/infoecos.com.ar\/index.php\/se-amplio-el-cupo-de-personas-que-podran-ingresar-al-pais\/","og_locale":"es_ES","og_type":"article","og_title":"Se ampli\u00f3 el cupo de personas que podr\u00e1n ingresar al pa\u00eds - Infoecos","og_description":"Ser\u00e1 en forma progresiva: habr\u00e1 disponibles 5.200 plazas para la semana del 10 al 16 de julio, 6.300 para la semana del 17 al 23 y 7.000 para las semanas del 24 al 30 de este mes y del 31 de julio al 6 de agosto","og_url":"https:\/\/infoecos.com.ar\/index.php\/se-amplio-el-cupo-de-personas-que-podran-ingresar-al-pais\/","og_site_name":"Infoecos","article_publisher":"https:\/\/www.facebook.com\/profile.php?id=100063200290284","article_published_time":"2021-07-10T06:14:10+00:00","article_modified_time":"2021-07-12T07:44:32+00:00","og_image":[{"width":800,"height":450,"url":"https:\/\/infoecos.com.ar\/wp-content\/uploads\/2021\/03\/avion.jpg","type":"image\/jpeg"}],"author":"Jorge Matheus","twitter_card":"summary_large_image","twitter_creator":"@infoecos","twitter_site":"@infoecos","twitter_misc":{"Escrito por":"Jorge Matheus","Tiempo de lectura":"1 minuto"},"schema":{"@context":"https:\/\/schema.org","@graph":[{"@type":"Article","@id":"https:\/\/infoecos.com.ar\/index.php\/se-amplio-el-cupo-de-personas-que-podran-ingresar-al-pais\/#article","isPartOf":{"@id":"https:\/\/infoecos.com.ar\/index.php\/se-amplio-el-cupo-de-personas-que-podran-ingresar-al-pais\/"},"author":{"name":"Jorge Matheus","@id":"https:\/\/infoecos.com.ar\/#\/schema\/person\/8f5ace5ce73b4b4aac4b7245aee6f191"},"headline":"Se ampli\u00f3 el cupo de personas que podr\u00e1n ingresar al pa\u00eds","datePublished":"2021-07-10T06:14:10+00:00","dateModified":"2021-07-12T07:44:32+00:00","mainEntityOfPage":{"@id":"https:\/\/infoecos.com.ar\/index.php\/se-amplio-el-cupo-de-personas-que-podran-ingresar-al-pais\/"},"wordCount":248,"publisher":{"@id":"https:\/\/infoecos.com.ar\/#organization"},"image":{"@id":"https:\/\/infoecos.com.ar\/index.php\/se-amplio-el-cupo-de-personas-que-podran-ingresar-al-pais\/#primaryimage"},"thumbnailUrl":"https:\/\/infoecos.com.ar\/wp-content\/uploads\/2021\/03\/avion.jpg","keywords":["DECISI\u00d3N DEL GOBIERNO NACIONAL"],"articleSection":["Bloque inferior - 2"],"inLanguage":"es"},{"@type":"WebPage","@id":"https:\/\/infoecos.com.ar\/index.php\/se-amplio-el-cupo-de-personas-que-podran-ingresar-al-pais\/","url":"https:\/\/infoecos.com.ar\/index.php\/se-amplio-el-cupo-de-personas-que-podran-ingresar-al-pais\/","name":"Se ampli\u00f3 el cupo de personas que podr\u00e1n ingresar al pa\u00eds - Infoecos","isPartOf":{"@id":"https:\/\/infoecos.com.ar\/#website"},"primaryImageOfPage":{"@id":"https:\/\/infoecos.com.ar\/index.php\/se-amplio-el-cupo-de-personas-que-podran-ingresar-al-pais\/#primaryimage"},"image":{"@id":"https:\/\/infoecos.com.ar\/index.php\/se-amplio-el-cupo-de-personas-que-podran-ingresar-al-pais\/#primaryimage"},"thumbnailUrl":"https:\/\/infoecos.com.ar\/wp-content\/uploads\/2021\/03\/avion.jpg","datePublished":"2021-07-10T06:14:10+00:00","dateModified":"2021-07-12T07:44:32+00:00","breadcrumb":{"@id":"https:\/\/infoecos.com.ar\/index.php\/se-amplio-el-cupo-de-personas-que-podran-ingresar-al-pais\/#breadcrumb"},"inLanguage":"es","potentialAction":[{"@type":"ReadAction","target":["https:\/\/infoecos.com.ar\/index.php\/se-amplio-el-cupo-de-personas-que-podran-ingresar-al-pais\/"]}]},{"@type":"ImageObject","inLanguage":"es","@id":"https:\/\/infoecos.com.ar\/index.php\/se-amplio-el-cupo-de-personas-que-podran-ingresar-al-pais\/#primaryimage","url":"https:\/\/infoecos.com.ar\/wp-content\/uploads\/2021\/03\/avion.jpg","contentUrl":"https:\/\/infoecos.com.ar\/wp-content\/uploads\/2021\/03\/avion.jpg","width":800,"height":450},{"@type":"BreadcrumbList","@id":"https:\/\/infoecos.com.ar\/index.php\/se-amplio-el-cupo-de-personas-que-podran-ingresar-al-pais\/#breadcrumb","itemListElement":[{"@type":"ListItem","position":1,"name":"Portada","item":"https:\/\/infoecos.com.ar\/"},{"@type":"ListItem","position":2,"name":"Se ampli\u00f3 el cupo de personas que podr\u00e1n ingresar al pa\u00eds"}]},{"@type":"WebSite","@id":"https:\/\/infoecos.com.ar\/#website","url":"https:\/\/infoecos.com.ar\/","name":"Infoecos","description":"Noticias de trenque lauquen y la zona","publisher":{"@id":"https:\/\/infoecos.com.ar\/#organization"},"alternateName":"Noticias","potentialAction":[{"@type":"SearchAction","target":{"@type":"EntryPoint","urlTemplate":"https:\/\/infoecos.com.ar\/?s={search_term_string}"},"query-input":{"@type":"PropertyValueSpecification","valueRequired":true,"valueName":"search_term_string"}}],"inLanguage":"es"},{"@type":"Organization","@id":"https:\/\/infoecos.com.ar\/#organization","name":"Infoecos","alternateName":"Noticias","url":"https:\/\/infoecos.com.ar\/","logo":{"@type":"ImageObject","inLanguage":"es","@id":"https:\/\/infoecos.com.ar\/#\/schema\/logo\/image\/","url":"https:\/\/infoecos.com.ar\/wp-content\/uploads\/2024\/03\/cropped-logo.png","contentUrl":"https:\/\/infoecos.com.ar\/wp-content\/uploads\/2024\/03\/cropped-logo.png","width":374,"height":90,"caption":"Infoecos"},"image":{"@id":"https:\/\/infoecos.com.ar\/#\/schema\/logo\/image\/"},"sameAs":["https:\/\/www.facebook.com\/profile.php?id=100063200290284","https:\/\/x.com\/infoecos"]},{"@type":"Person","@id":"https:\/\/infoecos.com.ar\/#\/schema\/person\/8f5ace5ce73b4b4aac4b7245aee6f191","name":"Jorge Matheus","url":"https:\/\/infoecos.com.ar\/index.php\/author\/jomatheus\/"}]}},"featured_image_urls":{"full":["https:\/\/infoecos.com.ar\/wp-content\/uploads\/2021\/03\/avion.jpg",800,450,false],"thumbnail":["https:\/\/infoecos.com.ar\/wp-content\/uploads\/2021\/03\/avion-150x150.jpg",150,150,true],"medium":["https:\/\/infoecos.com.ar\/wp-content\/uploads\/2021\/03\/avion-460x259.jpg",460,259,true],"medium_large":["https:\/\/infoecos.com.ar\/wp-content\/uploads\/2021\/03\/avion-768x432.jpg",640,360,true],"large":["https:\/\/infoecos.com.ar\/wp-content\/uploads\/2021\/03\/avion.jpg",640,360,false],"1536x1536":["https:\/\/infoecos.com.ar\/wp-content\/uploads\/2021\/03\/avion.jpg",800,450,false],"2048x2048":["https:\/\/infoecos.com.ar\/wp-content\/uploads\/2021\/03\/avion.jpg",800,450,false],"covernews-slider-full":["https:\/\/infoecos.com.ar\/wp-content\/uploads\/2021\/03\/avion.jpg",800,450,false],"covernews-slider-center":["https:\/\/infoecos.com.ar\/wp-content\/uploads\/2021\/03\/avion.jpg",800,450,false],"covernews-featured":["https:\/\/infoecos.com.ar\/wp-content\/uploads\/2021\/03\/avion.jpg",800,450,false],"covernews-medium":["https:\/\/infoecos.com.ar\/wp-content\/uploads\/2021\/03\/avion-720x380.jpg",540,285,true],"covernews-medium-square":["https:\/\/infoecos.com.ar\/wp-content\/uploads\/2021\/03\/avion-675x450.jpg",375,250,true]},"author_info":{"info":["Jorge Matheus"]},"category_info":"<a href=\"https:\/\/infoecos.com.ar\/index.php\/category\/inferior2\/\" rel=\"category tag\">Bloque inferior - 2<\/a>","tag_info":"Bloque inferior - 2","comment_count":"0","_links":{"self":[{"href":"https:\/\/infoecos.com.ar\/index.php\/wp-json\/wp\/v2\/posts\/81073"}],"collection":[{"href":"https:\/\/infoecos.com.ar\/index.php\/wp-json\/wp\/v2\/posts"}],"about":[{"href":"https:\/\/infoecos.com.ar\/index.php\/wp-json\/wp\/v2\/types\/post"}],"author":[{"embeddable":true,"href":"https:\/\/infoecos.com.ar\/index.php\/wp-json\/wp\/v2\/users\/2"}],"replies":[{"embeddable":true,"href":"https:\/\/infoecos.com.ar\/index.php\/wp-json\/wp\/v2\/comments?post=81073"}],"version-history":[{"count":2,"href":"https:\/\/infoecos.com.ar\/index.php\/wp-json\/wp\/v2\/posts\/81073\/revisions"}],"predecessor-version":[{"id":81154,"href":"https:\/\/infoecos.com.ar\/index.php\/wp-json\/wp\/v2\/posts\/81073\/revisions\/81154"}],"wp:featuredmedia":[{"embeddable":true,"href":"https:\/\/infoecos.com.ar\/index.php\/wp-json\/wp\/v2\/media\/75662"}],"wp:attachment":[{"href":"https:\/\/infoecos.com.ar\/index.php\/wp-json\/wp\/v2\/media?parent=81073"}],"wp:term":[{"taxonomy":"category","embeddable":true,"href":"https:\/\/infoecos.com.ar\/index.php\/wp-json\/wp\/v2\/categories?post=81073"},{"taxonomy":"post_tag","embeddable":true,"href":"https:\/\/infoecos.com.ar\/index.php\/wp-json\/wp\/v2\/tags?post=81073"}],"curies":[{"name":"wp","href":"https:\/\/api.w.org\/{rel}","templated":true}]}}