{"id":81166,"date":"2021-07-12T17:54:24","date_gmt":"2021-07-12T20:54:24","guid":{"rendered":"http:\/\/infoecos.com.ar\/?p=81166"},"modified":"2021-07-14T03:41:55","modified_gmt":"2021-07-14T06:41:55","slug":"pablo-zurro-dijo-que-pehuajo-podria-volver-a-fase-3-despues-del-receso-invernal","status":"publish","type":"post","link":"https:\/\/infoecos.com.ar\/index.php\/pablo-zurro-dijo-que-pehuajo-podria-volver-a-fase-3-despues-del-receso-invernal\/","title":{"rendered":"Pablo Zurro dijo que Pehuaj\u00f3 podr\u00eda volver a Fase 3 despu\u00e9s del receso invernal"},"content":{"rendered":"\n<p class=\"wp-block-paragraph\">El intendente municipal de Pehuaj\u00f3, Pablo Zurro, en un encuentro con la prensa de su distrito habl\u00f3 de distintas cuestiones gubernamentales, poniendo especial \u00e9nfasis en el lanzamiento del Plan Municipal de Becas (se informa por separado).<\/p>\n\n\n\n<p class=\"wp-block-paragraph\">El mandatario comunal hizo un repaso del estado epidemiol\u00f3gico de Pehuaj\u00f3 se\u00f1alando en principio que \u00abhemos tenido una baja importante de casos en los \u00faltimos d\u00edas, que se corresponde con una buena cantidad de recuperados. Sin dudas el avance de la vacunaci\u00f3n no ha permitido descomprimir la internaci\u00f3n lo que es un dato m\u00e1s que alentador\u00bb. <\/p>\n\n\n\n<div class=\"wp-block-image is-style-default\"><figure class=\"aligncenter size-medium\"><img loading=\"lazy\" decoding=\"async\" width=\"460\" height=\"306\" src=\"http:\/\/infoecos.com.ar\/wp-content\/uploads\/2021\/07\/zurropabloconf-460x306.jpeg\" alt=\"\" class=\"wp-image-81167\" srcset=\"https:\/\/infoecos.com.ar\/wp-content\/uploads\/2021\/07\/zurropabloconf-460x306.jpeg 460w, https:\/\/infoecos.com.ar\/wp-content\/uploads\/2021\/07\/zurropabloconf.jpeg 640w\" sizes=\"auto, (max-width: 460px) 100vw, 460px\" \/><\/figure><\/div>\n\n\n\n<p class=\"wp-block-paragraph\">Zurro coment\u00f3 que mantuvo varias reuniones virtuales y llamados telef\u00f3nicos con el Jefe de Gabinete, Carlos Bianco, donde evaluaron los n\u00fameros de los \u00faltimos d\u00edas. El intendente agreg\u00f3 que \u00absi bien a\u00fan continuamos en fase 2, creemos que podemos llegar a la fase 3, luego del receso escolar invernal\u00bb. Acot\u00f3 que \u00abes algo que anelamos mucho, porque podr\u00edamos volver a la presencialidad en los establecimientos escolares que a\u00fan no han retornado\u00bb. <\/p>\n\n\n\n<p class=\"wp-block-paragraph\">El intendente pehuajense anunci\u00f3 que \u00abel pr\u00f3ximo fin de semana estaremos vacunando en Francisco Madero, tal como lo hicimos en Mones Caz\u00f3n, el fin de semana pasado, y en Juan Jos\u00e9 Paso, el anterior. El avance de la vacunaci\u00f3n es muy importante, y en ese sentido estamos trabajando muy bien desde la Secretar\u00eda de Salud, y en coordinaci\u00f3n con el Ministerio de Salud, tanto de Provincia como de Naci\u00f3n\u00bb.<\/p>\n\n\n\n<div class=\"wp-block-image is-style-default\"><figure class=\"aligncenter size-full\"><img loading=\"lazy\" decoding=\"async\" width=\"293\" height=\"300\" src=\"http:\/\/infoecos.com.ar\/wp-content\/uploads\/2021\/07\/reportepehuajo-1.jpg\" alt=\"\" class=\"wp-image-81168\"\/><\/figure><\/div>\n","protected":false},"excerpt":{"rendered":"<p>El intendente pehuajense anunci\u00f3 que \u00abel pr\u00f3ximo fin de semana estaremos vacunando en Francisco Madero, tal como lo hicimos en Mones Caz\u00f3n, el fin de semana pasado, y en Juan Jos\u00e9 Paso, el anterior. El avance de la vacunaci\u00f3n es muy importante, y en ese sentido estamos trabajando muy bien desde la Secretar\u00eda de Salud, y en coordinaci\u00f3n con el Ministerio de Salud, tanto de Provincia como de Naci\u00f3n\u00bb<\/p>\n","protected":false},"author":2,"featured_media":81167,"comment_status":"closed","ping_status":"open","sticky":false,"template":"","format":"standard","meta":{"footnotes":""},"categories":[1332],"tags":[4214],"class_list":["post-81166","post","type-post","status-publish","format-standard","has-post-thumbnail","hentry","category-inferior12","tag-baja-en-el-numero-de-casos-positivos"],"featured_image_urls":{"full":["https:\/\/infoecos.com.ar\/wp-content\/uploads\/2021\/07\/zurropabloconf.jpeg",640,426,false],"thumbnail":["https:\/\/infoecos.com.ar\/wp-content\/uploads\/2021\/07\/zurropabloconf-150x150.jpeg",150,150,true],"medium":["https:\/\/infoecos.com.ar\/wp-content\/uploads\/2021\/07\/zurropabloconf-460x306.jpeg",460,306,true],"medium_large":["https:\/\/infoecos.com.ar\/wp-content\/uploads\/2021\/07\/zurropabloconf.jpeg",640,426,false],"large":["https:\/\/infoecos.com.ar\/wp-content\/uploads\/2021\/07\/zurropabloconf.jpeg",640,426,false],"1536x1536":["https:\/\/infoecos.com.ar\/wp-content\/uploads\/2021\/07\/zurropabloconf.jpeg",640,426,false],"2048x2048":["https:\/\/infoecos.com.ar\/wp-content\/uploads\/2021\/07\/zurropabloconf.jpeg",640,426,false],"covernews-slider-full":["https:\/\/infoecos.com.ar\/wp-content\/uploads\/2021\/07\/zurropabloconf.jpeg",640,426,false],"covernews-slider-center":["https:\/\/infoecos.com.ar\/wp-content\/uploads\/2021\/07\/zurropabloconf.jpeg",640,426,false],"covernews-featured":["https:\/\/infoecos.com.ar\/wp-content\/uploads\/2021\/07\/zurropabloconf.jpeg",640,426,false],"covernews-medium":["https:\/\/infoecos.com.ar\/wp-content\/uploads\/2021\/07\/zurropabloconf-640x380.jpeg",540,321,true],"covernews-medium-square":["https:\/\/infoecos.com.ar\/wp-content\/uploads\/2021\/07\/zurropabloconf.jpeg",376,250,false]},"author_info":{"info":["Jorge Matheus"]},"category_info":"<a href=\"https:\/\/infoecos.com.ar\/index.php\/category\/inferior12\/\" rel=\"category tag\">Bloque inferior - 12<\/a>","tag_info":"Bloque inferior - 12","comment_count":"0","_links":{"self":[{"href":"https:\/\/infoecos.com.ar\/index.php\/wp-json\/wp\/v2\/posts\/81166","targetHints":{"allow":["GET"]}}],"collection":[{"href":"https:\/\/infoecos.com.ar\/index.php\/wp-json\/wp\/v2\/posts"}],"about":[{"href":"https:\/\/infoecos.com.ar\/index.php\/wp-json\/wp\/v2\/types\/post"}],"author":[{"embeddable":true,"href":"https:\/\/infoecos.com.ar\/index.php\/wp-json\/wp\/v2\/users\/2"}],"replies":[{"embeddable":true,"href":"https:\/\/infoecos.com.ar\/index.php\/wp-json\/wp\/v2\/comments?post=81166"}],"version-history":[{"count":1,"href":"https:\/\/infoecos.com.ar\/index.php\/wp-json\/wp\/v2\/posts\/81166\/revisions"}],"predecessor-version":[{"id":81169,"href":"https:\/\/infoecos.com.ar\/index.php\/wp-json\/wp\/v2\/posts\/81166\/revisions\/81169"}],"wp:featuredmedia":[{"embeddable":true,"href":"https:\/\/infoecos.com.ar\/index.php\/wp-json\/wp\/v2\/media\/81167"}],"wp:attachment":[{"href":"https:\/\/infoecos.com.ar\/index.php\/wp-json\/wp\/v2\/media?parent=81166"}],"wp:term":[{"taxonomy":"category","embeddable":true,"href":"https:\/\/infoecos.com.ar\/index.php\/wp-json\/wp\/v2\/categories?post=81166"},{"taxonomy":"post_tag","embeddable":true,"href":"https:\/\/infoecos.com.ar\/index.php\/wp-json\/wp\/v2\/tags?post=81166"}],"curies":[{"name":"wp","href":"https:\/\/api.w.org\/{rel}","templated":true}]}}