{"id":81206,"date":"2021-07-13T01:55:04","date_gmt":"2021-07-13T04:55:04","guid":{"rendered":"http:\/\/infoecos.com.ar\/?p=81206"},"modified":"2021-07-14T03:38:46","modified_gmt":"2021-07-14T06:38:46","slug":"kicillof-entrego-junto-a-ferraresi-creditos-del-programa-casa-propia","status":"publish","type":"post","link":"https:\/\/infoecos.com.ar\/index.php\/kicillof-entrego-junto-a-ferraresi-creditos-del-programa-casa-propia\/","title":{"rendered":"Kicillof entreg\u00f3 junto a Ferraresi cr\u00e9ditos del programa Casa Propia"},"content":{"rendered":"\n<p>El gobernador de la provincia de Buenos Aires, Axel Kicillof, encabez\u00f3 este lunes junto al ministro nacional de Desarrollo Territorial y H\u00e1bitat, Jorge Ferraresi, el acto de entrega de cr\u00e9ditos destinados a la construcci\u00f3n de viviendas del Programa Casa Propia. Fue en el Sal\u00f3n Dorado de la Casa de Gobierno, con la participaci\u00f3n del ministro de Desarrollo de la Comunidad, Andr\u00e9s Larroque, y la ministra de Gobierno, Teresa Garc\u00eda.<\/p>\n\n\n\n<div class=\"wp-block-image is-style-default\"><figure class=\"aligncenter size-medium\"><img loading=\"lazy\" decoding=\"async\" width=\"460\" height=\"310\" src=\"http:\/\/infoecos.com.ar\/wp-content\/uploads\/2021\/07\/2021_07_12-AK-JF-PRO.CRE_.AR_SGE_9606-460x310.jpg\" alt=\"\" class=\"wp-image-81207\" srcset=\"https:\/\/infoecos.com.ar\/wp-content\/uploads\/2021\/07\/2021_07_12-AK-JF-PRO.CRE_.AR_SGE_9606-460x310.jpg 460w, https:\/\/infoecos.com.ar\/wp-content\/uploads\/2021\/07\/2021_07_12-AK-JF-PRO.CRE_.AR_SGE_9606-920x619.jpg 920w, https:\/\/infoecos.com.ar\/wp-content\/uploads\/2021\/07\/2021_07_12-AK-JF-PRO.CRE_.AR_SGE_9606-768x517.jpg 768w, https:\/\/infoecos.com.ar\/wp-content\/uploads\/2021\/07\/2021_07_12-AK-JF-PRO.CRE_.AR_SGE_9606-1536x1034.jpg 1536w, https:\/\/infoecos.com.ar\/wp-content\/uploads\/2021\/07\/2021_07_12-AK-JF-PRO.CRE_.AR_SGE_9606-2048x1379.jpg 2048w, https:\/\/infoecos.com.ar\/wp-content\/uploads\/2021\/07\/2021_07_12-AK-JF-PRO.CRE_.AR_SGE_9606-1024x689.jpg 1024w\" sizes=\"(max-width: 460px) 100vw, 460px\" \/><\/figure><\/div>\n\n\n\n<p>En ese marco, Kicillof destac\u00f3 que \u201cla \u00fanica forma de abordar la situaci\u00f3n habitacional de la Provincia es mediante la articulaci\u00f3n entre la Naci\u00f3n, la Provincia y los 135 municipios\u201d. \u201cEl acceso a la vivienda es un sue\u00f1o y un derecho de los y las bonaerenses, que para poder concretarse requiere de herramientas y de un Estado que recupere su rol en la planificaci\u00f3n urban\u00edstica\u201d, a\u00f1adi\u00f3.<\/p>\n\n\n\n<p>\u201cHemos venido a restablecer la planificaci\u00f3n del Estado con pol\u00edticas de cr\u00e9dito, acceso al suelo y desarrollo de infraestructura social b\u00e1sica\u201d, sostuvo el Gobernador, al tiempo que se\u00f1al\u00f3 que \u201ccon los instrumentos que aporta la Naci\u00f3n y el trabajo conjunto con los municipios, retomamos la vocaci\u00f3n que va a permitir la urbanizaci\u00f3n del conurbano bonaerense y del interior de la Provincia\u201d.<\/p>\n\n\n\n<div class=\"wp-block-image is-style-default\"><figure class=\"aligncenter size-medium\"><img loading=\"lazy\" decoding=\"async\" width=\"460\" height=\"306\" src=\"http:\/\/infoecos.com.ar\/wp-content\/uploads\/2021\/07\/2021_07_12-AK-JF-PRO.CRE_.AR_SGE_9678-460x306.jpg\" alt=\"\" class=\"wp-image-81208\" srcset=\"https:\/\/infoecos.com.ar\/wp-content\/uploads\/2021\/07\/2021_07_12-AK-JF-PRO.CRE_.AR_SGE_9678-460x306.jpg 460w, https:\/\/infoecos.com.ar\/wp-content\/uploads\/2021\/07\/2021_07_12-AK-JF-PRO.CRE_.AR_SGE_9678-920x612.jpg 920w, https:\/\/infoecos.com.ar\/wp-content\/uploads\/2021\/07\/2021_07_12-AK-JF-PRO.CRE_.AR_SGE_9678-768x511.jpg 768w, https:\/\/infoecos.com.ar\/wp-content\/uploads\/2021\/07\/2021_07_12-AK-JF-PRO.CRE_.AR_SGE_9678-1536x1020.jpg 1536w, https:\/\/infoecos.com.ar\/wp-content\/uploads\/2021\/07\/2021_07_12-AK-JF-PRO.CRE_.AR_SGE_9678-2048x1363.jpg 2048w, https:\/\/infoecos.com.ar\/wp-content\/uploads\/2021\/07\/2021_07_12-AK-JF-PRO.CRE_.AR_SGE_9678-1024x682.jpg 1024w, https:\/\/infoecos.com.ar\/wp-content\/uploads\/2021\/07\/2021_07_12-AK-JF-PRO.CRE_.AR_SGE_9678-675x450.jpg 675w\" sizes=\"(max-width: 460px) 100vw, 460px\" \/><\/figure><\/div>\n\n\n\n<p>En el marco del programa nacional Casa Propia &#8211; L\u00ednea Construcci\u00f3n, se efectu\u00f3 la entrega de 12 pr\u00e9stamos individuales para edificaci\u00f3n en lote propio, que integran un total de 249 que se otorgaron para familias del municipio de La Plata.&nbsp;<\/p>\n\n\n\n<p>\u201cCon esta pol\u00edtica del Gobierno Nacional, estamos entregando en esta etapa 8.900 cr\u00e9ditos en la provincia de Buenos Aires y 44 mil en toda la Argentina\u201d, asegur\u00f3 Ferraresi y agreg\u00f3: \u201cHemos venido a generar pol\u00edticas de Estado para poner al sue\u00f1o de la casa propia como un derecho que tambi\u00e9n brinda la posibilidad de generar m\u00e1s trabajo\u201d.<\/p>\n\n\n\n<div class=\"wp-block-image is-style-default\"><figure class=\"aligncenter size-medium\"><img loading=\"lazy\" decoding=\"async\" width=\"460\" height=\"306\" src=\"http:\/\/infoecos.com.ar\/wp-content\/uploads\/2021\/07\/2021_07_12-AK-JF-PRO.CRE_.AR_SGE_9709-460x306.jpg\" alt=\"\" class=\"wp-image-81209\" srcset=\"https:\/\/infoecos.com.ar\/wp-content\/uploads\/2021\/07\/2021_07_12-AK-JF-PRO.CRE_.AR_SGE_9709-460x306.jpg 460w, https:\/\/infoecos.com.ar\/wp-content\/uploads\/2021\/07\/2021_07_12-AK-JF-PRO.CRE_.AR_SGE_9709-920x612.jpg 920w, https:\/\/infoecos.com.ar\/wp-content\/uploads\/2021\/07\/2021_07_12-AK-JF-PRO.CRE_.AR_SGE_9709-768x511.jpg 768w, https:\/\/infoecos.com.ar\/wp-content\/uploads\/2021\/07\/2021_07_12-AK-JF-PRO.CRE_.AR_SGE_9709-1536x1020.jpg 1536w, https:\/\/infoecos.com.ar\/wp-content\/uploads\/2021\/07\/2021_07_12-AK-JF-PRO.CRE_.AR_SGE_9709-2048x1363.jpg 2048w, https:\/\/infoecos.com.ar\/wp-content\/uploads\/2021\/07\/2021_07_12-AK-JF-PRO.CRE_.AR_SGE_9709-1024x682.jpg 1024w, https:\/\/infoecos.com.ar\/wp-content\/uploads\/2021\/07\/2021_07_12-AK-JF-PRO.CRE_.AR_SGE_9709-675x450.jpg 675w\" sizes=\"(max-width: 460px) 100vw, 460px\" \/><\/figure><\/div>\n\n\n\n<p>&nbsp;\u201cCon la b\u00fasqueda y el anhelo a la casa propia, los y las bonaerenses que cuentan con un terreno tambi\u00e9n realizar\u00e1n un aporte para el crecimiento de la comunidad\u201d, afirm\u00f3 Kicillof y concluy\u00f3: \u201cLos cr\u00e9ditos servir\u00e1n para acceder a las viviendas y, al mismo tiempo, para generar m\u00e1s trabajo en la Provincia\u201d.<\/p>\n\n\n\n<div class=\"wp-block-image is-style-default\"><figure class=\"aligncenter size-medium\"><img loading=\"lazy\" decoding=\"async\" width=\"460\" height=\"306\" src=\"http:\/\/infoecos.com.ar\/wp-content\/uploads\/2021\/07\/2021_07_12-AK-JF-PRO.CRE_.AR_SGE_9561-460x306.jpg\" alt=\"\" class=\"wp-image-81210\" srcset=\"https:\/\/infoecos.com.ar\/wp-content\/uploads\/2021\/07\/2021_07_12-AK-JF-PRO.CRE_.AR_SGE_9561-460x306.jpg 460w, https:\/\/infoecos.com.ar\/wp-content\/uploads\/2021\/07\/2021_07_12-AK-JF-PRO.CRE_.AR_SGE_9561-920x612.jpg 920w, https:\/\/infoecos.com.ar\/wp-content\/uploads\/2021\/07\/2021_07_12-AK-JF-PRO.CRE_.AR_SGE_9561-768x511.jpg 768w, https:\/\/infoecos.com.ar\/wp-content\/uploads\/2021\/07\/2021_07_12-AK-JF-PRO.CRE_.AR_SGE_9561-1536x1020.jpg 1536w, https:\/\/infoecos.com.ar\/wp-content\/uploads\/2021\/07\/2021_07_12-AK-JF-PRO.CRE_.AR_SGE_9561-2048x1363.jpg 2048w, https:\/\/infoecos.com.ar\/wp-content\/uploads\/2021\/07\/2021_07_12-AK-JF-PRO.CRE_.AR_SGE_9561-1024x682.jpg 1024w, https:\/\/infoecos.com.ar\/wp-content\/uploads\/2021\/07\/2021_07_12-AK-JF-PRO.CRE_.AR_SGE_9561-675x450.jpg 675w\" sizes=\"(max-width: 460px) 100vw, 460px\" \/><\/figure><\/div>\n","protected":false},"excerpt":{"rendered":"<p>Kicillof destac\u00f3 que \u201cla \u00fanica forma de abordar la situaci\u00f3n habitacional de la Provincia es mediante la articulaci\u00f3n entre la Naci\u00f3n, la Provincia y los 135 municipios\u201d<\/p>\n","protected":false},"author":2,"featured_media":81211,"comment_status":"closed","ping_status":"open","sticky":false,"template":"","format":"standard","meta":{"footnotes":""},"categories":[44],"tags":[4224],"class_list":["post-81206","post","type-post","status-publish","format-standard","has-post-thumbnail","hentry","category-inferior5","tag-fue-en-la-casa-de-gobierno"],"yoast_head":"<!-- This site is optimized with the Yoast SEO plugin v23.4 - https:\/\/yoast.com\/wordpress\/plugins\/seo\/ -->\n<title>Kicillof entreg\u00f3 junto a Ferraresi cr\u00e9ditos del programa Casa Propia - Infoecos<\/title>\n<meta name=\"robots\" content=\"index, follow, max-snippet:-1, max-image-preview:large, max-video-preview:-1\" \/>\n<link rel=\"canonical\" href=\"https:\/\/infoecos.com.ar\/index.php\/kicillof-entrego-junto-a-ferraresi-creditos-del-programa-casa-propia\/\" \/>\n<meta property=\"og:locale\" content=\"es_ES\" \/>\n<meta property=\"og:type\" content=\"article\" \/>\n<meta property=\"og:title\" content=\"Kicillof entreg\u00f3 junto a Ferraresi cr\u00e9ditos del programa Casa Propia - Infoecos\" \/>\n<meta property=\"og:description\" content=\"Kicillof destac\u00f3 que \u201cla \u00fanica forma de abordar la situaci\u00f3n habitacional de la Provincia es mediante la articulaci\u00f3n entre la Naci\u00f3n, la Provincia y los 135 municipios\u201d\" \/>\n<meta property=\"og:url\" content=\"https:\/\/infoecos.com.ar\/index.php\/kicillof-entrego-junto-a-ferraresi-creditos-del-programa-casa-propia\/\" \/>\n<meta property=\"og:site_name\" content=\"Infoecos\" \/>\n<meta property=\"article:publisher\" content=\"https:\/\/www.facebook.com\/profile.php?id=100063200290284\" \/>\n<meta property=\"article:published_time\" content=\"2021-07-13T04:55:04+00:00\" \/>\n<meta property=\"article:modified_time\" content=\"2021-07-14T06:38:46+00:00\" \/>\n<meta property=\"og:image\" content=\"https:\/\/infoecos.com.ar\/wp-content\/uploads\/2021\/07\/2021_07_12-AK-JF-PRO.CRE_.AR_SGE_9895-scaled.jpg\" \/>\n\t<meta property=\"og:image:width\" content=\"2560\" \/>\n\t<meta property=\"og:image:height\" content=\"1704\" \/>\n\t<meta property=\"og:image:type\" content=\"image\/jpeg\" \/>\n<meta name=\"author\" content=\"Jorge Matheus\" \/>\n<meta name=\"twitter:card\" content=\"summary_large_image\" \/>\n<meta name=\"twitter:creator\" content=\"@infoecos\" \/>\n<meta name=\"twitter:site\" content=\"@infoecos\" \/>\n<meta name=\"twitter:label1\" content=\"Escrito por\" \/>\n\t<meta name=\"twitter:data1\" content=\"Jorge Matheus\" \/>\n\t<meta name=\"twitter:label2\" content=\"Tiempo de lectura\" \/>\n\t<meta name=\"twitter:data2\" content=\"2 minutos\" \/>\n<script type=\"application\/ld+json\" class=\"yoast-schema-graph\">{\"@context\":\"https:\/\/schema.org\",\"@graph\":[{\"@type\":\"Article\",\"@id\":\"https:\/\/infoecos.com.ar\/index.php\/kicillof-entrego-junto-a-ferraresi-creditos-del-programa-casa-propia\/#article\",\"isPartOf\":{\"@id\":\"https:\/\/infoecos.com.ar\/index.php\/kicillof-entrego-junto-a-ferraresi-creditos-del-programa-casa-propia\/\"},\"author\":{\"name\":\"Jorge Matheus\",\"@id\":\"https:\/\/infoecos.com.ar\/#\/schema\/person\/8f5ace5ce73b4b4aac4b7245aee6f191\"},\"headline\":\"Kicillof entreg\u00f3 junto a Ferraresi cr\u00e9ditos del programa Casa Propia\",\"datePublished\":\"2021-07-13T04:55:04+00:00\",\"dateModified\":\"2021-07-14T06:38:46+00:00\",\"mainEntityOfPage\":{\"@id\":\"https:\/\/infoecos.com.ar\/index.php\/kicillof-entrego-junto-a-ferraresi-creditos-del-programa-casa-propia\/\"},\"wordCount\":391,\"publisher\":{\"@id\":\"https:\/\/infoecos.com.ar\/#organization\"},\"image\":{\"@id\":\"https:\/\/infoecos.com.ar\/index.php\/kicillof-entrego-junto-a-ferraresi-creditos-del-programa-casa-propia\/#primaryimage\"},\"thumbnailUrl\":\"https:\/\/infoecos.com.ar\/wp-content\/uploads\/2021\/07\/2021_07_12-AK-JF-PRO.CRE_.AR_SGE_9895-scaled.jpg\",\"keywords\":[\"FUE EN LA Casa de gobierno\"],\"articleSection\":[\"Bloque inferior - 5\"],\"inLanguage\":\"es\"},{\"@type\":\"WebPage\",\"@id\":\"https:\/\/infoecos.com.ar\/index.php\/kicillof-entrego-junto-a-ferraresi-creditos-del-programa-casa-propia\/\",\"url\":\"https:\/\/infoecos.com.ar\/index.php\/kicillof-entrego-junto-a-ferraresi-creditos-del-programa-casa-propia\/\",\"name\":\"Kicillof entreg\u00f3 junto a Ferraresi cr\u00e9ditos del programa Casa Propia - Infoecos\",\"isPartOf\":{\"@id\":\"https:\/\/infoecos.com.ar\/#website\"},\"primaryImageOfPage\":{\"@id\":\"https:\/\/infoecos.com.ar\/index.php\/kicillof-entrego-junto-a-ferraresi-creditos-del-programa-casa-propia\/#primaryimage\"},\"image\":{\"@id\":\"https:\/\/infoecos.com.ar\/index.php\/kicillof-entrego-junto-a-ferraresi-creditos-del-programa-casa-propia\/#primaryimage\"},\"thumbnailUrl\":\"https:\/\/infoecos.com.ar\/wp-content\/uploads\/2021\/07\/2021_07_12-AK-JF-PRO.CRE_.AR_SGE_9895-scaled.jpg\",\"datePublished\":\"2021-07-13T04:55:04+00:00\",\"dateModified\":\"2021-07-14T06:38:46+00:00\",\"breadcrumb\":{\"@id\":\"https:\/\/infoecos.com.ar\/index.php\/kicillof-entrego-junto-a-ferraresi-creditos-del-programa-casa-propia\/#breadcrumb\"},\"inLanguage\":\"es\",\"potentialAction\":[{\"@type\":\"ReadAction\",\"target\":[\"https:\/\/infoecos.com.ar\/index.php\/kicillof-entrego-junto-a-ferraresi-creditos-del-programa-casa-propia\/\"]}]},{\"@type\":\"ImageObject\",\"inLanguage\":\"es\",\"@id\":\"https:\/\/infoecos.com.ar\/index.php\/kicillof-entrego-junto-a-ferraresi-creditos-del-programa-casa-propia\/#primaryimage\",\"url\":\"https:\/\/infoecos.com.ar\/wp-content\/uploads\/2021\/07\/2021_07_12-AK-JF-PRO.CRE_.AR_SGE_9895-scaled.jpg\",\"contentUrl\":\"https:\/\/infoecos.com.ar\/wp-content\/uploads\/2021\/07\/2021_07_12-AK-JF-PRO.CRE_.AR_SGE_9895-scaled.jpg\",\"width\":2560,\"height\":1704},{\"@type\":\"BreadcrumbList\",\"@id\":\"https:\/\/infoecos.com.ar\/index.php\/kicillof-entrego-junto-a-ferraresi-creditos-del-programa-casa-propia\/#breadcrumb\",\"itemListElement\":[{\"@type\":\"ListItem\",\"position\":1,\"name\":\"Portada\",\"item\":\"https:\/\/infoecos.com.ar\/\"},{\"@type\":\"ListItem\",\"position\":2,\"name\":\"Kicillof entreg\u00f3 junto a Ferraresi cr\u00e9ditos del programa Casa Propia\"}]},{\"@type\":\"WebSite\",\"@id\":\"https:\/\/infoecos.com.ar\/#website\",\"url\":\"https:\/\/infoecos.com.ar\/\",\"name\":\"Infoecos\",\"description\":\"Noticias de trenque lauquen y la zona\",\"publisher\":{\"@id\":\"https:\/\/infoecos.com.ar\/#organization\"},\"alternateName\":\"Noticias\",\"potentialAction\":[{\"@type\":\"SearchAction\",\"target\":{\"@type\":\"EntryPoint\",\"urlTemplate\":\"https:\/\/infoecos.com.ar\/?s={search_term_string}\"},\"query-input\":{\"@type\":\"PropertyValueSpecification\",\"valueRequired\":true,\"valueName\":\"search_term_string\"}}],\"inLanguage\":\"es\"},{\"@type\":\"Organization\",\"@id\":\"https:\/\/infoecos.com.ar\/#organization\",\"name\":\"Infoecos\",\"alternateName\":\"Noticias\",\"url\":\"https:\/\/infoecos.com.ar\/\",\"logo\":{\"@type\":\"ImageObject\",\"inLanguage\":\"es\",\"@id\":\"https:\/\/infoecos.com.ar\/#\/schema\/logo\/image\/\",\"url\":\"https:\/\/infoecos.com.ar\/wp-content\/uploads\/2024\/03\/cropped-logo.png\",\"contentUrl\":\"https:\/\/infoecos.com.ar\/wp-content\/uploads\/2024\/03\/cropped-logo.png\",\"width\":374,\"height\":90,\"caption\":\"Infoecos\"},\"image\":{\"@id\":\"https:\/\/infoecos.com.ar\/#\/schema\/logo\/image\/\"},\"sameAs\":[\"https:\/\/www.facebook.com\/profile.php?id=100063200290284\",\"https:\/\/x.com\/infoecos\"]},{\"@type\":\"Person\",\"@id\":\"https:\/\/infoecos.com.ar\/#\/schema\/person\/8f5ace5ce73b4b4aac4b7245aee6f191\",\"name\":\"Jorge Matheus\",\"url\":\"https:\/\/infoecos.com.ar\/index.php\/author\/jomatheus\/\"}]}<\/script>\n<!-- \/ Yoast SEO plugin. -->","yoast_head_json":{"title":"Kicillof entreg\u00f3 junto a Ferraresi cr\u00e9ditos del programa Casa Propia - Infoecos","robots":{"index":"index","follow":"follow","max-snippet":"max-snippet:-1","max-image-preview":"max-image-preview:large","max-video-preview":"max-video-preview:-1"},"canonical":"https:\/\/infoecos.com.ar\/index.php\/kicillof-entrego-junto-a-ferraresi-creditos-del-programa-casa-propia\/","og_locale":"es_ES","og_type":"article","og_title":"Kicillof entreg\u00f3 junto a Ferraresi cr\u00e9ditos del programa Casa Propia - Infoecos","og_description":"Kicillof destac\u00f3 que \u201cla \u00fanica forma de abordar la situaci\u00f3n habitacional de la Provincia es mediante la articulaci\u00f3n entre la Naci\u00f3n, la Provincia y los 135 municipios\u201d","og_url":"https:\/\/infoecos.com.ar\/index.php\/kicillof-entrego-junto-a-ferraresi-creditos-del-programa-casa-propia\/","og_site_name":"Infoecos","article_publisher":"https:\/\/www.facebook.com\/profile.php?id=100063200290284","article_published_time":"2021-07-13T04:55:04+00:00","article_modified_time":"2021-07-14T06:38:46+00:00","og_image":[{"width":2560,"height":1704,"url":"https:\/\/infoecos.com.ar\/wp-content\/uploads\/2021\/07\/2021_07_12-AK-JF-PRO.CRE_.AR_SGE_9895-scaled.jpg","type":"image\/jpeg"}],"author":"Jorge Matheus","twitter_card":"summary_large_image","twitter_creator":"@infoecos","twitter_site":"@infoecos","twitter_misc":{"Escrito por":"Jorge Matheus","Tiempo de lectura":"2 minutos"},"schema":{"@context":"https:\/\/schema.org","@graph":[{"@type":"Article","@id":"https:\/\/infoecos.com.ar\/index.php\/kicillof-entrego-junto-a-ferraresi-creditos-del-programa-casa-propia\/#article","isPartOf":{"@id":"https:\/\/infoecos.com.ar\/index.php\/kicillof-entrego-junto-a-ferraresi-creditos-del-programa-casa-propia\/"},"author":{"name":"Jorge Matheus","@id":"https:\/\/infoecos.com.ar\/#\/schema\/person\/8f5ace5ce73b4b4aac4b7245aee6f191"},"headline":"Kicillof entreg\u00f3 junto a Ferraresi cr\u00e9ditos del programa Casa Propia","datePublished":"2021-07-13T04:55:04+00:00","dateModified":"2021-07-14T06:38:46+00:00","mainEntityOfPage":{"@id":"https:\/\/infoecos.com.ar\/index.php\/kicillof-entrego-junto-a-ferraresi-creditos-del-programa-casa-propia\/"},"wordCount":391,"publisher":{"@id":"https:\/\/infoecos.com.ar\/#organization"},"image":{"@id":"https:\/\/infoecos.com.ar\/index.php\/kicillof-entrego-junto-a-ferraresi-creditos-del-programa-casa-propia\/#primaryimage"},"thumbnailUrl":"https:\/\/infoecos.com.ar\/wp-content\/uploads\/2021\/07\/2021_07_12-AK-JF-PRO.CRE_.AR_SGE_9895-scaled.jpg","keywords":["FUE EN LA Casa de gobierno"],"articleSection":["Bloque inferior - 5"],"inLanguage":"es"},{"@type":"WebPage","@id":"https:\/\/infoecos.com.ar\/index.php\/kicillof-entrego-junto-a-ferraresi-creditos-del-programa-casa-propia\/","url":"https:\/\/infoecos.com.ar\/index.php\/kicillof-entrego-junto-a-ferraresi-creditos-del-programa-casa-propia\/","name":"Kicillof entreg\u00f3 junto a Ferraresi cr\u00e9ditos del programa Casa Propia - Infoecos","isPartOf":{"@id":"https:\/\/infoecos.com.ar\/#website"},"primaryImageOfPage":{"@id":"https:\/\/infoecos.com.ar\/index.php\/kicillof-entrego-junto-a-ferraresi-creditos-del-programa-casa-propia\/#primaryimage"},"image":{"@id":"https:\/\/infoecos.com.ar\/index.php\/kicillof-entrego-junto-a-ferraresi-creditos-del-programa-casa-propia\/#primaryimage"},"thumbnailUrl":"https:\/\/infoecos.com.ar\/wp-content\/uploads\/2021\/07\/2021_07_12-AK-JF-PRO.CRE_.AR_SGE_9895-scaled.jpg","datePublished":"2021-07-13T04:55:04+00:00","dateModified":"2021-07-14T06:38:46+00:00","breadcrumb":{"@id":"https:\/\/infoecos.com.ar\/index.php\/kicillof-entrego-junto-a-ferraresi-creditos-del-programa-casa-propia\/#breadcrumb"},"inLanguage":"es","potentialAction":[{"@type":"ReadAction","target":["https:\/\/infoecos.com.ar\/index.php\/kicillof-entrego-junto-a-ferraresi-creditos-del-programa-casa-propia\/"]}]},{"@type":"ImageObject","inLanguage":"es","@id":"https:\/\/infoecos.com.ar\/index.php\/kicillof-entrego-junto-a-ferraresi-creditos-del-programa-casa-propia\/#primaryimage","url":"https:\/\/infoecos.com.ar\/wp-content\/uploads\/2021\/07\/2021_07_12-AK-JF-PRO.CRE_.AR_SGE_9895-scaled.jpg","contentUrl":"https:\/\/infoecos.com.ar\/wp-content\/uploads\/2021\/07\/2021_07_12-AK-JF-PRO.CRE_.AR_SGE_9895-scaled.jpg","width":2560,"height":1704},{"@type":"BreadcrumbList","@id":"https:\/\/infoecos.com.ar\/index.php\/kicillof-entrego-junto-a-ferraresi-creditos-del-programa-casa-propia\/#breadcrumb","itemListElement":[{"@type":"ListItem","position":1,"name":"Portada","item":"https:\/\/infoecos.com.ar\/"},{"@type":"ListItem","position":2,"name":"Kicillof entreg\u00f3 junto a Ferraresi cr\u00e9ditos del programa Casa Propia"}]},{"@type":"WebSite","@id":"https:\/\/infoecos.com.ar\/#website","url":"https:\/\/infoecos.com.ar\/","name":"Infoecos","description":"Noticias de trenque lauquen y la zona","publisher":{"@id":"https:\/\/infoecos.com.ar\/#organization"},"alternateName":"Noticias","potentialAction":[{"@type":"SearchAction","target":{"@type":"EntryPoint","urlTemplate":"https:\/\/infoecos.com.ar\/?s={search_term_string}"},"query-input":{"@type":"PropertyValueSpecification","valueRequired":true,"valueName":"search_term_string"}}],"inLanguage":"es"},{"@type":"Organization","@id":"https:\/\/infoecos.com.ar\/#organization","name":"Infoecos","alternateName":"Noticias","url":"https:\/\/infoecos.com.ar\/","logo":{"@type":"ImageObject","inLanguage":"es","@id":"https:\/\/infoecos.com.ar\/#\/schema\/logo\/image\/","url":"https:\/\/infoecos.com.ar\/wp-content\/uploads\/2024\/03\/cropped-logo.png","contentUrl":"https:\/\/infoecos.com.ar\/wp-content\/uploads\/2024\/03\/cropped-logo.png","width":374,"height":90,"caption":"Infoecos"},"image":{"@id":"https:\/\/infoecos.com.ar\/#\/schema\/logo\/image\/"},"sameAs":["https:\/\/www.facebook.com\/profile.php?id=100063200290284","https:\/\/x.com\/infoecos"]},{"@type":"Person","@id":"https:\/\/infoecos.com.ar\/#\/schema\/person\/8f5ace5ce73b4b4aac4b7245aee6f191","name":"Jorge Matheus","url":"https:\/\/infoecos.com.ar\/index.php\/author\/jomatheus\/"}]}},"featured_image_urls":{"full":["https:\/\/infoecos.com.ar\/wp-content\/uploads\/2021\/07\/2021_07_12-AK-JF-PRO.CRE_.AR_SGE_9895-scaled.jpg",2560,1704,false],"thumbnail":["https:\/\/infoecos.com.ar\/wp-content\/uploads\/2021\/07\/2021_07_12-AK-JF-PRO.CRE_.AR_SGE_9895-150x150.jpg",150,150,true],"medium":["https:\/\/infoecos.com.ar\/wp-content\/uploads\/2021\/07\/2021_07_12-AK-JF-PRO.CRE_.AR_SGE_9895-460x306.jpg",460,306,true],"medium_large":["https:\/\/infoecos.com.ar\/wp-content\/uploads\/2021\/07\/2021_07_12-AK-JF-PRO.CRE_.AR_SGE_9895-768x511.jpg",640,426,true],"large":["https:\/\/infoecos.com.ar\/wp-content\/uploads\/2021\/07\/2021_07_12-AK-JF-PRO.CRE_.AR_SGE_9895-920x612.jpg",640,426,true],"1536x1536":["https:\/\/infoecos.com.ar\/wp-content\/uploads\/2021\/07\/2021_07_12-AK-JF-PRO.CRE_.AR_SGE_9895-1536x1022.jpg",1536,1022,true],"2048x2048":["https:\/\/infoecos.com.ar\/wp-content\/uploads\/2021\/07\/2021_07_12-AK-JF-PRO.CRE_.AR_SGE_9895-2048x1363.jpg",2048,1363,true],"covernews-slider-full":["https:\/\/infoecos.com.ar\/wp-content\/uploads\/2021\/07\/2021_07_12-AK-JF-PRO.CRE_.AR_SGE_9895-1536x1020.jpg",1077,715,true],"covernews-slider-center":["https:\/\/infoecos.com.ar\/wp-content\/uploads\/2021\/07\/2021_07_12-AK-JF-PRO.CRE_.AR_SGE_9895-936x897.jpg",522,500,true],"covernews-featured":["https:\/\/infoecos.com.ar\/wp-content\/uploads\/2021\/07\/2021_07_12-AK-JF-PRO.CRE_.AR_SGE_9895-1024x682.jpg",1024,682,true],"covernews-medium":["https:\/\/infoecos.com.ar\/wp-content\/uploads\/2021\/07\/2021_07_12-AK-JF-PRO.CRE_.AR_SGE_9895-720x380.jpg",540,285,true],"covernews-medium-square":["https:\/\/infoecos.com.ar\/wp-content\/uploads\/2021\/07\/2021_07_12-AK-JF-PRO.CRE_.AR_SGE_9895-675x450.jpg",375,250,true]},"author_info":{"info":["Jorge Matheus"]},"category_info":"<a href=\"https:\/\/infoecos.com.ar\/index.php\/category\/inferior5\/\" rel=\"category tag\">Bloque inferior - 5<\/a>","tag_info":"Bloque inferior - 5","comment_count":"0","_links":{"self":[{"href":"https:\/\/infoecos.com.ar\/index.php\/wp-json\/wp\/v2\/posts\/81206"}],"collection":[{"href":"https:\/\/infoecos.com.ar\/index.php\/wp-json\/wp\/v2\/posts"}],"about":[{"href":"https:\/\/infoecos.com.ar\/index.php\/wp-json\/wp\/v2\/types\/post"}],"author":[{"embeddable":true,"href":"https:\/\/infoecos.com.ar\/index.php\/wp-json\/wp\/v2\/users\/2"}],"replies":[{"embeddable":true,"href":"https:\/\/infoecos.com.ar\/index.php\/wp-json\/wp\/v2\/comments?post=81206"}],"version-history":[{"count":2,"href":"https:\/\/infoecos.com.ar\/index.php\/wp-json\/wp\/v2\/posts\/81206\/revisions"}],"predecessor-version":[{"id":81341,"href":"https:\/\/infoecos.com.ar\/index.php\/wp-json\/wp\/v2\/posts\/81206\/revisions\/81341"}],"wp:featuredmedia":[{"embeddable":true,"href":"https:\/\/infoecos.com.ar\/index.php\/wp-json\/wp\/v2\/media\/81211"}],"wp:attachment":[{"href":"https:\/\/infoecos.com.ar\/index.php\/wp-json\/wp\/v2\/media?parent=81206"}],"wp:term":[{"taxonomy":"category","embeddable":true,"href":"https:\/\/infoecos.com.ar\/index.php\/wp-json\/wp\/v2\/categories?post=81206"},{"taxonomy":"post_tag","embeddable":true,"href":"https:\/\/infoecos.com.ar\/index.php\/wp-json\/wp\/v2\/tags?post=81206"}],"curies":[{"name":"wp","href":"https:\/\/api.w.org\/{rel}","templated":true}]}}