{"id":81216,"date":"2021-07-13T02:15:24","date_gmt":"2021-07-13T05:15:24","guid":{"rendered":"http:\/\/infoecos.com.ar\/?p=81216"},"modified":"2021-07-13T02:15:24","modified_gmt":"2021-07-13T05:15:24","slug":"bragado-alcanzo-la-cifra-de-200-fallecidos-a-causa-del-coronavirus","status":"publish","type":"post","link":"https:\/\/infoecos.com.ar\/index.php\/bragado-alcanzo-la-cifra-de-200-fallecidos-a-causa-del-coronavirus\/","title":{"rendered":"Bragado alcanz\u00f3 la cifra de 200 fallecidos a causa del coronavirus"},"content":{"rendered":"\n<p class=\"wp-block-paragraph\">Por la muerte de un hombre de 77 a\u00f1os, Bragado alcanz\u00f3 la cifra de 200 fallecidos a causa del Coronavirus<strong>.<\/strong>\u00a0As\u00ed lo inform\u00f3 el Reporte Epidemiol\u00f3gico de este lunes, publicado por el Comit\u00e9 de Salud en las redes sociales. Se confirm\u00f3 tambi\u00e9n el<strong>\u00a0<\/strong>contagio de 26 personas<strong>.<\/strong><\/p>\n\n\n\n<div class=\"wp-block-image is-style-default\"><figure class=\"aligncenter size-medium\"><img loading=\"lazy\" decoding=\"async\" width=\"460\" height=\"259\" src=\"http:\/\/infoecos.com.ar\/wp-content\/uploads\/f800x450-70007_121453_0-460x259.jpg\" alt=\"\" class=\"wp-image-61364\" srcset=\"https:\/\/infoecos.com.ar\/wp-content\/uploads\/f800x450-70007_121453_0-460x259.jpg 460w, https:\/\/infoecos.com.ar\/wp-content\/uploads\/f800x450-70007_121453_0-768x432.jpg 768w, https:\/\/infoecos.com.ar\/wp-content\/uploads\/f800x450-70007_121453_0.jpg 800w\" sizes=\"auto, (max-width: 460px) 100vw, 460px\" \/><\/figure><\/div>\n\n\n\n<p class=\"wp-block-paragraph\">El hombre fallecido a causa del Covid-19\u00a0se hallaba en la Unidad de Terapia Intensiva<strong>\u00a0<\/strong>del Hospital Municipal San Luis, donde hay internadas 18 personas (dos est\u00e1n en la UTI). Al mismo tiempo, las autoridades sanitarias aguardan el resultado de 30 muestras pendientes.<\/p>\n\n\n\n<p class=\"wp-block-paragraph\">Por el alta m\u00e9dica de nueve pacientes, el n\u00famero de casos activos en todo el distrito ascendi\u00f3 a 99 personas.<\/p>\n\n\n\n<p class=\"wp-block-paragraph\"><strong>Situaci\u00f3n epidemiol\u00f3gica en los pueblos<\/strong> <strong>del distrito<\/strong>:<\/p>\n\n\n\n<ul class=\"wp-block-list\"><li>En Irala hay 4 casos activos.<\/li><li>En O\u2019Brien hay 50 casos activos.<\/li><li>En Warnes, Asamblea y La Limpia hay un caso activo.<\/li><\/ul>\n","protected":false},"excerpt":{"rendered":"<p>Por la muerte de un hombre de 77 a\u00f1os, Bragado alcanz\u00f3 la cifra de 200&#8230;<\/p>\n","protected":false},"author":2,"featured_media":61364,"comment_status":"closed","ping_status":"open","sticky":false,"template":"","format":"standard","meta":{"footnotes":""},"categories":[197],"tags":[4226],"class_list":["post-81216","post","type-post","status-publish","format-standard","has-post-thumbnail","hentry","category-c3nota4","tag-este-lunes-fallecio-un-hombre-de-77-anos"],"featured_image_urls":{"full":["https:\/\/infoecos.com.ar\/wp-content\/uploads\/f800x450-70007_121453_0.jpg",800,450,false],"thumbnail":["https:\/\/infoecos.com.ar\/wp-content\/uploads\/f800x450-70007_121453_0-150x150.jpg",150,150,true],"medium":["https:\/\/infoecos.com.ar\/wp-content\/uploads\/f800x450-70007_121453_0-460x259.jpg",460,259,true],"medium_large":["https:\/\/infoecos.com.ar\/wp-content\/uploads\/f800x450-70007_121453_0-768x432.jpg",640,360,true],"large":["https:\/\/infoecos.com.ar\/wp-content\/uploads\/f800x450-70007_121453_0.jpg",640,360,false],"1536x1536":["https:\/\/infoecos.com.ar\/wp-content\/uploads\/f800x450-70007_121453_0.jpg",800,450,false],"2048x2048":["https:\/\/infoecos.com.ar\/wp-content\/uploads\/f800x450-70007_121453_0.jpg",800,450,false],"covernews-slider-full":["https:\/\/infoecos.com.ar\/wp-content\/uploads\/f800x450-70007_121453_0.jpg",800,450,false],"covernews-slider-center":["https:\/\/infoecos.com.ar\/wp-content\/uploads\/f800x450-70007_121453_0.jpg",800,450,false],"covernews-featured":["https:\/\/infoecos.com.ar\/wp-content\/uploads\/f800x450-70007_121453_0.jpg",800,450,false],"covernews-medium":["https:\/\/infoecos.com.ar\/wp-content\/uploads\/f800x450-70007_121453_0-720x380.jpg",540,285,true],"covernews-medium-square":["https:\/\/infoecos.com.ar\/wp-content\/uploads\/f800x450-70007_121453_0-675x450.jpg",375,250,true]},"author_info":{"info":["Jorge Matheus"]},"category_info":"<a href=\"https:\/\/infoecos.com.ar\/index.php\/category\/c3nota4\/\" rel=\"category tag\">C3 N4<\/a>","tag_info":"C3 N4","comment_count":"0","_links":{"self":[{"href":"https:\/\/infoecos.com.ar\/index.php\/wp-json\/wp\/v2\/posts\/81216","targetHints":{"allow":["GET"]}}],"collection":[{"href":"https:\/\/infoecos.com.ar\/index.php\/wp-json\/wp\/v2\/posts"}],"about":[{"href":"https:\/\/infoecos.com.ar\/index.php\/wp-json\/wp\/v2\/types\/post"}],"author":[{"embeddable":true,"href":"https:\/\/infoecos.com.ar\/index.php\/wp-json\/wp\/v2\/users\/2"}],"replies":[{"embeddable":true,"href":"https:\/\/infoecos.com.ar\/index.php\/wp-json\/wp\/v2\/comments?post=81216"}],"version-history":[{"count":1,"href":"https:\/\/infoecos.com.ar\/index.php\/wp-json\/wp\/v2\/posts\/81216\/revisions"}],"predecessor-version":[{"id":81217,"href":"https:\/\/infoecos.com.ar\/index.php\/wp-json\/wp\/v2\/posts\/81216\/revisions\/81217"}],"wp:featuredmedia":[{"embeddable":true,"href":"https:\/\/infoecos.com.ar\/index.php\/wp-json\/wp\/v2\/media\/61364"}],"wp:attachment":[{"href":"https:\/\/infoecos.com.ar\/index.php\/wp-json\/wp\/v2\/media?parent=81216"}],"wp:term":[{"taxonomy":"category","embeddable":true,"href":"https:\/\/infoecos.com.ar\/index.php\/wp-json\/wp\/v2\/categories?post=81216"},{"taxonomy":"post_tag","embeddable":true,"href":"https:\/\/infoecos.com.ar\/index.php\/wp-json\/wp\/v2\/tags?post=81216"}],"curies":[{"name":"wp","href":"https:\/\/api.w.org\/{rel}","templated":true}]}}