{"id":81261,"date":"2021-07-13T18:39:54","date_gmt":"2021-07-13T21:39:54","guid":{"rendered":"http:\/\/infoecos.com.ar\/?p=81261"},"modified":"2021-07-13T18:39:55","modified_gmt":"2021-07-13T21:39:55","slug":"trenque-lauquen-sigue-en-fase-2-junto-a-otros-22-distritos","status":"publish","type":"post","link":"https:\/\/infoecos.com.ar\/index.php\/trenque-lauquen-sigue-en-fase-2-junto-a-otros-22-distritos\/","title":{"rendered":"Trenque Lauquen sigue en Fase 2 junto a otros 22 distritos"},"content":{"rendered":"\n<p>El Gobierno de la Provincia de Buenos Aires dio a conocer este martes la actualizaci\u00f3n del sistema de Fases que implement\u00f3 para los 135 distritos de su territorio seg\u00fan la situaci\u00f3n sanitaria y epidemiol\u00f3gica de cada uno y mantuvo a Trenque Lauquen en Fase 2, por lo que se conservan las flexibilidades de las que dispon\u00eda.<\/p>\n\n\n\n<div class=\"wp-block-image is-style-default\"><figure class=\"aligncenter size-medium\"><img decoding=\"async\" src=\"http:\/\/infoecos.com.ar\/wp-content\/uploads\/Acceso-23062017-1-460x307.jpg\" alt=\"\" class=\"wp-image-48389\"\/><figcaption>Trenque Lauquen &#8211; Acceso <\/figcaption><\/figure><\/div>\n\n\n\n<p>El jefe de Ministros bonaerenses, Carlos Bianco, dijo que hay 22 distritos en Fase 2, 105 en Fase 3 y 8 en Fase 4. Cada una de las fases habilita una serie de actividades que tienen que realizarse bajo el estricto cumplimiento de los protocolos que oportunamente hubieren aprobado las autoridades provinciales competentes o la autoridad sanitaria nacional y conforme las restricciones previstas.<\/p>\n\n\n\n<p>Los distritos ubicados en Fase 2 son considerados por la Provincia en \u201csituaci\u00f3n de alarma sanitaria y epidemiol\u00f3gica\u201d.<\/p>\n\n\n\n<p>El Municipio conserva como tel\u00e9fono de atenci\u00f3n para consultas en general y particulares el correspondiente al Centro de Atenci\u00f3n Telef\u00f3nica del Municipio: 147, entre las 7 y las 19 horas.<\/p>\n","protected":false},"excerpt":{"rendered":"<p>El jefe de Ministros bonaerenses, Carlos Bianco, dijo que hay 22 distritos en Fase 2, 105 en Fase 3 y 8 en Fase 4<\/p>\n","protected":false},"author":2,"featured_media":48389,"comment_status":"closed","ping_status":"open","sticky":false,"template":"","format":"standard","meta":{"footnotes":""},"categories":[29],"tags":[4233],"class_list":["post-81261","post","type-post","status-publish","format-standard","has-post-thumbnail","hentry","category-c2nota1","tag-por-alarma-epidemiologica-y-sanitaria"],"yoast_head":"<!-- This site is optimized with the Yoast SEO plugin v23.4 - https:\/\/yoast.com\/wordpress\/plugins\/seo\/ -->\n<title>Trenque Lauquen sigue en Fase 2 junto a otros 22 distritos - Infoecos<\/title>\n<meta name=\"robots\" content=\"index, follow, max-snippet:-1, max-image-preview:large, max-video-preview:-1\" \/>\n<link rel=\"canonical\" href=\"https:\/\/infoecos.com.ar\/index.php\/trenque-lauquen-sigue-en-fase-2-junto-a-otros-22-distritos\/\" \/>\n<meta property=\"og:locale\" content=\"es_ES\" \/>\n<meta property=\"og:type\" content=\"article\" \/>\n<meta property=\"og:title\" content=\"Trenque Lauquen sigue en Fase 2 junto a otros 22 distritos - Infoecos\" \/>\n<meta property=\"og:description\" content=\"El jefe de Ministros bonaerenses, Carlos Bianco, dijo que hay 22 distritos en Fase 2, 105 en Fase 3 y 8 en Fase 4\" \/>\n<meta property=\"og:url\" content=\"https:\/\/infoecos.com.ar\/index.php\/trenque-lauquen-sigue-en-fase-2-junto-a-otros-22-distritos\/\" \/>\n<meta property=\"og:site_name\" content=\"Infoecos\" \/>\n<meta property=\"article:publisher\" content=\"https:\/\/www.facebook.com\/profile.php?id=100063200290284\" \/>\n<meta property=\"article:published_time\" content=\"2021-07-13T21:39:54+00:00\" \/>\n<meta property=\"article:modified_time\" content=\"2021-07-13T21:39:55+00:00\" \/>\n<meta property=\"og:image\" content=\"https:\/\/infoecos.com.ar\/wp-content\/uploads\/Acceso-23062017-1.jpg\" \/>\n\t<meta property=\"og:image:width\" content=\"1024\" \/>\n\t<meta property=\"og:image:height\" content=\"683\" \/>\n\t<meta property=\"og:image:type\" content=\"image\/jpeg\" \/>\n<meta name=\"author\" content=\"Jorge Matheus\" \/>\n<meta name=\"twitter:card\" content=\"summary_large_image\" \/>\n<meta name=\"twitter:creator\" content=\"@infoecos\" \/>\n<meta name=\"twitter:site\" content=\"@infoecos\" \/>\n<meta name=\"twitter:label1\" content=\"Escrito por\" \/>\n\t<meta name=\"twitter:data1\" content=\"Jorge Matheus\" \/>\n\t<meta name=\"twitter:label2\" content=\"Tiempo de lectura\" \/>\n\t<meta name=\"twitter:data2\" content=\"1 minuto\" \/>\n<script type=\"application\/ld+json\" class=\"yoast-schema-graph\">{\"@context\":\"https:\/\/schema.org\",\"@graph\":[{\"@type\":\"Article\",\"@id\":\"https:\/\/infoecos.com.ar\/index.php\/trenque-lauquen-sigue-en-fase-2-junto-a-otros-22-distritos\/#article\",\"isPartOf\":{\"@id\":\"https:\/\/infoecos.com.ar\/index.php\/trenque-lauquen-sigue-en-fase-2-junto-a-otros-22-distritos\/\"},\"author\":{\"name\":\"Jorge Matheus\",\"@id\":\"https:\/\/infoecos.com.ar\/#\/schema\/person\/8f5ace5ce73b4b4aac4b7245aee6f191\"},\"headline\":\"Trenque Lauquen sigue en Fase 2 junto a otros 22 distritos\",\"datePublished\":\"2021-07-13T21:39:54+00:00\",\"dateModified\":\"2021-07-13T21:39:55+00:00\",\"mainEntityOfPage\":{\"@id\":\"https:\/\/infoecos.com.ar\/index.php\/trenque-lauquen-sigue-en-fase-2-junto-a-otros-22-distritos\/\"},\"wordCount\":179,\"publisher\":{\"@id\":\"https:\/\/infoecos.com.ar\/#organization\"},\"image\":{\"@id\":\"https:\/\/infoecos.com.ar\/index.php\/trenque-lauquen-sigue-en-fase-2-junto-a-otros-22-distritos\/#primaryimage\"},\"thumbnailUrl\":\"\",\"keywords\":[\"POR ALARMA EPIDEMIOL\u00d3GICA Y SANITARIA\"],\"articleSection\":[\"C2 nota 1\"],\"inLanguage\":\"es\"},{\"@type\":\"WebPage\",\"@id\":\"https:\/\/infoecos.com.ar\/index.php\/trenque-lauquen-sigue-en-fase-2-junto-a-otros-22-distritos\/\",\"url\":\"https:\/\/infoecos.com.ar\/index.php\/trenque-lauquen-sigue-en-fase-2-junto-a-otros-22-distritos\/\",\"name\":\"Trenque Lauquen sigue en Fase 2 junto a otros 22 distritos - Infoecos\",\"isPartOf\":{\"@id\":\"https:\/\/infoecos.com.ar\/#website\"},\"primaryImageOfPage\":{\"@id\":\"https:\/\/infoecos.com.ar\/index.php\/trenque-lauquen-sigue-en-fase-2-junto-a-otros-22-distritos\/#primaryimage\"},\"image\":{\"@id\":\"https:\/\/infoecos.com.ar\/index.php\/trenque-lauquen-sigue-en-fase-2-junto-a-otros-22-distritos\/#primaryimage\"},\"thumbnailUrl\":\"\",\"datePublished\":\"2021-07-13T21:39:54+00:00\",\"dateModified\":\"2021-07-13T21:39:55+00:00\",\"breadcrumb\":{\"@id\":\"https:\/\/infoecos.com.ar\/index.php\/trenque-lauquen-sigue-en-fase-2-junto-a-otros-22-distritos\/#breadcrumb\"},\"inLanguage\":\"es\",\"potentialAction\":[{\"@type\":\"ReadAction\",\"target\":[\"https:\/\/infoecos.com.ar\/index.php\/trenque-lauquen-sigue-en-fase-2-junto-a-otros-22-distritos\/\"]}]},{\"@type\":\"ImageObject\",\"inLanguage\":\"es\",\"@id\":\"https:\/\/infoecos.com.ar\/index.php\/trenque-lauquen-sigue-en-fase-2-junto-a-otros-22-distritos\/#primaryimage\",\"url\":\"\",\"contentUrl\":\"\"},{\"@type\":\"BreadcrumbList\",\"@id\":\"https:\/\/infoecos.com.ar\/index.php\/trenque-lauquen-sigue-en-fase-2-junto-a-otros-22-distritos\/#breadcrumb\",\"itemListElement\":[{\"@type\":\"ListItem\",\"position\":1,\"name\":\"Portada\",\"item\":\"https:\/\/infoecos.com.ar\/\"},{\"@type\":\"ListItem\",\"position\":2,\"name\":\"Trenque Lauquen sigue en Fase 2 junto a otros 22 distritos\"}]},{\"@type\":\"WebSite\",\"@id\":\"https:\/\/infoecos.com.ar\/#website\",\"url\":\"https:\/\/infoecos.com.ar\/\",\"name\":\"Infoecos\",\"description\":\"Noticias de trenque lauquen y la zona\",\"publisher\":{\"@id\":\"https:\/\/infoecos.com.ar\/#organization\"},\"alternateName\":\"Noticias\",\"potentialAction\":[{\"@type\":\"SearchAction\",\"target\":{\"@type\":\"EntryPoint\",\"urlTemplate\":\"https:\/\/infoecos.com.ar\/?s={search_term_string}\"},\"query-input\":{\"@type\":\"PropertyValueSpecification\",\"valueRequired\":true,\"valueName\":\"search_term_string\"}}],\"inLanguage\":\"es\"},{\"@type\":\"Organization\",\"@id\":\"https:\/\/infoecos.com.ar\/#organization\",\"name\":\"Infoecos\",\"alternateName\":\"Noticias\",\"url\":\"https:\/\/infoecos.com.ar\/\",\"logo\":{\"@type\":\"ImageObject\",\"inLanguage\":\"es\",\"@id\":\"https:\/\/infoecos.com.ar\/#\/schema\/logo\/image\/\",\"url\":\"https:\/\/infoecos.com.ar\/wp-content\/uploads\/2024\/03\/cropped-logo.png\",\"contentUrl\":\"https:\/\/infoecos.com.ar\/wp-content\/uploads\/2024\/03\/cropped-logo.png\",\"width\":374,\"height\":90,\"caption\":\"Infoecos\"},\"image\":{\"@id\":\"https:\/\/infoecos.com.ar\/#\/schema\/logo\/image\/\"},\"sameAs\":[\"https:\/\/www.facebook.com\/profile.php?id=100063200290284\",\"https:\/\/x.com\/infoecos\"]},{\"@type\":\"Person\",\"@id\":\"https:\/\/infoecos.com.ar\/#\/schema\/person\/8f5ace5ce73b4b4aac4b7245aee6f191\",\"name\":\"Jorge Matheus\",\"url\":\"https:\/\/infoecos.com.ar\/index.php\/author\/jomatheus\/\"}]}<\/script>\n<!-- \/ Yoast SEO plugin. -->","yoast_head_json":{"title":"Trenque Lauquen sigue en Fase 2 junto a otros 22 distritos - Infoecos","robots":{"index":"index","follow":"follow","max-snippet":"max-snippet:-1","max-image-preview":"max-image-preview:large","max-video-preview":"max-video-preview:-1"},"canonical":"https:\/\/infoecos.com.ar\/index.php\/trenque-lauquen-sigue-en-fase-2-junto-a-otros-22-distritos\/","og_locale":"es_ES","og_type":"article","og_title":"Trenque Lauquen sigue en Fase 2 junto a otros 22 distritos - Infoecos","og_description":"El jefe de Ministros bonaerenses, Carlos Bianco, dijo que hay 22 distritos en Fase 2, 105 en Fase 3 y 8 en Fase 4","og_url":"https:\/\/infoecos.com.ar\/index.php\/trenque-lauquen-sigue-en-fase-2-junto-a-otros-22-distritos\/","og_site_name":"Infoecos","article_publisher":"https:\/\/www.facebook.com\/profile.php?id=100063200290284","article_published_time":"2021-07-13T21:39:54+00:00","article_modified_time":"2021-07-13T21:39:55+00:00","og_image":[{"width":1024,"height":683,"url":"https:\/\/infoecos.com.ar\/wp-content\/uploads\/Acceso-23062017-1.jpg","type":"image\/jpeg"}],"author":"Jorge Matheus","twitter_card":"summary_large_image","twitter_creator":"@infoecos","twitter_site":"@infoecos","twitter_misc":{"Escrito por":"Jorge Matheus","Tiempo de lectura":"1 minuto"},"schema":{"@context":"https:\/\/schema.org","@graph":[{"@type":"Article","@id":"https:\/\/infoecos.com.ar\/index.php\/trenque-lauquen-sigue-en-fase-2-junto-a-otros-22-distritos\/#article","isPartOf":{"@id":"https:\/\/infoecos.com.ar\/index.php\/trenque-lauquen-sigue-en-fase-2-junto-a-otros-22-distritos\/"},"author":{"name":"Jorge Matheus","@id":"https:\/\/infoecos.com.ar\/#\/schema\/person\/8f5ace5ce73b4b4aac4b7245aee6f191"},"headline":"Trenque Lauquen sigue en Fase 2 junto a otros 22 distritos","datePublished":"2021-07-13T21:39:54+00:00","dateModified":"2021-07-13T21:39:55+00:00","mainEntityOfPage":{"@id":"https:\/\/infoecos.com.ar\/index.php\/trenque-lauquen-sigue-en-fase-2-junto-a-otros-22-distritos\/"},"wordCount":179,"publisher":{"@id":"https:\/\/infoecos.com.ar\/#organization"},"image":{"@id":"https:\/\/infoecos.com.ar\/index.php\/trenque-lauquen-sigue-en-fase-2-junto-a-otros-22-distritos\/#primaryimage"},"thumbnailUrl":"","keywords":["POR ALARMA EPIDEMIOL\u00d3GICA Y SANITARIA"],"articleSection":["C2 nota 1"],"inLanguage":"es"},{"@type":"WebPage","@id":"https:\/\/infoecos.com.ar\/index.php\/trenque-lauquen-sigue-en-fase-2-junto-a-otros-22-distritos\/","url":"https:\/\/infoecos.com.ar\/index.php\/trenque-lauquen-sigue-en-fase-2-junto-a-otros-22-distritos\/","name":"Trenque Lauquen sigue en Fase 2 junto a otros 22 distritos - Infoecos","isPartOf":{"@id":"https:\/\/infoecos.com.ar\/#website"},"primaryImageOfPage":{"@id":"https:\/\/infoecos.com.ar\/index.php\/trenque-lauquen-sigue-en-fase-2-junto-a-otros-22-distritos\/#primaryimage"},"image":{"@id":"https:\/\/infoecos.com.ar\/index.php\/trenque-lauquen-sigue-en-fase-2-junto-a-otros-22-distritos\/#primaryimage"},"thumbnailUrl":"","datePublished":"2021-07-13T21:39:54+00:00","dateModified":"2021-07-13T21:39:55+00:00","breadcrumb":{"@id":"https:\/\/infoecos.com.ar\/index.php\/trenque-lauquen-sigue-en-fase-2-junto-a-otros-22-distritos\/#breadcrumb"},"inLanguage":"es","potentialAction":[{"@type":"ReadAction","target":["https:\/\/infoecos.com.ar\/index.php\/trenque-lauquen-sigue-en-fase-2-junto-a-otros-22-distritos\/"]}]},{"@type":"ImageObject","inLanguage":"es","@id":"https:\/\/infoecos.com.ar\/index.php\/trenque-lauquen-sigue-en-fase-2-junto-a-otros-22-distritos\/#primaryimage","url":"","contentUrl":""},{"@type":"BreadcrumbList","@id":"https:\/\/infoecos.com.ar\/index.php\/trenque-lauquen-sigue-en-fase-2-junto-a-otros-22-distritos\/#breadcrumb","itemListElement":[{"@type":"ListItem","position":1,"name":"Portada","item":"https:\/\/infoecos.com.ar\/"},{"@type":"ListItem","position":2,"name":"Trenque Lauquen sigue en Fase 2 junto a otros 22 distritos"}]},{"@type":"WebSite","@id":"https:\/\/infoecos.com.ar\/#website","url":"https:\/\/infoecos.com.ar\/","name":"Infoecos","description":"Noticias de trenque lauquen y la zona","publisher":{"@id":"https:\/\/infoecos.com.ar\/#organization"},"alternateName":"Noticias","potentialAction":[{"@type":"SearchAction","target":{"@type":"EntryPoint","urlTemplate":"https:\/\/infoecos.com.ar\/?s={search_term_string}"},"query-input":{"@type":"PropertyValueSpecification","valueRequired":true,"valueName":"search_term_string"}}],"inLanguage":"es"},{"@type":"Organization","@id":"https:\/\/infoecos.com.ar\/#organization","name":"Infoecos","alternateName":"Noticias","url":"https:\/\/infoecos.com.ar\/","logo":{"@type":"ImageObject","inLanguage":"es","@id":"https:\/\/infoecos.com.ar\/#\/schema\/logo\/image\/","url":"https:\/\/infoecos.com.ar\/wp-content\/uploads\/2024\/03\/cropped-logo.png","contentUrl":"https:\/\/infoecos.com.ar\/wp-content\/uploads\/2024\/03\/cropped-logo.png","width":374,"height":90,"caption":"Infoecos"},"image":{"@id":"https:\/\/infoecos.com.ar\/#\/schema\/logo\/image\/"},"sameAs":["https:\/\/www.facebook.com\/profile.php?id=100063200290284","https:\/\/x.com\/infoecos"]},{"@type":"Person","@id":"https:\/\/infoecos.com.ar\/#\/schema\/person\/8f5ace5ce73b4b4aac4b7245aee6f191","name":"Jorge Matheus","url":"https:\/\/infoecos.com.ar\/index.php\/author\/jomatheus\/"}]}},"featured_image_urls":{"full":"","thumbnail":"","medium":"","medium_large":"","large":"","1536x1536":"","2048x2048":"","covernews-slider-full":"","covernews-slider-center":"","covernews-featured":"","covernews-medium":"","covernews-medium-square":""},"author_info":{"info":["Jorge Matheus"]},"category_info":"<a href=\"https:\/\/infoecos.com.ar\/index.php\/category\/c2nota1\/\" rel=\"category tag\">C2 nota 1<\/a>","tag_info":"C2 nota 1","comment_count":"0","_links":{"self":[{"href":"https:\/\/infoecos.com.ar\/index.php\/wp-json\/wp\/v2\/posts\/81261"}],"collection":[{"href":"https:\/\/infoecos.com.ar\/index.php\/wp-json\/wp\/v2\/posts"}],"about":[{"href":"https:\/\/infoecos.com.ar\/index.php\/wp-json\/wp\/v2\/types\/post"}],"author":[{"embeddable":true,"href":"https:\/\/infoecos.com.ar\/index.php\/wp-json\/wp\/v2\/users\/2"}],"replies":[{"embeddable":true,"href":"https:\/\/infoecos.com.ar\/index.php\/wp-json\/wp\/v2\/comments?post=81261"}],"version-history":[{"count":1,"href":"https:\/\/infoecos.com.ar\/index.php\/wp-json\/wp\/v2\/posts\/81261\/revisions"}],"predecessor-version":[{"id":81262,"href":"https:\/\/infoecos.com.ar\/index.php\/wp-json\/wp\/v2\/posts\/81261\/revisions\/81262"}],"wp:featuredmedia":[{"embeddable":true,"href":"https:\/\/infoecos.com.ar\/index.php\/wp-json\/"}],"wp:attachment":[{"href":"https:\/\/infoecos.com.ar\/index.php\/wp-json\/wp\/v2\/media?parent=81261"}],"wp:term":[{"taxonomy":"category","embeddable":true,"href":"https:\/\/infoecos.com.ar\/index.php\/wp-json\/wp\/v2\/categories?post=81261"},{"taxonomy":"post_tag","embeddable":true,"href":"https:\/\/infoecos.com.ar\/index.php\/wp-json\/wp\/v2\/tags?post=81261"}],"curies":[{"name":"wp","href":"https:\/\/api.w.org\/{rel}","templated":true}]}}