{"id":81306,"date":"2021-07-14T01:53:17","date_gmt":"2021-07-14T04:53:17","guid":{"rendered":"http:\/\/infoecos.com.ar\/?p=81306"},"modified":"2021-07-15T03:28:19","modified_gmt":"2021-07-15T06:28:19","slug":"julio-collado-lanzo-su-precandidatura-a-concejal-por-el-frente-de-todos-en-el-distrito-de-trenque-lauquen","status":"publish","type":"post","link":"https:\/\/infoecos.com.ar\/index.php\/julio-collado-lanzo-su-precandidatura-a-concejal-por-el-frente-de-todos-en-el-distrito-de-trenque-lauquen\/","title":{"rendered":"Julio Collado lanz\u00f3 su precandidatura a concejal por el Frente de Todos en el distrito de Trenque Lauquen"},"content":{"rendered":"\n<p>El dirigente peronista y ex concejal del distrito de Trenque Lauquen, doctor Julio Collado, confirm\u00f3 este martes que ser\u00e1 precandidato en las elecciones programadas para este a\u00f1o.<\/p>\n\n\n\n<div class=\"wp-block-image is-style-default\"><figure class=\"aligncenter size-medium\"><img decoding=\"async\" src=\"http:\/\/infoecos.com.ar\/wp-content\/uploads\/nota-1064005-julio-collado-manifesto-preocupado-agua-para-trenque-lauquen-140314055247-460x305.jpg\" alt=\"\" class=\"wp-image-58015\"\/><figcaption>Collado, Julio<\/figcaption><\/figure><\/div>\n\n\n\n<p>Collado entrevistado por distintos medios reconoci\u00f3 que a\u00fan no ha conversado con otra de las serias aspirantes a ocupar el primer lugar en la lista de concejales, doctora M\u00f3nica Est\u00e9vez, pero que su intenci\u00f3n es trabajar con el prop\u00f3sito de que el peronismo trenquelauquense encuentre los caminos de la unidad que lo conviertan en una verdadera alternativa de poder.<\/p>\n\n\n\n<p>El profesional que se ha venido distinguiendo en los \u00faltimos tiempos en cuestionar algunas decisiones del gobierno municipal particip\u00f3 en la campa\u00f1a del 2019 coordinando los equipos que prepararon las propuestas para la candidatura de Mart\u00edn Sotullo Lanz. En esa contienda se impuso el oficialismo, pero el Frente de Todos alcanz\u00f3 los 12 mil sufragios. Collado consultado por Infoecos manifest\u00f3 en torno a ello manifest\u00f3 que \u00abese caudal electoral lo debemos preservar y aumentar, por lo que es necesario ofrecer propuestas superadoras al actual oficialismo de Juntos por el Cambio\u00bb. <\/p>\n\n\n\n<p>Insisti\u00f3 en horas de la noche por LU 11 Radioemisora del Oeste que \u00abcoincido con la necesidad de primero intentar una unidad. Es la obligaci\u00f3n que tenemos, por las circunstancias que atravesamos y para lograr acuerdos sobre proyectos y candidatos. Pero si eso no es posible, vamos a presentar nuestra Propuesta en las PASO, que sigue siendo un modo leg\u00edtimo y democr\u00e1tico para resolver seleccionar candidatos\u00bb.<\/p>\n\n\n\n<p>Destac\u00f3 que \u00abun sector amplio de militantes y agrupaciones me respaldan para la precandidatura\u00bb y que \u00abhay un buen n\u00famero de j\u00f3venes que se suman, lo que revitalizar\u00e1 al peronismo\u00bb. <\/p>\n\n\n\n<p><\/p>\n\n\n\n<p><\/p>\n\n\n\n<p><\/p>\n\n\n\n<p><\/p>\n\n\n\n<p><\/p>\n\n\n\n<p><\/p>\n\n\n\n<p><\/p>\n","protected":false},"excerpt":{"rendered":"<p>Collado entrevistado por distintos medios reconoci\u00f3 que a\u00fan no ha conversado con otra de las serias aspirantes a ocupar el primer lugar en la lista de concejales, doctora M\u00f3nica Est\u00e9vez<\/p>\n","protected":false},"author":2,"featured_media":58015,"comment_status":"closed","ping_status":"open","sticky":false,"template":"","format":"standard","meta":{"footnotes":""},"categories":[200],"tags":[4237],"class_list":["post-81306","post","type-post","status-publish","format-standard","has-post-thumbnail","hentry","category-inferior8","tag-cerca-de-la-oficializacion-de-listas"],"yoast_head":"<!-- This site is optimized with the Yoast SEO plugin v23.4 - https:\/\/yoast.com\/wordpress\/plugins\/seo\/ -->\n<title>Julio Collado lanz\u00f3 su precandidatura a concejal por el Frente de Todos en el distrito de Trenque Lauquen - Infoecos<\/title>\n<meta name=\"robots\" content=\"index, follow, max-snippet:-1, max-image-preview:large, max-video-preview:-1\" \/>\n<link rel=\"canonical\" href=\"https:\/\/infoecos.com.ar\/index.php\/julio-collado-lanzo-su-precandidatura-a-concejal-por-el-frente-de-todos-en-el-distrito-de-trenque-lauquen\/\" \/>\n<meta property=\"og:locale\" content=\"es_ES\" \/>\n<meta property=\"og:type\" content=\"article\" \/>\n<meta property=\"og:title\" content=\"Julio Collado lanz\u00f3 su precandidatura a concejal por el Frente de Todos en el distrito de Trenque Lauquen - Infoecos\" \/>\n<meta property=\"og:description\" content=\"Collado entrevistado por distintos medios reconoci\u00f3 que a\u00fan no ha conversado con otra de las serias aspirantes a ocupar el primer lugar en la lista de concejales, doctora M\u00f3nica Est\u00e9vez\" \/>\n<meta property=\"og:url\" content=\"https:\/\/infoecos.com.ar\/index.php\/julio-collado-lanzo-su-precandidatura-a-concejal-por-el-frente-de-todos-en-el-distrito-de-trenque-lauquen\/\" \/>\n<meta property=\"og:site_name\" content=\"Infoecos\" \/>\n<meta property=\"article:publisher\" content=\"https:\/\/www.facebook.com\/profile.php?id=100063200290284\" \/>\n<meta property=\"article:published_time\" content=\"2021-07-14T04:53:17+00:00\" \/>\n<meta property=\"article:modified_time\" content=\"2021-07-15T06:28:19+00:00\" \/>\n<meta property=\"og:image\" content=\"https:\/\/infoecos.com.ar\/wp-content\/uploads\/nota-1064005-julio-collado-manifesto-preocupado-agua-para-trenque-lauquen-140314055247.jpg\" \/>\n\t<meta property=\"og:image:width\" content=\"1000\" \/>\n\t<meta property=\"og:image:height\" content=\"663\" \/>\n\t<meta property=\"og:image:type\" content=\"image\/jpeg\" \/>\n<meta name=\"author\" content=\"Jorge Matheus\" \/>\n<meta name=\"twitter:card\" content=\"summary_large_image\" \/>\n<meta name=\"twitter:creator\" content=\"@infoecos\" \/>\n<meta name=\"twitter:site\" content=\"@infoecos\" \/>\n<meta name=\"twitter:label1\" content=\"Escrito por\" \/>\n\t<meta name=\"twitter:data1\" content=\"Jorge Matheus\" \/>\n\t<meta name=\"twitter:label2\" content=\"Tiempo de lectura\" \/>\n\t<meta name=\"twitter:data2\" content=\"1 minuto\" \/>\n<script type=\"application\/ld+json\" class=\"yoast-schema-graph\">{\"@context\":\"https:\/\/schema.org\",\"@graph\":[{\"@type\":\"Article\",\"@id\":\"https:\/\/infoecos.com.ar\/index.php\/julio-collado-lanzo-su-precandidatura-a-concejal-por-el-frente-de-todos-en-el-distrito-de-trenque-lauquen\/#article\",\"isPartOf\":{\"@id\":\"https:\/\/infoecos.com.ar\/index.php\/julio-collado-lanzo-su-precandidatura-a-concejal-por-el-frente-de-todos-en-el-distrito-de-trenque-lauquen\/\"},\"author\":{\"name\":\"Jorge Matheus\",\"@id\":\"https:\/\/infoecos.com.ar\/#\/schema\/person\/8f5ace5ce73b4b4aac4b7245aee6f191\"},\"headline\":\"Julio Collado lanz\u00f3 su precandidatura a concejal por el Frente de Todos en el distrito de Trenque Lauquen\",\"datePublished\":\"2021-07-14T04:53:17+00:00\",\"dateModified\":\"2021-07-15T06:28:19+00:00\",\"mainEntityOfPage\":{\"@id\":\"https:\/\/infoecos.com.ar\/index.php\/julio-collado-lanzo-su-precandidatura-a-concejal-por-el-frente-de-todos-en-el-distrito-de-trenque-lauquen\/\"},\"wordCount\":302,\"publisher\":{\"@id\":\"https:\/\/infoecos.com.ar\/#organization\"},\"image\":{\"@id\":\"https:\/\/infoecos.com.ar\/index.php\/julio-collado-lanzo-su-precandidatura-a-concejal-por-el-frente-de-todos-en-el-distrito-de-trenque-lauquen\/#primaryimage\"},\"thumbnailUrl\":\"\",\"keywords\":[\"CERCA DE LA OFICIALIZACI\u00d3N DE LISTAS\"],\"articleSection\":[\"Bloque inferior - 8\"],\"inLanguage\":\"es\"},{\"@type\":\"WebPage\",\"@id\":\"https:\/\/infoecos.com.ar\/index.php\/julio-collado-lanzo-su-precandidatura-a-concejal-por-el-frente-de-todos-en-el-distrito-de-trenque-lauquen\/\",\"url\":\"https:\/\/infoecos.com.ar\/index.php\/julio-collado-lanzo-su-precandidatura-a-concejal-por-el-frente-de-todos-en-el-distrito-de-trenque-lauquen\/\",\"name\":\"Julio Collado lanz\u00f3 su precandidatura a concejal por el Frente de Todos en el distrito de Trenque Lauquen - Infoecos\",\"isPartOf\":{\"@id\":\"https:\/\/infoecos.com.ar\/#website\"},\"primaryImageOfPage\":{\"@id\":\"https:\/\/infoecos.com.ar\/index.php\/julio-collado-lanzo-su-precandidatura-a-concejal-por-el-frente-de-todos-en-el-distrito-de-trenque-lauquen\/#primaryimage\"},\"image\":{\"@id\":\"https:\/\/infoecos.com.ar\/index.php\/julio-collado-lanzo-su-precandidatura-a-concejal-por-el-frente-de-todos-en-el-distrito-de-trenque-lauquen\/#primaryimage\"},\"thumbnailUrl\":\"\",\"datePublished\":\"2021-07-14T04:53:17+00:00\",\"dateModified\":\"2021-07-15T06:28:19+00:00\",\"breadcrumb\":{\"@id\":\"https:\/\/infoecos.com.ar\/index.php\/julio-collado-lanzo-su-precandidatura-a-concejal-por-el-frente-de-todos-en-el-distrito-de-trenque-lauquen\/#breadcrumb\"},\"inLanguage\":\"es\",\"potentialAction\":[{\"@type\":\"ReadAction\",\"target\":[\"https:\/\/infoecos.com.ar\/index.php\/julio-collado-lanzo-su-precandidatura-a-concejal-por-el-frente-de-todos-en-el-distrito-de-trenque-lauquen\/\"]}]},{\"@type\":\"ImageObject\",\"inLanguage\":\"es\",\"@id\":\"https:\/\/infoecos.com.ar\/index.php\/julio-collado-lanzo-su-precandidatura-a-concejal-por-el-frente-de-todos-en-el-distrito-de-trenque-lauquen\/#primaryimage\",\"url\":\"\",\"contentUrl\":\"\"},{\"@type\":\"BreadcrumbList\",\"@id\":\"https:\/\/infoecos.com.ar\/index.php\/julio-collado-lanzo-su-precandidatura-a-concejal-por-el-frente-de-todos-en-el-distrito-de-trenque-lauquen\/#breadcrumb\",\"itemListElement\":[{\"@type\":\"ListItem\",\"position\":1,\"name\":\"Portada\",\"item\":\"https:\/\/infoecos.com.ar\/\"},{\"@type\":\"ListItem\",\"position\":2,\"name\":\"Julio Collado lanz\u00f3 su precandidatura a concejal por el Frente de Todos en el distrito de Trenque Lauquen\"}]},{\"@type\":\"WebSite\",\"@id\":\"https:\/\/infoecos.com.ar\/#website\",\"url\":\"https:\/\/infoecos.com.ar\/\",\"name\":\"Infoecos\",\"description\":\"Noticias de trenque lauquen y la zona\",\"publisher\":{\"@id\":\"https:\/\/infoecos.com.ar\/#organization\"},\"alternateName\":\"Noticias\",\"potentialAction\":[{\"@type\":\"SearchAction\",\"target\":{\"@type\":\"EntryPoint\",\"urlTemplate\":\"https:\/\/infoecos.com.ar\/?s={search_term_string}\"},\"query-input\":{\"@type\":\"PropertyValueSpecification\",\"valueRequired\":true,\"valueName\":\"search_term_string\"}}],\"inLanguage\":\"es\"},{\"@type\":\"Organization\",\"@id\":\"https:\/\/infoecos.com.ar\/#organization\",\"name\":\"Infoecos\",\"alternateName\":\"Noticias\",\"url\":\"https:\/\/infoecos.com.ar\/\",\"logo\":{\"@type\":\"ImageObject\",\"inLanguage\":\"es\",\"@id\":\"https:\/\/infoecos.com.ar\/#\/schema\/logo\/image\/\",\"url\":\"https:\/\/infoecos.com.ar\/wp-content\/uploads\/2024\/03\/cropped-logo.png\",\"contentUrl\":\"https:\/\/infoecos.com.ar\/wp-content\/uploads\/2024\/03\/cropped-logo.png\",\"width\":374,\"height\":90,\"caption\":\"Infoecos\"},\"image\":{\"@id\":\"https:\/\/infoecos.com.ar\/#\/schema\/logo\/image\/\"},\"sameAs\":[\"https:\/\/www.facebook.com\/profile.php?id=100063200290284\",\"https:\/\/x.com\/infoecos\"]},{\"@type\":\"Person\",\"@id\":\"https:\/\/infoecos.com.ar\/#\/schema\/person\/8f5ace5ce73b4b4aac4b7245aee6f191\",\"name\":\"Jorge Matheus\",\"url\":\"https:\/\/infoecos.com.ar\/index.php\/author\/jomatheus\/\"}]}<\/script>\n<!-- \/ Yoast SEO plugin. -->","yoast_head_json":{"title":"Julio Collado lanz\u00f3 su precandidatura a concejal por el Frente de Todos en el distrito de Trenque Lauquen - Infoecos","robots":{"index":"index","follow":"follow","max-snippet":"max-snippet:-1","max-image-preview":"max-image-preview:large","max-video-preview":"max-video-preview:-1"},"canonical":"https:\/\/infoecos.com.ar\/index.php\/julio-collado-lanzo-su-precandidatura-a-concejal-por-el-frente-de-todos-en-el-distrito-de-trenque-lauquen\/","og_locale":"es_ES","og_type":"article","og_title":"Julio Collado lanz\u00f3 su precandidatura a concejal por el Frente de Todos en el distrito de Trenque Lauquen - Infoecos","og_description":"Collado entrevistado por distintos medios reconoci\u00f3 que a\u00fan no ha conversado con otra de las serias aspirantes a ocupar el primer lugar en la lista de concejales, doctora M\u00f3nica Est\u00e9vez","og_url":"https:\/\/infoecos.com.ar\/index.php\/julio-collado-lanzo-su-precandidatura-a-concejal-por-el-frente-de-todos-en-el-distrito-de-trenque-lauquen\/","og_site_name":"Infoecos","article_publisher":"https:\/\/www.facebook.com\/profile.php?id=100063200290284","article_published_time":"2021-07-14T04:53:17+00:00","article_modified_time":"2021-07-15T06:28:19+00:00","og_image":[{"width":1000,"height":663,"url":"https:\/\/infoecos.com.ar\/wp-content\/uploads\/nota-1064005-julio-collado-manifesto-preocupado-agua-para-trenque-lauquen-140314055247.jpg","type":"image\/jpeg"}],"author":"Jorge Matheus","twitter_card":"summary_large_image","twitter_creator":"@infoecos","twitter_site":"@infoecos","twitter_misc":{"Escrito por":"Jorge Matheus","Tiempo de lectura":"1 minuto"},"schema":{"@context":"https:\/\/schema.org","@graph":[{"@type":"Article","@id":"https:\/\/infoecos.com.ar\/index.php\/julio-collado-lanzo-su-precandidatura-a-concejal-por-el-frente-de-todos-en-el-distrito-de-trenque-lauquen\/#article","isPartOf":{"@id":"https:\/\/infoecos.com.ar\/index.php\/julio-collado-lanzo-su-precandidatura-a-concejal-por-el-frente-de-todos-en-el-distrito-de-trenque-lauquen\/"},"author":{"name":"Jorge Matheus","@id":"https:\/\/infoecos.com.ar\/#\/schema\/person\/8f5ace5ce73b4b4aac4b7245aee6f191"},"headline":"Julio Collado lanz\u00f3 su precandidatura a concejal por el Frente de Todos en el distrito de Trenque Lauquen","datePublished":"2021-07-14T04:53:17+00:00","dateModified":"2021-07-15T06:28:19+00:00","mainEntityOfPage":{"@id":"https:\/\/infoecos.com.ar\/index.php\/julio-collado-lanzo-su-precandidatura-a-concejal-por-el-frente-de-todos-en-el-distrito-de-trenque-lauquen\/"},"wordCount":302,"publisher":{"@id":"https:\/\/infoecos.com.ar\/#organization"},"image":{"@id":"https:\/\/infoecos.com.ar\/index.php\/julio-collado-lanzo-su-precandidatura-a-concejal-por-el-frente-de-todos-en-el-distrito-de-trenque-lauquen\/#primaryimage"},"thumbnailUrl":"","keywords":["CERCA DE LA OFICIALIZACI\u00d3N DE LISTAS"],"articleSection":["Bloque inferior - 8"],"inLanguage":"es"},{"@type":"WebPage","@id":"https:\/\/infoecos.com.ar\/index.php\/julio-collado-lanzo-su-precandidatura-a-concejal-por-el-frente-de-todos-en-el-distrito-de-trenque-lauquen\/","url":"https:\/\/infoecos.com.ar\/index.php\/julio-collado-lanzo-su-precandidatura-a-concejal-por-el-frente-de-todos-en-el-distrito-de-trenque-lauquen\/","name":"Julio Collado lanz\u00f3 su precandidatura a concejal por el Frente de Todos en el distrito de Trenque Lauquen - Infoecos","isPartOf":{"@id":"https:\/\/infoecos.com.ar\/#website"},"primaryImageOfPage":{"@id":"https:\/\/infoecos.com.ar\/index.php\/julio-collado-lanzo-su-precandidatura-a-concejal-por-el-frente-de-todos-en-el-distrito-de-trenque-lauquen\/#primaryimage"},"image":{"@id":"https:\/\/infoecos.com.ar\/index.php\/julio-collado-lanzo-su-precandidatura-a-concejal-por-el-frente-de-todos-en-el-distrito-de-trenque-lauquen\/#primaryimage"},"thumbnailUrl":"","datePublished":"2021-07-14T04:53:17+00:00","dateModified":"2021-07-15T06:28:19+00:00","breadcrumb":{"@id":"https:\/\/infoecos.com.ar\/index.php\/julio-collado-lanzo-su-precandidatura-a-concejal-por-el-frente-de-todos-en-el-distrito-de-trenque-lauquen\/#breadcrumb"},"inLanguage":"es","potentialAction":[{"@type":"ReadAction","target":["https:\/\/infoecos.com.ar\/index.php\/julio-collado-lanzo-su-precandidatura-a-concejal-por-el-frente-de-todos-en-el-distrito-de-trenque-lauquen\/"]}]},{"@type":"ImageObject","inLanguage":"es","@id":"https:\/\/infoecos.com.ar\/index.php\/julio-collado-lanzo-su-precandidatura-a-concejal-por-el-frente-de-todos-en-el-distrito-de-trenque-lauquen\/#primaryimage","url":"","contentUrl":""},{"@type":"BreadcrumbList","@id":"https:\/\/infoecos.com.ar\/index.php\/julio-collado-lanzo-su-precandidatura-a-concejal-por-el-frente-de-todos-en-el-distrito-de-trenque-lauquen\/#breadcrumb","itemListElement":[{"@type":"ListItem","position":1,"name":"Portada","item":"https:\/\/infoecos.com.ar\/"},{"@type":"ListItem","position":2,"name":"Julio Collado lanz\u00f3 su precandidatura a concejal por el Frente de Todos en el distrito de Trenque Lauquen"}]},{"@type":"WebSite","@id":"https:\/\/infoecos.com.ar\/#website","url":"https:\/\/infoecos.com.ar\/","name":"Infoecos","description":"Noticias de trenque lauquen y la zona","publisher":{"@id":"https:\/\/infoecos.com.ar\/#organization"},"alternateName":"Noticias","potentialAction":[{"@type":"SearchAction","target":{"@type":"EntryPoint","urlTemplate":"https:\/\/infoecos.com.ar\/?s={search_term_string}"},"query-input":{"@type":"PropertyValueSpecification","valueRequired":true,"valueName":"search_term_string"}}],"inLanguage":"es"},{"@type":"Organization","@id":"https:\/\/infoecos.com.ar\/#organization","name":"Infoecos","alternateName":"Noticias","url":"https:\/\/infoecos.com.ar\/","logo":{"@type":"ImageObject","inLanguage":"es","@id":"https:\/\/infoecos.com.ar\/#\/schema\/logo\/image\/","url":"https:\/\/infoecos.com.ar\/wp-content\/uploads\/2024\/03\/cropped-logo.png","contentUrl":"https:\/\/infoecos.com.ar\/wp-content\/uploads\/2024\/03\/cropped-logo.png","width":374,"height":90,"caption":"Infoecos"},"image":{"@id":"https:\/\/infoecos.com.ar\/#\/schema\/logo\/image\/"},"sameAs":["https:\/\/www.facebook.com\/profile.php?id=100063200290284","https:\/\/x.com\/infoecos"]},{"@type":"Person","@id":"https:\/\/infoecos.com.ar\/#\/schema\/person\/8f5ace5ce73b4b4aac4b7245aee6f191","name":"Jorge Matheus","url":"https:\/\/infoecos.com.ar\/index.php\/author\/jomatheus\/"}]}},"featured_image_urls":{"full":"","thumbnail":"","medium":"","medium_large":"","large":"","1536x1536":"","2048x2048":"","covernews-slider-full":"","covernews-slider-center":"","covernews-featured":"","covernews-medium":"","covernews-medium-square":""},"author_info":{"info":["Jorge Matheus"]},"category_info":"<a href=\"https:\/\/infoecos.com.ar\/index.php\/category\/inferior8\/\" rel=\"category tag\">Bloque inferior - 8<\/a>","tag_info":"Bloque inferior - 8","comment_count":"0","_links":{"self":[{"href":"https:\/\/infoecos.com.ar\/index.php\/wp-json\/wp\/v2\/posts\/81306"}],"collection":[{"href":"https:\/\/infoecos.com.ar\/index.php\/wp-json\/wp\/v2\/posts"}],"about":[{"href":"https:\/\/infoecos.com.ar\/index.php\/wp-json\/wp\/v2\/types\/post"}],"author":[{"embeddable":true,"href":"https:\/\/infoecos.com.ar\/index.php\/wp-json\/wp\/v2\/users\/2"}],"replies":[{"embeddable":true,"href":"https:\/\/infoecos.com.ar\/index.php\/wp-json\/wp\/v2\/comments?post=81306"}],"version-history":[{"count":1,"href":"https:\/\/infoecos.com.ar\/index.php\/wp-json\/wp\/v2\/posts\/81306\/revisions"}],"predecessor-version":[{"id":81307,"href":"https:\/\/infoecos.com.ar\/index.php\/wp-json\/wp\/v2\/posts\/81306\/revisions\/81307"}],"wp:featuredmedia":[{"embeddable":true,"href":"https:\/\/infoecos.com.ar\/index.php\/wp-json\/"}],"wp:attachment":[{"href":"https:\/\/infoecos.com.ar\/index.php\/wp-json\/wp\/v2\/media?parent=81306"}],"wp:term":[{"taxonomy":"category","embeddable":true,"href":"https:\/\/infoecos.com.ar\/index.php\/wp-json\/wp\/v2\/categories?post=81306"},{"taxonomy":"post_tag","embeddable":true,"href":"https:\/\/infoecos.com.ar\/index.php\/wp-json\/wp\/v2\/tags?post=81306"}],"curies":[{"name":"wp","href":"https:\/\/api.w.org\/{rel}","templated":true}]}}