{"id":81313,"date":"2021-07-14T02:16:57","date_gmt":"2021-07-14T05:16:57","guid":{"rendered":"http:\/\/infoecos.com.ar\/?p=81313"},"modified":"2021-07-15T03:28:00","modified_gmt":"2021-07-15T06:28:00","slug":"estela-diaz-y-acompanar-en-pehuajo-estamos-haciendo-un-operativo-integral-para-garantizar-el-acceso-al-programa","status":"publish","type":"post","link":"https:\/\/infoecos.com.ar\/index.php\/estela-diaz-y-acompanar-en-pehuajo-estamos-haciendo-un-operativo-integral-para-garantizar-el-acceso-al-programa\/","title":{"rendered":"Estela D\u00edaz y Acompa\u00f1ar en Pehuaj\u00f3: \u201cEstamos haciendo un operativo integral para garantizar el acceso al programa\u00bb"},"content":{"rendered":"\n<p>La ministra de las Mujeres, Pol\u00edticas de G\u00e9nero y Diversidad Sexual, Estela D\u00edaz, luego de estar en Carlos Casares se dirigi\u00f3 a Pehuaj\u00f3. Particip\u00f3 junto al intendente Pablo Zurro del operativo Acompa\u00f1ar que se realiza en ese distrito, en el Centro Comunitario Rural CIC, junto a las subsecretar\u00edas Luc\u00eda Portos y Flavia Delmas. All\u00ed los equipos de la direcci\u00f3n de Abordaje Territorial del Ministerio junto a trabajadoras municipales, del ANSES y del Banco Provincia recepcionaron a quienes se acercaron a inscribirse al programa.&nbsp;<\/p>\n\n\n\n<div class=\"wp-block-image is-style-default\"><figure class=\"aligncenter size-medium\"><img loading=\"lazy\" decoding=\"async\" width=\"460\" height=\"307\" src=\"http:\/\/infoecos.com.ar\/wp-content\/uploads\/2021\/07\/Acompanar-Pehuajo-6-460x307.jpeg\" alt=\"\" class=\"wp-image-81314\" srcset=\"https:\/\/infoecos.com.ar\/wp-content\/uploads\/2021\/07\/Acompanar-Pehuajo-6-460x307.jpeg 460w, https:\/\/infoecos.com.ar\/wp-content\/uploads\/2021\/07\/Acompanar-Pehuajo-6-920x613.jpeg 920w, https:\/\/infoecos.com.ar\/wp-content\/uploads\/2021\/07\/Acompanar-Pehuajo-6-768x512.jpeg 768w, https:\/\/infoecos.com.ar\/wp-content\/uploads\/2021\/07\/Acompanar-Pehuajo-6-1536x1024.jpeg 1536w, https:\/\/infoecos.com.ar\/wp-content\/uploads\/2021\/07\/Acompanar-Pehuajo-6-1024x683.jpeg 1024w, https:\/\/infoecos.com.ar\/wp-content\/uploads\/2021\/07\/Acompanar-Pehuajo-6-675x450.jpeg 675w, https:\/\/infoecos.com.ar\/wp-content\/uploads\/2021\/07\/Acompanar-Pehuajo-6.jpeg 1599w\" sizes=\"(max-width: 460px) 100vw, 460px\" \/><\/figure><\/div>\n\n\n\n<p>\u201cEstamos haciendo un operativo integral para garantizar el acceso al programa a quienes tienen la necesidad de un ingreso econ\u00f3mico para el proceso de la salida de las violencias. Aqu\u00ed hay una articulaci\u00f3n de pol\u00edticas que se complementan con otros programas que nosotras ya trajimos al municipio que fortalece los equipos de atenci\u00f3n interdisciplinarios\u201d detall\u00f3 Estela Diaz.<\/p>\n\n\n\n<p>El programa Acompa\u00f1ar integra el plan nacional de acci\u00f3n contra la violencia de g\u00e9nero 2020-2022 y su objetivo es crear condiciones materiales que garanticen que mujeres y LGTBI+ en situaci\u00f3n de violencia de g\u00e9nero, puedan desarrollar un proyecto de vida aut\u00f3nomo. Contempla un apoyo econ\u00f3mico equivalente al Salario M\u00ednimo, Vital y M\u00f3vil durante seis meses consecutivos.&nbsp;<\/p>\n\n\n\n<div class=\"wp-block-image is-style-default\"><figure class=\"aligncenter size-medium\"><img loading=\"lazy\" decoding=\"async\" width=\"460\" height=\"306\" src=\"http:\/\/infoecos.com.ar\/wp-content\/uploads\/2021\/07\/Acompanar-Pehuajo-1-460x306.jpeg\" alt=\"\" class=\"wp-image-81315\" srcset=\"https:\/\/infoecos.com.ar\/wp-content\/uploads\/2021\/07\/Acompanar-Pehuajo-1-460x306.jpeg 460w, https:\/\/infoecos.com.ar\/wp-content\/uploads\/2021\/07\/Acompanar-Pehuajo-1-920x613.jpeg 920w, https:\/\/infoecos.com.ar\/wp-content\/uploads\/2021\/07\/Acompanar-Pehuajo-1-768x511.jpeg 768w, https:\/\/infoecos.com.ar\/wp-content\/uploads\/2021\/07\/Acompanar-Pehuajo-1-1024x682.jpeg 1024w, https:\/\/infoecos.com.ar\/wp-content\/uploads\/2021\/07\/Acompanar-Pehuajo-1-675x450.jpeg 675w, https:\/\/infoecos.com.ar\/wp-content\/uploads\/2021\/07\/Acompanar-Pehuajo-1.jpeg 1494w\" sizes=\"(max-width: 460px) 100vw, 460px\" \/><\/figure><\/div>\n\n\n\n<p>El intendente de Pehuaj\u00f3 se\u00f1al\u00f3: \u201csiempre fuimos un municipio que trabaj\u00f3 para la inclusi\u00f3n. Nosotros mantuvimos una pol\u00edtica de apoyar el matrimonio igualitario, las pol\u00edticas de g\u00e9nero, tuvimos una continuidad de trabajo\u201d. Record\u00f3 que los primeros debates sobre la interrupci\u00f3n legal del embarazo se dieron en el distrito en 2013 y el impulso a la pol\u00edtica de cierre de los prost\u00edbulos en el distrito.&nbsp;<\/p>\n\n\n\n<p>Participaron del operativo la subsecretaria de Desarrollo Humano de Naci\u00f3n Laura Berardo;&nbsp; la directora de la Mujer, Pol\u00edticas de G\u00e9nero y Diversidad Sexual de Carlos Casares Marilina Bongianino, la titular de la Oficina de G\u00e9nero, Diversidad y Violencia Familiar de Hip\u00f3lito Yrigoyen Claudia Zara; la concejala de Trenque Lauquen Maria Galeano y la secretaria de Juventudes, G\u00e9nero y DDHH local Daniela Viera.<\/p>\n","protected":false},"excerpt":{"rendered":"<p>El intendente de Pehuaj\u00f3 se\u00f1al\u00f3: \u201csiempre fuimos un municipio que trabaj\u00f3 para la inclusi\u00f3n\u00bb<\/p>\n","protected":false},"author":2,"featured_media":81315,"comment_status":"closed","ping_status":"open","sticky":false,"template":"","format":"standard","meta":{"footnotes":""},"categories":[199],"tags":[4239],"class_list":["post-81313","post","type-post","status-publish","format-standard","has-post-thumbnail","hentry","category-inferior7","tag-de-carlos-casares-a-pehuajo"],"yoast_head":"<!-- This site is optimized with the Yoast SEO plugin v23.4 - https:\/\/yoast.com\/wordpress\/plugins\/seo\/ -->\n<title>Estela D\u00edaz y Acompa\u00f1ar en Pehuaj\u00f3: \u201cEstamos haciendo un operativo integral para garantizar el acceso al programa&quot; - Infoecos<\/title>\n<meta name=\"robots\" content=\"index, follow, max-snippet:-1, max-image-preview:large, max-video-preview:-1\" \/>\n<link rel=\"canonical\" href=\"https:\/\/infoecos.com.ar\/index.php\/estela-diaz-y-acompanar-en-pehuajo-estamos-haciendo-un-operativo-integral-para-garantizar-el-acceso-al-programa\/\" \/>\n<meta property=\"og:locale\" content=\"es_ES\" \/>\n<meta property=\"og:type\" content=\"article\" \/>\n<meta property=\"og:title\" content=\"Estela D\u00edaz y Acompa\u00f1ar en Pehuaj\u00f3: \u201cEstamos haciendo un operativo integral para garantizar el acceso al programa&quot; - Infoecos\" \/>\n<meta property=\"og:description\" content=\"El intendente de Pehuaj\u00f3 se\u00f1al\u00f3: \u201csiempre fuimos un municipio que trabaj\u00f3 para la inclusi\u00f3n&quot;\" \/>\n<meta property=\"og:url\" content=\"https:\/\/infoecos.com.ar\/index.php\/estela-diaz-y-acompanar-en-pehuajo-estamos-haciendo-un-operativo-integral-para-garantizar-el-acceso-al-programa\/\" \/>\n<meta property=\"og:site_name\" content=\"Infoecos\" \/>\n<meta property=\"article:publisher\" content=\"https:\/\/www.facebook.com\/profile.php?id=100063200290284\" \/>\n<meta property=\"article:published_time\" content=\"2021-07-14T05:16:57+00:00\" \/>\n<meta property=\"article:modified_time\" content=\"2021-07-15T06:28:00+00:00\" \/>\n<meta property=\"og:image\" content=\"https:\/\/infoecos.com.ar\/wp-content\/uploads\/2021\/07\/Acompanar-Pehuajo-1.jpeg\" \/>\n\t<meta property=\"og:image:width\" content=\"1494\" \/>\n\t<meta property=\"og:image:height\" content=\"995\" \/>\n\t<meta property=\"og:image:type\" content=\"image\/jpeg\" \/>\n<meta name=\"author\" content=\"Jorge Matheus\" \/>\n<meta name=\"twitter:card\" content=\"summary_large_image\" \/>\n<meta name=\"twitter:creator\" content=\"@infoecos\" \/>\n<meta name=\"twitter:site\" content=\"@infoecos\" \/>\n<meta name=\"twitter:label1\" content=\"Escrito por\" \/>\n\t<meta name=\"twitter:data1\" content=\"Jorge Matheus\" \/>\n\t<meta name=\"twitter:label2\" content=\"Tiempo de lectura\" \/>\n\t<meta name=\"twitter:data2\" content=\"2 minutos\" \/>\n<script type=\"application\/ld+json\" class=\"yoast-schema-graph\">{\"@context\":\"https:\/\/schema.org\",\"@graph\":[{\"@type\":\"Article\",\"@id\":\"https:\/\/infoecos.com.ar\/index.php\/estela-diaz-y-acompanar-en-pehuajo-estamos-haciendo-un-operativo-integral-para-garantizar-el-acceso-al-programa\/#article\",\"isPartOf\":{\"@id\":\"https:\/\/infoecos.com.ar\/index.php\/estela-diaz-y-acompanar-en-pehuajo-estamos-haciendo-un-operativo-integral-para-garantizar-el-acceso-al-programa\/\"},\"author\":{\"name\":\"Jorge Matheus\",\"@id\":\"https:\/\/infoecos.com.ar\/#\/schema\/person\/8f5ace5ce73b4b4aac4b7245aee6f191\"},\"headline\":\"Estela D\u00edaz y Acompa\u00f1ar en Pehuaj\u00f3: \u201cEstamos haciendo un operativo integral para garantizar el acceso al programa\u00bb\",\"datePublished\":\"2021-07-14T05:16:57+00:00\",\"dateModified\":\"2021-07-15T06:28:00+00:00\",\"mainEntityOfPage\":{\"@id\":\"https:\/\/infoecos.com.ar\/index.php\/estela-diaz-y-acompanar-en-pehuajo-estamos-haciendo-un-operativo-integral-para-garantizar-el-acceso-al-programa\/\"},\"wordCount\":378,\"publisher\":{\"@id\":\"https:\/\/infoecos.com.ar\/#organization\"},\"image\":{\"@id\":\"https:\/\/infoecos.com.ar\/index.php\/estela-diaz-y-acompanar-en-pehuajo-estamos-haciendo-un-operativo-integral-para-garantizar-el-acceso-al-programa\/#primaryimage\"},\"thumbnailUrl\":\"https:\/\/infoecos.com.ar\/wp-content\/uploads\/2021\/07\/Acompanar-Pehuajo-1.jpeg\",\"keywords\":[\"DE CARLOS CASARES A PEHUAJ\u00d3\"],\"articleSection\":[\"Bloque inferior - 7\"],\"inLanguage\":\"es\"},{\"@type\":\"WebPage\",\"@id\":\"https:\/\/infoecos.com.ar\/index.php\/estela-diaz-y-acompanar-en-pehuajo-estamos-haciendo-un-operativo-integral-para-garantizar-el-acceso-al-programa\/\",\"url\":\"https:\/\/infoecos.com.ar\/index.php\/estela-diaz-y-acompanar-en-pehuajo-estamos-haciendo-un-operativo-integral-para-garantizar-el-acceso-al-programa\/\",\"name\":\"Estela D\u00edaz y Acompa\u00f1ar en Pehuaj\u00f3: \u201cEstamos haciendo un operativo integral para garantizar el acceso al programa\\\" - Infoecos\",\"isPartOf\":{\"@id\":\"https:\/\/infoecos.com.ar\/#website\"},\"primaryImageOfPage\":{\"@id\":\"https:\/\/infoecos.com.ar\/index.php\/estela-diaz-y-acompanar-en-pehuajo-estamos-haciendo-un-operativo-integral-para-garantizar-el-acceso-al-programa\/#primaryimage\"},\"image\":{\"@id\":\"https:\/\/infoecos.com.ar\/index.php\/estela-diaz-y-acompanar-en-pehuajo-estamos-haciendo-un-operativo-integral-para-garantizar-el-acceso-al-programa\/#primaryimage\"},\"thumbnailUrl\":\"https:\/\/infoecos.com.ar\/wp-content\/uploads\/2021\/07\/Acompanar-Pehuajo-1.jpeg\",\"datePublished\":\"2021-07-14T05:16:57+00:00\",\"dateModified\":\"2021-07-15T06:28:00+00:00\",\"breadcrumb\":{\"@id\":\"https:\/\/infoecos.com.ar\/index.php\/estela-diaz-y-acompanar-en-pehuajo-estamos-haciendo-un-operativo-integral-para-garantizar-el-acceso-al-programa\/#breadcrumb\"},\"inLanguage\":\"es\",\"potentialAction\":[{\"@type\":\"ReadAction\",\"target\":[\"https:\/\/infoecos.com.ar\/index.php\/estela-diaz-y-acompanar-en-pehuajo-estamos-haciendo-un-operativo-integral-para-garantizar-el-acceso-al-programa\/\"]}]},{\"@type\":\"ImageObject\",\"inLanguage\":\"es\",\"@id\":\"https:\/\/infoecos.com.ar\/index.php\/estela-diaz-y-acompanar-en-pehuajo-estamos-haciendo-un-operativo-integral-para-garantizar-el-acceso-al-programa\/#primaryimage\",\"url\":\"https:\/\/infoecos.com.ar\/wp-content\/uploads\/2021\/07\/Acompanar-Pehuajo-1.jpeg\",\"contentUrl\":\"https:\/\/infoecos.com.ar\/wp-content\/uploads\/2021\/07\/Acompanar-Pehuajo-1.jpeg\",\"width\":1494,\"height\":995},{\"@type\":\"BreadcrumbList\",\"@id\":\"https:\/\/infoecos.com.ar\/index.php\/estela-diaz-y-acompanar-en-pehuajo-estamos-haciendo-un-operativo-integral-para-garantizar-el-acceso-al-programa\/#breadcrumb\",\"itemListElement\":[{\"@type\":\"ListItem\",\"position\":1,\"name\":\"Portada\",\"item\":\"https:\/\/infoecos.com.ar\/\"},{\"@type\":\"ListItem\",\"position\":2,\"name\":\"Estela D\u00edaz y Acompa\u00f1ar en Pehuaj\u00f3: \u201cEstamos haciendo un operativo integral para garantizar el acceso al programa\u00bb\"}]},{\"@type\":\"WebSite\",\"@id\":\"https:\/\/infoecos.com.ar\/#website\",\"url\":\"https:\/\/infoecos.com.ar\/\",\"name\":\"Infoecos\",\"description\":\"Noticias de trenque lauquen y la zona\",\"publisher\":{\"@id\":\"https:\/\/infoecos.com.ar\/#organization\"},\"alternateName\":\"Noticias\",\"potentialAction\":[{\"@type\":\"SearchAction\",\"target\":{\"@type\":\"EntryPoint\",\"urlTemplate\":\"https:\/\/infoecos.com.ar\/?s={search_term_string}\"},\"query-input\":{\"@type\":\"PropertyValueSpecification\",\"valueRequired\":true,\"valueName\":\"search_term_string\"}}],\"inLanguage\":\"es\"},{\"@type\":\"Organization\",\"@id\":\"https:\/\/infoecos.com.ar\/#organization\",\"name\":\"Infoecos\",\"alternateName\":\"Noticias\",\"url\":\"https:\/\/infoecos.com.ar\/\",\"logo\":{\"@type\":\"ImageObject\",\"inLanguage\":\"es\",\"@id\":\"https:\/\/infoecos.com.ar\/#\/schema\/logo\/image\/\",\"url\":\"https:\/\/infoecos.com.ar\/wp-content\/uploads\/2024\/03\/cropped-logo.png\",\"contentUrl\":\"https:\/\/infoecos.com.ar\/wp-content\/uploads\/2024\/03\/cropped-logo.png\",\"width\":374,\"height\":90,\"caption\":\"Infoecos\"},\"image\":{\"@id\":\"https:\/\/infoecos.com.ar\/#\/schema\/logo\/image\/\"},\"sameAs\":[\"https:\/\/www.facebook.com\/profile.php?id=100063200290284\",\"https:\/\/x.com\/infoecos\"]},{\"@type\":\"Person\",\"@id\":\"https:\/\/infoecos.com.ar\/#\/schema\/person\/8f5ace5ce73b4b4aac4b7245aee6f191\",\"name\":\"Jorge Matheus\",\"url\":\"https:\/\/infoecos.com.ar\/index.php\/author\/jomatheus\/\"}]}<\/script>\n<!-- \/ Yoast SEO plugin. -->","yoast_head_json":{"title":"Estela D\u00edaz y Acompa\u00f1ar en Pehuaj\u00f3: \u201cEstamos haciendo un operativo integral para garantizar el acceso al programa\" - Infoecos","robots":{"index":"index","follow":"follow","max-snippet":"max-snippet:-1","max-image-preview":"max-image-preview:large","max-video-preview":"max-video-preview:-1"},"canonical":"https:\/\/infoecos.com.ar\/index.php\/estela-diaz-y-acompanar-en-pehuajo-estamos-haciendo-un-operativo-integral-para-garantizar-el-acceso-al-programa\/","og_locale":"es_ES","og_type":"article","og_title":"Estela D\u00edaz y Acompa\u00f1ar en Pehuaj\u00f3: \u201cEstamos haciendo un operativo integral para garantizar el acceso al programa\" - Infoecos","og_description":"El intendente de Pehuaj\u00f3 se\u00f1al\u00f3: \u201csiempre fuimos un municipio que trabaj\u00f3 para la inclusi\u00f3n\"","og_url":"https:\/\/infoecos.com.ar\/index.php\/estela-diaz-y-acompanar-en-pehuajo-estamos-haciendo-un-operativo-integral-para-garantizar-el-acceso-al-programa\/","og_site_name":"Infoecos","article_publisher":"https:\/\/www.facebook.com\/profile.php?id=100063200290284","article_published_time":"2021-07-14T05:16:57+00:00","article_modified_time":"2021-07-15T06:28:00+00:00","og_image":[{"width":1494,"height":995,"url":"https:\/\/infoecos.com.ar\/wp-content\/uploads\/2021\/07\/Acompanar-Pehuajo-1.jpeg","type":"image\/jpeg"}],"author":"Jorge Matheus","twitter_card":"summary_large_image","twitter_creator":"@infoecos","twitter_site":"@infoecos","twitter_misc":{"Escrito por":"Jorge Matheus","Tiempo de lectura":"2 minutos"},"schema":{"@context":"https:\/\/schema.org","@graph":[{"@type":"Article","@id":"https:\/\/infoecos.com.ar\/index.php\/estela-diaz-y-acompanar-en-pehuajo-estamos-haciendo-un-operativo-integral-para-garantizar-el-acceso-al-programa\/#article","isPartOf":{"@id":"https:\/\/infoecos.com.ar\/index.php\/estela-diaz-y-acompanar-en-pehuajo-estamos-haciendo-un-operativo-integral-para-garantizar-el-acceso-al-programa\/"},"author":{"name":"Jorge Matheus","@id":"https:\/\/infoecos.com.ar\/#\/schema\/person\/8f5ace5ce73b4b4aac4b7245aee6f191"},"headline":"Estela D\u00edaz y Acompa\u00f1ar en Pehuaj\u00f3: \u201cEstamos haciendo un operativo integral para garantizar el acceso al programa\u00bb","datePublished":"2021-07-14T05:16:57+00:00","dateModified":"2021-07-15T06:28:00+00:00","mainEntityOfPage":{"@id":"https:\/\/infoecos.com.ar\/index.php\/estela-diaz-y-acompanar-en-pehuajo-estamos-haciendo-un-operativo-integral-para-garantizar-el-acceso-al-programa\/"},"wordCount":378,"publisher":{"@id":"https:\/\/infoecos.com.ar\/#organization"},"image":{"@id":"https:\/\/infoecos.com.ar\/index.php\/estela-diaz-y-acompanar-en-pehuajo-estamos-haciendo-un-operativo-integral-para-garantizar-el-acceso-al-programa\/#primaryimage"},"thumbnailUrl":"https:\/\/infoecos.com.ar\/wp-content\/uploads\/2021\/07\/Acompanar-Pehuajo-1.jpeg","keywords":["DE CARLOS CASARES A PEHUAJ\u00d3"],"articleSection":["Bloque inferior - 7"],"inLanguage":"es"},{"@type":"WebPage","@id":"https:\/\/infoecos.com.ar\/index.php\/estela-diaz-y-acompanar-en-pehuajo-estamos-haciendo-un-operativo-integral-para-garantizar-el-acceso-al-programa\/","url":"https:\/\/infoecos.com.ar\/index.php\/estela-diaz-y-acompanar-en-pehuajo-estamos-haciendo-un-operativo-integral-para-garantizar-el-acceso-al-programa\/","name":"Estela D\u00edaz y Acompa\u00f1ar en Pehuaj\u00f3: \u201cEstamos haciendo un operativo integral para garantizar el acceso al programa\" - Infoecos","isPartOf":{"@id":"https:\/\/infoecos.com.ar\/#website"},"primaryImageOfPage":{"@id":"https:\/\/infoecos.com.ar\/index.php\/estela-diaz-y-acompanar-en-pehuajo-estamos-haciendo-un-operativo-integral-para-garantizar-el-acceso-al-programa\/#primaryimage"},"image":{"@id":"https:\/\/infoecos.com.ar\/index.php\/estela-diaz-y-acompanar-en-pehuajo-estamos-haciendo-un-operativo-integral-para-garantizar-el-acceso-al-programa\/#primaryimage"},"thumbnailUrl":"https:\/\/infoecos.com.ar\/wp-content\/uploads\/2021\/07\/Acompanar-Pehuajo-1.jpeg","datePublished":"2021-07-14T05:16:57+00:00","dateModified":"2021-07-15T06:28:00+00:00","breadcrumb":{"@id":"https:\/\/infoecos.com.ar\/index.php\/estela-diaz-y-acompanar-en-pehuajo-estamos-haciendo-un-operativo-integral-para-garantizar-el-acceso-al-programa\/#breadcrumb"},"inLanguage":"es","potentialAction":[{"@type":"ReadAction","target":["https:\/\/infoecos.com.ar\/index.php\/estela-diaz-y-acompanar-en-pehuajo-estamos-haciendo-un-operativo-integral-para-garantizar-el-acceso-al-programa\/"]}]},{"@type":"ImageObject","inLanguage":"es","@id":"https:\/\/infoecos.com.ar\/index.php\/estela-diaz-y-acompanar-en-pehuajo-estamos-haciendo-un-operativo-integral-para-garantizar-el-acceso-al-programa\/#primaryimage","url":"https:\/\/infoecos.com.ar\/wp-content\/uploads\/2021\/07\/Acompanar-Pehuajo-1.jpeg","contentUrl":"https:\/\/infoecos.com.ar\/wp-content\/uploads\/2021\/07\/Acompanar-Pehuajo-1.jpeg","width":1494,"height":995},{"@type":"BreadcrumbList","@id":"https:\/\/infoecos.com.ar\/index.php\/estela-diaz-y-acompanar-en-pehuajo-estamos-haciendo-un-operativo-integral-para-garantizar-el-acceso-al-programa\/#breadcrumb","itemListElement":[{"@type":"ListItem","position":1,"name":"Portada","item":"https:\/\/infoecos.com.ar\/"},{"@type":"ListItem","position":2,"name":"Estela D\u00edaz y Acompa\u00f1ar en Pehuaj\u00f3: \u201cEstamos haciendo un operativo integral para garantizar el acceso al programa\u00bb"}]},{"@type":"WebSite","@id":"https:\/\/infoecos.com.ar\/#website","url":"https:\/\/infoecos.com.ar\/","name":"Infoecos","description":"Noticias de trenque lauquen y la zona","publisher":{"@id":"https:\/\/infoecos.com.ar\/#organization"},"alternateName":"Noticias","potentialAction":[{"@type":"SearchAction","target":{"@type":"EntryPoint","urlTemplate":"https:\/\/infoecos.com.ar\/?s={search_term_string}"},"query-input":{"@type":"PropertyValueSpecification","valueRequired":true,"valueName":"search_term_string"}}],"inLanguage":"es"},{"@type":"Organization","@id":"https:\/\/infoecos.com.ar\/#organization","name":"Infoecos","alternateName":"Noticias","url":"https:\/\/infoecos.com.ar\/","logo":{"@type":"ImageObject","inLanguage":"es","@id":"https:\/\/infoecos.com.ar\/#\/schema\/logo\/image\/","url":"https:\/\/infoecos.com.ar\/wp-content\/uploads\/2024\/03\/cropped-logo.png","contentUrl":"https:\/\/infoecos.com.ar\/wp-content\/uploads\/2024\/03\/cropped-logo.png","width":374,"height":90,"caption":"Infoecos"},"image":{"@id":"https:\/\/infoecos.com.ar\/#\/schema\/logo\/image\/"},"sameAs":["https:\/\/www.facebook.com\/profile.php?id=100063200290284","https:\/\/x.com\/infoecos"]},{"@type":"Person","@id":"https:\/\/infoecos.com.ar\/#\/schema\/person\/8f5ace5ce73b4b4aac4b7245aee6f191","name":"Jorge Matheus","url":"https:\/\/infoecos.com.ar\/index.php\/author\/jomatheus\/"}]}},"featured_image_urls":{"full":["https:\/\/infoecos.com.ar\/wp-content\/uploads\/2021\/07\/Acompanar-Pehuajo-1.jpeg",1494,995,false],"thumbnail":["https:\/\/infoecos.com.ar\/wp-content\/uploads\/2021\/07\/Acompanar-Pehuajo-1-150x150.jpeg",150,150,true],"medium":["https:\/\/infoecos.com.ar\/wp-content\/uploads\/2021\/07\/Acompanar-Pehuajo-1-460x306.jpeg",460,306,true],"medium_large":["https:\/\/infoecos.com.ar\/wp-content\/uploads\/2021\/07\/Acompanar-Pehuajo-1-768x511.jpeg",640,426,true],"large":["https:\/\/infoecos.com.ar\/wp-content\/uploads\/2021\/07\/Acompanar-Pehuajo-1-920x613.jpeg",640,426,true],"1536x1536":["https:\/\/infoecos.com.ar\/wp-content\/uploads\/2021\/07\/Acompanar-Pehuajo-1.jpeg",1494,995,false],"2048x2048":["https:\/\/infoecos.com.ar\/wp-content\/uploads\/2021\/07\/Acompanar-Pehuajo-1.jpeg",1494,995,false],"covernews-slider-full":["https:\/\/infoecos.com.ar\/wp-content\/uploads\/2021\/07\/Acompanar-Pehuajo-1.jpeg",1074,715,false],"covernews-slider-center":["https:\/\/infoecos.com.ar\/wp-content\/uploads\/2021\/07\/Acompanar-Pehuajo-1-936x897.jpeg",522,500,true],"covernews-featured":["https:\/\/infoecos.com.ar\/wp-content\/uploads\/2021\/07\/Acompanar-Pehuajo-1-1024x682.jpeg",1024,682,true],"covernews-medium":["https:\/\/infoecos.com.ar\/wp-content\/uploads\/2021\/07\/Acompanar-Pehuajo-1-720x380.jpeg",540,285,true],"covernews-medium-square":["https:\/\/infoecos.com.ar\/wp-content\/uploads\/2021\/07\/Acompanar-Pehuajo-1-675x450.jpeg",375,250,true]},"author_info":{"info":["Jorge Matheus"]},"category_info":"<a href=\"https:\/\/infoecos.com.ar\/index.php\/category\/inferior7\/\" rel=\"category tag\">Bloque inferior - 7<\/a>","tag_info":"Bloque inferior - 7","comment_count":"0","_links":{"self":[{"href":"https:\/\/infoecos.com.ar\/index.php\/wp-json\/wp\/v2\/posts\/81313"}],"collection":[{"href":"https:\/\/infoecos.com.ar\/index.php\/wp-json\/wp\/v2\/posts"}],"about":[{"href":"https:\/\/infoecos.com.ar\/index.php\/wp-json\/wp\/v2\/types\/post"}],"author":[{"embeddable":true,"href":"https:\/\/infoecos.com.ar\/index.php\/wp-json\/wp\/v2\/users\/2"}],"replies":[{"embeddable":true,"href":"https:\/\/infoecos.com.ar\/index.php\/wp-json\/wp\/v2\/comments?post=81313"}],"version-history":[{"count":2,"href":"https:\/\/infoecos.com.ar\/index.php\/wp-json\/wp\/v2\/posts\/81313\/revisions"}],"predecessor-version":[{"id":81434,"href":"https:\/\/infoecos.com.ar\/index.php\/wp-json\/wp\/v2\/posts\/81313\/revisions\/81434"}],"wp:featuredmedia":[{"embeddable":true,"href":"https:\/\/infoecos.com.ar\/index.php\/wp-json\/wp\/v2\/media\/81315"}],"wp:attachment":[{"href":"https:\/\/infoecos.com.ar\/index.php\/wp-json\/wp\/v2\/media?parent=81313"}],"wp:term":[{"taxonomy":"category","embeddable":true,"href":"https:\/\/infoecos.com.ar\/index.php\/wp-json\/wp\/v2\/categories?post=81313"},{"taxonomy":"post_tag","embeddable":true,"href":"https:\/\/infoecos.com.ar\/index.php\/wp-json\/wp\/v2\/tags?post=81313"}],"curies":[{"name":"wp","href":"https:\/\/api.w.org\/{rel}","templated":true}]}}