{"id":81335,"date":"2021-07-14T03:24:09","date_gmt":"2021-07-14T06:24:09","guid":{"rendered":"http:\/\/infoecos.com.ar\/?p=81335"},"modified":"2021-07-19T03:31:10","modified_gmt":"2021-07-19T06:31:10","slug":"se-abrio-la-inscripcion-para-que-trenque-lauquen-guamini-tres-lomas-villegas-y-adolfo-alsina-entre-otros-distritos-para-acceder-a-lotes-con-servicios","status":"publish","type":"post","link":"https:\/\/infoecos.com.ar\/index.php\/se-abrio-la-inscripcion-para-que-trenque-lauquen-guamini-tres-lomas-villegas-y-adolfo-alsina-entre-otros-distritos-para-acceder-a-lotes-con-servicios\/","title":{"rendered":"Se abri\u00f3 la inscripci\u00f3n para lotes con servicio en Trenque Lauquen, Guamin\u00ed, Tres Lomas, Villegas y Adolfo Alsina"},"content":{"rendered":"\n<p class=\"wp-block-paragraph\">El Ministerio de Desarrollo Territorial y H\u00e1bitat abri\u00f3 la inscripci\u00f3n para acceder en 43 localidades del pa\u00eds a los lotes con servicios creados a trav\u00e9s del Plan Nacional de Suelo Urbano (Pnasu) y de Procrear II, que se complementar\u00e1n con cr\u00e9ditos para construcci\u00f3n.<\/p>\n\n\n\n<div class=\"wp-block-image is-style-default\"><figure class=\"aligncenter size-medium\"><img loading=\"lazy\" decoding=\"async\" width=\"460\" height=\"307\" src=\"http:\/\/infoecos.com.ar\/wp-content\/uploads\/2021\/03\/viviendasamoc308-460x307.jpg\" alt=\"\" class=\"wp-image-75675\" srcset=\"https:\/\/infoecos.com.ar\/wp-content\/uploads\/2021\/03\/viviendasamoc308-460x307.jpg 460w, https:\/\/infoecos.com.ar\/wp-content\/uploads\/2021\/03\/viviendasamoc308-920x614.jpg 920w, https:\/\/infoecos.com.ar\/wp-content\/uploads\/2021\/03\/viviendasamoc308-768x513.jpg 768w, https:\/\/infoecos.com.ar\/wp-content\/uploads\/2021\/03\/viviendasamoc308-1536x1025.jpg 1536w, https:\/\/infoecos.com.ar\/wp-content\/uploads\/2021\/03\/viviendasamoc308-1024x684.jpg 1024w, https:\/\/infoecos.com.ar\/wp-content\/uploads\/2021\/03\/viviendasamoc308-675x450.jpg 675w, https:\/\/infoecos.com.ar\/wp-content\/uploads\/2021\/03\/viviendasamoc308.jpg 2048w\" sizes=\"auto, (max-width: 460px) 100vw, 460px\" \/><\/figure><\/div>\n\n\n\n<p class=\"wp-block-paragraph\">En esta ocasi\u00f3n, los sorteos comprender\u00e1n a lotes ubicados en los municipios bonarenses de Benito Ju\u00e1rez, Berazategui, Carmen de Areco, <strong>Coronel Su\u00e1rez<\/strong>, Exaltaci\u00f3n de la Cruz, <strong>Guamin<\/strong>\u00ed, Las Flores, Mar Chiquita, Moreno, Pila, <strong>Tres Lomas<\/strong>, Villa Gesell, Luj\u00e1n, Hurlingham.<\/p>\n\n\n\n<figure class=\"wp-block-embed is-type-rich is-provider-twitter wp-block-embed-twitter\"><div class=\"wp-block-embed__wrapper\">\n<blockquote class=\"twitter-tweet\" data-width=\"550\" data-dnt=\"true\"><p lang=\"es\" dir=\"ltr\">Junto a <a href=\"https:\/\/twitter.com\/lucianoscato?ref_src=twsrc%5Etfw\">@lucianoscato<\/a> acompa\u00f1amos a familias de <a href=\"https:\/\/twitter.com\/hashtag\/Berazategui?src=hash&amp;ref_src=twsrc%5Etfw\">#Berazategui<\/a> que recibieron sus lotes con servicios + cr\u00e9dito para comenzar a construir sus viviendas. Seguimos impulsando pol\u00edticas p\u00fablicas para transformar la situaci\u00f3n habitacional en todo el pa\u00eds. \u00a1Felicitaciones! <a href=\"https:\/\/t.co\/hJokdrUdLA\">pic.twitter.com\/hJokdrUdLA<\/a><\/p>&mdash; Jorge Ferraresi (@jorgeferraresi) <a href=\"https:\/\/twitter.com\/jorgeferraresi\/status\/1414974354677506048?ref_src=twsrc%5Etfw\">July 13, 2021<\/a><\/blockquote><script async src=\"https:\/\/platform.twitter.com\/widgets.js\" charset=\"utf-8\"><\/script>\n<\/div><\/figure>\n\n\n\n<p class=\"wp-block-paragraph\">Tambi\u00e9n forman parte <strong>Adolfo Alsina<\/strong>, Bah\u00eda Blanca, <strong>Gral. Villegas<\/strong>, La Plata, Lober\u00eda, Lobos, Mar del Plata, Olavarr\u00eda, Pergamino, Saladillo, San Miguel del Monte, San Nicol\u00e1s de Los Arroyos, Tandil, <strong>Trenque Lauquen<\/strong>, Campana y <strong>Chacabuco<\/strong>.<\/p>\n\n\n\n<figure class=\"wp-block-embed is-type-rich is-provider-twitter wp-block-embed-twitter\"><div class=\"wp-block-embed__wrapper\">\n<blockquote class=\"twitter-tweet\" data-width=\"550\" data-dnt=\"true\"><p lang=\"es\" dir=\"ltr\">Cada casa en obra genera tres puestos de trabajo directos. Todos los insumos utilizados son de industria nacional. De esta manera aportamos a consolidar la reactivaci\u00f3n econ\u00f3mica a trav\u00e9s de la demanda y el fortalecimiento del mercado interno. <a href=\"https:\/\/twitter.com\/hashtag\/Reconstrucci%C3%B3nArgentina?src=hash&amp;ref_src=twsrc%5Etfw\">#Reconstrucci\u00f3nArgentina<\/a>\u2b06\ufe0f <a href=\"https:\/\/t.co\/a10Ln3n2J7\">pic.twitter.com\/a10Ln3n2J7<\/a><\/p>&mdash; Jorge Ferraresi (@jorgeferraresi) <a href=\"https:\/\/twitter.com\/jorgeferraresi\/status\/1414974358813089794?ref_src=twsrc%5Etfw\">July 13, 2021<\/a><\/blockquote><script async src=\"https:\/\/platform.twitter.com\/widgets.js\" charset=\"utf-8\"><\/script>\n<\/div><\/figure>\n","protected":false},"excerpt":{"rendered":"<p>Creados a trav\u00e9s del Plan Nacional de Suelo Urbano (Pnasu) y de Procrear II<\/p>\n","protected":false},"author":2,"featured_media":75675,"comment_status":"closed","ping_status":"open","sticky":false,"template":"","format":"standard","meta":{"footnotes":""},"categories":[40],"tags":[3103],"class_list":["post-81335","post","type-post","status-publish","format-standard","has-post-thumbnail","hentry","category-inferior1","tag-ministerio-de-desarrollo-territorial-y-habitat"],"featured_image_urls":{"full":["https:\/\/infoecos.com.ar\/wp-content\/uploads\/2021\/03\/viviendasamoc308.jpg",2048,1367,false],"thumbnail":["https:\/\/infoecos.com.ar\/wp-content\/uploads\/2021\/03\/viviendasamoc308-150x150.jpg",150,150,true],"medium":["https:\/\/infoecos.com.ar\/wp-content\/uploads\/2021\/03\/viviendasamoc308-460x307.jpg",460,307,true],"medium_large":["https:\/\/infoecos.com.ar\/wp-content\/uploads\/2021\/03\/viviendasamoc308-768x513.jpg",640,428,true],"large":["https:\/\/infoecos.com.ar\/wp-content\/uploads\/2021\/03\/viviendasamoc308-920x614.jpg",640,427,true],"1536x1536":["https:\/\/infoecos.com.ar\/wp-content\/uploads\/2021\/03\/viviendasamoc308-1536x1025.jpg",1536,1025,true],"2048x2048":["https:\/\/infoecos.com.ar\/wp-content\/uploads\/2021\/03\/viviendasamoc308.jpg",2048,1367,false],"covernews-slider-full":["https:\/\/infoecos.com.ar\/wp-content\/uploads\/2021\/03\/viviendasamoc308-1536x1020.jpg",1077,715,true],"covernews-slider-center":["https:\/\/infoecos.com.ar\/wp-content\/uploads\/2021\/03\/viviendasamoc308-936x897.jpg",522,500,true],"covernews-featured":["https:\/\/infoecos.com.ar\/wp-content\/uploads\/2021\/03\/viviendasamoc308-1024x684.jpg",1024,684,true],"covernews-medium":["https:\/\/infoecos.com.ar\/wp-content\/uploads\/2021\/03\/viviendasamoc308-720x380.jpg",540,285,true],"covernews-medium-square":["https:\/\/infoecos.com.ar\/wp-content\/uploads\/2021\/03\/viviendasamoc308-675x450.jpg",375,250,true]},"author_info":{"info":["Jorge Matheus"]},"category_info":"<a href=\"https:\/\/infoecos.com.ar\/index.php\/category\/inferior1\/\" rel=\"category tag\">Bloque inferior - 1<\/a>","tag_info":"Bloque inferior - 1","comment_count":"0","_links":{"self":[{"href":"https:\/\/infoecos.com.ar\/index.php\/wp-json\/wp\/v2\/posts\/81335","targetHints":{"allow":["GET"]}}],"collection":[{"href":"https:\/\/infoecos.com.ar\/index.php\/wp-json\/wp\/v2\/posts"}],"about":[{"href":"https:\/\/infoecos.com.ar\/index.php\/wp-json\/wp\/v2\/types\/post"}],"author":[{"embeddable":true,"href":"https:\/\/infoecos.com.ar\/index.php\/wp-json\/wp\/v2\/users\/2"}],"replies":[{"embeddable":true,"href":"https:\/\/infoecos.com.ar\/index.php\/wp-json\/wp\/v2\/comments?post=81335"}],"version-history":[{"count":3,"href":"https:\/\/infoecos.com.ar\/index.php\/wp-json\/wp\/v2\/posts\/81335\/revisions"}],"predecessor-version":[{"id":81652,"href":"https:\/\/infoecos.com.ar\/index.php\/wp-json\/wp\/v2\/posts\/81335\/revisions\/81652"}],"wp:featuredmedia":[{"embeddable":true,"href":"https:\/\/infoecos.com.ar\/index.php\/wp-json\/wp\/v2\/media\/75675"}],"wp:attachment":[{"href":"https:\/\/infoecos.com.ar\/index.php\/wp-json\/wp\/v2\/media?parent=81335"}],"wp:term":[{"taxonomy":"category","embeddable":true,"href":"https:\/\/infoecos.com.ar\/index.php\/wp-json\/wp\/v2\/categories?post=81335"},{"taxonomy":"post_tag","embeddable":true,"href":"https:\/\/infoecos.com.ar\/index.php\/wp-json\/wp\/v2\/tags?post=81335"}],"curies":[{"name":"wp","href":"https:\/\/api.w.org\/{rel}","templated":true}]}}