{"id":81344,"date":"2021-07-14T16:41:39","date_gmt":"2021-07-14T19:41:39","guid":{"rendered":"http:\/\/infoecos.com.ar\/?p=81344"},"modified":"2021-07-16T04:17:16","modified_gmt":"2021-07-16T07:17:16","slug":"un-grupo-de-padres-en-lincoln-reclamo-al-gobernador-kicillof-por-las-clases-presenciales","status":"publish","type":"post","link":"https:\/\/infoecos.com.ar\/index.php\/un-grupo-de-padres-en-lincoln-reclamo-al-gobernador-kicillof-por-las-clases-presenciales\/","title":{"rendered":"Fuerte reclamo por las clases presenciales, de un grupo de padres, al gobernador Kicillof durante su visita a Lincoln"},"content":{"rendered":"\n<p>Un grupo de Padres Organizados se manifest\u00f3 en favor del regreso de las clases presenciales en Lincoln, mientras que el gobernador Kicillof y su comitiva arribaban al Golf Club de esa ciudad donde se desarrollaron las reuniones con el intendente y representantes de distintos sectores de la comunidad.<strong>  <\/strong><\/p>\n\n\n\n<div class=\"wp-block-image is-style-default\"><figure class=\"aligncenter size-medium\"><img loading=\"lazy\" decoding=\"async\" width=\"460\" height=\"241\" src=\"http:\/\/infoecos.com.ar\/wp-content\/uploads\/2021\/07\/protestalincoln2-460x241.jpg\" alt=\"\" class=\"wp-image-81345\" srcset=\"https:\/\/infoecos.com.ar\/wp-content\/uploads\/2021\/07\/protestalincoln2-460x241.jpg 460w, https:\/\/infoecos.com.ar\/wp-content\/uploads\/2021\/07\/protestalincoln2-920x481.jpg 920w, https:\/\/infoecos.com.ar\/wp-content\/uploads\/2021\/07\/protestalincoln2-768x402.jpg 768w, https:\/\/infoecos.com.ar\/wp-content\/uploads\/2021\/07\/protestalincoln2-1024x536.jpg 1024w, https:\/\/infoecos.com.ar\/wp-content\/uploads\/2021\/07\/protestalincoln2.jpg 1200w\" sizes=\"(max-width: 460px) 100vw, 460px\" \/><\/figure><\/div>\n\n\n\n<p>El mandatario provincial resolvi\u00f3 recibir a tres padres, con los que convers\u00f3 sobre el particular. Mientras que el Jefe de Gabinete, Carlos Bianco, se comprometi\u00f3 a revisar la situaci\u00f3n epidemiol\u00f3gica del distrito que se encuentra en Fase 2.<\/p>\n\n\n\n<p>El sitio <strong>infobae.com<\/strong> que refleja los alcances de la protesta, protagonizada por un reducido grupo de padres, vuelca declaraciones de las manifestantes. \u201cBianco nos dijo que es muy probable que cambiemos de fase. Ellos se agarran mucho de la necesidad que no haya muertes por covid.&nbsp;Le dijimos que estaban enfermando a nuestros chicos de otras cosas grav\u00edsimas y que la gente se mor\u00eda igual, con o sin clases presenciales.&nbsp;La virtualidad en el interior no sirve porque en los pueblos los chicos no tienen internet. Eso nos lo reconoci\u00f3. Nos dijo que si nos orden\u00e1bamos en comunidad y baj\u00e1bamos los casos, pod\u00edamos volver a la escuela.&nbsp;No pod\u00e9s depender del orden de la gente y que sufran los chicos<strong>.<\/strong>&nbsp;No funciona. Pasemos de p\u00e1gina\u201d, contaron las asistentes al encuentro que se realiz\u00f3 fuera del marco que establec\u00eda la agenda del mandatario.<\/p>\n\n\n\n<div class=\"wp-block-image is-style-default\"><figure class=\"aligncenter size-medium\"><img loading=\"lazy\" decoding=\"async\" width=\"460\" height=\"308\" src=\"http:\/\/infoecos.com.ar\/wp-content\/uploads\/2021\/07\/serenalconkicillofykatopodis-460x308.jpg\" alt=\"\" class=\"wp-image-81346\" srcset=\"https:\/\/infoecos.com.ar\/wp-content\/uploads\/2021\/07\/serenalconkicillofykatopodis-460x308.jpg 460w, https:\/\/infoecos.com.ar\/wp-content\/uploads\/2021\/07\/serenalconkicillofykatopodis-920x615.jpg 920w, https:\/\/infoecos.com.ar\/wp-content\/uploads\/2021\/07\/serenalconkicillofykatopodis-768x514.jpg 768w, https:\/\/infoecos.com.ar\/wp-content\/uploads\/2021\/07\/serenalconkicillofykatopodis-675x450.jpg 675w, https:\/\/infoecos.com.ar\/wp-content\/uploads\/2021\/07\/serenalconkicillofykatopodis.jpg 960w\" sizes=\"(max-width: 460px) 100vw, 460px\" \/><\/figure><\/div>\n\n\n\n<p>En el mismo medio se hacen eco de declaraciones del gobernador Kicillof a&nbsp;<em><strong>La Radio Posta<\/strong><\/em>&nbsp;de Lincoln. \u201cReci\u00e9n hab\u00eda un grupito peque\u00f1o de gente muy ruidosa, protestando. Yo estoy de acuerdo con que protesten, por eso lo pueden hacer.&nbsp;Nos encontramos con algunos que genuinamente dec\u00edan \u2018que vuelvan las clases porque nadie respeta nada\u2019. Las autoridades locales tienen que hacer que se respeten las normas. Lo que est\u00e1 en juego es la salud\u201d.<\/p>\n\n\n\n<div class=\"wp-block-image is-style-default\"><figure class=\"aligncenter size-medium\"><img loading=\"lazy\" decoding=\"async\" width=\"460\" height=\"308\" src=\"http:\/\/infoecos.com.ar\/wp-content\/uploads\/2021\/07\/kicillofyserenal-1-460x308.jpg\" alt=\"\" class=\"wp-image-81353\" srcset=\"https:\/\/infoecos.com.ar\/wp-content\/uploads\/2021\/07\/kicillofyserenal-1-460x308.jpg 460w, https:\/\/infoecos.com.ar\/wp-content\/uploads\/2021\/07\/kicillofyserenal-1-768x514.jpg 768w, https:\/\/infoecos.com.ar\/wp-content\/uploads\/2021\/07\/kicillofyserenal-1-675x450.jpg 675w, https:\/\/infoecos.com.ar\/wp-content\/uploads\/2021\/07\/kicillofyserenal-1.jpg 856w\" sizes=\"(max-width: 460px) 100vw, 460px\" \/><figcaption>Kicillof recibido por Serenal en el Golf Club<\/figcaption><\/figure><\/div>\n\n\n\n<p>Kicillof tambi\u00e9n coment\u00f3 que una diputada provincial, Vanesa Zuccari, hab\u00eda instigado la protesta.&nbsp;\u201cSi quieren ir a buscar votos haciendo un falso reclamo, si vamos a hacer pol\u00edtica con el descontento que l\u00f3gicamente hay<strong>&#8230;<\/strong>&nbsp;La verdad, el oportunismo, y no puedo decir nada de ella, que haga de su vida lo que quiera, pero la sociedad eval\u00faa. A m\u00ed no me van a encontrar haciendo politiquer\u00eda barata, de baja estofa, para ganar unos votos\u201d, informa textualmente infobae.<\/p>\n\n\n\n<p>El gobernador se encuentra por estas horas en General Pinto. <\/p>\n\n\n\n<p>Kicillof envi\u00f3 un tuit despu\u00e9s de la visita. Lo reproducimos.<\/p>\n\n\n\n<figure class=\"wp-block-embed is-type-rich is-provider-twitter wp-block-embed-twitter\"><div class=\"wp-block-embed__wrapper\">\n<blockquote class=\"twitter-tweet\" data-width=\"550\" data-dnt=\"true\"><p lang=\"es\" dir=\"ltr\">Hoy visitamos el municipio de Lincoln y nos reunimos con productores, industriales y comerciantes locales para conversar sobre la situaci\u00f3n de cada sector y las medidas de reactivaci\u00f3n econ\u00f3mica y desarrollo productivo que estamos impulsando desde <a href=\"https:\/\/twitter.com\/BAProvincia?ref_src=twsrc%5Etfw\">@BAProvincia<\/a><a href=\"https:\/\/twitter.com\/hashtag\/ProvinciaEnMarcha?src=hash&amp;ref_src=twsrc%5Etfw\">#ProvinciaEnMarcha<\/a> <a href=\"https:\/\/t.co\/pBNIGZuAeP\">pic.twitter.com\/pBNIGZuAeP<\/a><\/p>&mdash; Axel Kicillof (@Kicillofok) <a href=\"https:\/\/twitter.com\/Kicillofok\/status\/1415324118879199236?ref_src=twsrc%5Etfw\">July 14, 2021<\/a><\/blockquote><script async src=\"https:\/\/platform.twitter.com\/widgets.js\" charset=\"utf-8\"><\/script>\n<\/div><\/figure>\n","protected":false},"excerpt":{"rendered":"<p>El sitio infobae.com que refleja los alcances de la protesta, protagonizada por un reducido grupo de padres, vuelca declaraciones de las manifestantes<\/p>\n","protected":false},"author":2,"featured_media":81356,"comment_status":"closed","ping_status":"open","sticky":false,"template":"","format":"standard","meta":{"footnotes":""},"categories":[43],"tags":[4245],"class_list":["post-81344","post","type-post","status-publish","format-standard","has-post-thumbnail","hentry","category-inferior4","tag-kicillof-y-bianco-hablaron-con-tres-madres"],"yoast_head":"<!-- This site is optimized with the Yoast SEO plugin v23.4 - https:\/\/yoast.com\/wordpress\/plugins\/seo\/ -->\n<title>Fuerte reclamo por las clases presenciales, de un grupo de padres, al gobernador Kicillof durante su visita a Lincoln - Infoecos<\/title>\n<meta name=\"robots\" content=\"index, follow, max-snippet:-1, max-image-preview:large, max-video-preview:-1\" \/>\n<link rel=\"canonical\" href=\"https:\/\/infoecos.com.ar\/index.php\/un-grupo-de-padres-en-lincoln-reclamo-al-gobernador-kicillof-por-las-clases-presenciales\/\" \/>\n<meta property=\"og:locale\" content=\"es_ES\" \/>\n<meta property=\"og:type\" content=\"article\" \/>\n<meta property=\"og:title\" content=\"Fuerte reclamo por las clases presenciales, de un grupo de padres, al gobernador Kicillof durante su visita a Lincoln - Infoecos\" \/>\n<meta property=\"og:description\" content=\"El sitio infobae.com que refleja los alcances de la protesta, protagonizada por un reducido grupo de padres, vuelca declaraciones de las manifestantes\" \/>\n<meta property=\"og:url\" content=\"https:\/\/infoecos.com.ar\/index.php\/un-grupo-de-padres-en-lincoln-reclamo-al-gobernador-kicillof-por-las-clases-presenciales\/\" \/>\n<meta property=\"og:site_name\" content=\"Infoecos\" \/>\n<meta property=\"article:publisher\" content=\"https:\/\/www.facebook.com\/profile.php?id=100063200290284\" \/>\n<meta property=\"article:published_time\" content=\"2021-07-14T19:41:39+00:00\" \/>\n<meta property=\"article:modified_time\" content=\"2021-07-16T07:17:16+00:00\" \/>\n<meta property=\"og:image\" content=\"https:\/\/infoecos.com.ar\/wp-content\/uploads\/2021\/07\/protestalincoln2-1.jpg\" \/>\n\t<meta property=\"og:image:width\" content=\"1200\" \/>\n\t<meta property=\"og:image:height\" content=\"628\" \/>\n\t<meta property=\"og:image:type\" content=\"image\/jpeg\" \/>\n<meta name=\"author\" content=\"Jorge Matheus\" \/>\n<meta name=\"twitter:card\" content=\"summary_large_image\" \/>\n<meta name=\"twitter:creator\" content=\"@infoecos\" \/>\n<meta name=\"twitter:site\" content=\"@infoecos\" \/>\n<meta name=\"twitter:label1\" content=\"Escrito por\" \/>\n\t<meta name=\"twitter:data1\" content=\"Jorge Matheus\" \/>\n\t<meta name=\"twitter:label2\" content=\"Tiempo de lectura\" \/>\n\t<meta name=\"twitter:data2\" content=\"2 minutos\" \/>\n<script type=\"application\/ld+json\" class=\"yoast-schema-graph\">{\"@context\":\"https:\/\/schema.org\",\"@graph\":[{\"@type\":\"Article\",\"@id\":\"https:\/\/infoecos.com.ar\/index.php\/un-grupo-de-padres-en-lincoln-reclamo-al-gobernador-kicillof-por-las-clases-presenciales\/#article\",\"isPartOf\":{\"@id\":\"https:\/\/infoecos.com.ar\/index.php\/un-grupo-de-padres-en-lincoln-reclamo-al-gobernador-kicillof-por-las-clases-presenciales\/\"},\"author\":{\"name\":\"Jorge Matheus\",\"@id\":\"https:\/\/infoecos.com.ar\/#\/schema\/person\/8f5ace5ce73b4b4aac4b7245aee6f191\"},\"headline\":\"Fuerte reclamo por las clases presenciales, de un grupo de padres, al gobernador Kicillof durante su visita a Lincoln\",\"datePublished\":\"2021-07-14T19:41:39+00:00\",\"dateModified\":\"2021-07-16T07:17:16+00:00\",\"mainEntityOfPage\":{\"@id\":\"https:\/\/infoecos.com.ar\/index.php\/un-grupo-de-padres-en-lincoln-reclamo-al-gobernador-kicillof-por-las-clases-presenciales\/\"},\"wordCount\":461,\"publisher\":{\"@id\":\"https:\/\/infoecos.com.ar\/#organization\"},\"image\":{\"@id\":\"https:\/\/infoecos.com.ar\/index.php\/un-grupo-de-padres-en-lincoln-reclamo-al-gobernador-kicillof-por-las-clases-presenciales\/#primaryimage\"},\"thumbnailUrl\":\"https:\/\/infoecos.com.ar\/wp-content\/uploads\/2021\/07\/protestalincoln2-1.jpg\",\"keywords\":[\"KICILLOF Y BIANCO HABLARON CON TRES MADRES\"],\"articleSection\":[\"Bloque inferior - 4\"],\"inLanguage\":\"es\"},{\"@type\":\"WebPage\",\"@id\":\"https:\/\/infoecos.com.ar\/index.php\/un-grupo-de-padres-en-lincoln-reclamo-al-gobernador-kicillof-por-las-clases-presenciales\/\",\"url\":\"https:\/\/infoecos.com.ar\/index.php\/un-grupo-de-padres-en-lincoln-reclamo-al-gobernador-kicillof-por-las-clases-presenciales\/\",\"name\":\"Fuerte reclamo por las clases presenciales, de un grupo de padres, al gobernador Kicillof durante su visita a Lincoln - Infoecos\",\"isPartOf\":{\"@id\":\"https:\/\/infoecos.com.ar\/#website\"},\"primaryImageOfPage\":{\"@id\":\"https:\/\/infoecos.com.ar\/index.php\/un-grupo-de-padres-en-lincoln-reclamo-al-gobernador-kicillof-por-las-clases-presenciales\/#primaryimage\"},\"image\":{\"@id\":\"https:\/\/infoecos.com.ar\/index.php\/un-grupo-de-padres-en-lincoln-reclamo-al-gobernador-kicillof-por-las-clases-presenciales\/#primaryimage\"},\"thumbnailUrl\":\"https:\/\/infoecos.com.ar\/wp-content\/uploads\/2021\/07\/protestalincoln2-1.jpg\",\"datePublished\":\"2021-07-14T19:41:39+00:00\",\"dateModified\":\"2021-07-16T07:17:16+00:00\",\"breadcrumb\":{\"@id\":\"https:\/\/infoecos.com.ar\/index.php\/un-grupo-de-padres-en-lincoln-reclamo-al-gobernador-kicillof-por-las-clases-presenciales\/#breadcrumb\"},\"inLanguage\":\"es\",\"potentialAction\":[{\"@type\":\"ReadAction\",\"target\":[\"https:\/\/infoecos.com.ar\/index.php\/un-grupo-de-padres-en-lincoln-reclamo-al-gobernador-kicillof-por-las-clases-presenciales\/\"]}]},{\"@type\":\"ImageObject\",\"inLanguage\":\"es\",\"@id\":\"https:\/\/infoecos.com.ar\/index.php\/un-grupo-de-padres-en-lincoln-reclamo-al-gobernador-kicillof-por-las-clases-presenciales\/#primaryimage\",\"url\":\"https:\/\/infoecos.com.ar\/wp-content\/uploads\/2021\/07\/protestalincoln2-1.jpg\",\"contentUrl\":\"https:\/\/infoecos.com.ar\/wp-content\/uploads\/2021\/07\/protestalincoln2-1.jpg\",\"width\":1200,\"height\":628},{\"@type\":\"BreadcrumbList\",\"@id\":\"https:\/\/infoecos.com.ar\/index.php\/un-grupo-de-padres-en-lincoln-reclamo-al-gobernador-kicillof-por-las-clases-presenciales\/#breadcrumb\",\"itemListElement\":[{\"@type\":\"ListItem\",\"position\":1,\"name\":\"Portada\",\"item\":\"https:\/\/infoecos.com.ar\/\"},{\"@type\":\"ListItem\",\"position\":2,\"name\":\"Fuerte reclamo por las clases presenciales, de un grupo de padres, al gobernador Kicillof durante su visita a Lincoln\"}]},{\"@type\":\"WebSite\",\"@id\":\"https:\/\/infoecos.com.ar\/#website\",\"url\":\"https:\/\/infoecos.com.ar\/\",\"name\":\"Infoecos\",\"description\":\"Noticias de trenque lauquen y la zona\",\"publisher\":{\"@id\":\"https:\/\/infoecos.com.ar\/#organization\"},\"alternateName\":\"Noticias\",\"potentialAction\":[{\"@type\":\"SearchAction\",\"target\":{\"@type\":\"EntryPoint\",\"urlTemplate\":\"https:\/\/infoecos.com.ar\/?s={search_term_string}\"},\"query-input\":{\"@type\":\"PropertyValueSpecification\",\"valueRequired\":true,\"valueName\":\"search_term_string\"}}],\"inLanguage\":\"es\"},{\"@type\":\"Organization\",\"@id\":\"https:\/\/infoecos.com.ar\/#organization\",\"name\":\"Infoecos\",\"alternateName\":\"Noticias\",\"url\":\"https:\/\/infoecos.com.ar\/\",\"logo\":{\"@type\":\"ImageObject\",\"inLanguage\":\"es\",\"@id\":\"https:\/\/infoecos.com.ar\/#\/schema\/logo\/image\/\",\"url\":\"https:\/\/infoecos.com.ar\/wp-content\/uploads\/2024\/03\/cropped-logo.png\",\"contentUrl\":\"https:\/\/infoecos.com.ar\/wp-content\/uploads\/2024\/03\/cropped-logo.png\",\"width\":374,\"height\":90,\"caption\":\"Infoecos\"},\"image\":{\"@id\":\"https:\/\/infoecos.com.ar\/#\/schema\/logo\/image\/\"},\"sameAs\":[\"https:\/\/www.facebook.com\/profile.php?id=100063200290284\",\"https:\/\/x.com\/infoecos\"]},{\"@type\":\"Person\",\"@id\":\"https:\/\/infoecos.com.ar\/#\/schema\/person\/8f5ace5ce73b4b4aac4b7245aee6f191\",\"name\":\"Jorge Matheus\",\"url\":\"https:\/\/infoecos.com.ar\/index.php\/author\/jomatheus\/\"}]}<\/script>\n<!-- \/ Yoast SEO plugin. -->","yoast_head_json":{"title":"Fuerte reclamo por las clases presenciales, de un grupo de padres, al gobernador Kicillof durante su visita a Lincoln - Infoecos","robots":{"index":"index","follow":"follow","max-snippet":"max-snippet:-1","max-image-preview":"max-image-preview:large","max-video-preview":"max-video-preview:-1"},"canonical":"https:\/\/infoecos.com.ar\/index.php\/un-grupo-de-padres-en-lincoln-reclamo-al-gobernador-kicillof-por-las-clases-presenciales\/","og_locale":"es_ES","og_type":"article","og_title":"Fuerte reclamo por las clases presenciales, de un grupo de padres, al gobernador Kicillof durante su visita a Lincoln - Infoecos","og_description":"El sitio infobae.com que refleja los alcances de la protesta, protagonizada por un reducido grupo de padres, vuelca declaraciones de las manifestantes","og_url":"https:\/\/infoecos.com.ar\/index.php\/un-grupo-de-padres-en-lincoln-reclamo-al-gobernador-kicillof-por-las-clases-presenciales\/","og_site_name":"Infoecos","article_publisher":"https:\/\/www.facebook.com\/profile.php?id=100063200290284","article_published_time":"2021-07-14T19:41:39+00:00","article_modified_time":"2021-07-16T07:17:16+00:00","og_image":[{"width":1200,"height":628,"url":"https:\/\/infoecos.com.ar\/wp-content\/uploads\/2021\/07\/protestalincoln2-1.jpg","type":"image\/jpeg"}],"author":"Jorge Matheus","twitter_card":"summary_large_image","twitter_creator":"@infoecos","twitter_site":"@infoecos","twitter_misc":{"Escrito por":"Jorge Matheus","Tiempo de lectura":"2 minutos"},"schema":{"@context":"https:\/\/schema.org","@graph":[{"@type":"Article","@id":"https:\/\/infoecos.com.ar\/index.php\/un-grupo-de-padres-en-lincoln-reclamo-al-gobernador-kicillof-por-las-clases-presenciales\/#article","isPartOf":{"@id":"https:\/\/infoecos.com.ar\/index.php\/un-grupo-de-padres-en-lincoln-reclamo-al-gobernador-kicillof-por-las-clases-presenciales\/"},"author":{"name":"Jorge Matheus","@id":"https:\/\/infoecos.com.ar\/#\/schema\/person\/8f5ace5ce73b4b4aac4b7245aee6f191"},"headline":"Fuerte reclamo por las clases presenciales, de un grupo de padres, al gobernador Kicillof durante su visita a Lincoln","datePublished":"2021-07-14T19:41:39+00:00","dateModified":"2021-07-16T07:17:16+00:00","mainEntityOfPage":{"@id":"https:\/\/infoecos.com.ar\/index.php\/un-grupo-de-padres-en-lincoln-reclamo-al-gobernador-kicillof-por-las-clases-presenciales\/"},"wordCount":461,"publisher":{"@id":"https:\/\/infoecos.com.ar\/#organization"},"image":{"@id":"https:\/\/infoecos.com.ar\/index.php\/un-grupo-de-padres-en-lincoln-reclamo-al-gobernador-kicillof-por-las-clases-presenciales\/#primaryimage"},"thumbnailUrl":"https:\/\/infoecos.com.ar\/wp-content\/uploads\/2021\/07\/protestalincoln2-1.jpg","keywords":["KICILLOF Y BIANCO HABLARON CON TRES MADRES"],"articleSection":["Bloque inferior - 4"],"inLanguage":"es"},{"@type":"WebPage","@id":"https:\/\/infoecos.com.ar\/index.php\/un-grupo-de-padres-en-lincoln-reclamo-al-gobernador-kicillof-por-las-clases-presenciales\/","url":"https:\/\/infoecos.com.ar\/index.php\/un-grupo-de-padres-en-lincoln-reclamo-al-gobernador-kicillof-por-las-clases-presenciales\/","name":"Fuerte reclamo por las clases presenciales, de un grupo de padres, al gobernador Kicillof durante su visita a Lincoln - Infoecos","isPartOf":{"@id":"https:\/\/infoecos.com.ar\/#website"},"primaryImageOfPage":{"@id":"https:\/\/infoecos.com.ar\/index.php\/un-grupo-de-padres-en-lincoln-reclamo-al-gobernador-kicillof-por-las-clases-presenciales\/#primaryimage"},"image":{"@id":"https:\/\/infoecos.com.ar\/index.php\/un-grupo-de-padres-en-lincoln-reclamo-al-gobernador-kicillof-por-las-clases-presenciales\/#primaryimage"},"thumbnailUrl":"https:\/\/infoecos.com.ar\/wp-content\/uploads\/2021\/07\/protestalincoln2-1.jpg","datePublished":"2021-07-14T19:41:39+00:00","dateModified":"2021-07-16T07:17:16+00:00","breadcrumb":{"@id":"https:\/\/infoecos.com.ar\/index.php\/un-grupo-de-padres-en-lincoln-reclamo-al-gobernador-kicillof-por-las-clases-presenciales\/#breadcrumb"},"inLanguage":"es","potentialAction":[{"@type":"ReadAction","target":["https:\/\/infoecos.com.ar\/index.php\/un-grupo-de-padres-en-lincoln-reclamo-al-gobernador-kicillof-por-las-clases-presenciales\/"]}]},{"@type":"ImageObject","inLanguage":"es","@id":"https:\/\/infoecos.com.ar\/index.php\/un-grupo-de-padres-en-lincoln-reclamo-al-gobernador-kicillof-por-las-clases-presenciales\/#primaryimage","url":"https:\/\/infoecos.com.ar\/wp-content\/uploads\/2021\/07\/protestalincoln2-1.jpg","contentUrl":"https:\/\/infoecos.com.ar\/wp-content\/uploads\/2021\/07\/protestalincoln2-1.jpg","width":1200,"height":628},{"@type":"BreadcrumbList","@id":"https:\/\/infoecos.com.ar\/index.php\/un-grupo-de-padres-en-lincoln-reclamo-al-gobernador-kicillof-por-las-clases-presenciales\/#breadcrumb","itemListElement":[{"@type":"ListItem","position":1,"name":"Portada","item":"https:\/\/infoecos.com.ar\/"},{"@type":"ListItem","position":2,"name":"Fuerte reclamo por las clases presenciales, de un grupo de padres, al gobernador Kicillof durante su visita a Lincoln"}]},{"@type":"WebSite","@id":"https:\/\/infoecos.com.ar\/#website","url":"https:\/\/infoecos.com.ar\/","name":"Infoecos","description":"Noticias de trenque lauquen y la zona","publisher":{"@id":"https:\/\/infoecos.com.ar\/#organization"},"alternateName":"Noticias","potentialAction":[{"@type":"SearchAction","target":{"@type":"EntryPoint","urlTemplate":"https:\/\/infoecos.com.ar\/?s={search_term_string}"},"query-input":{"@type":"PropertyValueSpecification","valueRequired":true,"valueName":"search_term_string"}}],"inLanguage":"es"},{"@type":"Organization","@id":"https:\/\/infoecos.com.ar\/#organization","name":"Infoecos","alternateName":"Noticias","url":"https:\/\/infoecos.com.ar\/","logo":{"@type":"ImageObject","inLanguage":"es","@id":"https:\/\/infoecos.com.ar\/#\/schema\/logo\/image\/","url":"https:\/\/infoecos.com.ar\/wp-content\/uploads\/2024\/03\/cropped-logo.png","contentUrl":"https:\/\/infoecos.com.ar\/wp-content\/uploads\/2024\/03\/cropped-logo.png","width":374,"height":90,"caption":"Infoecos"},"image":{"@id":"https:\/\/infoecos.com.ar\/#\/schema\/logo\/image\/"},"sameAs":["https:\/\/www.facebook.com\/profile.php?id=100063200290284","https:\/\/x.com\/infoecos"]},{"@type":"Person","@id":"https:\/\/infoecos.com.ar\/#\/schema\/person\/8f5ace5ce73b4b4aac4b7245aee6f191","name":"Jorge Matheus","url":"https:\/\/infoecos.com.ar\/index.php\/author\/jomatheus\/"}]}},"featured_image_urls":{"full":["https:\/\/infoecos.com.ar\/wp-content\/uploads\/2021\/07\/protestalincoln2-1.jpg",1200,628,false],"thumbnail":["https:\/\/infoecos.com.ar\/wp-content\/uploads\/2021\/07\/protestalincoln2-1-150x150.jpg",150,150,true],"medium":["https:\/\/infoecos.com.ar\/wp-content\/uploads\/2021\/07\/protestalincoln2-1-460x241.jpg",460,241,true],"medium_large":["https:\/\/infoecos.com.ar\/wp-content\/uploads\/2021\/07\/protestalincoln2-1-768x402.jpg",640,335,true],"large":["https:\/\/infoecos.com.ar\/wp-content\/uploads\/2021\/07\/protestalincoln2-1-920x481.jpg",640,335,true],"1536x1536":["https:\/\/infoecos.com.ar\/wp-content\/uploads\/2021\/07\/protestalincoln2-1.jpg",1200,628,false],"2048x2048":["https:\/\/infoecos.com.ar\/wp-content\/uploads\/2021\/07\/protestalincoln2-1.jpg",1200,628,false],"covernews-slider-full":["https:\/\/infoecos.com.ar\/wp-content\/uploads\/2021\/07\/protestalincoln2-1.jpg",1115,584,false],"covernews-slider-center":["https:\/\/infoecos.com.ar\/wp-content\/uploads\/2021\/07\/protestalincoln2-1-936x628.jpg",745,500,true],"covernews-featured":["https:\/\/infoecos.com.ar\/wp-content\/uploads\/2021\/07\/protestalincoln2-1-1024x536.jpg",1024,536,true],"covernews-medium":["https:\/\/infoecos.com.ar\/wp-content\/uploads\/2021\/07\/protestalincoln2-1-720x380.jpg",540,285,true],"covernews-medium-square":["https:\/\/infoecos.com.ar\/wp-content\/uploads\/2021\/07\/protestalincoln2-1-675x450.jpg",375,250,true]},"author_info":{"info":["Jorge Matheus"]},"category_info":"<a href=\"https:\/\/infoecos.com.ar\/index.php\/category\/inferior4\/\" rel=\"category tag\">Bloque inferior - 4<\/a>","tag_info":"Bloque inferior - 4","comment_count":"0","_links":{"self":[{"href":"https:\/\/infoecos.com.ar\/index.php\/wp-json\/wp\/v2\/posts\/81344"}],"collection":[{"href":"https:\/\/infoecos.com.ar\/index.php\/wp-json\/wp\/v2\/posts"}],"about":[{"href":"https:\/\/infoecos.com.ar\/index.php\/wp-json\/wp\/v2\/types\/post"}],"author":[{"embeddable":true,"href":"https:\/\/infoecos.com.ar\/index.php\/wp-json\/wp\/v2\/users\/2"}],"replies":[{"embeddable":true,"href":"https:\/\/infoecos.com.ar\/index.php\/wp-json\/wp\/v2\/comments?post=81344"}],"version-history":[{"count":5,"href":"https:\/\/infoecos.com.ar\/index.php\/wp-json\/wp\/v2\/posts\/81344\/revisions"}],"predecessor-version":[{"id":81428,"href":"https:\/\/infoecos.com.ar\/index.php\/wp-json\/wp\/v2\/posts\/81344\/revisions\/81428"}],"wp:featuredmedia":[{"embeddable":true,"href":"https:\/\/infoecos.com.ar\/index.php\/wp-json\/wp\/v2\/media\/81356"}],"wp:attachment":[{"href":"https:\/\/infoecos.com.ar\/index.php\/wp-json\/wp\/v2\/media?parent=81344"}],"wp:term":[{"taxonomy":"category","embeddable":true,"href":"https:\/\/infoecos.com.ar\/index.php\/wp-json\/wp\/v2\/categories?post=81344"},{"taxonomy":"post_tag","embeddable":true,"href":"https:\/\/infoecos.com.ar\/index.php\/wp-json\/wp\/v2\/tags?post=81344"}],"curies":[{"name":"wp","href":"https:\/\/api.w.org\/{rel}","templated":true}]}}