{"id":81376,"date":"2021-07-14T18:51:04","date_gmt":"2021-07-14T21:51:04","guid":{"rendered":"http:\/\/infoecos.com.ar\/?p=81376"},"modified":"2021-07-19T04:16:16","modified_gmt":"2021-07-19T07:16:16","slug":"se-constituyo-la-mesa-nacional-de-contratistas-rurales","status":"publish","type":"post","link":"https:\/\/infoecos.com.ar\/index.php\/se-constituyo-la-mesa-nacional-de-contratistas-rurales\/","title":{"rendered":"Se constituy\u00f3 la Mesa Nacional de Contratistas Rurales"},"content":{"rendered":"\n<p>El secretario de Agricultura, Ganader\u00eda y Pesca de la Naci\u00f3n, Jorge Solmi, inaugur\u00f3 la Mesa Nacional de Contratistas Rurales, un espacio que abordar\u00e1 temas vinculados al abastecimiento, la log\u00edstica, el financiamiento y la generaci\u00f3n de pol\u00edticas p\u00fablicas para este sector. El objetivo es resaltar la importancia en la cadena de producci\u00f3n agropecuaria y la inversi\u00f3n que este sector realiza en equipamiento agrario.<\/p>\n\n\n\n<div class=\"wp-block-image is-style-default\"><figure class=\"aligncenter size-medium\"><img loading=\"lazy\" decoding=\"async\" width=\"460\" height=\"345\" src=\"http:\/\/infoecos.com.ar\/wp-content\/uploads\/2021\/07\/diputados-460x345.jpg\" alt=\"\" class=\"wp-image-81377\" srcset=\"https:\/\/infoecos.com.ar\/wp-content\/uploads\/2021\/07\/diputados-460x345.jpg 460w, https:\/\/infoecos.com.ar\/wp-content\/uploads\/2021\/07\/diputados-920x690.jpg 920w, https:\/\/infoecos.com.ar\/wp-content\/uploads\/2021\/07\/diputados-768x576.jpg 768w, https:\/\/infoecos.com.ar\/wp-content\/uploads\/2021\/07\/diputados-1024x768.jpg 1024w, https:\/\/infoecos.com.ar\/wp-content\/uploads\/2021\/07\/diputados.jpg 1280w\" sizes=\"(max-width: 460px) 100vw, 460px\" \/><figcaption>Contratistas Rurales con Solmi<\/figcaption><\/figure><\/div>\n\n\n\n<p>\u201cLos contratistas rurales son los principales inversores en maquinaria e implementos para el agro, y que en nuestro pa\u00eds representan el 60% de las labores, el 65% de la siembra, el 70% de las aplicaciones de fitosanitarios y fertilizantes, y el 80% de la cosecha\u201d, expres\u00f3 Solmi.<\/p>\n\n\n\n<p>Durante el encuentro, el dirigente del Frente Renovador y funcionario de la cartera agraria nacional, Jorge Solmi, destac\u00f3 la importancia del trabajo conjunto entre el Estado y todos los actores de la actividad para abordar cuestiones vinculadas al abastecimiento, la log\u00edstica, el financiamiento, y la generaci\u00f3n de pol\u00edticas p\u00fablicas.<\/p>\n\n\n\n<div class=\"wp-block-image is-style-default\"><figure class=\"aligncenter size-medium\"><img loading=\"lazy\" decoding=\"async\" width=\"460\" height=\"284\" src=\"http:\/\/infoecos.com.ar\/wp-content\/uploads\/2021\/07\/diputados1-460x284.jpg\" alt=\"\" class=\"wp-image-81378\" srcset=\"https:\/\/infoecos.com.ar\/wp-content\/uploads\/2021\/07\/diputados1-460x284.jpg 460w, https:\/\/infoecos.com.ar\/wp-content\/uploads\/2021\/07\/diputados1.jpg 765w\" sizes=\"(max-width: 460px) 100vw, 460px\" \/><figcaption>Contratistas Rurales y Solmi<\/figcaption><\/figure><\/div>\n\n\n\n<p>De la jornada participaron el subsecretario de Agricultura, Delfo Buchaillot; el director de Innovaci\u00f3n, Buenas Pr\u00e1cticas y Tecnolog\u00eda Agr\u00edcola, Andr\u00e9s M\u00e9ndez; el Presidente de la Federaci\u00f3n Argentina de Contratistas de M\u00e1quinas Agr\u00edcolas, Jorge Scoppa; el secretario administrativo de la entidad, Norberto Ferrucci; el representante de la C\u00e1mara de Propietarios de M\u00e1quinas Agr\u00edcolas de La Pampa, Francisco Sobre; y el titular de la C\u00e1mara Bonaerense de Contratistas Rurales, Fredy Simone.<\/p>\n","protected":false},"excerpt":{"rendered":"<p>Durante el encuentro, el dirigente del Frente Renovador y funcionario de la cartera agraria nacional, Jorge Solmi, destac\u00f3 la importancia del trabajo conjunto entre el Estado y todos los actores de la actividad<\/p>\n","protected":false},"author":2,"featured_media":81377,"comment_status":"closed","ping_status":"open","sticky":false,"template":"","format":"standard","meta":{"footnotes":""},"categories":[1334],"tags":[1721],"class_list":["post-81376","post","type-post","status-publish","format-standard","has-post-thumbnail","hentry","category-inferior14","tag-economia-agropecuaria-2"],"yoast_head":"<!-- This site is optimized with the Yoast SEO plugin v23.4 - https:\/\/yoast.com\/wordpress\/plugins\/seo\/ -->\n<title>Se constituy\u00f3 la Mesa Nacional de Contratistas Rurales - Infoecos<\/title>\n<meta name=\"robots\" content=\"index, follow, max-snippet:-1, max-image-preview:large, max-video-preview:-1\" \/>\n<link rel=\"canonical\" href=\"https:\/\/infoecos.com.ar\/index.php\/se-constituyo-la-mesa-nacional-de-contratistas-rurales\/\" \/>\n<meta property=\"og:locale\" content=\"es_ES\" \/>\n<meta property=\"og:type\" content=\"article\" \/>\n<meta property=\"og:title\" content=\"Se constituy\u00f3 la Mesa Nacional de Contratistas Rurales - Infoecos\" \/>\n<meta property=\"og:description\" content=\"Durante el encuentro, el dirigente del Frente Renovador y funcionario de la cartera agraria nacional, Jorge Solmi, destac\u00f3 la importancia del trabajo conjunto entre el Estado y todos los actores de la actividad\" \/>\n<meta property=\"og:url\" content=\"https:\/\/infoecos.com.ar\/index.php\/se-constituyo-la-mesa-nacional-de-contratistas-rurales\/\" \/>\n<meta property=\"og:site_name\" content=\"Infoecos\" \/>\n<meta property=\"article:publisher\" content=\"https:\/\/www.facebook.com\/profile.php?id=100063200290284\" \/>\n<meta property=\"article:published_time\" content=\"2021-07-14T21:51:04+00:00\" \/>\n<meta property=\"article:modified_time\" content=\"2021-07-19T07:16:16+00:00\" \/>\n<meta property=\"og:image\" content=\"https:\/\/infoecos.com.ar\/wp-content\/uploads\/2021\/07\/diputados.jpg\" \/>\n\t<meta property=\"og:image:width\" content=\"1280\" \/>\n\t<meta property=\"og:image:height\" content=\"960\" \/>\n\t<meta property=\"og:image:type\" content=\"image\/jpeg\" \/>\n<meta name=\"author\" content=\"Jorge Matheus\" \/>\n<meta name=\"twitter:card\" content=\"summary_large_image\" \/>\n<meta name=\"twitter:creator\" content=\"@infoecos\" \/>\n<meta name=\"twitter:site\" content=\"@infoecos\" \/>\n<meta name=\"twitter:label1\" content=\"Escrito por\" \/>\n\t<meta name=\"twitter:data1\" content=\"Jorge Matheus\" \/>\n\t<meta name=\"twitter:label2\" content=\"Tiempo de lectura\" \/>\n\t<meta name=\"twitter:data2\" content=\"1 minuto\" \/>\n<script type=\"application\/ld+json\" class=\"yoast-schema-graph\">{\"@context\":\"https:\/\/schema.org\",\"@graph\":[{\"@type\":\"Article\",\"@id\":\"https:\/\/infoecos.com.ar\/index.php\/se-constituyo-la-mesa-nacional-de-contratistas-rurales\/#article\",\"isPartOf\":{\"@id\":\"https:\/\/infoecos.com.ar\/index.php\/se-constituyo-la-mesa-nacional-de-contratistas-rurales\/\"},\"author\":{\"name\":\"Jorge Matheus\",\"@id\":\"https:\/\/infoecos.com.ar\/#\/schema\/person\/8f5ace5ce73b4b4aac4b7245aee6f191\"},\"headline\":\"Se constituy\u00f3 la Mesa Nacional de Contratistas Rurales\",\"datePublished\":\"2021-07-14T21:51:04+00:00\",\"dateModified\":\"2021-07-19T07:16:16+00:00\",\"mainEntityOfPage\":{\"@id\":\"https:\/\/infoecos.com.ar\/index.php\/se-constituyo-la-mesa-nacional-de-contratistas-rurales\/\"},\"wordCount\":265,\"publisher\":{\"@id\":\"https:\/\/infoecos.com.ar\/#organization\"},\"image\":{\"@id\":\"https:\/\/infoecos.com.ar\/index.php\/se-constituyo-la-mesa-nacional-de-contratistas-rurales\/#primaryimage\"},\"thumbnailUrl\":\"https:\/\/infoecos.com.ar\/wp-content\/uploads\/2021\/07\/diputados.jpg\",\"keywords\":[\"ECONOM\u00cdA AGROPECUARIA\"],\"articleSection\":[\"Bloque inferior - 14\"],\"inLanguage\":\"es\"},{\"@type\":\"WebPage\",\"@id\":\"https:\/\/infoecos.com.ar\/index.php\/se-constituyo-la-mesa-nacional-de-contratistas-rurales\/\",\"url\":\"https:\/\/infoecos.com.ar\/index.php\/se-constituyo-la-mesa-nacional-de-contratistas-rurales\/\",\"name\":\"Se constituy\u00f3 la Mesa Nacional de Contratistas Rurales - Infoecos\",\"isPartOf\":{\"@id\":\"https:\/\/infoecos.com.ar\/#website\"},\"primaryImageOfPage\":{\"@id\":\"https:\/\/infoecos.com.ar\/index.php\/se-constituyo-la-mesa-nacional-de-contratistas-rurales\/#primaryimage\"},\"image\":{\"@id\":\"https:\/\/infoecos.com.ar\/index.php\/se-constituyo-la-mesa-nacional-de-contratistas-rurales\/#primaryimage\"},\"thumbnailUrl\":\"https:\/\/infoecos.com.ar\/wp-content\/uploads\/2021\/07\/diputados.jpg\",\"datePublished\":\"2021-07-14T21:51:04+00:00\",\"dateModified\":\"2021-07-19T07:16:16+00:00\",\"breadcrumb\":{\"@id\":\"https:\/\/infoecos.com.ar\/index.php\/se-constituyo-la-mesa-nacional-de-contratistas-rurales\/#breadcrumb\"},\"inLanguage\":\"es\",\"potentialAction\":[{\"@type\":\"ReadAction\",\"target\":[\"https:\/\/infoecos.com.ar\/index.php\/se-constituyo-la-mesa-nacional-de-contratistas-rurales\/\"]}]},{\"@type\":\"ImageObject\",\"inLanguage\":\"es\",\"@id\":\"https:\/\/infoecos.com.ar\/index.php\/se-constituyo-la-mesa-nacional-de-contratistas-rurales\/#primaryimage\",\"url\":\"https:\/\/infoecos.com.ar\/wp-content\/uploads\/2021\/07\/diputados.jpg\",\"contentUrl\":\"https:\/\/infoecos.com.ar\/wp-content\/uploads\/2021\/07\/diputados.jpg\",\"width\":1280,\"height\":960},{\"@type\":\"BreadcrumbList\",\"@id\":\"https:\/\/infoecos.com.ar\/index.php\/se-constituyo-la-mesa-nacional-de-contratistas-rurales\/#breadcrumb\",\"itemListElement\":[{\"@type\":\"ListItem\",\"position\":1,\"name\":\"Portada\",\"item\":\"https:\/\/infoecos.com.ar\/\"},{\"@type\":\"ListItem\",\"position\":2,\"name\":\"Se constituy\u00f3 la Mesa Nacional de Contratistas Rurales\"}]},{\"@type\":\"WebSite\",\"@id\":\"https:\/\/infoecos.com.ar\/#website\",\"url\":\"https:\/\/infoecos.com.ar\/\",\"name\":\"Infoecos\",\"description\":\"Noticias de trenque lauquen y la zona\",\"publisher\":{\"@id\":\"https:\/\/infoecos.com.ar\/#organization\"},\"alternateName\":\"Noticias\",\"potentialAction\":[{\"@type\":\"SearchAction\",\"target\":{\"@type\":\"EntryPoint\",\"urlTemplate\":\"https:\/\/infoecos.com.ar\/?s={search_term_string}\"},\"query-input\":{\"@type\":\"PropertyValueSpecification\",\"valueRequired\":true,\"valueName\":\"search_term_string\"}}],\"inLanguage\":\"es\"},{\"@type\":\"Organization\",\"@id\":\"https:\/\/infoecos.com.ar\/#organization\",\"name\":\"Infoecos\",\"alternateName\":\"Noticias\",\"url\":\"https:\/\/infoecos.com.ar\/\",\"logo\":{\"@type\":\"ImageObject\",\"inLanguage\":\"es\",\"@id\":\"https:\/\/infoecos.com.ar\/#\/schema\/logo\/image\/\",\"url\":\"https:\/\/infoecos.com.ar\/wp-content\/uploads\/2024\/03\/cropped-logo.png\",\"contentUrl\":\"https:\/\/infoecos.com.ar\/wp-content\/uploads\/2024\/03\/cropped-logo.png\",\"width\":374,\"height\":90,\"caption\":\"Infoecos\"},\"image\":{\"@id\":\"https:\/\/infoecos.com.ar\/#\/schema\/logo\/image\/\"},\"sameAs\":[\"https:\/\/www.facebook.com\/profile.php?id=100063200290284\",\"https:\/\/x.com\/infoecos\"]},{\"@type\":\"Person\",\"@id\":\"https:\/\/infoecos.com.ar\/#\/schema\/person\/8f5ace5ce73b4b4aac4b7245aee6f191\",\"name\":\"Jorge Matheus\",\"url\":\"https:\/\/infoecos.com.ar\/index.php\/author\/jomatheus\/\"}]}<\/script>\n<!-- \/ Yoast SEO plugin. -->","yoast_head_json":{"title":"Se constituy\u00f3 la Mesa Nacional de Contratistas Rurales - Infoecos","robots":{"index":"index","follow":"follow","max-snippet":"max-snippet:-1","max-image-preview":"max-image-preview:large","max-video-preview":"max-video-preview:-1"},"canonical":"https:\/\/infoecos.com.ar\/index.php\/se-constituyo-la-mesa-nacional-de-contratistas-rurales\/","og_locale":"es_ES","og_type":"article","og_title":"Se constituy\u00f3 la Mesa Nacional de Contratistas Rurales - Infoecos","og_description":"Durante el encuentro, el dirigente del Frente Renovador y funcionario de la cartera agraria nacional, Jorge Solmi, destac\u00f3 la importancia del trabajo conjunto entre el Estado y todos los actores de la actividad","og_url":"https:\/\/infoecos.com.ar\/index.php\/se-constituyo-la-mesa-nacional-de-contratistas-rurales\/","og_site_name":"Infoecos","article_publisher":"https:\/\/www.facebook.com\/profile.php?id=100063200290284","article_published_time":"2021-07-14T21:51:04+00:00","article_modified_time":"2021-07-19T07:16:16+00:00","og_image":[{"width":1280,"height":960,"url":"https:\/\/infoecos.com.ar\/wp-content\/uploads\/2021\/07\/diputados.jpg","type":"image\/jpeg"}],"author":"Jorge Matheus","twitter_card":"summary_large_image","twitter_creator":"@infoecos","twitter_site":"@infoecos","twitter_misc":{"Escrito por":"Jorge Matheus","Tiempo de lectura":"1 minuto"},"schema":{"@context":"https:\/\/schema.org","@graph":[{"@type":"Article","@id":"https:\/\/infoecos.com.ar\/index.php\/se-constituyo-la-mesa-nacional-de-contratistas-rurales\/#article","isPartOf":{"@id":"https:\/\/infoecos.com.ar\/index.php\/se-constituyo-la-mesa-nacional-de-contratistas-rurales\/"},"author":{"name":"Jorge Matheus","@id":"https:\/\/infoecos.com.ar\/#\/schema\/person\/8f5ace5ce73b4b4aac4b7245aee6f191"},"headline":"Se constituy\u00f3 la Mesa Nacional de Contratistas Rurales","datePublished":"2021-07-14T21:51:04+00:00","dateModified":"2021-07-19T07:16:16+00:00","mainEntityOfPage":{"@id":"https:\/\/infoecos.com.ar\/index.php\/se-constituyo-la-mesa-nacional-de-contratistas-rurales\/"},"wordCount":265,"publisher":{"@id":"https:\/\/infoecos.com.ar\/#organization"},"image":{"@id":"https:\/\/infoecos.com.ar\/index.php\/se-constituyo-la-mesa-nacional-de-contratistas-rurales\/#primaryimage"},"thumbnailUrl":"https:\/\/infoecos.com.ar\/wp-content\/uploads\/2021\/07\/diputados.jpg","keywords":["ECONOM\u00cdA AGROPECUARIA"],"articleSection":["Bloque inferior - 14"],"inLanguage":"es"},{"@type":"WebPage","@id":"https:\/\/infoecos.com.ar\/index.php\/se-constituyo-la-mesa-nacional-de-contratistas-rurales\/","url":"https:\/\/infoecos.com.ar\/index.php\/se-constituyo-la-mesa-nacional-de-contratistas-rurales\/","name":"Se constituy\u00f3 la Mesa Nacional de Contratistas Rurales - Infoecos","isPartOf":{"@id":"https:\/\/infoecos.com.ar\/#website"},"primaryImageOfPage":{"@id":"https:\/\/infoecos.com.ar\/index.php\/se-constituyo-la-mesa-nacional-de-contratistas-rurales\/#primaryimage"},"image":{"@id":"https:\/\/infoecos.com.ar\/index.php\/se-constituyo-la-mesa-nacional-de-contratistas-rurales\/#primaryimage"},"thumbnailUrl":"https:\/\/infoecos.com.ar\/wp-content\/uploads\/2021\/07\/diputados.jpg","datePublished":"2021-07-14T21:51:04+00:00","dateModified":"2021-07-19T07:16:16+00:00","breadcrumb":{"@id":"https:\/\/infoecos.com.ar\/index.php\/se-constituyo-la-mesa-nacional-de-contratistas-rurales\/#breadcrumb"},"inLanguage":"es","potentialAction":[{"@type":"ReadAction","target":["https:\/\/infoecos.com.ar\/index.php\/se-constituyo-la-mesa-nacional-de-contratistas-rurales\/"]}]},{"@type":"ImageObject","inLanguage":"es","@id":"https:\/\/infoecos.com.ar\/index.php\/se-constituyo-la-mesa-nacional-de-contratistas-rurales\/#primaryimage","url":"https:\/\/infoecos.com.ar\/wp-content\/uploads\/2021\/07\/diputados.jpg","contentUrl":"https:\/\/infoecos.com.ar\/wp-content\/uploads\/2021\/07\/diputados.jpg","width":1280,"height":960},{"@type":"BreadcrumbList","@id":"https:\/\/infoecos.com.ar\/index.php\/se-constituyo-la-mesa-nacional-de-contratistas-rurales\/#breadcrumb","itemListElement":[{"@type":"ListItem","position":1,"name":"Portada","item":"https:\/\/infoecos.com.ar\/"},{"@type":"ListItem","position":2,"name":"Se constituy\u00f3 la Mesa Nacional de Contratistas Rurales"}]},{"@type":"WebSite","@id":"https:\/\/infoecos.com.ar\/#website","url":"https:\/\/infoecos.com.ar\/","name":"Infoecos","description":"Noticias de trenque lauquen y la zona","publisher":{"@id":"https:\/\/infoecos.com.ar\/#organization"},"alternateName":"Noticias","potentialAction":[{"@type":"SearchAction","target":{"@type":"EntryPoint","urlTemplate":"https:\/\/infoecos.com.ar\/?s={search_term_string}"},"query-input":{"@type":"PropertyValueSpecification","valueRequired":true,"valueName":"search_term_string"}}],"inLanguage":"es"},{"@type":"Organization","@id":"https:\/\/infoecos.com.ar\/#organization","name":"Infoecos","alternateName":"Noticias","url":"https:\/\/infoecos.com.ar\/","logo":{"@type":"ImageObject","inLanguage":"es","@id":"https:\/\/infoecos.com.ar\/#\/schema\/logo\/image\/","url":"https:\/\/infoecos.com.ar\/wp-content\/uploads\/2024\/03\/cropped-logo.png","contentUrl":"https:\/\/infoecos.com.ar\/wp-content\/uploads\/2024\/03\/cropped-logo.png","width":374,"height":90,"caption":"Infoecos"},"image":{"@id":"https:\/\/infoecos.com.ar\/#\/schema\/logo\/image\/"},"sameAs":["https:\/\/www.facebook.com\/profile.php?id=100063200290284","https:\/\/x.com\/infoecos"]},{"@type":"Person","@id":"https:\/\/infoecos.com.ar\/#\/schema\/person\/8f5ace5ce73b4b4aac4b7245aee6f191","name":"Jorge Matheus","url":"https:\/\/infoecos.com.ar\/index.php\/author\/jomatheus\/"}]}},"featured_image_urls":{"full":["https:\/\/infoecos.com.ar\/wp-content\/uploads\/2021\/07\/diputados.jpg",1280,960,false],"thumbnail":["https:\/\/infoecos.com.ar\/wp-content\/uploads\/2021\/07\/diputados-150x150.jpg",150,150,true],"medium":["https:\/\/infoecos.com.ar\/wp-content\/uploads\/2021\/07\/diputados-460x345.jpg",460,345,true],"medium_large":["https:\/\/infoecos.com.ar\/wp-content\/uploads\/2021\/07\/diputados-768x576.jpg",640,480,true],"large":["https:\/\/infoecos.com.ar\/wp-content\/uploads\/2021\/07\/diputados-920x690.jpg",640,480,true],"1536x1536":["https:\/\/infoecos.com.ar\/wp-content\/uploads\/2021\/07\/diputados.jpg",1280,960,false],"2048x2048":["https:\/\/infoecos.com.ar\/wp-content\/uploads\/2021\/07\/diputados.jpg",1280,960,false],"covernews-slider-full":["https:\/\/infoecos.com.ar\/wp-content\/uploads\/2021\/07\/diputados.jpg",953,715,false],"covernews-slider-center":["https:\/\/infoecos.com.ar\/wp-content\/uploads\/2021\/07\/diputados-936x897.jpg",522,500,true],"covernews-featured":["https:\/\/infoecos.com.ar\/wp-content\/uploads\/2021\/07\/diputados-1024x768.jpg",1024,768,true],"covernews-medium":["https:\/\/infoecos.com.ar\/wp-content\/uploads\/2021\/07\/diputados-720x380.jpg",540,285,true],"covernews-medium-square":["https:\/\/infoecos.com.ar\/wp-content\/uploads\/2021\/07\/diputados-675x450.jpg",375,250,true]},"author_info":{"info":["Jorge Matheus"]},"category_info":"<a href=\"https:\/\/infoecos.com.ar\/index.php\/category\/inferior14\/\" rel=\"category tag\">Bloque inferior - 14<\/a>","tag_info":"Bloque inferior - 14","comment_count":"0","_links":{"self":[{"href":"https:\/\/infoecos.com.ar\/index.php\/wp-json\/wp\/v2\/posts\/81376"}],"collection":[{"href":"https:\/\/infoecos.com.ar\/index.php\/wp-json\/wp\/v2\/posts"}],"about":[{"href":"https:\/\/infoecos.com.ar\/index.php\/wp-json\/wp\/v2\/types\/post"}],"author":[{"embeddable":true,"href":"https:\/\/infoecos.com.ar\/index.php\/wp-json\/wp\/v2\/users\/2"}],"replies":[{"embeddable":true,"href":"https:\/\/infoecos.com.ar\/index.php\/wp-json\/wp\/v2\/comments?post=81376"}],"version-history":[{"count":1,"href":"https:\/\/infoecos.com.ar\/index.php\/wp-json\/wp\/v2\/posts\/81376\/revisions"}],"predecessor-version":[{"id":81379,"href":"https:\/\/infoecos.com.ar\/index.php\/wp-json\/wp\/v2\/posts\/81376\/revisions\/81379"}],"wp:featuredmedia":[{"embeddable":true,"href":"https:\/\/infoecos.com.ar\/index.php\/wp-json\/wp\/v2\/media\/81377"}],"wp:attachment":[{"href":"https:\/\/infoecos.com.ar\/index.php\/wp-json\/wp\/v2\/media?parent=81376"}],"wp:term":[{"taxonomy":"category","embeddable":true,"href":"https:\/\/infoecos.com.ar\/index.php\/wp-json\/wp\/v2\/categories?post=81376"},{"taxonomy":"post_tag","embeddable":true,"href":"https:\/\/infoecos.com.ar\/index.php\/wp-json\/wp\/v2\/tags?post=81376"}],"curies":[{"name":"wp","href":"https:\/\/api.w.org\/{rel}","templated":true}]}}