{"id":81391,"date":"2021-07-15T01:40:50","date_gmt":"2021-07-15T04:40:50","guid":{"rendered":"http:\/\/infoecos.com.ar\/?p=81391"},"modified":"2021-07-16T04:21:59","modified_gmt":"2021-07-16T07:21:59","slug":"se-reune-el-concejo-deliberante-de-trenque-lauquen-este-viernes-con-un-variado-orden-del-dia","status":"publish","type":"post","link":"https:\/\/infoecos.com.ar\/index.php\/se-reune-el-concejo-deliberante-de-trenque-lauquen-este-viernes-con-un-variado-orden-del-dia\/","title":{"rendered":"Se re\u00fane hoy el Concejo Deliberante de Trenque Lauquen"},"content":{"rendered":"\n<p>Sesionar\u00e1 este viernes en forma presencial el Concejo Deliberante de Trenque Lauquen. El cuerpo est\u00e1 convocado para las 21 horas.<\/p>\n\n\n\n<p>Ser\u00e1 la octava sesi\u00f3n ordinaria del presente per\u00edodo. <\/p>\n\n\n\n<div class=\"wp-block-image is-style-default\"><figure class=\"aligncenter size-medium\"><img loading=\"lazy\" decoding=\"async\" width=\"460\" height=\"237\" src=\"http:\/\/infoecos.com.ar\/wp-content\/uploads\/concejod-460x237.jpg\" alt=\"\" class=\"wp-image-61711\" srcset=\"https:\/\/infoecos.com.ar\/wp-content\/uploads\/concejod-460x237.jpg 460w, https:\/\/infoecos.com.ar\/wp-content\/uploads\/concejod-768x396.jpg 768w, https:\/\/infoecos.com.ar\/wp-content\/uploads\/concejod.jpg 825w\" sizes=\"(max-width: 460px) 100vw, 460px\" \/><figcaption>Concejo Deliberante de Trenque Lauquen<\/figcaption><\/figure><\/div>\n\n\n\n<p>Entre los proyectos de ordenanza que habr\u00e1n de considerarse es el ya anticipado por el Ejecutivo que no habr\u00e1 variaci\u00f3n en las tasas, manteni\u00e9ndose el valor fijado el a\u00f1o anterior.<\/p>\n\n\n\n<p>Tambi\u00e9n estar\u00e1 en tratamiento la convalidaci\u00f3n de los convenios suscriptos por el municipio con el ministerio de Infraestructura, Obras y Servicios P\u00fablicos de la provincia de Buenos Aires para las obras: Construcci\u00f3n del Edificio del Peque\u00f1o Hogar, Puesta en valor del espacio p\u00fablico urbano de la ciudad de Trenque Lauquen, Construcci\u00f3n de Unidad de Terapia Intensiva, UCO y Apoyos en el Hospital Municipal. <\/p>\n\n\n\n<p>Ingres\u00f3 tambi\u00e9n para su tratamiento la creaci\u00f3n del programa de Mejora Habitacional para Empleados Municipales. <\/p>\n\n\n\n<p>El Frente de Todos, en tanto, present\u00f3 el proyecto donde solicita al Intendente Municipal, considere la<br>implementaci\u00f3n del Programa \u201cTu Lote, Tu Casa\u201d, en la localidad de 30 de Agosto, como as\u00ed tambi\u00e9n la implementaci\u00f3n del wi fi libre y gratuito en los Hospitales Municipales del distrito.<\/p>\n\n\n\n<p>El bloque del Frente Renovador present\u00f3 varios proyectos de resoluci\u00f3n. Uno de ellos solicita al Departamento Ejecutivo, priorice en los Proyectos de Obras que presente ante Organismos Provinciales y Nacionales, los de<br>asfaltado de las calles Llamb\u00edas y Regimiento 3 de Caballer\u00eda que funcionan como accesos a la ciudad desde la Ruta Nacional N\u00b0 5; las causales del cese de la Enfermera de la Posta Sanitaria de La Carreta y se vuelva a cubrir el cargo; solicita al Departamento Ejecutivo, informe respecto de la n\u00f3mina de personal beneficiado por la Asignaci\u00f3n de Est\u00edmulo de la Salud, por la Pandemia Covid-19 y la realizaci\u00f3n del mantenimiento y puesta en valor de la Plaza \u201cN\u00e9stor Kirchner\u201d, de la ciudad de Trenque Lauquen.<\/p>\n\n\n\n<p>El bloque oficialista present\u00f3 el proyecto  donde se solicita a la Direcci\u00f3n Provincial de Hidr\u00e1ulica de la<br>Provincia de Buenos Aires, tenga a bien considerar la reparaci\u00f3n y mantenimiento de las<br>compuertas reguladoras del Canal Cuero de Zorro\/El Hinojo.<\/p>\n","protected":false},"excerpt":{"rendered":"<p>El ejecutivo present\u00f3 los proyectos de convalidaci\u00f3n de los convenios para obras firmados con la provincia de Buenos Aires<\/p>\n","protected":false},"author":2,"featured_media":61711,"comment_status":"closed","ping_status":"open","sticky":false,"template":"","format":"standard","meta":{"footnotes":""},"categories":[197],"tags":[4253],"class_list":["post-81391","post","type-post","status-publish","format-standard","has-post-thumbnail","hentry","category-c3nota4","tag-en-forma-presencial"],"yoast_head":"<!-- This site is optimized with the Yoast SEO plugin v23.4 - https:\/\/yoast.com\/wordpress\/plugins\/seo\/ -->\n<title>Se re\u00fane hoy el Concejo Deliberante de Trenque Lauquen - Infoecos<\/title>\n<meta name=\"robots\" content=\"index, follow, max-snippet:-1, max-image-preview:large, max-video-preview:-1\" \/>\n<link rel=\"canonical\" href=\"https:\/\/infoecos.com.ar\/index.php\/se-reune-el-concejo-deliberante-de-trenque-lauquen-este-viernes-con-un-variado-orden-del-dia\/\" \/>\n<meta property=\"og:locale\" content=\"es_ES\" \/>\n<meta property=\"og:type\" content=\"article\" \/>\n<meta property=\"og:title\" content=\"Se re\u00fane hoy el Concejo Deliberante de Trenque Lauquen - Infoecos\" \/>\n<meta property=\"og:description\" content=\"El ejecutivo present\u00f3 los proyectos de convalidaci\u00f3n de los convenios para obras firmados con la provincia de Buenos Aires\" \/>\n<meta property=\"og:url\" content=\"https:\/\/infoecos.com.ar\/index.php\/se-reune-el-concejo-deliberante-de-trenque-lauquen-este-viernes-con-un-variado-orden-del-dia\/\" \/>\n<meta property=\"og:site_name\" content=\"Infoecos\" \/>\n<meta property=\"article:publisher\" content=\"https:\/\/www.facebook.com\/profile.php?id=100063200290284\" \/>\n<meta property=\"article:published_time\" content=\"2021-07-15T04:40:50+00:00\" \/>\n<meta property=\"article:modified_time\" content=\"2021-07-16T07:21:59+00:00\" \/>\n<meta property=\"og:image\" content=\"https:\/\/infoecos.com.ar\/wp-content\/uploads\/concejod.jpg\" \/>\n\t<meta property=\"og:image:width\" content=\"825\" \/>\n\t<meta property=\"og:image:height\" content=\"425\" \/>\n\t<meta property=\"og:image:type\" content=\"image\/jpeg\" \/>\n<meta name=\"author\" content=\"Jorge Matheus\" \/>\n<meta name=\"twitter:card\" content=\"summary_large_image\" \/>\n<meta name=\"twitter:creator\" content=\"@infoecos\" \/>\n<meta name=\"twitter:site\" content=\"@infoecos\" \/>\n<meta name=\"twitter:label1\" content=\"Escrito por\" \/>\n\t<meta name=\"twitter:data1\" content=\"Jorge Matheus\" \/>\n\t<meta name=\"twitter:label2\" content=\"Tiempo de lectura\" \/>\n\t<meta name=\"twitter:data2\" content=\"2 minutos\" \/>\n<script type=\"application\/ld+json\" class=\"yoast-schema-graph\">{\"@context\":\"https:\/\/schema.org\",\"@graph\":[{\"@type\":\"Article\",\"@id\":\"https:\/\/infoecos.com.ar\/index.php\/se-reune-el-concejo-deliberante-de-trenque-lauquen-este-viernes-con-un-variado-orden-del-dia\/#article\",\"isPartOf\":{\"@id\":\"https:\/\/infoecos.com.ar\/index.php\/se-reune-el-concejo-deliberante-de-trenque-lauquen-este-viernes-con-un-variado-orden-del-dia\/\"},\"author\":{\"name\":\"Jorge Matheus\",\"@id\":\"https:\/\/infoecos.com.ar\/#\/schema\/person\/8f5ace5ce73b4b4aac4b7245aee6f191\"},\"headline\":\"Se re\u00fane hoy el Concejo Deliberante de Trenque Lauquen\",\"datePublished\":\"2021-07-15T04:40:50+00:00\",\"dateModified\":\"2021-07-16T07:21:59+00:00\",\"mainEntityOfPage\":{\"@id\":\"https:\/\/infoecos.com.ar\/index.php\/se-reune-el-concejo-deliberante-de-trenque-lauquen-este-viernes-con-un-variado-orden-del-dia\/\"},\"wordCount\":379,\"publisher\":{\"@id\":\"https:\/\/infoecos.com.ar\/#organization\"},\"image\":{\"@id\":\"https:\/\/infoecos.com.ar\/index.php\/se-reune-el-concejo-deliberante-de-trenque-lauquen-este-viernes-con-un-variado-orden-del-dia\/#primaryimage\"},\"thumbnailUrl\":\"https:\/\/infoecos.com.ar\/wp-content\/uploads\/concejod.jpg\",\"keywords\":[\"EN FORMA PRESENCIAL\"],\"articleSection\":[\"C3 N4\"],\"inLanguage\":\"es\"},{\"@type\":\"WebPage\",\"@id\":\"https:\/\/infoecos.com.ar\/index.php\/se-reune-el-concejo-deliberante-de-trenque-lauquen-este-viernes-con-un-variado-orden-del-dia\/\",\"url\":\"https:\/\/infoecos.com.ar\/index.php\/se-reune-el-concejo-deliberante-de-trenque-lauquen-este-viernes-con-un-variado-orden-del-dia\/\",\"name\":\"Se re\u00fane hoy el Concejo Deliberante de Trenque Lauquen - Infoecos\",\"isPartOf\":{\"@id\":\"https:\/\/infoecos.com.ar\/#website\"},\"primaryImageOfPage\":{\"@id\":\"https:\/\/infoecos.com.ar\/index.php\/se-reune-el-concejo-deliberante-de-trenque-lauquen-este-viernes-con-un-variado-orden-del-dia\/#primaryimage\"},\"image\":{\"@id\":\"https:\/\/infoecos.com.ar\/index.php\/se-reune-el-concejo-deliberante-de-trenque-lauquen-este-viernes-con-un-variado-orden-del-dia\/#primaryimage\"},\"thumbnailUrl\":\"https:\/\/infoecos.com.ar\/wp-content\/uploads\/concejod.jpg\",\"datePublished\":\"2021-07-15T04:40:50+00:00\",\"dateModified\":\"2021-07-16T07:21:59+00:00\",\"breadcrumb\":{\"@id\":\"https:\/\/infoecos.com.ar\/index.php\/se-reune-el-concejo-deliberante-de-trenque-lauquen-este-viernes-con-un-variado-orden-del-dia\/#breadcrumb\"},\"inLanguage\":\"es\",\"potentialAction\":[{\"@type\":\"ReadAction\",\"target\":[\"https:\/\/infoecos.com.ar\/index.php\/se-reune-el-concejo-deliberante-de-trenque-lauquen-este-viernes-con-un-variado-orden-del-dia\/\"]}]},{\"@type\":\"ImageObject\",\"inLanguage\":\"es\",\"@id\":\"https:\/\/infoecos.com.ar\/index.php\/se-reune-el-concejo-deliberante-de-trenque-lauquen-este-viernes-con-un-variado-orden-del-dia\/#primaryimage\",\"url\":\"https:\/\/infoecos.com.ar\/wp-content\/uploads\/concejod.jpg\",\"contentUrl\":\"https:\/\/infoecos.com.ar\/wp-content\/uploads\/concejod.jpg\",\"width\":825,\"height\":425,\"caption\":\"Concejo Deliberante de Trenque Lauquen\"},{\"@type\":\"BreadcrumbList\",\"@id\":\"https:\/\/infoecos.com.ar\/index.php\/se-reune-el-concejo-deliberante-de-trenque-lauquen-este-viernes-con-un-variado-orden-del-dia\/#breadcrumb\",\"itemListElement\":[{\"@type\":\"ListItem\",\"position\":1,\"name\":\"Portada\",\"item\":\"https:\/\/infoecos.com.ar\/\"},{\"@type\":\"ListItem\",\"position\":2,\"name\":\"Se re\u00fane hoy el Concejo Deliberante de Trenque Lauquen\"}]},{\"@type\":\"WebSite\",\"@id\":\"https:\/\/infoecos.com.ar\/#website\",\"url\":\"https:\/\/infoecos.com.ar\/\",\"name\":\"Infoecos\",\"description\":\"Noticias de trenque lauquen y la zona\",\"publisher\":{\"@id\":\"https:\/\/infoecos.com.ar\/#organization\"},\"alternateName\":\"Noticias\",\"potentialAction\":[{\"@type\":\"SearchAction\",\"target\":{\"@type\":\"EntryPoint\",\"urlTemplate\":\"https:\/\/infoecos.com.ar\/?s={search_term_string}\"},\"query-input\":{\"@type\":\"PropertyValueSpecification\",\"valueRequired\":true,\"valueName\":\"search_term_string\"}}],\"inLanguage\":\"es\"},{\"@type\":\"Organization\",\"@id\":\"https:\/\/infoecos.com.ar\/#organization\",\"name\":\"Infoecos\",\"alternateName\":\"Noticias\",\"url\":\"https:\/\/infoecos.com.ar\/\",\"logo\":{\"@type\":\"ImageObject\",\"inLanguage\":\"es\",\"@id\":\"https:\/\/infoecos.com.ar\/#\/schema\/logo\/image\/\",\"url\":\"https:\/\/infoecos.com.ar\/wp-content\/uploads\/2024\/03\/cropped-logo.png\",\"contentUrl\":\"https:\/\/infoecos.com.ar\/wp-content\/uploads\/2024\/03\/cropped-logo.png\",\"width\":374,\"height\":90,\"caption\":\"Infoecos\"},\"image\":{\"@id\":\"https:\/\/infoecos.com.ar\/#\/schema\/logo\/image\/\"},\"sameAs\":[\"https:\/\/www.facebook.com\/profile.php?id=100063200290284\",\"https:\/\/x.com\/infoecos\"]},{\"@type\":\"Person\",\"@id\":\"https:\/\/infoecos.com.ar\/#\/schema\/person\/8f5ace5ce73b4b4aac4b7245aee6f191\",\"name\":\"Jorge Matheus\",\"url\":\"https:\/\/infoecos.com.ar\/index.php\/author\/jomatheus\/\"}]}<\/script>\n<!-- \/ Yoast SEO plugin. -->","yoast_head_json":{"title":"Se re\u00fane hoy el Concejo Deliberante de Trenque Lauquen - Infoecos","robots":{"index":"index","follow":"follow","max-snippet":"max-snippet:-1","max-image-preview":"max-image-preview:large","max-video-preview":"max-video-preview:-1"},"canonical":"https:\/\/infoecos.com.ar\/index.php\/se-reune-el-concejo-deliberante-de-trenque-lauquen-este-viernes-con-un-variado-orden-del-dia\/","og_locale":"es_ES","og_type":"article","og_title":"Se re\u00fane hoy el Concejo Deliberante de Trenque Lauquen - Infoecos","og_description":"El ejecutivo present\u00f3 los proyectos de convalidaci\u00f3n de los convenios para obras firmados con la provincia de Buenos Aires","og_url":"https:\/\/infoecos.com.ar\/index.php\/se-reune-el-concejo-deliberante-de-trenque-lauquen-este-viernes-con-un-variado-orden-del-dia\/","og_site_name":"Infoecos","article_publisher":"https:\/\/www.facebook.com\/profile.php?id=100063200290284","article_published_time":"2021-07-15T04:40:50+00:00","article_modified_time":"2021-07-16T07:21:59+00:00","og_image":[{"width":825,"height":425,"url":"https:\/\/infoecos.com.ar\/wp-content\/uploads\/concejod.jpg","type":"image\/jpeg"}],"author":"Jorge Matheus","twitter_card":"summary_large_image","twitter_creator":"@infoecos","twitter_site":"@infoecos","twitter_misc":{"Escrito por":"Jorge Matheus","Tiempo de lectura":"2 minutos"},"schema":{"@context":"https:\/\/schema.org","@graph":[{"@type":"Article","@id":"https:\/\/infoecos.com.ar\/index.php\/se-reune-el-concejo-deliberante-de-trenque-lauquen-este-viernes-con-un-variado-orden-del-dia\/#article","isPartOf":{"@id":"https:\/\/infoecos.com.ar\/index.php\/se-reune-el-concejo-deliberante-de-trenque-lauquen-este-viernes-con-un-variado-orden-del-dia\/"},"author":{"name":"Jorge Matheus","@id":"https:\/\/infoecos.com.ar\/#\/schema\/person\/8f5ace5ce73b4b4aac4b7245aee6f191"},"headline":"Se re\u00fane hoy el Concejo Deliberante de Trenque Lauquen","datePublished":"2021-07-15T04:40:50+00:00","dateModified":"2021-07-16T07:21:59+00:00","mainEntityOfPage":{"@id":"https:\/\/infoecos.com.ar\/index.php\/se-reune-el-concejo-deliberante-de-trenque-lauquen-este-viernes-con-un-variado-orden-del-dia\/"},"wordCount":379,"publisher":{"@id":"https:\/\/infoecos.com.ar\/#organization"},"image":{"@id":"https:\/\/infoecos.com.ar\/index.php\/se-reune-el-concejo-deliberante-de-trenque-lauquen-este-viernes-con-un-variado-orden-del-dia\/#primaryimage"},"thumbnailUrl":"https:\/\/infoecos.com.ar\/wp-content\/uploads\/concejod.jpg","keywords":["EN FORMA PRESENCIAL"],"articleSection":["C3 N4"],"inLanguage":"es"},{"@type":"WebPage","@id":"https:\/\/infoecos.com.ar\/index.php\/se-reune-el-concejo-deliberante-de-trenque-lauquen-este-viernes-con-un-variado-orden-del-dia\/","url":"https:\/\/infoecos.com.ar\/index.php\/se-reune-el-concejo-deliberante-de-trenque-lauquen-este-viernes-con-un-variado-orden-del-dia\/","name":"Se re\u00fane hoy el Concejo Deliberante de Trenque Lauquen - Infoecos","isPartOf":{"@id":"https:\/\/infoecos.com.ar\/#website"},"primaryImageOfPage":{"@id":"https:\/\/infoecos.com.ar\/index.php\/se-reune-el-concejo-deliberante-de-trenque-lauquen-este-viernes-con-un-variado-orden-del-dia\/#primaryimage"},"image":{"@id":"https:\/\/infoecos.com.ar\/index.php\/se-reune-el-concejo-deliberante-de-trenque-lauquen-este-viernes-con-un-variado-orden-del-dia\/#primaryimage"},"thumbnailUrl":"https:\/\/infoecos.com.ar\/wp-content\/uploads\/concejod.jpg","datePublished":"2021-07-15T04:40:50+00:00","dateModified":"2021-07-16T07:21:59+00:00","breadcrumb":{"@id":"https:\/\/infoecos.com.ar\/index.php\/se-reune-el-concejo-deliberante-de-trenque-lauquen-este-viernes-con-un-variado-orden-del-dia\/#breadcrumb"},"inLanguage":"es","potentialAction":[{"@type":"ReadAction","target":["https:\/\/infoecos.com.ar\/index.php\/se-reune-el-concejo-deliberante-de-trenque-lauquen-este-viernes-con-un-variado-orden-del-dia\/"]}]},{"@type":"ImageObject","inLanguage":"es","@id":"https:\/\/infoecos.com.ar\/index.php\/se-reune-el-concejo-deliberante-de-trenque-lauquen-este-viernes-con-un-variado-orden-del-dia\/#primaryimage","url":"https:\/\/infoecos.com.ar\/wp-content\/uploads\/concejod.jpg","contentUrl":"https:\/\/infoecos.com.ar\/wp-content\/uploads\/concejod.jpg","width":825,"height":425,"caption":"Concejo Deliberante de Trenque Lauquen"},{"@type":"BreadcrumbList","@id":"https:\/\/infoecos.com.ar\/index.php\/se-reune-el-concejo-deliberante-de-trenque-lauquen-este-viernes-con-un-variado-orden-del-dia\/#breadcrumb","itemListElement":[{"@type":"ListItem","position":1,"name":"Portada","item":"https:\/\/infoecos.com.ar\/"},{"@type":"ListItem","position":2,"name":"Se re\u00fane hoy el Concejo Deliberante de Trenque Lauquen"}]},{"@type":"WebSite","@id":"https:\/\/infoecos.com.ar\/#website","url":"https:\/\/infoecos.com.ar\/","name":"Infoecos","description":"Noticias de trenque lauquen y la zona","publisher":{"@id":"https:\/\/infoecos.com.ar\/#organization"},"alternateName":"Noticias","potentialAction":[{"@type":"SearchAction","target":{"@type":"EntryPoint","urlTemplate":"https:\/\/infoecos.com.ar\/?s={search_term_string}"},"query-input":{"@type":"PropertyValueSpecification","valueRequired":true,"valueName":"search_term_string"}}],"inLanguage":"es"},{"@type":"Organization","@id":"https:\/\/infoecos.com.ar\/#organization","name":"Infoecos","alternateName":"Noticias","url":"https:\/\/infoecos.com.ar\/","logo":{"@type":"ImageObject","inLanguage":"es","@id":"https:\/\/infoecos.com.ar\/#\/schema\/logo\/image\/","url":"https:\/\/infoecos.com.ar\/wp-content\/uploads\/2024\/03\/cropped-logo.png","contentUrl":"https:\/\/infoecos.com.ar\/wp-content\/uploads\/2024\/03\/cropped-logo.png","width":374,"height":90,"caption":"Infoecos"},"image":{"@id":"https:\/\/infoecos.com.ar\/#\/schema\/logo\/image\/"},"sameAs":["https:\/\/www.facebook.com\/profile.php?id=100063200290284","https:\/\/x.com\/infoecos"]},{"@type":"Person","@id":"https:\/\/infoecos.com.ar\/#\/schema\/person\/8f5ace5ce73b4b4aac4b7245aee6f191","name":"Jorge Matheus","url":"https:\/\/infoecos.com.ar\/index.php\/author\/jomatheus\/"}]}},"featured_image_urls":{"full":["https:\/\/infoecos.com.ar\/wp-content\/uploads\/concejod.jpg",825,425,false],"thumbnail":["https:\/\/infoecos.com.ar\/wp-content\/uploads\/concejod-150x150.jpg",150,150,true],"medium":["https:\/\/infoecos.com.ar\/wp-content\/uploads\/concejod-460x237.jpg",460,237,true],"medium_large":["https:\/\/infoecos.com.ar\/wp-content\/uploads\/concejod-768x396.jpg",640,330,true],"large":["https:\/\/infoecos.com.ar\/wp-content\/uploads\/concejod.jpg",640,330,false],"1536x1536":["https:\/\/infoecos.com.ar\/wp-content\/uploads\/concejod.jpg",825,425,false],"2048x2048":["https:\/\/infoecos.com.ar\/wp-content\/uploads\/concejod.jpg",825,425,false],"covernews-slider-full":["https:\/\/infoecos.com.ar\/wp-content\/uploads\/concejod.jpg",825,425,false],"covernews-slider-center":["https:\/\/infoecos.com.ar\/wp-content\/uploads\/concejod.jpg",800,412,false],"covernews-featured":["https:\/\/infoecos.com.ar\/wp-content\/uploads\/concejod.jpg",825,425,false],"covernews-medium":["https:\/\/infoecos.com.ar\/wp-content\/uploads\/concejod-720x380.jpg",540,285,true],"covernews-medium-square":["https:\/\/infoecos.com.ar\/wp-content\/uploads\/concejod-675x425.jpg",397,250,true]},"author_info":{"info":["Jorge Matheus"]},"category_info":"<a href=\"https:\/\/infoecos.com.ar\/index.php\/category\/c3nota4\/\" rel=\"category tag\">C3 N4<\/a>","tag_info":"C3 N4","comment_count":"0","_links":{"self":[{"href":"https:\/\/infoecos.com.ar\/index.php\/wp-json\/wp\/v2\/posts\/81391"}],"collection":[{"href":"https:\/\/infoecos.com.ar\/index.php\/wp-json\/wp\/v2\/posts"}],"about":[{"href":"https:\/\/infoecos.com.ar\/index.php\/wp-json\/wp\/v2\/types\/post"}],"author":[{"embeddable":true,"href":"https:\/\/infoecos.com.ar\/index.php\/wp-json\/wp\/v2\/users\/2"}],"replies":[{"embeddable":true,"href":"https:\/\/infoecos.com.ar\/index.php\/wp-json\/wp\/v2\/comments?post=81391"}],"version-history":[{"count":2,"href":"https:\/\/infoecos.com.ar\/index.php\/wp-json\/wp\/v2\/posts\/81391\/revisions"}],"predecessor-version":[{"id":81499,"href":"https:\/\/infoecos.com.ar\/index.php\/wp-json\/wp\/v2\/posts\/81391\/revisions\/81499"}],"wp:featuredmedia":[{"embeddable":true,"href":"https:\/\/infoecos.com.ar\/index.php\/wp-json\/wp\/v2\/media\/61711"}],"wp:attachment":[{"href":"https:\/\/infoecos.com.ar\/index.php\/wp-json\/wp\/v2\/media?parent=81391"}],"wp:term":[{"taxonomy":"category","embeddable":true,"href":"https:\/\/infoecos.com.ar\/index.php\/wp-json\/wp\/v2\/categories?post=81391"},{"taxonomy":"post_tag","embeddable":true,"href":"https:\/\/infoecos.com.ar\/index.php\/wp-json\/wp\/v2\/tags?post=81391"}],"curies":[{"name":"wp","href":"https:\/\/api.w.org\/{rel}","templated":true}]}}