{"id":81398,"date":"2021-07-15T02:02:52","date_gmt":"2021-07-15T05:02:52","guid":{"rendered":"http:\/\/infoecos.com.ar\/?p=81398"},"modified":"2021-07-16T04:33:14","modified_gmt":"2021-07-16T07:33:14","slug":"se-desarrollo-en-el-polo-cientifico-tecnologico-de-trenque-lauquen-el-banco-de-pruebas-de-medidores-de-agua","status":"publish","type":"post","link":"https:\/\/infoecos.com.ar\/index.php\/se-desarrollo-en-el-polo-cientifico-tecnologico-de-trenque-lauquen-el-banco-de-pruebas-de-medidores-de-agua\/","title":{"rendered":"Se desarroll\u00f3 en el Polo Cient\u00edfico Tecnol\u00f3gico de Trenque Lauquen el Banco de Pruebas de Medidores de Agua"},"content":{"rendered":"\n<p>El Intendente municipal de Trenque Lauquen, Miguel Fern\u00e1ndez, visit\u00f3 este mi\u00e9rcoles el Polo Cient\u00edfico Tecnol\u00f3gico para supervisar el funcionamiento del Banco de Pruebas Municipal de Medidores de Agua, que comenz\u00f3 a funcionar recientemente a partir de un trabajo que vienen llevando a cabo la Municipalidad y la Facultad Regional Trenque Lauquen de la Universidad Tecnol\u00f3gica Nacional (UTN), bajo el r\u00e9gimen de pasant\u00eda, y que tiene como objetivo mejorar el sistema de medici\u00f3n y facturaci\u00f3n del servicio.<\/p>\n\n\n\n<div class=\"wp-block-image is-style-default\"><figure class=\"aligncenter size-medium\"><img loading=\"lazy\" decoding=\"async\" width=\"460\" height=\"307\" src=\"http:\/\/infoecos.com.ar\/wp-content\/uploads\/2021\/07\/Banco-de-Pruebas-de-Medidores-2-460x307.jpg\" alt=\"\" class=\"wp-image-81399\" srcset=\"https:\/\/infoecos.com.ar\/wp-content\/uploads\/2021\/07\/Banco-de-Pruebas-de-Medidores-2-460x307.jpg 460w, https:\/\/infoecos.com.ar\/wp-content\/uploads\/2021\/07\/Banco-de-Pruebas-de-Medidores-2-768x512.jpg 768w, https:\/\/infoecos.com.ar\/wp-content\/uploads\/2021\/07\/Banco-de-Pruebas-de-Medidores-2-675x450.jpg 675w, https:\/\/infoecos.com.ar\/wp-content\/uploads\/2021\/07\/Banco-de-Pruebas-de-Medidores-2.jpg 852w\" sizes=\"(max-width: 460px) 100vw, 460px\" \/><\/figure><\/div>\n\n\n\n<p>De la visita al PCT tambi\u00e9n participaron el subsecretario de Salud, Dr. Sergio Valente; el subsecretario de&nbsp; Modernizaci\u00f3n, Ciencia y Tecnolog\u00eda del Municipio, Marcelo Ferreyra; el director de Servicios Sanitarios y Alumbrado P\u00fablico, Domingo Lanciano; uno de los coordinadores de la pasant\u00eda, Juli\u00e1n Ballare; y el estudiante de Ingenier\u00eda Industrial Gonzalo Gassele, uno de los pasantes.<\/p>\n\n\n\n<p>\u201cEl Banco de Pruebas Municipal de Medidores de Agua es una idea que surgi\u00f3 a partir del trabajo de auditor\u00eda que realiz\u00f3 la Municipalidad en conjunto con pasantes de la UTN Trenque Lauquen y que en primera instancia demand\u00f3 la realizaci\u00f3n de un Informe-Relevamiento sobre el Sistema de Medici\u00f3n de Agua Corriente\u201d, se\u00f1al\u00f3 esta ma\u00f1ana (mi\u00e9rcoles) el Intendente Fern\u00e1ndez.<\/p>\n\n\n\n<div class=\"wp-block-image is-style-default\"><figure class=\"aligncenter size-medium\"><img loading=\"lazy\" decoding=\"async\" width=\"460\" height=\"307\" src=\"http:\/\/infoecos.com.ar\/wp-content\/uploads\/2021\/07\/Banco-de-Pruebas-de-Medidores-4-460x307.jpg\" alt=\"\" class=\"wp-image-81401\" srcset=\"https:\/\/infoecos.com.ar\/wp-content\/uploads\/2021\/07\/Banco-de-Pruebas-de-Medidores-4-460x307.jpg 460w, https:\/\/infoecos.com.ar\/wp-content\/uploads\/2021\/07\/Banco-de-Pruebas-de-Medidores-4-768x512.jpg 768w, https:\/\/infoecos.com.ar\/wp-content\/uploads\/2021\/07\/Banco-de-Pruebas-de-Medidores-4-675x450.jpg 675w, https:\/\/infoecos.com.ar\/wp-content\/uploads\/2021\/07\/Banco-de-Pruebas-de-Medidores-4.jpg 852w\" sizes=\"(max-width: 460px) 100vw, 460px\" \/><\/figure><\/div>\n\n\n\n<p>Y agreg\u00f3: \u201cA partir de ese informe surgi\u00f3 la necesidad de armar un Banco de Pruebas para poder validar el sistema de medici\u00f3n de los micro medidores, y ver la calibraci\u00f3n y el funcionamiento para poder seguir mejorando el sistema\u201d.<\/p>\n\n\n\n<p>\u201cLa iniciativa ha dado sus frutos despu\u00e9s de un par de meses de&nbsp; trabajo con pasantes de la UTN y con la supervisi\u00f3n de Domingo Lanciano y Juli\u00e1n Ballare (UTN) y estoy muy sorprendido, primero por la capacidad del desarrollo, de la integraci\u00f3n de los medidores a un sistema de software para poder hacer informes y por el potencial que tiene este sistema de poder mejorar la calidad de lo que est\u00e1 haciendo la Municipalidad\u201d, sostuvo Fern\u00e1ndez.<\/p>\n\n\n\n<div class=\"wp-block-image is-style-default\"><figure class=\"aligncenter size-medium\"><img loading=\"lazy\" decoding=\"async\" width=\"460\" height=\"307\" src=\"http:\/\/infoecos.com.ar\/wp-content\/uploads\/2021\/07\/Banco-de-Pruebas-de-Medidores-5-460x307.jpg\" alt=\"\" class=\"wp-image-81402\" srcset=\"https:\/\/infoecos.com.ar\/wp-content\/uploads\/2021\/07\/Banco-de-Pruebas-de-Medidores-5-460x307.jpg 460w, https:\/\/infoecos.com.ar\/wp-content\/uploads\/2021\/07\/Banco-de-Pruebas-de-Medidores-5-768x512.jpg 768w, https:\/\/infoecos.com.ar\/wp-content\/uploads\/2021\/07\/Banco-de-Pruebas-de-Medidores-5-675x450.jpg 675w, https:\/\/infoecos.com.ar\/wp-content\/uploads\/2021\/07\/Banco-de-Pruebas-de-Medidores-5.jpg 852w\" sizes=\"(max-width: 460px) 100vw, 460px\" \/><\/figure><\/div>\n\n\n\n<p>Por su parte, Gonzalo Gassele coment\u00f3 que \u201cesto naci\u00f3 de un estudio, relevamiento que hicimos hace unos meses atr\u00e1s en el cual surgi\u00f3 la necesidad de tener un banco de pruebas para poder testear los medidores y ver cu\u00e1les eran las fallas comunes\u201d.<\/p>\n\n\n\n<p>En este sentido explic\u00f3 que \u201cse trabaj\u00f3 desde hace unos meses en el dise\u00f1o, se vieron varias alternativas y se decidi\u00f3 por la actual que consiste en medir cuatro medidores en paralelo y se toman datos del caudal, volumen y presi\u00f3n que van a una base de datos\u201d.<\/p>\n\n\n\n<div class=\"wp-block-image is-style-default\"><figure class=\"aligncenter size-medium\"><img loading=\"lazy\" decoding=\"async\" width=\"460\" height=\"307\" src=\"http:\/\/infoecos.com.ar\/wp-content\/uploads\/2021\/07\/Banco-de-Pruebas-de-Medidores-6-460x307.jpg\" alt=\"\" class=\"wp-image-81403\" srcset=\"https:\/\/infoecos.com.ar\/wp-content\/uploads\/2021\/07\/Banco-de-Pruebas-de-Medidores-6-460x307.jpg 460w, https:\/\/infoecos.com.ar\/wp-content\/uploads\/2021\/07\/Banco-de-Pruebas-de-Medidores-6-768x512.jpg 768w, https:\/\/infoecos.com.ar\/wp-content\/uploads\/2021\/07\/Banco-de-Pruebas-de-Medidores-6-675x450.jpg 675w, https:\/\/infoecos.com.ar\/wp-content\/uploads\/2021\/07\/Banco-de-Pruebas-de-Medidores-6.jpg 852w\" sizes=\"(max-width: 460px) 100vw, 460px\" \/><\/figure><\/div>\n\n\n\n<p>Gassele explic\u00f3 que \u201ccon estos datos se genera una alternativa para ver las distintas fallas dentro de las mediciones y a su vez se puede ver el error que tiene el medidor y generar conclusiones acerca de c\u00f3mo est\u00e1n funcionando\u201d.<\/p>\n\n\n\n<p>\u201cEsto a su vez genera un informe que se le puede entregar al vecino sobre el funcionamiento del medidor\u201d, coment\u00f3 Gassele, estudiante de Ingenier\u00eda Industrial, quien participa de una pasant\u00eda con la UTN.<\/p>\n\n\n\n<div class=\"wp-block-image is-style-default\"><figure class=\"aligncenter size-medium\"><img loading=\"lazy\" decoding=\"async\" width=\"460\" height=\"307\" src=\"http:\/\/infoecos.com.ar\/wp-content\/uploads\/2021\/07\/Banco-de-Pruebas-de-Medidores-7-460x307.jpg\" alt=\"\" class=\"wp-image-81404\" srcset=\"https:\/\/infoecos.com.ar\/wp-content\/uploads\/2021\/07\/Banco-de-Pruebas-de-Medidores-7-460x307.jpg 460w, https:\/\/infoecos.com.ar\/wp-content\/uploads\/2021\/07\/Banco-de-Pruebas-de-Medidores-7-768x512.jpg 768w, https:\/\/infoecos.com.ar\/wp-content\/uploads\/2021\/07\/Banco-de-Pruebas-de-Medidores-7-675x450.jpg 675w, https:\/\/infoecos.com.ar\/wp-content\/uploads\/2021\/07\/Banco-de-Pruebas-de-Medidores-7.jpg 852w\" sizes=\"(max-width: 460px) 100vw, 460px\" \/><\/figure><\/div>\n\n\n\n<p>Acerca de los datos, dijo que \u201cson procesados a trav\u00e9s de un software que hicimos nosotros y para la conexi\u00f3n entre los sensores y la PC hubo que hacer un desarrollo, con lo cual es muy interesante porque se aplican los conocimientos t\u00e9cnicos que vamos aprendiendo en la carrera\u201d.<\/p>\n","protected":false},"excerpt":{"rendered":"<p>El Banco de Pruebas Municipal de Medidores de Agua es una idea que surgi\u00f3 a partir del trabajo de auditor\u00eda que realiz\u00f3 la Municipalidad en conjunto con pasantes de la UTN Trenque Lauquen<\/p>\n","protected":false},"author":2,"featured_media":81400,"comment_status":"closed","ping_status":"open","sticky":false,"template":"","format":"standard","meta":{"footnotes":""},"categories":[1331],"tags":[4256],"class_list":["post-81398","post","type-post","status-publish","format-standard","has-post-thumbnail","hentry","category-inferior11","tag-el-intendente-fernandez-visito-el-lugar"],"yoast_head":"<!-- This site is optimized with the Yoast SEO plugin v23.4 - https:\/\/yoast.com\/wordpress\/plugins\/seo\/ -->\n<title>Se desarroll\u00f3 en el Polo Cient\u00edfico Tecnol\u00f3gico de Trenque Lauquen el Banco de Pruebas de Medidores de Agua - Infoecos<\/title>\n<meta name=\"robots\" content=\"index, follow, max-snippet:-1, max-image-preview:large, max-video-preview:-1\" \/>\n<link rel=\"canonical\" href=\"https:\/\/infoecos.com.ar\/index.php\/se-desarrollo-en-el-polo-cientifico-tecnologico-de-trenque-lauquen-el-banco-de-pruebas-de-medidores-de-agua\/\" \/>\n<meta property=\"og:locale\" content=\"es_ES\" \/>\n<meta property=\"og:type\" content=\"article\" \/>\n<meta property=\"og:title\" content=\"Se desarroll\u00f3 en el Polo Cient\u00edfico Tecnol\u00f3gico de Trenque Lauquen el Banco de Pruebas de Medidores de Agua - Infoecos\" \/>\n<meta property=\"og:description\" content=\"El Banco de Pruebas Municipal de Medidores de Agua es una idea que surgi\u00f3 a partir del trabajo de auditor\u00eda que realiz\u00f3 la Municipalidad en conjunto con pasantes de la UTN Trenque Lauquen\" \/>\n<meta property=\"og:url\" content=\"https:\/\/infoecos.com.ar\/index.php\/se-desarrollo-en-el-polo-cientifico-tecnologico-de-trenque-lauquen-el-banco-de-pruebas-de-medidores-de-agua\/\" \/>\n<meta property=\"og:site_name\" content=\"Infoecos\" \/>\n<meta property=\"article:publisher\" content=\"https:\/\/www.facebook.com\/profile.php?id=100063200290284\" \/>\n<meta property=\"article:published_time\" content=\"2021-07-15T05:02:52+00:00\" \/>\n<meta property=\"article:modified_time\" content=\"2021-07-16T07:33:14+00:00\" \/>\n<meta property=\"og:image\" content=\"https:\/\/infoecos.com.ar\/wp-content\/uploads\/2021\/07\/Banco-de-Pruebas-de-Medidores-3.jpg\" \/>\n\t<meta property=\"og:image:width\" content=\"852\" \/>\n\t<meta property=\"og:image:height\" content=\"568\" \/>\n\t<meta property=\"og:image:type\" content=\"image\/jpeg\" \/>\n<meta name=\"author\" content=\"Jorge Matheus\" \/>\n<meta name=\"twitter:card\" content=\"summary_large_image\" \/>\n<meta name=\"twitter:creator\" content=\"@infoecos\" \/>\n<meta name=\"twitter:site\" content=\"@infoecos\" \/>\n<meta name=\"twitter:label1\" content=\"Escrito por\" \/>\n\t<meta name=\"twitter:data1\" content=\"Jorge Matheus\" \/>\n\t<meta name=\"twitter:label2\" content=\"Tiempo de lectura\" \/>\n\t<meta name=\"twitter:data2\" content=\"3 minutos\" \/>\n<script type=\"application\/ld+json\" class=\"yoast-schema-graph\">{\"@context\":\"https:\/\/schema.org\",\"@graph\":[{\"@type\":\"Article\",\"@id\":\"https:\/\/infoecos.com.ar\/index.php\/se-desarrollo-en-el-polo-cientifico-tecnologico-de-trenque-lauquen-el-banco-de-pruebas-de-medidores-de-agua\/#article\",\"isPartOf\":{\"@id\":\"https:\/\/infoecos.com.ar\/index.php\/se-desarrollo-en-el-polo-cientifico-tecnologico-de-trenque-lauquen-el-banco-de-pruebas-de-medidores-de-agua\/\"},\"author\":{\"name\":\"Jorge Matheus\",\"@id\":\"https:\/\/infoecos.com.ar\/#\/schema\/person\/8f5ace5ce73b4b4aac4b7245aee6f191\"},\"headline\":\"Se desarroll\u00f3 en el Polo Cient\u00edfico Tecnol\u00f3gico de Trenque Lauquen el Banco de Pruebas de Medidores de Agua\",\"datePublished\":\"2021-07-15T05:02:52+00:00\",\"dateModified\":\"2021-07-16T07:33:14+00:00\",\"mainEntityOfPage\":{\"@id\":\"https:\/\/infoecos.com.ar\/index.php\/se-desarrollo-en-el-polo-cientifico-tecnologico-de-trenque-lauquen-el-banco-de-pruebas-de-medidores-de-agua\/\"},\"wordCount\":584,\"publisher\":{\"@id\":\"https:\/\/infoecos.com.ar\/#organization\"},\"image\":{\"@id\":\"https:\/\/infoecos.com.ar\/index.php\/se-desarrollo-en-el-polo-cientifico-tecnologico-de-trenque-lauquen-el-banco-de-pruebas-de-medidores-de-agua\/#primaryimage\"},\"thumbnailUrl\":\"https:\/\/infoecos.com.ar\/wp-content\/uploads\/2021\/07\/Banco-de-Pruebas-de-Medidores-3.jpg\",\"keywords\":[\"EL INTENDENTE FERNANDEZ VISIT\u00d3 EL LUGAR\"],\"articleSection\":[\"Bloque inferior - 11\"],\"inLanguage\":\"es\"},{\"@type\":\"WebPage\",\"@id\":\"https:\/\/infoecos.com.ar\/index.php\/se-desarrollo-en-el-polo-cientifico-tecnologico-de-trenque-lauquen-el-banco-de-pruebas-de-medidores-de-agua\/\",\"url\":\"https:\/\/infoecos.com.ar\/index.php\/se-desarrollo-en-el-polo-cientifico-tecnologico-de-trenque-lauquen-el-banco-de-pruebas-de-medidores-de-agua\/\",\"name\":\"Se desarroll\u00f3 en el Polo Cient\u00edfico Tecnol\u00f3gico de Trenque Lauquen el Banco de Pruebas de Medidores de Agua - Infoecos\",\"isPartOf\":{\"@id\":\"https:\/\/infoecos.com.ar\/#website\"},\"primaryImageOfPage\":{\"@id\":\"https:\/\/infoecos.com.ar\/index.php\/se-desarrollo-en-el-polo-cientifico-tecnologico-de-trenque-lauquen-el-banco-de-pruebas-de-medidores-de-agua\/#primaryimage\"},\"image\":{\"@id\":\"https:\/\/infoecos.com.ar\/index.php\/se-desarrollo-en-el-polo-cientifico-tecnologico-de-trenque-lauquen-el-banco-de-pruebas-de-medidores-de-agua\/#primaryimage\"},\"thumbnailUrl\":\"https:\/\/infoecos.com.ar\/wp-content\/uploads\/2021\/07\/Banco-de-Pruebas-de-Medidores-3.jpg\",\"datePublished\":\"2021-07-15T05:02:52+00:00\",\"dateModified\":\"2021-07-16T07:33:14+00:00\",\"breadcrumb\":{\"@id\":\"https:\/\/infoecos.com.ar\/index.php\/se-desarrollo-en-el-polo-cientifico-tecnologico-de-trenque-lauquen-el-banco-de-pruebas-de-medidores-de-agua\/#breadcrumb\"},\"inLanguage\":\"es\",\"potentialAction\":[{\"@type\":\"ReadAction\",\"target\":[\"https:\/\/infoecos.com.ar\/index.php\/se-desarrollo-en-el-polo-cientifico-tecnologico-de-trenque-lauquen-el-banco-de-pruebas-de-medidores-de-agua\/\"]}]},{\"@type\":\"ImageObject\",\"inLanguage\":\"es\",\"@id\":\"https:\/\/infoecos.com.ar\/index.php\/se-desarrollo-en-el-polo-cientifico-tecnologico-de-trenque-lauquen-el-banco-de-pruebas-de-medidores-de-agua\/#primaryimage\",\"url\":\"https:\/\/infoecos.com.ar\/wp-content\/uploads\/2021\/07\/Banco-de-Pruebas-de-Medidores-3.jpg\",\"contentUrl\":\"https:\/\/infoecos.com.ar\/wp-content\/uploads\/2021\/07\/Banco-de-Pruebas-de-Medidores-3.jpg\",\"width\":852,\"height\":568},{\"@type\":\"BreadcrumbList\",\"@id\":\"https:\/\/infoecos.com.ar\/index.php\/se-desarrollo-en-el-polo-cientifico-tecnologico-de-trenque-lauquen-el-banco-de-pruebas-de-medidores-de-agua\/#breadcrumb\",\"itemListElement\":[{\"@type\":\"ListItem\",\"position\":1,\"name\":\"Portada\",\"item\":\"https:\/\/infoecos.com.ar\/\"},{\"@type\":\"ListItem\",\"position\":2,\"name\":\"Se desarroll\u00f3 en el Polo Cient\u00edfico Tecnol\u00f3gico de Trenque Lauquen el Banco de Pruebas de Medidores de Agua\"}]},{\"@type\":\"WebSite\",\"@id\":\"https:\/\/infoecos.com.ar\/#website\",\"url\":\"https:\/\/infoecos.com.ar\/\",\"name\":\"Infoecos\",\"description\":\"Noticias de trenque lauquen y la zona\",\"publisher\":{\"@id\":\"https:\/\/infoecos.com.ar\/#organization\"},\"alternateName\":\"Noticias\",\"potentialAction\":[{\"@type\":\"SearchAction\",\"target\":{\"@type\":\"EntryPoint\",\"urlTemplate\":\"https:\/\/infoecos.com.ar\/?s={search_term_string}\"},\"query-input\":{\"@type\":\"PropertyValueSpecification\",\"valueRequired\":true,\"valueName\":\"search_term_string\"}}],\"inLanguage\":\"es\"},{\"@type\":\"Organization\",\"@id\":\"https:\/\/infoecos.com.ar\/#organization\",\"name\":\"Infoecos\",\"alternateName\":\"Noticias\",\"url\":\"https:\/\/infoecos.com.ar\/\",\"logo\":{\"@type\":\"ImageObject\",\"inLanguage\":\"es\",\"@id\":\"https:\/\/infoecos.com.ar\/#\/schema\/logo\/image\/\",\"url\":\"https:\/\/infoecos.com.ar\/wp-content\/uploads\/2024\/03\/cropped-logo.png\",\"contentUrl\":\"https:\/\/infoecos.com.ar\/wp-content\/uploads\/2024\/03\/cropped-logo.png\",\"width\":374,\"height\":90,\"caption\":\"Infoecos\"},\"image\":{\"@id\":\"https:\/\/infoecos.com.ar\/#\/schema\/logo\/image\/\"},\"sameAs\":[\"https:\/\/www.facebook.com\/profile.php?id=100063200290284\",\"https:\/\/x.com\/infoecos\"]},{\"@type\":\"Person\",\"@id\":\"https:\/\/infoecos.com.ar\/#\/schema\/person\/8f5ace5ce73b4b4aac4b7245aee6f191\",\"name\":\"Jorge Matheus\",\"url\":\"https:\/\/infoecos.com.ar\/index.php\/author\/jomatheus\/\"}]}<\/script>\n<!-- \/ Yoast SEO plugin. -->","yoast_head_json":{"title":"Se desarroll\u00f3 en el Polo Cient\u00edfico Tecnol\u00f3gico de Trenque Lauquen el Banco de Pruebas de Medidores de Agua - Infoecos","robots":{"index":"index","follow":"follow","max-snippet":"max-snippet:-1","max-image-preview":"max-image-preview:large","max-video-preview":"max-video-preview:-1"},"canonical":"https:\/\/infoecos.com.ar\/index.php\/se-desarrollo-en-el-polo-cientifico-tecnologico-de-trenque-lauquen-el-banco-de-pruebas-de-medidores-de-agua\/","og_locale":"es_ES","og_type":"article","og_title":"Se desarroll\u00f3 en el Polo Cient\u00edfico Tecnol\u00f3gico de Trenque Lauquen el Banco de Pruebas de Medidores de Agua - Infoecos","og_description":"El Banco de Pruebas Municipal de Medidores de Agua es una idea que surgi\u00f3 a partir del trabajo de auditor\u00eda que realiz\u00f3 la Municipalidad en conjunto con pasantes de la UTN Trenque Lauquen","og_url":"https:\/\/infoecos.com.ar\/index.php\/se-desarrollo-en-el-polo-cientifico-tecnologico-de-trenque-lauquen-el-banco-de-pruebas-de-medidores-de-agua\/","og_site_name":"Infoecos","article_publisher":"https:\/\/www.facebook.com\/profile.php?id=100063200290284","article_published_time":"2021-07-15T05:02:52+00:00","article_modified_time":"2021-07-16T07:33:14+00:00","og_image":[{"width":852,"height":568,"url":"https:\/\/infoecos.com.ar\/wp-content\/uploads\/2021\/07\/Banco-de-Pruebas-de-Medidores-3.jpg","type":"image\/jpeg"}],"author":"Jorge Matheus","twitter_card":"summary_large_image","twitter_creator":"@infoecos","twitter_site":"@infoecos","twitter_misc":{"Escrito por":"Jorge Matheus","Tiempo de lectura":"3 minutos"},"schema":{"@context":"https:\/\/schema.org","@graph":[{"@type":"Article","@id":"https:\/\/infoecos.com.ar\/index.php\/se-desarrollo-en-el-polo-cientifico-tecnologico-de-trenque-lauquen-el-banco-de-pruebas-de-medidores-de-agua\/#article","isPartOf":{"@id":"https:\/\/infoecos.com.ar\/index.php\/se-desarrollo-en-el-polo-cientifico-tecnologico-de-trenque-lauquen-el-banco-de-pruebas-de-medidores-de-agua\/"},"author":{"name":"Jorge Matheus","@id":"https:\/\/infoecos.com.ar\/#\/schema\/person\/8f5ace5ce73b4b4aac4b7245aee6f191"},"headline":"Se desarroll\u00f3 en el Polo Cient\u00edfico Tecnol\u00f3gico de Trenque Lauquen el Banco de Pruebas de Medidores de Agua","datePublished":"2021-07-15T05:02:52+00:00","dateModified":"2021-07-16T07:33:14+00:00","mainEntityOfPage":{"@id":"https:\/\/infoecos.com.ar\/index.php\/se-desarrollo-en-el-polo-cientifico-tecnologico-de-trenque-lauquen-el-banco-de-pruebas-de-medidores-de-agua\/"},"wordCount":584,"publisher":{"@id":"https:\/\/infoecos.com.ar\/#organization"},"image":{"@id":"https:\/\/infoecos.com.ar\/index.php\/se-desarrollo-en-el-polo-cientifico-tecnologico-de-trenque-lauquen-el-banco-de-pruebas-de-medidores-de-agua\/#primaryimage"},"thumbnailUrl":"https:\/\/infoecos.com.ar\/wp-content\/uploads\/2021\/07\/Banco-de-Pruebas-de-Medidores-3.jpg","keywords":["EL INTENDENTE FERNANDEZ VISIT\u00d3 EL LUGAR"],"articleSection":["Bloque inferior - 11"],"inLanguage":"es"},{"@type":"WebPage","@id":"https:\/\/infoecos.com.ar\/index.php\/se-desarrollo-en-el-polo-cientifico-tecnologico-de-trenque-lauquen-el-banco-de-pruebas-de-medidores-de-agua\/","url":"https:\/\/infoecos.com.ar\/index.php\/se-desarrollo-en-el-polo-cientifico-tecnologico-de-trenque-lauquen-el-banco-de-pruebas-de-medidores-de-agua\/","name":"Se desarroll\u00f3 en el Polo Cient\u00edfico Tecnol\u00f3gico de Trenque Lauquen el Banco de Pruebas de Medidores de Agua - Infoecos","isPartOf":{"@id":"https:\/\/infoecos.com.ar\/#website"},"primaryImageOfPage":{"@id":"https:\/\/infoecos.com.ar\/index.php\/se-desarrollo-en-el-polo-cientifico-tecnologico-de-trenque-lauquen-el-banco-de-pruebas-de-medidores-de-agua\/#primaryimage"},"image":{"@id":"https:\/\/infoecos.com.ar\/index.php\/se-desarrollo-en-el-polo-cientifico-tecnologico-de-trenque-lauquen-el-banco-de-pruebas-de-medidores-de-agua\/#primaryimage"},"thumbnailUrl":"https:\/\/infoecos.com.ar\/wp-content\/uploads\/2021\/07\/Banco-de-Pruebas-de-Medidores-3.jpg","datePublished":"2021-07-15T05:02:52+00:00","dateModified":"2021-07-16T07:33:14+00:00","breadcrumb":{"@id":"https:\/\/infoecos.com.ar\/index.php\/se-desarrollo-en-el-polo-cientifico-tecnologico-de-trenque-lauquen-el-banco-de-pruebas-de-medidores-de-agua\/#breadcrumb"},"inLanguage":"es","potentialAction":[{"@type":"ReadAction","target":["https:\/\/infoecos.com.ar\/index.php\/se-desarrollo-en-el-polo-cientifico-tecnologico-de-trenque-lauquen-el-banco-de-pruebas-de-medidores-de-agua\/"]}]},{"@type":"ImageObject","inLanguage":"es","@id":"https:\/\/infoecos.com.ar\/index.php\/se-desarrollo-en-el-polo-cientifico-tecnologico-de-trenque-lauquen-el-banco-de-pruebas-de-medidores-de-agua\/#primaryimage","url":"https:\/\/infoecos.com.ar\/wp-content\/uploads\/2021\/07\/Banco-de-Pruebas-de-Medidores-3.jpg","contentUrl":"https:\/\/infoecos.com.ar\/wp-content\/uploads\/2021\/07\/Banco-de-Pruebas-de-Medidores-3.jpg","width":852,"height":568},{"@type":"BreadcrumbList","@id":"https:\/\/infoecos.com.ar\/index.php\/se-desarrollo-en-el-polo-cientifico-tecnologico-de-trenque-lauquen-el-banco-de-pruebas-de-medidores-de-agua\/#breadcrumb","itemListElement":[{"@type":"ListItem","position":1,"name":"Portada","item":"https:\/\/infoecos.com.ar\/"},{"@type":"ListItem","position":2,"name":"Se desarroll\u00f3 en el Polo Cient\u00edfico Tecnol\u00f3gico de Trenque Lauquen el Banco de Pruebas de Medidores de Agua"}]},{"@type":"WebSite","@id":"https:\/\/infoecos.com.ar\/#website","url":"https:\/\/infoecos.com.ar\/","name":"Infoecos","description":"Noticias de trenque lauquen y la zona","publisher":{"@id":"https:\/\/infoecos.com.ar\/#organization"},"alternateName":"Noticias","potentialAction":[{"@type":"SearchAction","target":{"@type":"EntryPoint","urlTemplate":"https:\/\/infoecos.com.ar\/?s={search_term_string}"},"query-input":{"@type":"PropertyValueSpecification","valueRequired":true,"valueName":"search_term_string"}}],"inLanguage":"es"},{"@type":"Organization","@id":"https:\/\/infoecos.com.ar\/#organization","name":"Infoecos","alternateName":"Noticias","url":"https:\/\/infoecos.com.ar\/","logo":{"@type":"ImageObject","inLanguage":"es","@id":"https:\/\/infoecos.com.ar\/#\/schema\/logo\/image\/","url":"https:\/\/infoecos.com.ar\/wp-content\/uploads\/2024\/03\/cropped-logo.png","contentUrl":"https:\/\/infoecos.com.ar\/wp-content\/uploads\/2024\/03\/cropped-logo.png","width":374,"height":90,"caption":"Infoecos"},"image":{"@id":"https:\/\/infoecos.com.ar\/#\/schema\/logo\/image\/"},"sameAs":["https:\/\/www.facebook.com\/profile.php?id=100063200290284","https:\/\/x.com\/infoecos"]},{"@type":"Person","@id":"https:\/\/infoecos.com.ar\/#\/schema\/person\/8f5ace5ce73b4b4aac4b7245aee6f191","name":"Jorge Matheus","url":"https:\/\/infoecos.com.ar\/index.php\/author\/jomatheus\/"}]}},"featured_image_urls":{"full":["https:\/\/infoecos.com.ar\/wp-content\/uploads\/2021\/07\/Banco-de-Pruebas-de-Medidores-3.jpg",852,568,false],"thumbnail":["https:\/\/infoecos.com.ar\/wp-content\/uploads\/2021\/07\/Banco-de-Pruebas-de-Medidores-3-150x150.jpg",150,150,true],"medium":["https:\/\/infoecos.com.ar\/wp-content\/uploads\/2021\/07\/Banco-de-Pruebas-de-Medidores-3-460x307.jpg",460,307,true],"medium_large":["https:\/\/infoecos.com.ar\/wp-content\/uploads\/2021\/07\/Banco-de-Pruebas-de-Medidores-3-768x512.jpg",640,427,true],"large":["https:\/\/infoecos.com.ar\/wp-content\/uploads\/2021\/07\/Banco-de-Pruebas-de-Medidores-3.jpg",640,427,false],"1536x1536":["https:\/\/infoecos.com.ar\/wp-content\/uploads\/2021\/07\/Banco-de-Pruebas-de-Medidores-3.jpg",852,568,false],"2048x2048":["https:\/\/infoecos.com.ar\/wp-content\/uploads\/2021\/07\/Banco-de-Pruebas-de-Medidores-3.jpg",852,568,false],"covernews-slider-full":["https:\/\/infoecos.com.ar\/wp-content\/uploads\/2021\/07\/Banco-de-Pruebas-de-Medidores-3.jpg",852,568,false],"covernews-slider-center":["https:\/\/infoecos.com.ar\/wp-content\/uploads\/2021\/07\/Banco-de-Pruebas-de-Medidores-3.jpg",750,500,false],"covernews-featured":["https:\/\/infoecos.com.ar\/wp-content\/uploads\/2021\/07\/Banco-de-Pruebas-de-Medidores-3.jpg",852,568,false],"covernews-medium":["https:\/\/infoecos.com.ar\/wp-content\/uploads\/2021\/07\/Banco-de-Pruebas-de-Medidores-3-720x380.jpg",540,285,true],"covernews-medium-square":["https:\/\/infoecos.com.ar\/wp-content\/uploads\/2021\/07\/Banco-de-Pruebas-de-Medidores-3-675x450.jpg",375,250,true]},"author_info":{"info":["Jorge Matheus"]},"category_info":"<a href=\"https:\/\/infoecos.com.ar\/index.php\/category\/inferior11\/\" rel=\"category tag\">Bloque inferior - 11<\/a>","tag_info":"Bloque inferior - 11","comment_count":"0","_links":{"self":[{"href":"https:\/\/infoecos.com.ar\/index.php\/wp-json\/wp\/v2\/posts\/81398"}],"collection":[{"href":"https:\/\/infoecos.com.ar\/index.php\/wp-json\/wp\/v2\/posts"}],"about":[{"href":"https:\/\/infoecos.com.ar\/index.php\/wp-json\/wp\/v2\/types\/post"}],"author":[{"embeddable":true,"href":"https:\/\/infoecos.com.ar\/index.php\/wp-json\/wp\/v2\/users\/2"}],"replies":[{"embeddable":true,"href":"https:\/\/infoecos.com.ar\/index.php\/wp-json\/wp\/v2\/comments?post=81398"}],"version-history":[{"count":3,"href":"https:\/\/infoecos.com.ar\/index.php\/wp-json\/wp\/v2\/posts\/81398\/revisions"}],"predecessor-version":[{"id":81429,"href":"https:\/\/infoecos.com.ar\/index.php\/wp-json\/wp\/v2\/posts\/81398\/revisions\/81429"}],"wp:featuredmedia":[{"embeddable":true,"href":"https:\/\/infoecos.com.ar\/index.php\/wp-json\/wp\/v2\/media\/81400"}],"wp:attachment":[{"href":"https:\/\/infoecos.com.ar\/index.php\/wp-json\/wp\/v2\/media?parent=81398"}],"wp:term":[{"taxonomy":"category","embeddable":true,"href":"https:\/\/infoecos.com.ar\/index.php\/wp-json\/wp\/v2\/categories?post=81398"},{"taxonomy":"post_tag","embeddable":true,"href":"https:\/\/infoecos.com.ar\/index.php\/wp-json\/wp\/v2\/tags?post=81398"}],"curies":[{"name":"wp","href":"https:\/\/api.w.org\/{rel}","templated":true}]}}