{"id":81444,"date":"2021-07-15T18:33:30","date_gmt":"2021-07-15T21:33:30","guid":{"rendered":"http:\/\/infoecos.com.ar\/?p=81444"},"modified":"2021-07-15T18:33:32","modified_gmt":"2021-07-15T21:33:32","slug":"se-vuelve-a-superar-la-cifra-de-500-casos-activos-en-el-distrito-de-trenque-lauquen","status":"publish","type":"post","link":"https:\/\/infoecos.com.ar\/index.php\/se-vuelve-a-superar-la-cifra-de-500-casos-activos-en-el-distrito-de-trenque-lauquen\/","title":{"rendered":"Se vuelve a superar la cifra de 500 casos activos en el distrito de Trenque Lauquen"},"content":{"rendered":"\n<p class=\"wp-block-paragraph\">Ochenta y nueve (89) nuevos casos de Covid-19 confirmados, 67 personas m\u00e1s recuperadas, 87 casos descartados, 57 casos sospechosos y 455 personas en aislamiento fueron reportados este jueves por la subsecretar\u00eda de Salud municipal de Trenque Lauquen que, a partir de estos datos, inform\u00f3 que ahora son 502 los casos activos en el distrito.<\/p>\n\n\n\n<div class=\"wp-block-image is-style-default\"><figure class=\"aligncenter size-medium\"><img loading=\"lazy\" decoding=\"async\" width=\"460\" height=\"434\" src=\"http:\/\/infoecos.com.ar\/wp-content\/uploads\/2021\/07\/reportejueves-1-460x434.jpg\" alt=\"\" class=\"wp-image-81445\" srcset=\"https:\/\/infoecos.com.ar\/wp-content\/uploads\/2021\/07\/reportejueves-1-460x434.jpg 460w, https:\/\/infoecos.com.ar\/wp-content\/uploads\/2021\/07\/reportejueves-1-768x725.jpg 768w, https:\/\/infoecos.com.ar\/wp-content\/uploads\/2021\/07\/reportejueves-1.jpg 800w\" sizes=\"auto, (max-width: 460px) 100vw, 460px\" \/><\/figure><\/div>\n\n\n\n<p class=\"wp-block-paragraph\">De los 89 nuevos casos positivos, 52 fueron diagnosticados por testeo y 37 por criterio o nexo epidemiol\u00f3gico seg\u00fan protocolo actualizado vigente, y 79 corresponden a Trenque Lauquen, ocho (8) a Treinta de Agosto y dos (2) a Beruti.<br><\/p>\n\n\n\n<p class=\"wp-block-paragraph\">Entre los 502 casos activos, 439 pertenecen a la ciudad cabecera, 45 a Treinta de Agosto, 16 a Beruti y dos (2) a Girod\u00edas y del total, 32 est\u00e1n internados en el Hospital Municipal, nueve (9) se encuentran en el Centro Extrahospitalario del ex hotel Pailla Hu\u00e9 y 461 en sus domicilios particulares.<\/p>\n\n\n\n<p class=\"wp-block-paragraph\">Con las 67 personas recuperadas en la fecha -53 son de la ciudad cabecera, 12 de Treinta de Agosto y dos (2) de Girod\u00edas-, asciende a 8.302 el n\u00famero de las que recibieron el alta entre marzo del a\u00f1o pasado y hoy, en tanto que para ese mismo per\u00edodo fueron descartados 14.554 casos, incluidos los 87 de las \u00faltimas 24 horas, 76 de Trenque Lauquen, siete (7) de Treinta de Agosto y cuatro (4) de Beruti.<\/p>\n\n\n\n<p class=\"wp-block-paragraph\">Quedan 57 casos sospechosos -43 de Trenque Lauquen, 12 de Treinta de Agosto y dos (2) de Beruti y 455 personas en aislamiento -391 en Trenque Lauquen, 51 en Treinta de Agosto, 11 en Beruti y dos (2) en Girod\u00edas.<\/p>\n","protected":false},"excerpt":{"rendered":"<p>Entre los 502 casos activos, 439 pertenecen a la ciudad cabecera, 45 a Treinta de Agosto, 16 a Beruti y dos (2) a Girod\u00edas y del total, 32 est\u00e1n internados en el Hospital Municipal, nueve (9) se encuentran en el Centro Extrahospitalario del ex hotel Pailla Hu\u00e9 y 461 en sus domicilios particulares<\/p>\n","protected":false},"author":2,"featured_media":60374,"comment_status":"closed","ping_status":"open","sticky":false,"template":"","format":"standard","meta":{"footnotes":""},"categories":[1613],"tags":[1785],"class_list":["post-81444","post","type-post","status-publish","format-standard","has-post-thumbnail","hentry","category-noticia-secundaria","tag-coronavirus"],"featured_image_urls":{"full":["https:\/\/infoecos.com.ar\/wp-content\/uploads\/tl45guardiahospital-2.jpg",912,608,false],"thumbnail":["https:\/\/infoecos.com.ar\/wp-content\/uploads\/tl45guardiahospital-2-150x150.jpg",150,150,true],"medium":["https:\/\/infoecos.com.ar\/wp-content\/uploads\/tl45guardiahospital-2-460x307.jpg",460,307,true],"medium_large":["https:\/\/infoecos.com.ar\/wp-content\/uploads\/tl45guardiahospital-2-768x512.jpg",640,427,true],"large":["https:\/\/infoecos.com.ar\/wp-content\/uploads\/tl45guardiahospital-2.jpg",640,427,false],"1536x1536":["https:\/\/infoecos.com.ar\/wp-content\/uploads\/tl45guardiahospital-2.jpg",912,608,false],"2048x2048":["https:\/\/infoecos.com.ar\/wp-content\/uploads\/tl45guardiahospital-2.jpg",912,608,false],"covernews-slider-full":["https:\/\/infoecos.com.ar\/wp-content\/uploads\/tl45guardiahospital-2.jpg",912,608,false],"covernews-slider-center":["https:\/\/infoecos.com.ar\/wp-content\/uploads\/tl45guardiahospital-2.jpg",750,500,false],"covernews-featured":["https:\/\/infoecos.com.ar\/wp-content\/uploads\/tl45guardiahospital-2.jpg",912,608,false],"covernews-medium":["https:\/\/infoecos.com.ar\/wp-content\/uploads\/tl45guardiahospital-2-720x380.jpg",540,285,true],"covernews-medium-square":["https:\/\/infoecos.com.ar\/wp-content\/uploads\/tl45guardiahospital-2-675x450.jpg",375,250,true]},"author_info":{"info":["Jorge Matheus"]},"category_info":"<a href=\"https:\/\/infoecos.com.ar\/index.php\/category\/noticia-secundaria\/\" rel=\"category tag\">Noticia Secundaria<\/a>","tag_info":"Noticia Secundaria","comment_count":"0","_links":{"self":[{"href":"https:\/\/infoecos.com.ar\/index.php\/wp-json\/wp\/v2\/posts\/81444","targetHints":{"allow":["GET"]}}],"collection":[{"href":"https:\/\/infoecos.com.ar\/index.php\/wp-json\/wp\/v2\/posts"}],"about":[{"href":"https:\/\/infoecos.com.ar\/index.php\/wp-json\/wp\/v2\/types\/post"}],"author":[{"embeddable":true,"href":"https:\/\/infoecos.com.ar\/index.php\/wp-json\/wp\/v2\/users\/2"}],"replies":[{"embeddable":true,"href":"https:\/\/infoecos.com.ar\/index.php\/wp-json\/wp\/v2\/comments?post=81444"}],"version-history":[{"count":1,"href":"https:\/\/infoecos.com.ar\/index.php\/wp-json\/wp\/v2\/posts\/81444\/revisions"}],"predecessor-version":[{"id":81446,"href":"https:\/\/infoecos.com.ar\/index.php\/wp-json\/wp\/v2\/posts\/81444\/revisions\/81446"}],"wp:featuredmedia":[{"embeddable":true,"href":"https:\/\/infoecos.com.ar\/index.php\/wp-json\/wp\/v2\/media\/60374"}],"wp:attachment":[{"href":"https:\/\/infoecos.com.ar\/index.php\/wp-json\/wp\/v2\/media?parent=81444"}],"wp:term":[{"taxonomy":"category","embeddable":true,"href":"https:\/\/infoecos.com.ar\/index.php\/wp-json\/wp\/v2\/categories?post=81444"},{"taxonomy":"post_tag","embeddable":true,"href":"https:\/\/infoecos.com.ar\/index.php\/wp-json\/wp\/v2\/tags?post=81444"}],"curies":[{"name":"wp","href":"https:\/\/api.w.org\/{rel}","templated":true}]}}