{"id":81451,"date":"2021-07-15T19:52:10","date_gmt":"2021-07-15T22:52:10","guid":{"rendered":"http:\/\/infoecos.com.ar\/?p=81451"},"modified":"2021-07-15T19:52:11","modified_gmt":"2021-07-15T22:52:11","slug":"el-indice-de-precios-al-consumidor-subio-32-durante-junio","status":"publish","type":"post","link":"https:\/\/infoecos.com.ar\/index.php\/el-indice-de-precios-al-consumidor-subio-32-durante-junio\/","title":{"rendered":"El \u00cdndice de Precios al Consumidor subi\u00f3 3,2 % durante junio"},"content":{"rendered":"\n<p class=\"wp-block-paragraph\">El&nbsp;<strong>\u00cdndice de Precios al Consumidor&nbsp;<\/strong>(IPC-Costo de Vida)<strong>&nbsp;subi\u00f3 3,2 %<\/strong>&nbsp;durante junio, en un&nbsp;<strong>proceso de desaceleraci\u00f3n<\/strong>&nbsp;que se evidencia desde abril, inform\u00f3 este jueves el Instituto Nacional de Estad\u00edstica y Censos (Indec).<\/p>\n\n\n\n<p class=\"wp-block-paragraph\">De esta manera,&nbsp;<strong>el primer semestre del a\u00f1o acumul\u00f3 una inflaci\u00f3n minorista del 25,3 %<\/strong>&nbsp;y del 50,2 % en los \u00faltimos 12 meses, inform\u00f3 el organismo.<\/p>\n\n\n\n<div class=\"wp-block-image is-style-default\"><figure class=\"aligncenter size-medium\"><img loading=\"lazy\" decoding=\"async\" width=\"460\" height=\"316\" src=\"http:\/\/infoecos.com.ar\/wp-content\/uploads\/2021\/07\/indec-460x316.jpg\" alt=\"\" class=\"wp-image-81452\" srcset=\"https:\/\/infoecos.com.ar\/wp-content\/uploads\/2021\/07\/indec-460x316.jpg 460w, https:\/\/infoecos.com.ar\/wp-content\/uploads\/2021\/07\/indec-920x631.jpg 920w, https:\/\/infoecos.com.ar\/wp-content\/uploads\/2021\/07\/indec-768x527.jpg 768w, https:\/\/infoecos.com.ar\/wp-content\/uploads\/2021\/07\/indec.jpg 1004w\" sizes=\"auto, (max-width: 460px) 100vw, 460px\" \/><\/figure><\/div>\n\n\n\n<p class=\"wp-block-paragraph\">\u00abLa inflaci\u00f3n mensual demuestra una&nbsp;<strong>tendencia decreciente<\/strong>. Tal como se hab\u00eda previsto, marzo fue el de mayor inflaci\u00f3n en el a\u00f1o (con el 4,8 %) y a partir de all\u00ed comenz\u00f3 una reducci\u00f3n en la tasa mensual y se espera que contin\u00fae en esta l\u00ednea\u00bb, dijo el Ministerio de Econom\u00eda a trav\u00e9s de un comunicado.<\/p>\n\n\n\n<p class=\"wp-block-paragraph\">Esta tendencia hacia la baja tambi\u00e9n se evidenci\u00f3 en la\u00a0<strong>inflaci\u00f3n mayorista<\/strong>, que\u00a0<strong>pas\u00f3 de un pico de 6,1 %<\/strong>\u00a0mensual en febrero\u00a0<strong>a\u00a0<\/strong>registrar\u00a0<strong>un aumento de 3,2 %<\/strong>\u00a0mensual en mayo, de acuerdo al \u00faltimo dato disponible.<\/p>\n\n\n\n<p class=\"wp-block-paragraph\">La suba del 0,5 % en la categor\u00eda Estacionales fue la de menor suba del mes, principalmente por la baja mencionada en Frutas y en Verduras, tub\u00e9rculos y legumbres.<\/p>\n\n\n\n<p class=\"wp-block-paragraph\">En cambio, el alza de los cigarrillos y los servicios de telefon\u00eda e internet impactaron sobre los\u202fRegulados, con una suba del 3,2%, a lo que se sum\u00f3 el incremento de Gas en la totalidad de las regiones.<\/p>\n\n\n\n<p class=\"wp-block-paragraph\">Este aumento en el gas explic\u00f3 la mayor parte del alza de la divisi\u00f3n\u202fVivienda, agua, electricidad y otros combustibles, que alcanz\u00f3 al 2,5%.<\/p>\n\n\n\n<p class=\"wp-block-paragraph\">En tanto, el aumento en el rubro \u00abAlimentos y bebidas no alcoh\u00f3licas\u00bb, con el 3,2%, result\u00f3 la de mayor incidencia en todas las regiones, con aceleraci\u00f3n general de todos los rubros de la divisi\u00f3n, parcialmente compensada por las ca\u00eddas de Frutas y Verduras.<\/p>\n\n\n\n<figure class=\"wp-block-embed is-type-rich is-provider-twitter wp-block-embed-twitter\"><div class=\"wp-block-embed__wrapper\">\n<blockquote class=\"twitter-tweet\" data-width=\"550\" data-dnt=\"true\"><p lang=\"es\" dir=\"ltr\"><a href=\"https:\/\/twitter.com\/hashtag\/DatoINDEC?src=hash&amp;ref_src=twsrc%5Etfw\">#DatoINDEC<\/a><a href=\"https:\/\/twitter.com\/hashtag\/IPC?src=hash&amp;ref_src=twsrc%5Etfw\">#IPC<\/a>: la divisi\u00f3n con mayor alza mensual en junio 2021 fue Comunicaci\u00f3n (7%), escoltada por Bebidas alcoh\u00f3licas y tabaco (5,5%) <a href=\"https:\/\/t.co\/dokrqKjC9Y\">https:\/\/t.co\/dokrqKjC9Y<\/a> <a href=\"https:\/\/t.co\/QVlBOPsI0h\">pic.twitter.com\/QVlBOPsI0h<\/a><\/p>&mdash; INDEC Argentina (@INDECArgentina) <a href=\"https:\/\/twitter.com\/INDECArgentina\/status\/1415748736161091590?ref_src=twsrc%5Etfw\">July 15, 2021<\/a><\/blockquote><script async src=\"https:\/\/platform.twitter.com\/widgets.js\" charset=\"utf-8\"><\/script>\n<\/div><\/figure>\n\n\n\n<p class=\"wp-block-paragraph\">Tambi\u00e9n se aceleraron los precios en Comunicaci\u00f3n hasta 7 % mensual, frente al 1 % en mayo, impulsada principalmente por el aumento en los servicios de telefon\u00eda m\u00f3vil y, en menor medida, el servicio de conexi\u00f3n a internet.\u202f<\/p>\n\n\n\n<p class=\"wp-block-paragraph\">En segundo lugar se anot\u00f3 el incremento del 5,5 % en Bebidas alcoh\u00f3licas y tabaco, frente al 1,6 % del mes anterior.<\/p>\n\n\n\n<p class=\"wp-block-paragraph\">Tambi\u00e9n se destacaron los aumentos de Prendas de vestir y calzado, con un alza del 3,5% en junio frente al 2,1% de mayo; Equipamiento y mantenimiento del hogar, 3,2 % ante el 2,4 %; y Vivienda, agua, electricidad y otros combustibles, 2,5 % frente al 2% anterior, debido a la suba del servicio de gas a nivel nacional.<\/p>\n\n\n\n<p class=\"wp-block-paragraph\">Con una inflaci\u00f3n del 25,3 % en el primer semestre, se destacaron las subas del 26,4 % en \u00abAlimentos y Bebidas\u00bb; 29,3 % en \u00abPrendas de Vestir y calzado\u00bb; 37 % en \u00abEducaci\u00f3n\u00bb, y 32 % en \u00abTransporte\u00bb, entre otros.<\/p>\n","protected":false},"excerpt":{"rendered":"<p>Las consultoras y entidades de la plaza financiera tambi\u00e9n hab\u00edan estimado esa cifra, por debajo del 3,3% registrado en mayo, seg\u00fan el Relevamiento de Expectativas de Mercado (REM) que realiza el Banco Central a fin de cada mes<\/p>\n","protected":false},"author":2,"featured_media":36152,"comment_status":"closed","ping_status":"open","sticky":false,"template":"","format":"standard","meta":{"footnotes":""},"categories":[46],"tags":[4265],"class_list":["post-81451","post","type-post","status-publish","format-standard","has-post-thumbnail","hentry","category-c2nota2","tag-indec"],"featured_image_urls":{"full":"","thumbnail":"","medium":"","medium_large":"","large":"","1536x1536":"","2048x2048":"","covernews-slider-full":"","covernews-slider-center":"","covernews-featured":"","covernews-medium":"","covernews-medium-square":""},"author_info":{"info":["Jorge Matheus"]},"category_info":"<a href=\"https:\/\/infoecos.com.ar\/index.php\/category\/c2nota2\/\" rel=\"category tag\">C2 N2<\/a>","tag_info":"C2 N2","comment_count":"0","_links":{"self":[{"href":"https:\/\/infoecos.com.ar\/index.php\/wp-json\/wp\/v2\/posts\/81451","targetHints":{"allow":["GET"]}}],"collection":[{"href":"https:\/\/infoecos.com.ar\/index.php\/wp-json\/wp\/v2\/posts"}],"about":[{"href":"https:\/\/infoecos.com.ar\/index.php\/wp-json\/wp\/v2\/types\/post"}],"author":[{"embeddable":true,"href":"https:\/\/infoecos.com.ar\/index.php\/wp-json\/wp\/v2\/users\/2"}],"replies":[{"embeddable":true,"href":"https:\/\/infoecos.com.ar\/index.php\/wp-json\/wp\/v2\/comments?post=81451"}],"version-history":[{"count":2,"href":"https:\/\/infoecos.com.ar\/index.php\/wp-json\/wp\/v2\/posts\/81451\/revisions"}],"predecessor-version":[{"id":81454,"href":"https:\/\/infoecos.com.ar\/index.php\/wp-json\/wp\/v2\/posts\/81451\/revisions\/81454"}],"wp:attachment":[{"href":"https:\/\/infoecos.com.ar\/index.php\/wp-json\/wp\/v2\/media?parent=81451"}],"wp:term":[{"taxonomy":"category","embeddable":true,"href":"https:\/\/infoecos.com.ar\/index.php\/wp-json\/wp\/v2\/categories?post=81451"},{"taxonomy":"post_tag","embeddable":true,"href":"https:\/\/infoecos.com.ar\/index.php\/wp-json\/wp\/v2\/tags?post=81451"}],"curies":[{"name":"wp","href":"https:\/\/api.w.org\/{rel}","templated":true}]}}